{"id":959790,"date":"2025-10-24T09:42:13","date_gmt":"2025-10-24T07:42:13","guid":{"rendered":"https:\/\/dmcsrb.com\/uncategorized\/izabrani-clanovi-uo-fonda-za-zdravstveno-osiguranje\/"},"modified":"2025-10-24T09:42:13","modified_gmt":"2025-10-24T07:42:13","slug":"izabrani-clanovi-uo-fonda-za-zdravstveno-osiguranje","status":"publish","type":"post","link":"https:\/\/dmcsrb.com\/en\/drustvo\/izabrani-clanovi-uo-fonda-za-zdravstveno-osiguranje\/","title":{"rendered":"Izabrani \u010dlanovi UO Fonda za zdravstveno osiguranje"},"content":{"rendered":"<p>Direktor Fonda zdravstva Vuk Kadi\u0107, medijima je po\u010detkom sedmice dostavio informaciju da je dosada\u0161nji, kako je naveo, nezakoniti Upravni odbor zakazao elektronsku sjednicu na kojoj je planirano njegovo razrje\u0161enje.<\/p>\n\n\n\n<p>Tada je javnost obavijesto da im&nbsp;mandat nije va\u017ee\u0107i jo\u0161 od februara ove godine.<\/p>\n\n\n\n<p>Kadi\u0107 je ranije saop\u0161tio da mu \u010dlanovi odbora zamjeraju \u0161to je, bez saglasnosti Ministarstva zdravlja, potpisao ugovore sa odre\u0111enim inostranim klinikama, me\u0111u kojima se nalazi i Institut za onkologiju Vojvodine.<\/p>","protected":false},"excerpt":{"rendered":"<p>Vlada Crne Gore je na elektronskoj sjednici imenovala novi Upravni odbor Fonda za zdravstveno osiguranje (FZO).<\/p>","protected":false},"author":1,"featured_media":909426,"comment_status":"open","ping_status":"open","sticky":false,"template":"","format":"standard","meta":{"_acf_changed":false,"footnotes":""},"categories":[2],"tags":[738,12456],"naslovna":[],"class_list":["post-959790","post","type-post","status-publish","format-standard","has-post-thumbnail","hentry","category-drustvo","tag-fzo","tag-izbor-clanova"],"acf":[],"yoast_head":"<!-- This site is optimized with the Yoast SEO plugin v27.0 - https:\/\/yoast.com\/product\/yoast-seo-wordpress\/ -->\n<title>Izabrani \u010dlanovi UO Fonda za zdravstveno osiguranje - dmcsrb.com<\/title>\n<meta name=\"robots\" content=\"index, follow, max-snippet:-1, max-image-preview:large, max-video-preview:-1\" \/>\n<link rel=\"canonical\" href=\"https:\/\/dmcsrb.com\/en\/drustvo\/izabrani-clanovi-uo-fonda-za-zdravstveno-osiguranje\/\" \/>\n<meta property=\"og:locale\" content=\"en_GB\" \/>\n<meta property=\"og:type\" content=\"article\" \/>\n<meta property=\"og:title\" content=\"Izabrani \u010dlanovi UO Fonda za zdravstveno osiguranje - dmcsrb.com\" \/>\n<meta property=\"og:description\" content=\"Vlada Crne Gore je na elektronskoj sjednici imenovala novi Upravni odbor Fonda za zdravstveno osiguranje (FZO).\" \/>\n<meta property=\"og:url\" content=\"https:\/\/dmcsrb.com\/en\/drustvo\/izabrani-clanovi-uo-fonda-za-zdravstveno-osiguranje\/\" \/>\n<meta property=\"og:site_name\" content=\"dmcsrb.com\" \/>\n<meta property=\"article:published_time\" content=\"2025-10-24T07:42:13+00:00\" \/>\n<meta property=\"og:image\" content=\"https:\/\/dmcsrb.com\/wp-content\/uploads\/2026\/01\/Fond-za-zdravstveno-osiguranje-5-1-1024x576-1.jpg\" \/>\n\t<meta property=\"og:image:width\" content=\"1024\" \/>\n\t<meta property=\"og:image:height\" content=\"576\" \/>\n\t<meta property=\"og:image:type\" content=\"image\/jpeg\" \/>\n<meta name=\"author\" content=\"dmcsrbija.com@gmail.com\" \/>\n<meta name=\"twitter:card\" content=\"summary_large_image\" \/>\n<meta name=\"twitter:label1\" content=\"Written by\" \/>\n\t<meta name=\"twitter:data1\" content=\"dmcsrbija.com@gmail.com\" \/>\n<script type=\"application\/ld+json\" class=\"yoast-schema-graph\">{\"@context\":\"https:\/\/schema.org\",\"@graph\":[{\"@type\":\"Article\",\"@id\":\"https:\/\/dmcsrb.com\/drustvo\/izabrani-clanovi-uo-fonda-za-zdravstveno-osiguranje\/#article\",\"isPartOf\":{\"@id\":\"https:\/\/dmcsrb.com\/drustvo\/izabrani-clanovi-uo-fonda-za-zdravstveno-osiguranje\/\"},\"author\":{\"name\":\"dmcsrbija.com@gmail.com\",\"@id\":\"https:\/\/dmcsrb.com\/#\/schema\/person\/5c39170f12db1b8b457732d0b5c854e2\"},\"headline\":\"Izabrani \u010dlanovi UO Fonda za zdravstveno osiguranje\",\"datePublished\":\"2025-10-24T07:42:13+00:00\",\"mainEntityOfPage\":{\"@id\":\"https:\/\/dmcsrb.com\/drustvo\/izabrani-clanovi-uo-fonda-za-zdravstveno-osiguranje\/\"},\"wordCount\":89,\"commentCount\":0,\"image\":{\"@id\":\"https:\/\/dmcsrb.com\/drustvo\/izabrani-clanovi-uo-fonda-za-zdravstveno-osiguranje\/#primaryimage\"},\"thumbnailUrl\":\"https:\/\/dmcsrb.com\/wp-content\/uploads\/2026\/01\/Fond-za-zdravstveno-osiguranje-5-1-1024x576-1.jpg\",\"keywords\":[\"FZO\",\"izbor \u010dlanova\"],\"articleSection\":[\"Dru\u0161tvo\"],\"inLanguage\":\"en-GB\",\"potentialAction\":[{\"@type\":\"CommentAction\",\"name\":\"Comment\",\"target\":[\"https:\/\/dmcsrb.com\/drustvo\/izabrani-clanovi-uo-fonda-za-zdravstveno-osiguranje\/#respond\"]}]},{\"@type\":\"WebPage\",\"@id\":\"https:\/\/dmcsrb.com\/drustvo\/izabrani-clanovi-uo-fonda-za-zdravstveno-osiguranje\/\",\"url\":\"https:\/\/dmcsrb.com\/drustvo\/izabrani-clanovi-uo-fonda-za-zdravstveno-osiguranje\/\",\"name\":\"Izabrani \u010dlanovi UO Fonda za zdravstveno osiguranje - dmcsrb.com\",\"isPartOf\":{\"@id\":\"https:\/\/dmcsrb.com\/#website\"},\"primaryImageOfPage\":{\"@id\":\"https:\/\/dmcsrb.com\/drustvo\/izabrani-clanovi-uo-fonda-za-zdravstveno-osiguranje\/#primaryimage\"},\"image\":{\"@id\":\"https:\/\/dmcsrb.com\/drustvo\/izabrani-clanovi-uo-fonda-za-zdravstveno-osiguranje\/#primaryimage\"},\"thumbnailUrl\":\"https:\/\/dmcsrb.com\/wp-content\/uploads\/2026\/01\/Fond-za-zdravstveno-osiguranje-5-1-1024x576-1.jpg\",\"datePublished\":\"2025-10-24T07:42:13+00:00\",\"author\":{\"@id\":\"https:\/\/dmcsrb.com\/#\/schema\/person\/5c39170f12db1b8b457732d0b5c854e2\"},\"breadcrumb\":{\"@id\":\"https:\/\/dmcsrb.com\/drustvo\/izabrani-clanovi-uo-fonda-za-zdravstveno-osiguranje\/#breadcrumb\"},\"inLanguage\":\"en-GB\",\"potentialAction\":[{\"@type\":\"ReadAction\",\"target\":[\"https:\/\/dmcsrb.com\/drustvo\/izabrani-clanovi-uo-fonda-za-zdravstveno-osiguranje\/\"]}]},{\"@type\":\"ImageObject\",\"inLanguage\":\"en-GB\",\"@id\":\"https:\/\/dmcsrb.com\/drustvo\/izabrani-clanovi-uo-fonda-za-zdravstveno-osiguranje\/#primaryimage\",\"url\":\"https:\/\/dmcsrb.com\/wp-content\/uploads\/2026\/01\/Fond-za-zdravstveno-osiguranje-5-1-1024x576-1.jpg\",\"contentUrl\":\"https:\/\/dmcsrb.com\/wp-content\/uploads\/2026\/01\/Fond-za-zdravstveno-osiguranje-5-1-1024x576-1.jpg\",\"width\":1024,\"height\":576},{\"@type\":\"BreadcrumbList\",\"@id\":\"https:\/\/dmcsrb.com\/drustvo\/izabrani-clanovi-uo-fonda-za-zdravstveno-osiguranje\/#breadcrumb\",\"itemListElement\":[{\"@type\":\"ListItem\",\"position\":1,\"name\":\"Home\",\"item\":\"https:\/\/dmcsrb.com\/\"},{\"@type\":\"ListItem\",\"position\":2,\"name\":\"Izabrani \u010dlanovi UO Fonda za zdravstveno osiguranje\"}]},{\"@type\":\"WebSite\",\"@id\":\"https:\/\/dmcsrb.com\/#website\",\"url\":\"https:\/\/dmcsrb.com\/\",\"name\":\"dmcsrb.com\",\"description\":\"\",\"potentialAction\":[{\"@type\":\"SearchAction\",\"target\":{\"@type\":\"EntryPoint\",\"urlTemplate\":\"https:\/\/dmcsrb.com\/?s={search_term_string}\"},\"query-input\":{\"@type\":\"PropertyValueSpecification\",\"valueRequired\":true,\"valueName\":\"search_term_string\"}}],\"inLanguage\":\"en-GB\"},{\"@type\":\"Person\",\"@id\":\"https:\/\/dmcsrb.com\/#\/schema\/person\/5c39170f12db1b8b457732d0b5c854e2\",\"name\":\"dmcsrbija.com@gmail.com\",\"image\":{\"@type\":\"ImageObject\",\"inLanguage\":\"en-GB\",\"@id\":\"https:\/\/dmcsrb.com\/#\/schema\/person\/image\/\",\"url\":\"https:\/\/secure.gravatar.com\/avatar\/68592660ad6347fad0fb587f8d5d8f1a7b44961362f56e4f2cd524feb87e9069?s=96&d=mm&r=g\",\"contentUrl\":\"https:\/\/secure.gravatar.com\/avatar\/68592660ad6347fad0fb587f8d5d8f1a7b44961362f56e4f2cd524feb87e9069?s=96&d=mm&r=g\",\"caption\":\"dmcsrbija.com@gmail.com\"},\"sameAs\":[\"https:\/\/dmcsrb.com\"],\"url\":\"https:\/\/dmcsrb.com\/en\/author\/dmcsrbija-comgmail-com\/\"}]}<\/script>\n<!-- \/ Yoast SEO plugin. -->","yoast_head_json":{"title":"Izabrani \u010dlanovi UO Fonda za zdravstveno osiguranje - dmcsrb.com","robots":{"index":"index","follow":"follow","max-snippet":"max-snippet:-1","max-image-preview":"max-image-preview:large","max-video-preview":"max-video-preview:-1"},"canonical":"https:\/\/dmcsrb.com\/en\/drustvo\/izabrani-clanovi-uo-fonda-za-zdravstveno-osiguranje\/","og_locale":"en_GB","og_type":"article","og_title":"Izabrani \u010dlanovi UO Fonda za zdravstveno osiguranje - dmcsrb.com","og_description":"Vlada Crne Gore je na elektronskoj sjednici imenovala novi Upravni odbor Fonda za zdravstveno osiguranje (FZO).","og_url":"https:\/\/dmcsrb.com\/en\/drustvo\/izabrani-clanovi-uo-fonda-za-zdravstveno-osiguranje\/","og_site_name":"dmcsrb.com","article_published_time":"2025-10-24T07:42:13+00:00","og_image":[{"width":1024,"height":576,"url":"https:\/\/dmcsrb.com\/wp-content\/uploads\/2026\/01\/Fond-za-zdravstveno-osiguranje-5-1-1024x576-1.jpg","type":"image\/jpeg"}],"author":"dmcsrbija.com@gmail.com","twitter_card":"summary_large_image","twitter_misc":{"Written by":"dmcsrbija.com@gmail.com"},"schema":{"@context":"https:\/\/schema.org","@graph":[{"@type":"Article","@id":"https:\/\/dmcsrb.com\/drustvo\/izabrani-clanovi-uo-fonda-za-zdravstveno-osiguranje\/#article","isPartOf":{"@id":"https:\/\/dmcsrb.com\/drustvo\/izabrani-clanovi-uo-fonda-za-zdravstveno-osiguranje\/"},"author":{"name":"dmcsrbija.com@gmail.com","@id":"https:\/\/dmcsrb.com\/#\/schema\/person\/5c39170f12db1b8b457732d0b5c854e2"},"headline":"Izabrani \u010dlanovi UO Fonda za zdravstveno osiguranje","datePublished":"2025-10-24T07:42:13+00:00","mainEntityOfPage":{"@id":"https:\/\/dmcsrb.com\/drustvo\/izabrani-clanovi-uo-fonda-za-zdravstveno-osiguranje\/"},"wordCount":89,"commentCount":0,"image":{"@id":"https:\/\/dmcsrb.com\/drustvo\/izabrani-clanovi-uo-fonda-za-zdravstveno-osiguranje\/#primaryimage"},"thumbnailUrl":"https:\/\/dmcsrb.com\/wp-content\/uploads\/2026\/01\/Fond-za-zdravstveno-osiguranje-5-1-1024x576-1.jpg","keywords":["FZO","izbor \u010dlanova"],"articleSection":["Dru\u0161tvo"],"inLanguage":"en-GB","potentialAction":[{"@type":"CommentAction","name":"Comment","target":["https:\/\/dmcsrb.com\/drustvo\/izabrani-clanovi-uo-fonda-za-zdravstveno-osiguranje\/#respond"]}]},{"@type":"WebPage","@id":"https:\/\/dmcsrb.com\/drustvo\/izabrani-clanovi-uo-fonda-za-zdravstveno-osiguranje\/","url":"https:\/\/dmcsrb.com\/drustvo\/izabrani-clanovi-uo-fonda-za-zdravstveno-osiguranje\/","name":"Izabrani \u010dlanovi UO Fonda za zdravstveno osiguranje - dmcsrb.com","isPartOf":{"@id":"https:\/\/dmcsrb.com\/#website"},"primaryImageOfPage":{"@id":"https:\/\/dmcsrb.com\/drustvo\/izabrani-clanovi-uo-fonda-za-zdravstveno-osiguranje\/#primaryimage"},"image":{"@id":"https:\/\/dmcsrb.com\/drustvo\/izabrani-clanovi-uo-fonda-za-zdravstveno-osiguranje\/#primaryimage"},"thumbnailUrl":"https:\/\/dmcsrb.com\/wp-content\/uploads\/2026\/01\/Fond-za-zdravstveno-osiguranje-5-1-1024x576-1.jpg","datePublished":"2025-10-24T07:42:13+00:00","author":{"@id":"https:\/\/dmcsrb.com\/#\/schema\/person\/5c39170f12db1b8b457732d0b5c854e2"},"breadcrumb":{"@id":"https:\/\/dmcsrb.com\/drustvo\/izabrani-clanovi-uo-fonda-za-zdravstveno-osiguranje\/#breadcrumb"},"inLanguage":"en-GB","potentialAction":[{"@type":"ReadAction","target":["https:\/\/dmcsrb.com\/drustvo\/izabrani-clanovi-uo-fonda-za-zdravstveno-osiguranje\/"]}]},{"@type":"ImageObject","inLanguage":"en-GB","@id":"https:\/\/dmcsrb.com\/drustvo\/izabrani-clanovi-uo-fonda-za-zdravstveno-osiguranje\/#primaryimage","url":"https:\/\/dmcsrb.com\/wp-content\/uploads\/2026\/01\/Fond-za-zdravstveno-osiguranje-5-1-1024x576-1.jpg","contentUrl":"https:\/\/dmcsrb.com\/wp-content\/uploads\/2026\/01\/Fond-za-zdravstveno-osiguranje-5-1-1024x576-1.jpg","width":1024,"height":576},{"@type":"BreadcrumbList","@id":"https:\/\/dmcsrb.com\/drustvo\/izabrani-clanovi-uo-fonda-za-zdravstveno-osiguranje\/#breadcrumb","itemListElement":[{"@type":"ListItem","position":1,"name":"Home","item":"https:\/\/dmcsrb.com\/"},{"@type":"ListItem","position":2,"name":"Izabrani \u010dlanovi UO Fonda za zdravstveno osiguranje"}]},{"@type":"WebSite","@id":"https:\/\/dmcsrb.com\/#website","url":"https:\/\/dmcsrb.com\/","name":"dmcsrb.com","description":"","potentialAction":[{"@type":"SearchAction","target":{"@type":"EntryPoint","urlTemplate":"https:\/\/dmcsrb.com\/?s={search_term_string}"},"query-input":{"@type":"PropertyValueSpecification","valueRequired":true,"valueName":"search_term_string"}}],"inLanguage":"en-GB"},{"@type":"Person","@id":"https:\/\/dmcsrb.com\/#\/schema\/person\/5c39170f12db1b8b457732d0b5c854e2","name":"dmcsrbija.com@gmail.com","image":{"@type":"ImageObject","inLanguage":"en-GB","@id":"https:\/\/dmcsrb.com\/#\/schema\/person\/image\/","url":"https:\/\/secure.gravatar.com\/avatar\/68592660ad6347fad0fb587f8d5d8f1a7b44961362f56e4f2cd524feb87e9069?s=96&d=mm&r=g","contentUrl":"https:\/\/secure.gravatar.com\/avatar\/68592660ad6347fad0fb587f8d5d8f1a7b44961362f56e4f2cd524feb87e9069?s=96&d=mm&r=g","caption":"dmcsrbija.com@gmail.com"},"sameAs":["https:\/\/dmcsrb.com"],"url":"https:\/\/dmcsrb.com\/en\/author\/dmcsrbija-comgmail-com\/"}]}},"_links":{"self":[{"href":"https:\/\/dmcsrb.com\/en\/wp-json\/wp\/v2\/posts\/959790","targetHints":{"allow":["GET"]}}],"collection":[{"href":"https:\/\/dmcsrb.com\/en\/wp-json\/wp\/v2\/posts"}],"about":[{"href":"https:\/\/dmcsrb.com\/en\/wp-json\/wp\/v2\/types\/post"}],"author":[{"embeddable":true,"href":"https:\/\/dmcsrb.com\/en\/wp-json\/wp\/v2\/users\/1"}],"replies":[{"embeddable":true,"href":"https:\/\/dmcsrb.com\/en\/wp-json\/wp\/v2\/comments?post=959790"}],"version-history":[{"count":0,"href":"https:\/\/dmcsrb.com\/en\/wp-json\/wp\/v2\/posts\/959790\/revisions"}],"wp:featuredmedia":[{"embeddable":true,"href":"https:\/\/dmcsrb.com\/en\/wp-json\/wp\/v2\/media\/909426"}],"wp:attachment":[{"href":"https:\/\/dmcsrb.com\/en\/wp-json\/wp\/v2\/media?parent=959790"}],"wp:term":[{"taxonomy":"category","embeddable":true,"href":"https:\/\/dmcsrb.com\/en\/wp-json\/wp\/v2\/categories?post=959790"},{"taxonomy":"post_tag","embeddable":true,"href":"https:\/\/dmcsrb.com\/en\/wp-json\/wp\/v2\/tags?post=959790"},{"taxonomy":"naslovna","embeddable":true,"href":"https:\/\/dmcsrb.com\/en\/wp-json\/wp\/v2\/naslovna?post=959790"}],"curies":[{"name":"wp","href":"https:\/\/api.w.org\/{rel}","templated":true}]}}