{"id":959789,"date":"2025-10-24T09:48:32","date_gmt":"2025-10-24T07:48:32","guid":{"rendered":"https:\/\/dmcsrb.com\/uncategorized\/rutovic-i-vujicic-pisali-satleru-inicijativa-za-razrjesenje-predsjednika-i-clana-savjeta-agencije-nezakonit-cin\/"},"modified":"2025-10-24T09:48:32","modified_gmt":"2025-10-24T07:48:32","slug":"rutovic-i-vujicic-pisali-satleru-inicijativa-za-razrjesenje-predsjednika-i-clana-savjeta-agencije-nezakonit-cin","status":"publish","type":"post","link":"https:\/\/dmcsrb.com\/en\/drustvo\/rutovic-i-vujicic-pisali-satleru-inicijativa-za-razrjesenje-predsjednika-i-clana-savjeta-agencije-nezakonit-cin\/","title":{"rendered":"Rutovi\u0107 i Vuji\u010di\u0107 pisali Satleru: Inicijativa za razrje\u0161enje predsjednika i \u010dlana Savjeta Agencije nezakonit \u010din"},"content":{"rendered":"<p><\/p>\n\n\n\n<p><\/p>\n\n\n\n<p>Isti\u010du da je rije\u010d o politi\u010dkim pritiscima i poku\u0161aj nezakonitog razrje\u0161enja rukovodstva Agencije.<\/p>\n\n\n\n<p>&#8220;Pokretanje inicijative za razrje\u0161enje predstavlja nezakonit \u010din i o\u010digledan poku\u0161aj politi\u010dke smjene rukovodstva nezavisnog organa. Ovakvo postupanje nije samo napad na pojedince, ve\u0107 na sam princip institucionalne nezavisnosti, koji je temelj za\u0161tite ljudskih prava, vladavine prava i evropskog demokratskog poretka&#8221;, navodi se u pismu upu\u0107enom ambasadoru EU u Crnoj Gori Johanu Satleru.<\/p>\n\n\n\n<p>Oni smatraju da bi eventualno razrje\u0161enje predsjednika i \u010dlana Savjeta Agencije, bez zakonskog osnova, bilo flagrantno kr\u0161enje evropskih normi i standarda, te bi Crnu Goru dovelo u situaciju da se suo\u010di sa ozbiljnim posljedicama po proces evropskih integracija i povjerenje me\u0111unarodnih partnera.<\/p>\n\n\n\n<p><strong><em>Pismo upu\u0107eno delegaciji EU u Crnoj Gori prenosimo integralno:<\/em><\/strong><\/p>\n\n\n\n<p>U ime Agencije za za\u0161titu li\u010dnih podataka i slobodan pristup informacijama Crne Gore, obra\u0107amo se povodom zabrinjavaju\u0107ih i kontinuiranih politi\u010dkih pritisaka na ovu nezavisnu instituciju, koji su kulminirali nakon kontrolnog saslu\u0161anja pred Odborom za ljudska prava i slobode Skup\u0161tine Crne Gore, odr\u017eanog 1. oktobra 2025. godine, te dono\u0161enjem zaklju\u010daka Odbora 22. oktobra 2025. godine.<\/p>\n\n\n\n<p>Umjesto da se rasprava vodi u skladu sa zakonom propisanim nadle\u017enostima Agencije, saslu\u0161anje je pretvoreno u politi\u010dki obra\u010dun sa \u010dlanovima Savjeta, posebno sa predsjednikom Savjeta mr \u017deljkom Rutovi\u0107em i \u010dlanom Savjeta Zoranom Vuji\u010di\u0107em. Cilj takvog pristupa bio je da se, kroz neosnovane i pau\u0161alne optu\u017ebe, stvori privid opravdanosti za njihovo razrje\u0161enje, a ne iz razloga propisanih zakonom, ve\u0107 isklju\u010divo zbog politi\u010dke nepodobnosti i li\u010dnih animoziteta unutar vladaju\u0107e parlamentarne ve\u0107ine.<\/p>\n\n\n\n<p>Zaklju\u010dkom Odbora za ljudska prava i slobode, konkretno u ta\u010dki 10, tra\u017ei se od Administrativnog odbora Skup\u0161tine Crne Gore kao nadle\u017eog odbora da \u201erazmotri mogu\u0107nost pokretanja inicijative za razrje\u0161enje predsjednika i \u010dlana Savjeta Agencije\u201c. U obrazlo\u017eenju ovog zaklju\u010dka ne navodi se nijedan zakonski osnov za smjenu, ve\u0107 se poziva na navodnu \u201enetransparentnost\u201c, \u201eprobleme u radu\u201c i \u201enedovoljnu proaktivnost\u201c. Takvi navodi nemaju nikakvo utemeljenje u Zakonu o za\u0161titi podataka o li\u010dnosti, niti predstavljaju zakonom predvi\u0111ene razloge za razrje\u0161enje.<\/p>\n\n\n\n<p>Podsje\u0107amo da prema \u010dlanu 55 pomenutog Zakona, predsjednik i \u010dlan Savjeta mogu biti razrije\u0161eni samo:<\/p>\n\n\n\n<ol class=\"wp-block-list\">\n<li>na li\u010dni zahtjev,<\/li>\n\n\n\n<li>zbog trajnog gubitka radne sposobnosti,<\/li>\n\n\n\n<li>ako nastanu okolnosti nespojivosti iz \u010dlana 54 Zakona,<\/li>\n\n\n\n<li>ako prekr\u0161e obavezu \u010duvanja li\u010dnih podataka.<\/li>\n<\/ol>\n\n\n\n<p>Ni jedan od ovih uslova nije ispunjen.<\/p>\n\n\n\n<p>Dakle, pokretanje inicijative za razrje\u0161enje predstavlja nezakonit \u010din i o\u010digledan poku\u0161aj politi\u010dke smjene rukovodstva nezavisnog organa. Ovakvo postupanje nije samo napad na pojedince, ve\u0107 na sam princip institucionalne nezavisnosti, koji je temelj za\u0161tite ljudskih prava, vladavine prava i evropskog demokratskog poretka.<\/p>\n\n\n\n<p>Pritisci na Savjet Agencije nijesu novina, oni traju kontinuirano vi\u0161e od tri godine, manifestuju\u0107i se kroz javne diskreditacije, poku\u0161aje opstrukcije rada, politi\u010dke izjave o izmjeni zakona kako bi se omogu\u0107ila smjena rukovodstva. Ova sistemska kampanja ima za cilj da se nezavisna institucija podvede pod politi\u010dku kontrolu, \u0161to je u suprotnosti sa Ustavom Crne Gore i evropskim pravnim standardima.<\/p>\n\n\n\n<p>Evropska pravna praksa jasno zabranjuje ovakve poku\u0161aje:<\/p>\n\n\n\n<ul class=\"wp-block-list\">\n<li>U predmetu Komisija protiv Njema\u010dke (C-518\/07), Sud pravde EU je utvrdio da svaka mogu\u0107nost politi\u010dkog uticaja ili nadzora nad nadzornim organom za za\u0161titu podataka predstavlja kr\u0161enje obaveze dr\u017eave da obezbijedi njegovu potpunu nezavisnost.<\/li>\n\n\n\n<li>U predmetu Komisija protiv Austrije (C-614\/10), Sud je naglasio da se nezavisnost mora \u0161tititi i od indirektnih oblika politi\u010dkog pritiska.<\/li>\n\n\n\n<li>U slu\u010daju Andr\u00e1ssy Baka protiv Ma\u0111arske (Evropski sud za ljudska prava, 2016), Sud je zaklju\u010dio da je politi\u010dki motivisana smjena predsjednika Vrhovnog suda predstavljala povredu prava na slobodu izra\u017eavanja i nezavisnost institucije.<\/li>\n<\/ul>\n\n\n\n<p>Ovom prilikom podsje\u0107amo na Presudu Suda pravde EU u predmetu: Komisija protiv Ma\u0111arske (C-288\/12).<\/p>\n\n\n\n<p>Stav Suda:<\/p>\n\n\n\n<p>Sud je utvrdio da takvo postupanje predstavlja povredu obaveze nezavisnosti propisane Direktivom, jer \u201eni politi\u010dka promjena ni institucionalna reorganizacija ne mogu opravdati prekid mandata nezavisnog tijela prije njegovog isteka\u201c. Ta\u010dka 53. Presude: \u201eNa\u010delo potpune nezavisnosti zna\u010di da nadzorno tijelo mora biti za\u0161ti\u0107eno od svakog spoljnog uticaja, bilo direktnog ili indirektnog, koji mo\u017ee ugroziti slobodu njegovih odluka.\u201c Ta\u010dka 54. Presude: \u201ePrerani prestanak mandata rukovodioca nadzornog tijela mo\u017ee izazvati sumnju u nezavisnost te institucije, jer mo\u017ee stvoriti utisak da se vr\u0161i politi\u010dki pritisak ili da postoji rizik od politi\u010dke kontrole.\u201c Ta\u010dka 56. Presude:\u201e\u010cak i ako dr\u017eava izvr\u0161i institucionalnu reformu, du\u017ena je da osigura kontinuitet mandata i nezavisnost nosioca funkcije.\u201c<\/p>\n\n\n\n<p>Upravo ovakvi primjeri pokazuju da bi eventualno razrje\u0161enje predsjednika i \u010dlana Savjeta Agencije, bez zakonskog osnova, bilo flagrantno kr\u0161enje evropskih normi i standarda, te bi Crnu Goru dovelo u situaciju da se suo\u010di sa ozbiljnim posljedicama po proces evropskih integracija i povjerenje me\u0111unarodnih partnera.<\/p>\n\n\n\n<p>Stoga pozivamo:<\/p>\n\n\n\n<ul class=\"wp-block-list\">\n<li>Delegaciju Evropske unije u Crnoj Gori,<\/li>\n\n\n\n<li>Evropski odbor za za\u0161titu podataka (EDPB),<\/li>\n\n\n\n<li>kao i sve relevantne me\u0111unarodne institucije i organizacije za ljudska prava, da hitno reaguju i za\u0161tite nezavisnost Agencije, u skladu sa evropskim principima i praksom.<\/li>\n<\/ul>\n\n\n\n<p>Agencija za za\u0161titu li\u010dnih podataka i slobodan pristup informacijama mora ostati nezavisna, profesionalna i za\u0161ti\u0107ena od politi\u010dkog uticaja. Svaki poku\u0161aj da se nezavisnost ove institucije naru\u0161i, predstavlja udar na pravnu sigurnost, uru\u0161avanje institucionalnog poretka i opasno udaljavanje Crne Gore od evropskih vrijednosti i standarda vladavine prava.<\/p>\n\n\n\n<p>Uvjereni smo da \u0107e me\u0111unarodna zajednica, stru\u010dna i gra\u0111anska javnost prepoznati ozbiljnost situacije i da \u0107e njihova reakcija pomo\u0107i u o\u010duvanju nezavisnosti institucija koje \u010dine stub demokratskog poretka.<\/p>\n\n\n\n<p>S po\u0161tovanjem,<\/p>\n\n\n\n<p>mr \u017deljko Rutovi\u0107<\/p>\n\n\n\n<p>Predsjednik Savjeta Agencije za za\u0161titu li\u010dnih podataka i slobodan pristup informacijama Crne Gore<\/p>\n\n\n\n<p>Zoran Vuji\u010di\u0107<\/p>\n\n\n\n<p>\u010clan Savjeta Agencije za za\u0161titu li\u010dnih podataka i slobodan pristup informacijama Crne Gore<\/p>","protected":false},"excerpt":{"rendered":"<p>Predsjednik Savjeta Agencije za za\u0161titu li\u010dnih podataka i slobodan pristup informacijama Crne Gore, \u017deljko Rutovi\u0107 i<br \/>\n\u010dlan Savjeta Agencije za za\u0161titu li\u010dnih podataka i slobodan pristup informacijama Crne Gore Zoran Vuji\u010di\u0107 uputili su otvoreno pismo delegaciji EU u Crnoj Gori, a povodom zaklju\u010daka Odbora za ljudska prava da se, kako smatraju, pokrene nezakonita smjena \u010dlanova Savjeta AZLP-a, nezavisnog regulatornog tijela.<\/p>","protected":false},"author":1,"featured_media":943921,"comment_status":"open","ping_status":"open","sticky":false,"template":"","format":"standard","meta":{"_acf_changed":false,"footnotes":""},"categories":[2],"tags":[12455,1777,970],"naslovna":[],"class_list":["post-959789","post","type-post","status-publish","format-standard","has-post-thumbnail","hentry","category-drustvo","tag-azlp","tag-delegacija-eu-u-crnoj-gori","tag-johan-satler"],"acf":[],"yoast_head":"<!-- This site is optimized with the Yoast SEO plugin v27.0 - https:\/\/yoast.com\/product\/yoast-seo-wordpress\/ -->\n<title>Rutovi\u0107 i Vuji\u010di\u0107 pisali Satleru: Inicijativa za razrje\u0161enje predsjednika i \u010dlana Savjeta Agencije nezakonit \u010din - dmcsrb.com<\/title>\n<meta name=\"robots\" content=\"index, follow, max-snippet:-1, max-image-preview:large, max-video-preview:-1\" \/>\n<link rel=\"canonical\" href=\"https:\/\/dmcsrb.com\/en\/drustvo\/rutovic-i-vujicic-pisali-satleru-inicijativa-za-razrjesenje-predsjednika-i-clana-savjeta-agencije-nezakonit-cin\/\" \/>\n<meta property=\"og:locale\" content=\"en_GB\" \/>\n<meta property=\"og:type\" content=\"article\" \/>\n<meta property=\"og:title\" content=\"Rutovi\u0107 i Vuji\u010di\u0107 pisali Satleru: Inicijativa za razrje\u0161enje predsjednika i \u010dlana Savjeta Agencije nezakonit \u010din - dmcsrb.com\" \/>\n<meta property=\"og:description\" content=\"Predsjednik Savjeta Agencije za za\u0161titu li\u010dnih podataka i slobodan pristup informacijama Crne Gore, \u017deljko Rutovi\u0107 i \u010dlan Savjeta Agencije za za\u0161titu li\u010dnih podataka i slobodan pristup informacijama Crne Gore Zoran Vuji\u010di\u0107 uputili su otvoreno pismo delegaciji EU u Crnoj Gori, a povodom zaklju\u010daka Odbora za ljudska prava da se, kako smatraju, pokrene nezakonita smjena \u010dlanova Savjeta AZLP-a, nezavisnog regulatornog tijela.\" \/>\n<meta property=\"og:url\" content=\"https:\/\/dmcsrb.com\/en\/drustvo\/rutovic-i-vujicic-pisali-satleru-inicijativa-za-razrjesenje-predsjednika-i-clana-savjeta-agencije-nezakonit-cin\/\" \/>\n<meta property=\"og:site_name\" content=\"dmcsrb.com\" \/>\n<meta property=\"article:published_time\" content=\"2025-10-24T07:48:32+00:00\" \/>\n<meta property=\"og:image\" content=\"https:\/\/dmcsrb.com\/wp-content\/uploads\/2026\/01\/agen_599x900.webp\" \/>\n\t<meta property=\"og:image:width\" content=\"899\" \/>\n\t<meta property=\"og:image:height\" content=\"599\" \/>\n\t<meta property=\"og:image:type\" content=\"image\/jpeg\" \/>\n<meta name=\"author\" content=\"dmcsrbija.com@gmail.com\" \/>\n<meta name=\"twitter:card\" content=\"summary_large_image\" \/>\n<meta name=\"twitter:label1\" content=\"Written by\" \/>\n\t<meta name=\"twitter:data1\" content=\"dmcsrbija.com@gmail.com\" \/>\n\t<meta name=\"twitter:label2\" content=\"Estimated reading time\" \/>\n\t<meta name=\"twitter:data2\" content=\"5 minutes\" \/>\n<script type=\"application\/ld+json\" class=\"yoast-schema-graph\">{\"@context\":\"https:\/\/schema.org\",\"@graph\":[{\"@type\":\"Article\",\"@id\":\"https:\/\/dmcsrb.com\/drustvo\/rutovic-i-vujicic-pisali-satleru-inicijativa-za-razrjesenje-predsjednika-i-clana-savjeta-agencije-nezakonit-cin\/#article\",\"isPartOf\":{\"@id\":\"https:\/\/dmcsrb.com\/drustvo\/rutovic-i-vujicic-pisali-satleru-inicijativa-za-razrjesenje-predsjednika-i-clana-savjeta-agencije-nezakonit-cin\/\"},\"author\":{\"name\":\"dmcsrbija.com@gmail.com\",\"@id\":\"https:\/\/dmcsrb.com\/#\/schema\/person\/5c39170f12db1b8b457732d0b5c854e2\"},\"headline\":\"Rutovi\u0107 i Vuji\u010di\u0107 pisali Satleru: Inicijativa za razrje\u0161enje predsjednika i \u010dlana Savjeta Agencije nezakonit \u010din\",\"datePublished\":\"2025-10-24T07:48:32+00:00\",\"mainEntityOfPage\":{\"@id\":\"https:\/\/dmcsrb.com\/drustvo\/rutovic-i-vujicic-pisali-satleru-inicijativa-za-razrjesenje-predsjednika-i-clana-savjeta-agencije-nezakonit-cin\/\"},\"wordCount\":999,\"commentCount\":0,\"image\":{\"@id\":\"https:\/\/dmcsrb.com\/drustvo\/rutovic-i-vujicic-pisali-satleru-inicijativa-za-razrjesenje-predsjednika-i-clana-savjeta-agencije-nezakonit-cin\/#primaryimage\"},\"thumbnailUrl\":\"https:\/\/dmcsrb.com\/wp-content\/uploads\/2026\/01\/agen_599x900.webp\",\"keywords\":[\"azlp\",\"Delegacija EU u Crnoj Gori\",\"Johan Satler\"],\"articleSection\":[\"Dru\u0161tvo\"],\"inLanguage\":\"en-GB\",\"potentialAction\":[{\"@type\":\"CommentAction\",\"name\":\"Comment\",\"target\":[\"https:\/\/dmcsrb.com\/drustvo\/rutovic-i-vujicic-pisali-satleru-inicijativa-za-razrjesenje-predsjednika-i-clana-savjeta-agencije-nezakonit-cin\/#respond\"]}]},{\"@type\":\"WebPage\",\"@id\":\"https:\/\/dmcsrb.com\/drustvo\/rutovic-i-vujicic-pisali-satleru-inicijativa-za-razrjesenje-predsjednika-i-clana-savjeta-agencije-nezakonit-cin\/\",\"url\":\"https:\/\/dmcsrb.com\/drustvo\/rutovic-i-vujicic-pisali-satleru-inicijativa-za-razrjesenje-predsjednika-i-clana-savjeta-agencije-nezakonit-cin\/\",\"name\":\"Rutovi\u0107 i Vuji\u010di\u0107 pisali Satleru: Inicijativa za razrje\u0161enje predsjednika i \u010dlana Savjeta Agencije nezakonit \u010din - dmcsrb.com\",\"isPartOf\":{\"@id\":\"https:\/\/dmcsrb.com\/#website\"},\"primaryImageOfPage\":{\"@id\":\"https:\/\/dmcsrb.com\/drustvo\/rutovic-i-vujicic-pisali-satleru-inicijativa-za-razrjesenje-predsjednika-i-clana-savjeta-agencije-nezakonit-cin\/#primaryimage\"},\"image\":{\"@id\":\"https:\/\/dmcsrb.com\/drustvo\/rutovic-i-vujicic-pisali-satleru-inicijativa-za-razrjesenje-predsjednika-i-clana-savjeta-agencije-nezakonit-cin\/#primaryimage\"},\"thumbnailUrl\":\"https:\/\/dmcsrb.com\/wp-content\/uploads\/2026\/01\/agen_599x900.webp\",\"datePublished\":\"2025-10-24T07:48:32+00:00\",\"author\":{\"@id\":\"https:\/\/dmcsrb.com\/#\/schema\/person\/5c39170f12db1b8b457732d0b5c854e2\"},\"breadcrumb\":{\"@id\":\"https:\/\/dmcsrb.com\/drustvo\/rutovic-i-vujicic-pisali-satleru-inicijativa-za-razrjesenje-predsjednika-i-clana-savjeta-agencije-nezakonit-cin\/#breadcrumb\"},\"inLanguage\":\"en-GB\",\"potentialAction\":[{\"@type\":\"ReadAction\",\"target\":[\"https:\/\/dmcsrb.com\/drustvo\/rutovic-i-vujicic-pisali-satleru-inicijativa-za-razrjesenje-predsjednika-i-clana-savjeta-agencije-nezakonit-cin\/\"]}]},{\"@type\":\"ImageObject\",\"inLanguage\":\"en-GB\",\"@id\":\"https:\/\/dmcsrb.com\/drustvo\/rutovic-i-vujicic-pisali-satleru-inicijativa-za-razrjesenje-predsjednika-i-clana-savjeta-agencije-nezakonit-cin\/#primaryimage\",\"url\":\"https:\/\/dmcsrb.com\/wp-content\/uploads\/2026\/01\/agen_599x900.webp\",\"contentUrl\":\"https:\/\/dmcsrb.com\/wp-content\/uploads\/2026\/01\/agen_599x900.webp\",\"width\":899,\"height\":599},{\"@type\":\"BreadcrumbList\",\"@id\":\"https:\/\/dmcsrb.com\/drustvo\/rutovic-i-vujicic-pisali-satleru-inicijativa-za-razrjesenje-predsjednika-i-clana-savjeta-agencije-nezakonit-cin\/#breadcrumb\",\"itemListElement\":[{\"@type\":\"ListItem\",\"position\":1,\"name\":\"Home\",\"item\":\"https:\/\/dmcsrb.com\/\"},{\"@type\":\"ListItem\",\"position\":2,\"name\":\"Rutovi\u0107 i Vuji\u010di\u0107 pisali Satleru: Inicijativa za razrje\u0161enje predsjednika i \u010dlana Savjeta Agencije nezakonit \u010din\"}]},{\"@type\":\"WebSite\",\"@id\":\"https:\/\/dmcsrb.com\/#website\",\"url\":\"https:\/\/dmcsrb.com\/\",\"name\":\"dmcsrb.com\",\"description\":\"\",\"potentialAction\":[{\"@type\":\"SearchAction\",\"target\":{\"@type\":\"EntryPoint\",\"urlTemplate\":\"https:\/\/dmcsrb.com\/?s={search_term_string}\"},\"query-input\":{\"@type\":\"PropertyValueSpecification\",\"valueRequired\":true,\"valueName\":\"search_term_string\"}}],\"inLanguage\":\"en-GB\"},{\"@type\":\"Person\",\"@id\":\"https:\/\/dmcsrb.com\/#\/schema\/person\/5c39170f12db1b8b457732d0b5c854e2\",\"name\":\"dmcsrbija.com@gmail.com\",\"image\":{\"@type\":\"ImageObject\",\"inLanguage\":\"en-GB\",\"@id\":\"https:\/\/dmcsrb.com\/#\/schema\/person\/image\/\",\"url\":\"https:\/\/secure.gravatar.com\/avatar\/68592660ad6347fad0fb587f8d5d8f1a7b44961362f56e4f2cd524feb87e9069?s=96&d=mm&r=g\",\"contentUrl\":\"https:\/\/secure.gravatar.com\/avatar\/68592660ad6347fad0fb587f8d5d8f1a7b44961362f56e4f2cd524feb87e9069?s=96&d=mm&r=g\",\"caption\":\"dmcsrbija.com@gmail.com\"},\"sameAs\":[\"https:\/\/dmcsrb.com\"],\"url\":\"https:\/\/dmcsrb.com\/en\/author\/dmcsrbija-comgmail-com\/\"}]}<\/script>\n<!-- \/ Yoast SEO plugin. -->","yoast_head_json":{"title":"Rutovi\u0107 i Vuji\u010di\u0107 pisali Satleru: Inicijativa za razrje\u0161enje predsjednika i \u010dlana Savjeta Agencije nezakonit \u010din - dmcsrb.com","robots":{"index":"index","follow":"follow","max-snippet":"max-snippet:-1","max-image-preview":"max-image-preview:large","max-video-preview":"max-video-preview:-1"},"canonical":"https:\/\/dmcsrb.com\/en\/drustvo\/rutovic-i-vujicic-pisali-satleru-inicijativa-za-razrjesenje-predsjednika-i-clana-savjeta-agencije-nezakonit-cin\/","og_locale":"en_GB","og_type":"article","og_title":"Rutovi\u0107 i Vuji\u010di\u0107 pisali Satleru: Inicijativa za razrje\u0161enje predsjednika i \u010dlana Savjeta Agencije nezakonit \u010din - dmcsrb.com","og_description":"Predsjednik Savjeta Agencije za za\u0161titu li\u010dnih podataka i slobodan pristup informacijama Crne Gore, \u017deljko Rutovi\u0107 i \u010dlan Savjeta Agencije za za\u0161titu li\u010dnih podataka i slobodan pristup informacijama Crne Gore Zoran Vuji\u010di\u0107 uputili su otvoreno pismo delegaciji EU u Crnoj Gori, a povodom zaklju\u010daka Odbora za ljudska prava da se, kako smatraju, pokrene nezakonita smjena \u010dlanova Savjeta AZLP-a, nezavisnog regulatornog tijela.","og_url":"https:\/\/dmcsrb.com\/en\/drustvo\/rutovic-i-vujicic-pisali-satleru-inicijativa-za-razrjesenje-predsjednika-i-clana-savjeta-agencije-nezakonit-cin\/","og_site_name":"dmcsrb.com","article_published_time":"2025-10-24T07:48:32+00:00","og_image":[{"width":899,"height":599,"url":"https:\/\/dmcsrb.com\/wp-content\/uploads\/2026\/01\/agen_599x900.webp","type":"image\/jpeg"}],"author":"dmcsrbija.com@gmail.com","twitter_card":"summary_large_image","twitter_misc":{"Written by":"dmcsrbija.com@gmail.com","Estimated reading time":"5 minutes"},"schema":{"@context":"https:\/\/schema.org","@graph":[{"@type":"Article","@id":"https:\/\/dmcsrb.com\/drustvo\/rutovic-i-vujicic-pisali-satleru-inicijativa-za-razrjesenje-predsjednika-i-clana-savjeta-agencije-nezakonit-cin\/#article","isPartOf":{"@id":"https:\/\/dmcsrb.com\/drustvo\/rutovic-i-vujicic-pisali-satleru-inicijativa-za-razrjesenje-predsjednika-i-clana-savjeta-agencije-nezakonit-cin\/"},"author":{"name":"dmcsrbija.com@gmail.com","@id":"https:\/\/dmcsrb.com\/#\/schema\/person\/5c39170f12db1b8b457732d0b5c854e2"},"headline":"Rutovi\u0107 i Vuji\u010di\u0107 pisali Satleru: Inicijativa za razrje\u0161enje predsjednika i \u010dlana Savjeta Agencije nezakonit \u010din","datePublished":"2025-10-24T07:48:32+00:00","mainEntityOfPage":{"@id":"https:\/\/dmcsrb.com\/drustvo\/rutovic-i-vujicic-pisali-satleru-inicijativa-za-razrjesenje-predsjednika-i-clana-savjeta-agencije-nezakonit-cin\/"},"wordCount":999,"commentCount":0,"image":{"@id":"https:\/\/dmcsrb.com\/drustvo\/rutovic-i-vujicic-pisali-satleru-inicijativa-za-razrjesenje-predsjednika-i-clana-savjeta-agencije-nezakonit-cin\/#primaryimage"},"thumbnailUrl":"https:\/\/dmcsrb.com\/wp-content\/uploads\/2026\/01\/agen_599x900.webp","keywords":["azlp","Delegacija EU u Crnoj Gori","Johan Satler"],"articleSection":["Dru\u0161tvo"],"inLanguage":"en-GB","potentialAction":[{"@type":"CommentAction","name":"Comment","target":["https:\/\/dmcsrb.com\/drustvo\/rutovic-i-vujicic-pisali-satleru-inicijativa-za-razrjesenje-predsjednika-i-clana-savjeta-agencije-nezakonit-cin\/#respond"]}]},{"@type":"WebPage","@id":"https:\/\/dmcsrb.com\/drustvo\/rutovic-i-vujicic-pisali-satleru-inicijativa-za-razrjesenje-predsjednika-i-clana-savjeta-agencije-nezakonit-cin\/","url":"https:\/\/dmcsrb.com\/drustvo\/rutovic-i-vujicic-pisali-satleru-inicijativa-za-razrjesenje-predsjednika-i-clana-savjeta-agencije-nezakonit-cin\/","name":"Rutovi\u0107 i Vuji\u010di\u0107 pisali Satleru: Inicijativa za razrje\u0161enje predsjednika i \u010dlana Savjeta Agencije nezakonit \u010din - dmcsrb.com","isPartOf":{"@id":"https:\/\/dmcsrb.com\/#website"},"primaryImageOfPage":{"@id":"https:\/\/dmcsrb.com\/drustvo\/rutovic-i-vujicic-pisali-satleru-inicijativa-za-razrjesenje-predsjednika-i-clana-savjeta-agencije-nezakonit-cin\/#primaryimage"},"image":{"@id":"https:\/\/dmcsrb.com\/drustvo\/rutovic-i-vujicic-pisali-satleru-inicijativa-za-razrjesenje-predsjednika-i-clana-savjeta-agencije-nezakonit-cin\/#primaryimage"},"thumbnailUrl":"https:\/\/dmcsrb.com\/wp-content\/uploads\/2026\/01\/agen_599x900.webp","datePublished":"2025-10-24T07:48:32+00:00","author":{"@id":"https:\/\/dmcsrb.com\/#\/schema\/person\/5c39170f12db1b8b457732d0b5c854e2"},"breadcrumb":{"@id":"https:\/\/dmcsrb.com\/drustvo\/rutovic-i-vujicic-pisali-satleru-inicijativa-za-razrjesenje-predsjednika-i-clana-savjeta-agencije-nezakonit-cin\/#breadcrumb"},"inLanguage":"en-GB","potentialAction":[{"@type":"ReadAction","target":["https:\/\/dmcsrb.com\/drustvo\/rutovic-i-vujicic-pisali-satleru-inicijativa-za-razrjesenje-predsjednika-i-clana-savjeta-agencije-nezakonit-cin\/"]}]},{"@type":"ImageObject","inLanguage":"en-GB","@id":"https:\/\/dmcsrb.com\/drustvo\/rutovic-i-vujicic-pisali-satleru-inicijativa-za-razrjesenje-predsjednika-i-clana-savjeta-agencije-nezakonit-cin\/#primaryimage","url":"https:\/\/dmcsrb.com\/wp-content\/uploads\/2026\/01\/agen_599x900.webp","contentUrl":"https:\/\/dmcsrb.com\/wp-content\/uploads\/2026\/01\/agen_599x900.webp","width":899,"height":599},{"@type":"BreadcrumbList","@id":"https:\/\/dmcsrb.com\/drustvo\/rutovic-i-vujicic-pisali-satleru-inicijativa-za-razrjesenje-predsjednika-i-clana-savjeta-agencije-nezakonit-cin\/#breadcrumb","itemListElement":[{"@type":"ListItem","position":1,"name":"Home","item":"https:\/\/dmcsrb.com\/"},{"@type":"ListItem","position":2,"name":"Rutovi\u0107 i Vuji\u010di\u0107 pisali Satleru: Inicijativa za razrje\u0161enje predsjednika i \u010dlana Savjeta Agencije nezakonit \u010din"}]},{"@type":"WebSite","@id":"https:\/\/dmcsrb.com\/#website","url":"https:\/\/dmcsrb.com\/","name":"dmcsrb.com","description":"","potentialAction":[{"@type":"SearchAction","target":{"@type":"EntryPoint","urlTemplate":"https:\/\/dmcsrb.com\/?s={search_term_string}"},"query-input":{"@type":"PropertyValueSpecification","valueRequired":true,"valueName":"search_term_string"}}],"inLanguage":"en-GB"},{"@type":"Person","@id":"https:\/\/dmcsrb.com\/#\/schema\/person\/5c39170f12db1b8b457732d0b5c854e2","name":"dmcsrbija.com@gmail.com","image":{"@type":"ImageObject","inLanguage":"en-GB","@id":"https:\/\/dmcsrb.com\/#\/schema\/person\/image\/","url":"https:\/\/secure.gravatar.com\/avatar\/68592660ad6347fad0fb587f8d5d8f1a7b44961362f56e4f2cd524feb87e9069?s=96&d=mm&r=g","contentUrl":"https:\/\/secure.gravatar.com\/avatar\/68592660ad6347fad0fb587f8d5d8f1a7b44961362f56e4f2cd524feb87e9069?s=96&d=mm&r=g","caption":"dmcsrbija.com@gmail.com"},"sameAs":["https:\/\/dmcsrb.com"],"url":"https:\/\/dmcsrb.com\/en\/author\/dmcsrbija-comgmail-com\/"}]}},"_links":{"self":[{"href":"https:\/\/dmcsrb.com\/en\/wp-json\/wp\/v2\/posts\/959789","targetHints":{"allow":["GET"]}}],"collection":[{"href":"https:\/\/dmcsrb.com\/en\/wp-json\/wp\/v2\/posts"}],"about":[{"href":"https:\/\/dmcsrb.com\/en\/wp-json\/wp\/v2\/types\/post"}],"author":[{"embeddable":true,"href":"https:\/\/dmcsrb.com\/en\/wp-json\/wp\/v2\/users\/1"}],"replies":[{"embeddable":true,"href":"https:\/\/dmcsrb.com\/en\/wp-json\/wp\/v2\/comments?post=959789"}],"version-history":[{"count":0,"href":"https:\/\/dmcsrb.com\/en\/wp-json\/wp\/v2\/posts\/959789\/revisions"}],"wp:featuredmedia":[{"embeddable":true,"href":"https:\/\/dmcsrb.com\/en\/wp-json\/wp\/v2\/media\/943921"}],"wp:attachment":[{"href":"https:\/\/dmcsrb.com\/en\/wp-json\/wp\/v2\/media?parent=959789"}],"wp:term":[{"taxonomy":"category","embeddable":true,"href":"https:\/\/dmcsrb.com\/en\/wp-json\/wp\/v2\/categories?post=959789"},{"taxonomy":"post_tag","embeddable":true,"href":"https:\/\/dmcsrb.com\/en\/wp-json\/wp\/v2\/tags?post=959789"},{"taxonomy":"naslovna","embeddable":true,"href":"https:\/\/dmcsrb.com\/en\/wp-json\/wp\/v2\/naslovna?post=959789"}],"curies":[{"name":"wp","href":"https:\/\/api.w.org\/{rel}","templated":true}]}}