{"id":959729,"date":"2025-10-24T05:28:00","date_gmt":"2025-10-24T03:28:00","guid":{"rendered":"https:\/\/dmcsrb.com\/uncategorized\/mandic-pozvao-vdt-da-podnese-ostavku-markovic-odbio\/"},"modified":"2025-10-24T05:28:00","modified_gmt":"2025-10-24T03:28:00","slug":"mandic-pozvao-vdt-da-podnese-ostavku-markovic-odbio","status":"publish","type":"post","link":"https:\/\/dmcsrb.com\/en\/politika\/mandic-pozvao-vdt-da-podnese-ostavku-markovic-odbio\/","title":{"rendered":"Mandi\u0107 pozvao VDT da podnese ostavku, Markovi\u0107 odbio"},"content":{"rendered":"<p><\/p>\n\n\n\n<p>Tokom rasprave u Skup\u0161tini Crne Gore, Mandi\u0107 je kazao da Ustav jasno defini\u0161e tri grane vlasti \u2013 zakonodavnu, izvr\u0161nu i sudsku, ali da tu\u017eila\u0161tvo, kako je naveo, \u201ebahato poku\u0161ava da uspostavi \u010detvrtu\u201c. On je optu\u017eio vrhovnog tu\u017eioca da instituciju koju vodi koristi za politi\u010dke obra\u010dune i da \u010desto zloupotrebljava mo\u0107.<\/p>\n\n\n\n<p>\u201eOsje\u0107amo bahatost i spremnost da se uspostavi \u010detvrta grana vlasti, \u0161to je neprihvatljivo\u201c, rekao je Mandi\u0107, poru\u010div\u0161i Markovi\u0107u da je politi\u010dki izabran, dogovorom parlamentarne ve\u0107ine.<\/p>\n\n\n\n<p>On je dodao da bi vrhovni tu\u017eilac trebalo da ima podr\u0161ku dvije tre\u0107ine poslanika, te da, ako je izgubi, treba da se povu\u010de.<\/p>\n\n\n\n<p>\u201eUstanite i recite: nisam ispunio o\u010dekivanja, povla\u010dim se sa ove funkcije. Ja sam o\u010dekivao da vi uradite ne\u0161to za Mila \u0110ukanovi\u0107a, Aca \u0110ukanovi\u0107a, Brana Gvozdenovi\u0107a, Predraga Bo\u0161kovi\u0107a&#8230; Ne smijete ni\u0161ta da progovorite, a ovamo se bavite ma\u010dkama\u201c, poru\u010dio je Mandi\u0107.<\/p>\n\n\n\n<p>\u0160ef parlamenta je podsjetio da je upravo on bio presudan u izboru Markovi\u0107a na funkciju vrhovnog dr\u017eavnog tu\u017eioca, jer je, kako je rekao, poznavao njegovog oca i vjerovao da \u0107e i sin biti odlu\u010dan, hrabar i uporan poput njega. \u201eI pogrije\u0161io sam\u201c, dodao je.<\/p>\n\n\n\n<p>Mandi\u0107 je istakao i da se protiv premijera Milojka Spaji\u0107a vodi postupak, dok se prijave protiv funkcionera DPS-a odbacuju, navode\u0107i da tu\u017eila\u0161tvo na taj na\u010din poku\u0161ava da zadr\u017ei uticaj na poslanike.<\/p>\n\n\n\n<p>\u201eU medijima se posljednjih dana govori kako tu\u017eila\u0161tvo dr\u017ei pojedine politi\u010dare u fiokama, da bi im pro\u0161ao izvje\u0161taj o radu. To mora odmah da se rije\u0161i\u201c, kazao je.<\/p>\n\n\n\n<p>On je pozvao i poslanike DPS-a da \u201eprogovore o tome koliko im je koji tu\u017eilac obezbijedio sigurnih glasova\u201c, ocjenjuju\u0107i da se u tu\u017eila\u0161tvu i dalje nalaze ljudi koji su slu\u017eili biv\u0161im rukovodiocima Vesni Medenici i Ivici Stankovi\u0107u.<\/p>\n\n\n\n<p><img decoding=\"async\" width=\"100%\" src=\"https:\/\/rtcg.me\/upload\/\/media\/2025\/9\/23\/18\/18\/345\/2307846\/resize\/2308051\/1761234050-image008-i_1920x1280_600x900\" alt=\"Mandi\u0107\"><strong>Mandi\u0107<\/strong> (Foto: <strong>Skup\u0161tina Crne Gore<\/strong>)<\/p>\n\n\n\n<p>Vrhovni dr\u017eavni tu\u017eilac Milorad Markovi\u0107 odbacio je sve optu\u017ebe i poru\u010dio da ne namjerava da podnese ostavku.<\/p>\n\n\n\n<p>\u201eNe\u0107u podnijeti ostavku jer bi to zna\u010dilo da sam odustao od cilja da tu\u017eila\u0161tvo u Crnoj Gori bude nezavisno. To je osnovni preduslov za ulazak u Evropsku uniju\u201c, kazao je Markovi\u0107.<\/p>\n\n\n\n<p>On je naglasio da tu\u017eila\u0161tvo ne\u0107e postupati po politi\u010dkim, interesnim ili drugim pritiscima i da se procesuiranje predmeta odvija \u201eu mjeri mogu\u0107eg\u201c.<\/p>\n\n\n\n<p>\u201eMi \u017eivimo kulturu o\u010dekivanja. O\u010dekivanja su da ja za godinu i osam mjeseci promijenim sve nedostatke u tu\u017eila\u0161tvu, \u0161to nije realno. O\u010digledno postoje politi\u010dke i druge sfere koje o\u010dekuju da se u nekim predmetima postupa, a u drugima ne\u201c, rekao je Markovi\u0107.<\/p>\n\n\n\n<p>Poru\u010dio je da mu je \u201eobraz bitniji od fotelje\u201c i pozvao poslanike da, ako nijesu zadovoljni njegovim radom, slobodno pokrenu proceduru za njegovu smjenu.<\/p>\n\n\n\n<p>\u201eDvadeset pet poslanika je dovoljno da se pokrene postupak. Ako smatrate da nijesam dobar, izvolite \u2013 ali ovaj tu\u017eilac se ne\u0107e promijeniti niti \u0107e postupati druga\u010dije\u201c, zaklju\u010dio je Markovi\u0107.<\/p>","protected":false},"excerpt":{"rendered":"<p>Predsjednik Skup\u0161tine Crne Gore Andrija Mandi\u0107 pozvao je ju\u010de vrhovnog dr\u017eavnog tu\u017eioca (VDT) Milorada Markovi\u0107a da podnese ostavku, optu\u017euju\u0107i tu\u017eila\u0161tvo da poku\u0161ava da se neustavno nametne kao \u201e\u010detvrta grana vlasti\u201c. Markovi\u0107 je uzvratio da ostavku ne\u0107e podnijeti i da je tu\u017eila\u0161tvo, s njim na \u010delu, nezavisna institucija koja ne postupa po politi\u010dkim nalozima.<\/p>","protected":false},"author":1,"featured_media":959730,"comment_status":"open","ping_status":"open","sticky":false,"template":"","format":"standard","meta":{"_acf_changed":false,"footnotes":""},"categories":[12],"tags":[812,2181,12389,492],"naslovna":[],"class_list":["post-959729","post","type-post","status-publish","format-standard","has-post-thumbnail","hentry","category-politika","tag-andrija-mandic","tag-milorad-markovic","tag-poziv-na-podnosenje-ostavke","tag-vdt"],"acf":[],"yoast_head":"<!-- This site is optimized with the Yoast SEO plugin v27.4 - https:\/\/yoast.com\/product\/yoast-seo-wordpress\/ -->\n<title>Mandi\u0107 pozvao VDT da podnese ostavku, Markovi\u0107 odbio - dmcsrb.com<\/title>\n<meta name=\"robots\" content=\"index, follow, max-snippet:-1, max-image-preview:large, max-video-preview:-1\" \/>\n<link rel=\"canonical\" href=\"https:\/\/dmcsrb.com\/en\/politika\/mandic-pozvao-vdt-da-podnese-ostavku-markovic-odbio\/\" \/>\n<meta property=\"og:locale\" content=\"en_GB\" \/>\n<meta property=\"og:type\" content=\"article\" \/>\n<meta property=\"og:title\" content=\"Mandi\u0107 pozvao VDT da podnese ostavku, Markovi\u0107 odbio - dmcsrb.com\" \/>\n<meta property=\"og:description\" content=\"Predsjednik Skup\u0161tine Crne Gore Andrija Mandi\u0107 pozvao je ju\u010de vrhovnog dr\u017eavnog tu\u017eioca (VDT) Milorada Markovi\u0107a da podnese ostavku, optu\u017euju\u0107i tu\u017eila\u0161tvo da poku\u0161ava da se neustavno nametne kao \u201e\u010detvrta grana vlasti\u201c. Markovi\u0107 je uzvratio da ostavku ne\u0107e podnijeti i da je tu\u017eila\u0161tvo, s njim na \u010delu, nezavisna institucija koja ne postupa po politi\u010dkim nalozima.\" \/>\n<meta property=\"og:url\" content=\"https:\/\/dmcsrb.com\/en\/politika\/mandic-pozvao-vdt-da-podnese-ostavku-markovic-odbio\/\" \/>\n<meta property=\"og:site_name\" content=\"dmcsrb.com\" \/>\n<meta property=\"article:published_time\" content=\"2025-10-24T03:28:00+00:00\" \/>\n<meta property=\"og:image\" content=\"https:\/\/dmcsrb.com\/wp-content\/uploads\/2026\/01\/1761234053-image001-i_848x565_599x900.webp\" \/>\n\t<meta property=\"og:image:width\" content=\"848\" \/>\n\t<meta property=\"og:image:height\" content=\"565\" \/>\n\t<meta property=\"og:image:type\" content=\"image\/jpeg\" \/>\n<meta name=\"author\" content=\"dmcsrbija.com@gmail.com\" \/>\n<meta name=\"twitter:card\" content=\"summary_large_image\" \/>\n<meta name=\"twitter:label1\" content=\"Written by\" \/>\n\t<meta name=\"twitter:data1\" content=\"dmcsrbija.com@gmail.com\" \/>\n\t<meta name=\"twitter:label2\" content=\"Estimated reading time\" \/>\n\t<meta name=\"twitter:data2\" content=\"3 minutes\" \/>\n<script type=\"application\/ld+json\" class=\"yoast-schema-graph\">{\"@context\":\"https:\\\/\\\/schema.org\",\"@graph\":[{\"@type\":\"Article\",\"@id\":\"https:\\\/\\\/dmcsrb.com\\\/politika\\\/mandic-pozvao-vdt-da-podnese-ostavku-markovic-odbio\\\/#article\",\"isPartOf\":{\"@id\":\"https:\\\/\\\/dmcsrb.com\\\/politika\\\/mandic-pozvao-vdt-da-podnese-ostavku-markovic-odbio\\\/\"},\"author\":{\"name\":\"dmcsrbija.com@gmail.com\",\"@id\":\"https:\\\/\\\/dmcsrb.com\\\/#\\\/schema\\\/person\\\/5c39170f12db1b8b457732d0b5c854e2\"},\"headline\":\"Mandi\u0107 pozvao VDT da podnese ostavku, Markovi\u0107 odbio\",\"datePublished\":\"2025-10-24T03:28:00+00:00\",\"mainEntityOfPage\":{\"@id\":\"https:\\\/\\\/dmcsrb.com\\\/politika\\\/mandic-pozvao-vdt-da-podnese-ostavku-markovic-odbio\\\/\"},\"wordCount\":538,\"commentCount\":0,\"image\":{\"@id\":\"https:\\\/\\\/dmcsrb.com\\\/politika\\\/mandic-pozvao-vdt-da-podnese-ostavku-markovic-odbio\\\/#primaryimage\"},\"thumbnailUrl\":\"https:\\\/\\\/dmcsrb.com\\\/wp-content\\\/uploads\\\/2026\\\/01\\\/1761234053-image001-i_848x565_599x900.webp\",\"keywords\":[\"andrija mandi\u0107\",\"Milorad Markovi\u0107\",\"Poziv na podno\u0161enje ostavke\",\"VDT\"],\"articleSection\":[\"Politika\"],\"inLanguage\":\"en-GB\",\"potentialAction\":[{\"@type\":\"CommentAction\",\"name\":\"Comment\",\"target\":[\"https:\\\/\\\/dmcsrb.com\\\/politika\\\/mandic-pozvao-vdt-da-podnese-ostavku-markovic-odbio\\\/#respond\"]}]},{\"@type\":\"WebPage\",\"@id\":\"https:\\\/\\\/dmcsrb.com\\\/politika\\\/mandic-pozvao-vdt-da-podnese-ostavku-markovic-odbio\\\/\",\"url\":\"https:\\\/\\\/dmcsrb.com\\\/politika\\\/mandic-pozvao-vdt-da-podnese-ostavku-markovic-odbio\\\/\",\"name\":\"Mandi\u0107 pozvao VDT da podnese ostavku, Markovi\u0107 odbio - dmcsrb.com\",\"isPartOf\":{\"@id\":\"https:\\\/\\\/dmcsrb.com\\\/#website\"},\"primaryImageOfPage\":{\"@id\":\"https:\\\/\\\/dmcsrb.com\\\/politika\\\/mandic-pozvao-vdt-da-podnese-ostavku-markovic-odbio\\\/#primaryimage\"},\"image\":{\"@id\":\"https:\\\/\\\/dmcsrb.com\\\/politika\\\/mandic-pozvao-vdt-da-podnese-ostavku-markovic-odbio\\\/#primaryimage\"},\"thumbnailUrl\":\"https:\\\/\\\/dmcsrb.com\\\/wp-content\\\/uploads\\\/2026\\\/01\\\/1761234053-image001-i_848x565_599x900.webp\",\"datePublished\":\"2025-10-24T03:28:00+00:00\",\"author\":{\"@id\":\"https:\\\/\\\/dmcsrb.com\\\/#\\\/schema\\\/person\\\/5c39170f12db1b8b457732d0b5c854e2\"},\"breadcrumb\":{\"@id\":\"https:\\\/\\\/dmcsrb.com\\\/politika\\\/mandic-pozvao-vdt-da-podnese-ostavku-markovic-odbio\\\/#breadcrumb\"},\"inLanguage\":\"en-GB\",\"potentialAction\":[{\"@type\":\"ReadAction\",\"target\":[\"https:\\\/\\\/dmcsrb.com\\\/politika\\\/mandic-pozvao-vdt-da-podnese-ostavku-markovic-odbio\\\/\"]}]},{\"@type\":\"ImageObject\",\"inLanguage\":\"en-GB\",\"@id\":\"https:\\\/\\\/dmcsrb.com\\\/politika\\\/mandic-pozvao-vdt-da-podnese-ostavku-markovic-odbio\\\/#primaryimage\",\"url\":\"https:\\\/\\\/dmcsrb.com\\\/wp-content\\\/uploads\\\/2026\\\/01\\\/1761234053-image001-i_848x565_599x900.webp\",\"contentUrl\":\"https:\\\/\\\/dmcsrb.com\\\/wp-content\\\/uploads\\\/2026\\\/01\\\/1761234053-image001-i_848x565_599x900.webp\",\"width\":848,\"height\":565},{\"@type\":\"BreadcrumbList\",\"@id\":\"https:\\\/\\\/dmcsrb.com\\\/politika\\\/mandic-pozvao-vdt-da-podnese-ostavku-markovic-odbio\\\/#breadcrumb\",\"itemListElement\":[{\"@type\":\"ListItem\",\"position\":1,\"name\":\"Home\",\"item\":\"https:\\\/\\\/dmcsrb.com\\\/\"},{\"@type\":\"ListItem\",\"position\":2,\"name\":\"Mandi\u0107 pozvao VDT da podnese ostavku, Markovi\u0107 odbio\"}]},{\"@type\":\"WebSite\",\"@id\":\"https:\\\/\\\/dmcsrb.com\\\/#website\",\"url\":\"https:\\\/\\\/dmcsrb.com\\\/\",\"name\":\"dmcsrb.com\",\"description\":\"\",\"potentialAction\":[{\"@type\":\"SearchAction\",\"target\":{\"@type\":\"EntryPoint\",\"urlTemplate\":\"https:\\\/\\\/dmcsrb.com\\\/?s={search_term_string}\"},\"query-input\":{\"@type\":\"PropertyValueSpecification\",\"valueRequired\":true,\"valueName\":\"search_term_string\"}}],\"inLanguage\":\"en-GB\"},{\"@type\":\"Person\",\"@id\":\"https:\\\/\\\/dmcsrb.com\\\/#\\\/schema\\\/person\\\/5c39170f12db1b8b457732d0b5c854e2\",\"name\":\"dmcsrbija.com@gmail.com\",\"image\":{\"@type\":\"ImageObject\",\"inLanguage\":\"en-GB\",\"@id\":\"https:\\\/\\\/secure.gravatar.com\\\/avatar\\\/68592660ad6347fad0fb587f8d5d8f1a7b44961362f56e4f2cd524feb87e9069?s=96&d=mm&r=g\",\"url\":\"https:\\\/\\\/secure.gravatar.com\\\/avatar\\\/68592660ad6347fad0fb587f8d5d8f1a7b44961362f56e4f2cd524feb87e9069?s=96&d=mm&r=g\",\"contentUrl\":\"https:\\\/\\\/secure.gravatar.com\\\/avatar\\\/68592660ad6347fad0fb587f8d5d8f1a7b44961362f56e4f2cd524feb87e9069?s=96&d=mm&r=g\",\"caption\":\"dmcsrbija.com@gmail.com\"},\"sameAs\":[\"https:\\\/\\\/dmcsrb.com\"],\"url\":\"https:\\\/\\\/dmcsrb.com\\\/en\\\/author\\\/dmcsrbija-comgmail-com\\\/\"}]}<\/script>\n<!-- \/ Yoast SEO plugin. -->","yoast_head_json":{"title":"Mandi\u0107 pozvao VDT da podnese ostavku, Markovi\u0107 odbio - dmcsrb.com","robots":{"index":"index","follow":"follow","max-snippet":"max-snippet:-1","max-image-preview":"max-image-preview:large","max-video-preview":"max-video-preview:-1"},"canonical":"https:\/\/dmcsrb.com\/en\/politika\/mandic-pozvao-vdt-da-podnese-ostavku-markovic-odbio\/","og_locale":"en_GB","og_type":"article","og_title":"Mandi\u0107 pozvao VDT da podnese ostavku, Markovi\u0107 odbio - dmcsrb.com","og_description":"Predsjednik Skup\u0161tine Crne Gore Andrija Mandi\u0107 pozvao je ju\u010de vrhovnog dr\u017eavnog tu\u017eioca (VDT) Milorada Markovi\u0107a da podnese ostavku, optu\u017euju\u0107i tu\u017eila\u0161tvo da poku\u0161ava da se neustavno nametne kao \u201e\u010detvrta grana vlasti\u201c. Markovi\u0107 je uzvratio da ostavku ne\u0107e podnijeti i da je tu\u017eila\u0161tvo, s njim na \u010delu, nezavisna institucija koja ne postupa po politi\u010dkim nalozima.","og_url":"https:\/\/dmcsrb.com\/en\/politika\/mandic-pozvao-vdt-da-podnese-ostavku-markovic-odbio\/","og_site_name":"dmcsrb.com","article_published_time":"2025-10-24T03:28:00+00:00","og_image":[{"width":848,"height":565,"url":"https:\/\/dmcsrb.com\/wp-content\/uploads\/2026\/01\/1761234053-image001-i_848x565_599x900.webp","type":"image\/jpeg"}],"author":"dmcsrbija.com@gmail.com","twitter_card":"summary_large_image","twitter_misc":{"Written by":"dmcsrbija.com@gmail.com","Estimated reading time":"3 minutes"},"schema":{"@context":"https:\/\/schema.org","@graph":[{"@type":"Article","@id":"https:\/\/dmcsrb.com\/politika\/mandic-pozvao-vdt-da-podnese-ostavku-markovic-odbio\/#article","isPartOf":{"@id":"https:\/\/dmcsrb.com\/politika\/mandic-pozvao-vdt-da-podnese-ostavku-markovic-odbio\/"},"author":{"name":"dmcsrbija.com@gmail.com","@id":"https:\/\/dmcsrb.com\/#\/schema\/person\/5c39170f12db1b8b457732d0b5c854e2"},"headline":"Mandi\u0107 pozvao VDT da podnese ostavku, Markovi\u0107 odbio","datePublished":"2025-10-24T03:28:00+00:00","mainEntityOfPage":{"@id":"https:\/\/dmcsrb.com\/politika\/mandic-pozvao-vdt-da-podnese-ostavku-markovic-odbio\/"},"wordCount":538,"commentCount":0,"image":{"@id":"https:\/\/dmcsrb.com\/politika\/mandic-pozvao-vdt-da-podnese-ostavku-markovic-odbio\/#primaryimage"},"thumbnailUrl":"https:\/\/dmcsrb.com\/wp-content\/uploads\/2026\/01\/1761234053-image001-i_848x565_599x900.webp","keywords":["andrija mandi\u0107","Milorad Markovi\u0107","Poziv na podno\u0161enje ostavke","VDT"],"articleSection":["Politika"],"inLanguage":"en-GB","potentialAction":[{"@type":"CommentAction","name":"Comment","target":["https:\/\/dmcsrb.com\/politika\/mandic-pozvao-vdt-da-podnese-ostavku-markovic-odbio\/#respond"]}]},{"@type":"WebPage","@id":"https:\/\/dmcsrb.com\/politika\/mandic-pozvao-vdt-da-podnese-ostavku-markovic-odbio\/","url":"https:\/\/dmcsrb.com\/politika\/mandic-pozvao-vdt-da-podnese-ostavku-markovic-odbio\/","name":"Mandi\u0107 pozvao VDT da podnese ostavku, Markovi\u0107 odbio - dmcsrb.com","isPartOf":{"@id":"https:\/\/dmcsrb.com\/#website"},"primaryImageOfPage":{"@id":"https:\/\/dmcsrb.com\/politika\/mandic-pozvao-vdt-da-podnese-ostavku-markovic-odbio\/#primaryimage"},"image":{"@id":"https:\/\/dmcsrb.com\/politika\/mandic-pozvao-vdt-da-podnese-ostavku-markovic-odbio\/#primaryimage"},"thumbnailUrl":"https:\/\/dmcsrb.com\/wp-content\/uploads\/2026\/01\/1761234053-image001-i_848x565_599x900.webp","datePublished":"2025-10-24T03:28:00+00:00","author":{"@id":"https:\/\/dmcsrb.com\/#\/schema\/person\/5c39170f12db1b8b457732d0b5c854e2"},"breadcrumb":{"@id":"https:\/\/dmcsrb.com\/politika\/mandic-pozvao-vdt-da-podnese-ostavku-markovic-odbio\/#breadcrumb"},"inLanguage":"en-GB","potentialAction":[{"@type":"ReadAction","target":["https:\/\/dmcsrb.com\/politika\/mandic-pozvao-vdt-da-podnese-ostavku-markovic-odbio\/"]}]},{"@type":"ImageObject","inLanguage":"en-GB","@id":"https:\/\/dmcsrb.com\/politika\/mandic-pozvao-vdt-da-podnese-ostavku-markovic-odbio\/#primaryimage","url":"https:\/\/dmcsrb.com\/wp-content\/uploads\/2026\/01\/1761234053-image001-i_848x565_599x900.webp","contentUrl":"https:\/\/dmcsrb.com\/wp-content\/uploads\/2026\/01\/1761234053-image001-i_848x565_599x900.webp","width":848,"height":565},{"@type":"BreadcrumbList","@id":"https:\/\/dmcsrb.com\/politika\/mandic-pozvao-vdt-da-podnese-ostavku-markovic-odbio\/#breadcrumb","itemListElement":[{"@type":"ListItem","position":1,"name":"Home","item":"https:\/\/dmcsrb.com\/"},{"@type":"ListItem","position":2,"name":"Mandi\u0107 pozvao VDT da podnese ostavku, Markovi\u0107 odbio"}]},{"@type":"WebSite","@id":"https:\/\/dmcsrb.com\/#website","url":"https:\/\/dmcsrb.com\/","name":"dmcsrb.com","description":"","potentialAction":[{"@type":"SearchAction","target":{"@type":"EntryPoint","urlTemplate":"https:\/\/dmcsrb.com\/?s={search_term_string}"},"query-input":{"@type":"PropertyValueSpecification","valueRequired":true,"valueName":"search_term_string"}}],"inLanguage":"en-GB"},{"@type":"Person","@id":"https:\/\/dmcsrb.com\/#\/schema\/person\/5c39170f12db1b8b457732d0b5c854e2","name":"dmcsrbija.com@gmail.com","image":{"@type":"ImageObject","inLanguage":"en-GB","@id":"https:\/\/secure.gravatar.com\/avatar\/68592660ad6347fad0fb587f8d5d8f1a7b44961362f56e4f2cd524feb87e9069?s=96&d=mm&r=g","url":"https:\/\/secure.gravatar.com\/avatar\/68592660ad6347fad0fb587f8d5d8f1a7b44961362f56e4f2cd524feb87e9069?s=96&d=mm&r=g","contentUrl":"https:\/\/secure.gravatar.com\/avatar\/68592660ad6347fad0fb587f8d5d8f1a7b44961362f56e4f2cd524feb87e9069?s=96&d=mm&r=g","caption":"dmcsrbija.com@gmail.com"},"sameAs":["https:\/\/dmcsrb.com"],"url":"https:\/\/dmcsrb.com\/en\/author\/dmcsrbija-comgmail-com\/"}]}},"_links":{"self":[{"href":"https:\/\/dmcsrb.com\/en\/wp-json\/wp\/v2\/posts\/959729","targetHints":{"allow":["GET"]}}],"collection":[{"href":"https:\/\/dmcsrb.com\/en\/wp-json\/wp\/v2\/posts"}],"about":[{"href":"https:\/\/dmcsrb.com\/en\/wp-json\/wp\/v2\/types\/post"}],"author":[{"embeddable":true,"href":"https:\/\/dmcsrb.com\/en\/wp-json\/wp\/v2\/users\/1"}],"replies":[{"embeddable":true,"href":"https:\/\/dmcsrb.com\/en\/wp-json\/wp\/v2\/comments?post=959729"}],"version-history":[{"count":0,"href":"https:\/\/dmcsrb.com\/en\/wp-json\/wp\/v2\/posts\/959729\/revisions"}],"wp:featuredmedia":[{"embeddable":true,"href":"https:\/\/dmcsrb.com\/en\/wp-json\/wp\/v2\/media\/959730"}],"wp:attachment":[{"href":"https:\/\/dmcsrb.com\/en\/wp-json\/wp\/v2\/media?parent=959729"}],"wp:term":[{"taxonomy":"category","embeddable":true,"href":"https:\/\/dmcsrb.com\/en\/wp-json\/wp\/v2\/categories?post=959729"},{"taxonomy":"post_tag","embeddable":true,"href":"https:\/\/dmcsrb.com\/en\/wp-json\/wp\/v2\/tags?post=959729"},{"taxonomy":"naslovna","embeddable":true,"href":"https:\/\/dmcsrb.com\/en\/wp-json\/wp\/v2\/naslovna?post=959729"}],"curies":[{"name":"wp","href":"https:\/\/api.w.org\/{rel}","templated":true}]}}