{"id":959699,"date":"2025-10-23T18:53:00","date_gmt":"2025-10-23T16:53:00","guid":{"rendered":"https:\/\/dmcsrb.com\/uncategorized\/vucurovic-ocekivali-smo-da-markovic-podnese-ostavku-vukovic-tuzilastvo-selektivno\/"},"modified":"2025-10-23T18:53:00","modified_gmt":"2025-10-23T16:53:00","slug":"vucurovic-ocekivali-smo-da-markovic-podnese-ostavku-vukovic-tuzilastvo-selektivno","status":"publish","type":"post","link":"https:\/\/dmcsrb.com\/en\/politika\/vucurovic-ocekivali-smo-da-markovic-podnese-ostavku-vukovic-tuzilastvo-selektivno\/","title":{"rendered":"Vu\u010durovi\u0107: O\u010dekivali smo da Markovi\u0107 podnese ostavku; Vukovi\u0107: Tu\u017eila\u0161tvo selektivno"},"content":{"rendered":"<p><\/p>\n\n\n\n<p>Poslanik NSD Jovan Vu\u010durovi\u0107 kazao je da VDT Milorad Markovi\u0107 nije zaslu\u017eio prelaznu ocjenu, zbog \u010dega je, kako ka\u017ee, predsjednik parlamenta Andrija Mandi\u0107 tra\u017eio da podnese ostavku.&nbsp;<\/p>\n\n\n\n<p>&#8220;Mislimo da je trebalo da radi transparentnije i odlu\u010dnije, a dobili smo pravni\u010dko mrtvo more. Smatramo da je danas trebalo da podnese ostavku&#8221;, istakao je Vu\u010durovi\u0107 u emisiji Argumenti na TVCG i kazao da za razliku od VDT-a, SDT &#8220;mo\u017ee dobiti prelaznu ocjenu&#8221;.<\/p>\n\n\n\n<p>Ka\u017ee da u VDT-u popstoje &#8220;trule daske&#8221;, koje opstruiraju reformaciju tu\u017eila\u0161tva, ali i da u SDT-u postoje ljudi kojima ne pripada da budu dio tu\u017eila\u0161tva, i koji su postavljeni od strane biv\u0161eg re\u017eima.<a href=\"https:\/\/rtcg.me\/vijesti\/politika\/769860\/mandic-tesko-sam-pogrijesio-izborom-markovica-markovic-necu-podnijeti-ostavku.html\"><\/a><\/p>\n\n\n\n<p>Poslanik DPS-a Ivan Vukovi\u0107 istakao je da je opozicija&nbsp; podnijela veliki broj prijava po kojima se ne zna da li je tu\u017eila\u0161tvo postupalo, te, kako ka\u017ee, tu\u017eila\u0161tvo kritikuje zbog selektivnosti.<\/p>\n\n\n\n<p>&#8220;Uspostavljena je opasna praksa za svako demokratsko dru\u0161tvo, a koja podrazumijeva da i prije po\u010detka istrage o nekom lsu\u010daju imate priliku da detalje istrage \u010ditate u medijima. Dok se istraga ne okon\u010da, vi kao novinar, a ni bilo ko drugi, ne biste smjeli da znate o detaljima istrage, a mi smo od toga napravili najpopularniji sport u CG&#8221;, ka\u017ee Vukovi\u0107.<\/p>\n\n\n\n<p>Prema rije\u010dima Vu\u010durovi\u0107a, vlast i opozicija sa razli\u010ditih pozicija napadaju tu\u017eila\u0161tvo, jer vlast reaguje na inferiornost tu\u017eila\u0161tva u predmetima koji su obilje\u017eile 30 godina vlasti DPS-a, a, kako ka\u017ee, opozicija zamjera djelovanje u poslednjih pet godina.<\/p>\n\n\n\n<p>Vu\u010durovi\u0107 je kazao da se Markovi\u0107 ne bavi svojim poslom, ve\u0107 nekim banalnostima.<\/p>\n\n\n\n<p>&#8220;Umjesto da se bavite onim temama koje jesu krucijalne, jer je Crna Gora \u017eivjela u diktaturi. Umjesto da se bavi \u0161vercom, ubistvima, &#8220;Telekomom&#8221;, &#8220;\u017deljezarom&#8221;, &#8220;Ni\u010dijom ku\u0107om&#8221;&#8230;,a ne banalnostima&#8221;, ka\u017ee Vu\u010durovi\u0107.<\/p>\n\n\n\n<p>Funkcioner URE Zoran Miki\u0107 ocjenjuje da u tu\u017eila\u0161tvu bilje\u017eimo pomake unaprijed, ali da bi u Skup\u0161tini&nbsp; bio postignut sporazum da je rije\u010d bila samo o SDT-u i SPO.&nbsp;<\/p>\n\n\n\n<p>&#8220;Ali definitivno imamo ozbiljne pomake i mi \u0107emo podr\u017eati Izvje\u0161taj o radu tu\u017eila\u0161tva, ali ne i sudstva&#8221;, istakao je Miki\u0107.<\/p>\n\n\n\n<p>Miki\u0107 ka\u017ee da je Markovi\u0107 na dana\u0161njem zasijedanju preuzeo na sebe neke stvari koje mu ne&nbsp; pripadaju, i, kako ka\u017ee, dao sebi za pravo &#8220;da dijeli lekcije poslanicima&#8221;.<\/p>","protected":false},"excerpt":{"rendered":"<p>Izvje\u0161taj o radu Tu\u017eila\u010dkog savjeta i Dr\u017eavnog tu\u017eila\u0161tva za 2024. godinu nije dobio podr\u0161ku skup\u0161tinskog Odbora za politi\u010dki sistem, pravosu\u0111e i upravu. Gosti u emisiji Argumenti Jovan Vu\u010durovi\u0107 (NSD), Ivan Vukovi\u0107 (DPS) i Zoran Miki\u0107 (URA) govore o ovoj temi.<\/p>","protected":false},"author":1,"featured_media":959700,"comment_status":"open","ping_status":"open","sticky":false,"template":"","format":"standard","meta":{"_acf_changed":false,"footnotes":""},"categories":[12],"tags":[2183,2181,492],"naslovna":[],"class_list":["post-959699","post","type-post","status-publish","format-standard","has-post-thumbnail","hentry","category-politika","tag-jovan-vucurovic","tag-milorad-markovic","tag-vdt"],"acf":[],"yoast_head":"<!-- This site is optimized with the Yoast SEO plugin v27.4 - https:\/\/yoast.com\/product\/yoast-seo-wordpress\/ -->\n<title>Vu\u010durovi\u0107: O\u010dekivali smo da Markovi\u0107 podnese ostavku; Vukovi\u0107: Tu\u017eila\u0161tvo selektivno - dmcsrb.com<\/title>\n<meta name=\"robots\" content=\"index, follow, max-snippet:-1, max-image-preview:large, max-video-preview:-1\" \/>\n<link rel=\"canonical\" href=\"https:\/\/dmcsrb.com\/en\/politika\/vucurovic-ocekivali-smo-da-markovic-podnese-ostavku-vukovic-tuzilastvo-selektivno\/\" \/>\n<meta property=\"og:locale\" content=\"en_GB\" \/>\n<meta property=\"og:type\" content=\"article\" \/>\n<meta property=\"og:title\" content=\"Vu\u010durovi\u0107: O\u010dekivali smo da Markovi\u0107 podnese ostavku; Vukovi\u0107: Tu\u017eila\u0161tvo selektivno - dmcsrb.com\" \/>\n<meta property=\"og:description\" content=\"Izvje\u0161taj o radu Tu\u017eila\u010dkog savjeta i Dr\u017eavnog tu\u017eila\u0161tva za 2024. godinu nije dobio podr\u0161ku skup\u0161tinskog Odbora za politi\u010dki sistem, pravosu\u0111e i upravu. Gosti u emisiji Argumenti Jovan Vu\u010durovi\u0107 (NSD), Ivan Vukovi\u0107 (DPS) i Zoran Miki\u0107 (URA) govore o ovoj temi.\" \/>\n<meta property=\"og:url\" content=\"https:\/\/dmcsrb.com\/en\/politika\/vucurovic-ocekivali-smo-da-markovic-podnese-ostavku-vukovic-tuzilastvo-selektivno\/\" \/>\n<meta property=\"og:site_name\" content=\"dmcsrb.com\" \/>\n<meta property=\"article:published_time\" content=\"2025-10-23T16:53:00+00:00\" \/>\n<meta property=\"og:image\" content=\"https:\/\/dmcsrb.com\/wp-content\/uploads\/2026\/01\/vucurovic-2.webp\" \/>\n\t<meta property=\"og:image:width\" content=\"1680\" \/>\n\t<meta property=\"og:image:height\" content=\"962\" \/>\n\t<meta property=\"og:image:type\" content=\"image\/jpeg\" \/>\n<meta name=\"author\" content=\"dmcsrbija.com@gmail.com\" \/>\n<meta name=\"twitter:card\" content=\"summary_large_image\" \/>\n<meta name=\"twitter:label1\" content=\"Written by\" \/>\n\t<meta name=\"twitter:data1\" content=\"dmcsrbija.com@gmail.com\" \/>\n\t<meta name=\"twitter:label2\" content=\"Estimated reading time\" \/>\n\t<meta name=\"twitter:data2\" content=\"2 minutes\" \/>\n<script type=\"application\/ld+json\" class=\"yoast-schema-graph\">{\"@context\":\"https:\\\/\\\/schema.org\",\"@graph\":[{\"@type\":\"Article\",\"@id\":\"https:\\\/\\\/dmcsrb.com\\\/politika\\\/vucurovic-ocekivali-smo-da-markovic-podnese-ostavku-vukovic-tuzilastvo-selektivno\\\/#article\",\"isPartOf\":{\"@id\":\"https:\\\/\\\/dmcsrb.com\\\/politika\\\/vucurovic-ocekivali-smo-da-markovic-podnese-ostavku-vukovic-tuzilastvo-selektivno\\\/\"},\"author\":{\"name\":\"dmcsrbija.com@gmail.com\",\"@id\":\"https:\\\/\\\/dmcsrb.com\\\/#\\\/schema\\\/person\\\/5c39170f12db1b8b457732d0b5c854e2\"},\"headline\":\"Vu\u010durovi\u0107: O\u010dekivali smo da Markovi\u0107 podnese ostavku; Vukovi\u0107: Tu\u017eila\u0161tvo selektivno\",\"datePublished\":\"2025-10-23T16:53:00+00:00\",\"mainEntityOfPage\":{\"@id\":\"https:\\\/\\\/dmcsrb.com\\\/politika\\\/vucurovic-ocekivali-smo-da-markovic-podnese-ostavku-vukovic-tuzilastvo-selektivno\\\/\"},\"wordCount\":418,\"commentCount\":0,\"image\":{\"@id\":\"https:\\\/\\\/dmcsrb.com\\\/politika\\\/vucurovic-ocekivali-smo-da-markovic-podnese-ostavku-vukovic-tuzilastvo-selektivno\\\/#primaryimage\"},\"thumbnailUrl\":\"https:\\\/\\\/dmcsrb.com\\\/wp-content\\\/uploads\\\/2026\\\/01\\\/vucurovic-2.webp\",\"keywords\":[\"Jovan Vu\u010durovi\u0107\",\"Milorad Markovi\u0107\",\"VDT\"],\"articleSection\":[\"Politika\"],\"inLanguage\":\"en-GB\",\"potentialAction\":[{\"@type\":\"CommentAction\",\"name\":\"Comment\",\"target\":[\"https:\\\/\\\/dmcsrb.com\\\/politika\\\/vucurovic-ocekivali-smo-da-markovic-podnese-ostavku-vukovic-tuzilastvo-selektivno\\\/#respond\"]}]},{\"@type\":\"WebPage\",\"@id\":\"https:\\\/\\\/dmcsrb.com\\\/politika\\\/vucurovic-ocekivali-smo-da-markovic-podnese-ostavku-vukovic-tuzilastvo-selektivno\\\/\",\"url\":\"https:\\\/\\\/dmcsrb.com\\\/politika\\\/vucurovic-ocekivali-smo-da-markovic-podnese-ostavku-vukovic-tuzilastvo-selektivno\\\/\",\"name\":\"Vu\u010durovi\u0107: O\u010dekivali smo da Markovi\u0107 podnese ostavku; Vukovi\u0107: Tu\u017eila\u0161tvo selektivno - dmcsrb.com\",\"isPartOf\":{\"@id\":\"https:\\\/\\\/dmcsrb.com\\\/#website\"},\"primaryImageOfPage\":{\"@id\":\"https:\\\/\\\/dmcsrb.com\\\/politika\\\/vucurovic-ocekivali-smo-da-markovic-podnese-ostavku-vukovic-tuzilastvo-selektivno\\\/#primaryimage\"},\"image\":{\"@id\":\"https:\\\/\\\/dmcsrb.com\\\/politika\\\/vucurovic-ocekivali-smo-da-markovic-podnese-ostavku-vukovic-tuzilastvo-selektivno\\\/#primaryimage\"},\"thumbnailUrl\":\"https:\\\/\\\/dmcsrb.com\\\/wp-content\\\/uploads\\\/2026\\\/01\\\/vucurovic-2.webp\",\"datePublished\":\"2025-10-23T16:53:00+00:00\",\"author\":{\"@id\":\"https:\\\/\\\/dmcsrb.com\\\/#\\\/schema\\\/person\\\/5c39170f12db1b8b457732d0b5c854e2\"},\"breadcrumb\":{\"@id\":\"https:\\\/\\\/dmcsrb.com\\\/politika\\\/vucurovic-ocekivali-smo-da-markovic-podnese-ostavku-vukovic-tuzilastvo-selektivno\\\/#breadcrumb\"},\"inLanguage\":\"en-GB\",\"potentialAction\":[{\"@type\":\"ReadAction\",\"target\":[\"https:\\\/\\\/dmcsrb.com\\\/politika\\\/vucurovic-ocekivali-smo-da-markovic-podnese-ostavku-vukovic-tuzilastvo-selektivno\\\/\"]}]},{\"@type\":\"ImageObject\",\"inLanguage\":\"en-GB\",\"@id\":\"https:\\\/\\\/dmcsrb.com\\\/politika\\\/vucurovic-ocekivali-smo-da-markovic-podnese-ostavku-vukovic-tuzilastvo-selektivno\\\/#primaryimage\",\"url\":\"https:\\\/\\\/dmcsrb.com\\\/wp-content\\\/uploads\\\/2026\\\/01\\\/vucurovic-2.webp\",\"contentUrl\":\"https:\\\/\\\/dmcsrb.com\\\/wp-content\\\/uploads\\\/2026\\\/01\\\/vucurovic-2.webp\",\"width\":1680,\"height\":962},{\"@type\":\"BreadcrumbList\",\"@id\":\"https:\\\/\\\/dmcsrb.com\\\/politika\\\/vucurovic-ocekivali-smo-da-markovic-podnese-ostavku-vukovic-tuzilastvo-selektivno\\\/#breadcrumb\",\"itemListElement\":[{\"@type\":\"ListItem\",\"position\":1,\"name\":\"Home\",\"item\":\"https:\\\/\\\/dmcsrb.com\\\/\"},{\"@type\":\"ListItem\",\"position\":2,\"name\":\"Vu\u010durovi\u0107: O\u010dekivali smo da Markovi\u0107 podnese ostavku; Vukovi\u0107: Tu\u017eila\u0161tvo selektivno\"}]},{\"@type\":\"WebSite\",\"@id\":\"https:\\\/\\\/dmcsrb.com\\\/#website\",\"url\":\"https:\\\/\\\/dmcsrb.com\\\/\",\"name\":\"dmcsrb.com\",\"description\":\"\",\"potentialAction\":[{\"@type\":\"SearchAction\",\"target\":{\"@type\":\"EntryPoint\",\"urlTemplate\":\"https:\\\/\\\/dmcsrb.com\\\/?s={search_term_string}\"},\"query-input\":{\"@type\":\"PropertyValueSpecification\",\"valueRequired\":true,\"valueName\":\"search_term_string\"}}],\"inLanguage\":\"en-GB\"},{\"@type\":\"Person\",\"@id\":\"https:\\\/\\\/dmcsrb.com\\\/#\\\/schema\\\/person\\\/5c39170f12db1b8b457732d0b5c854e2\",\"name\":\"dmcsrbija.com@gmail.com\",\"image\":{\"@type\":\"ImageObject\",\"inLanguage\":\"en-GB\",\"@id\":\"https:\\\/\\\/secure.gravatar.com\\\/avatar\\\/68592660ad6347fad0fb587f8d5d8f1a7b44961362f56e4f2cd524feb87e9069?s=96&d=mm&r=g\",\"url\":\"https:\\\/\\\/secure.gravatar.com\\\/avatar\\\/68592660ad6347fad0fb587f8d5d8f1a7b44961362f56e4f2cd524feb87e9069?s=96&d=mm&r=g\",\"contentUrl\":\"https:\\\/\\\/secure.gravatar.com\\\/avatar\\\/68592660ad6347fad0fb587f8d5d8f1a7b44961362f56e4f2cd524feb87e9069?s=96&d=mm&r=g\",\"caption\":\"dmcsrbija.com@gmail.com\"},\"sameAs\":[\"https:\\\/\\\/dmcsrb.com\"],\"url\":\"https:\\\/\\\/dmcsrb.com\\\/en\\\/author\\\/dmcsrbija-comgmail-com\\\/\"}]}<\/script>\n<!-- \/ Yoast SEO plugin. -->","yoast_head_json":{"title":"Vu\u010durovi\u0107: O\u010dekivali smo da Markovi\u0107 podnese ostavku; Vukovi\u0107: Tu\u017eila\u0161tvo selektivno - dmcsrb.com","robots":{"index":"index","follow":"follow","max-snippet":"max-snippet:-1","max-image-preview":"max-image-preview:large","max-video-preview":"max-video-preview:-1"},"canonical":"https:\/\/dmcsrb.com\/en\/politika\/vucurovic-ocekivali-smo-da-markovic-podnese-ostavku-vukovic-tuzilastvo-selektivno\/","og_locale":"en_GB","og_type":"article","og_title":"Vu\u010durovi\u0107: O\u010dekivali smo da Markovi\u0107 podnese ostavku; Vukovi\u0107: Tu\u017eila\u0161tvo selektivno - dmcsrb.com","og_description":"Izvje\u0161taj o radu Tu\u017eila\u010dkog savjeta i Dr\u017eavnog tu\u017eila\u0161tva za 2024. godinu nije dobio podr\u0161ku skup\u0161tinskog Odbora za politi\u010dki sistem, pravosu\u0111e i upravu. Gosti u emisiji Argumenti Jovan Vu\u010durovi\u0107 (NSD), Ivan Vukovi\u0107 (DPS) i Zoran Miki\u0107 (URA) govore o ovoj temi.","og_url":"https:\/\/dmcsrb.com\/en\/politika\/vucurovic-ocekivali-smo-da-markovic-podnese-ostavku-vukovic-tuzilastvo-selektivno\/","og_site_name":"dmcsrb.com","article_published_time":"2025-10-23T16:53:00+00:00","og_image":[{"width":1680,"height":962,"url":"https:\/\/dmcsrb.com\/wp-content\/uploads\/2026\/01\/vucurovic-2.webp","type":"image\/jpeg"}],"author":"dmcsrbija.com@gmail.com","twitter_card":"summary_large_image","twitter_misc":{"Written by":"dmcsrbija.com@gmail.com","Estimated reading time":"2 minutes"},"schema":{"@context":"https:\/\/schema.org","@graph":[{"@type":"Article","@id":"https:\/\/dmcsrb.com\/politika\/vucurovic-ocekivali-smo-da-markovic-podnese-ostavku-vukovic-tuzilastvo-selektivno\/#article","isPartOf":{"@id":"https:\/\/dmcsrb.com\/politika\/vucurovic-ocekivali-smo-da-markovic-podnese-ostavku-vukovic-tuzilastvo-selektivno\/"},"author":{"name":"dmcsrbija.com@gmail.com","@id":"https:\/\/dmcsrb.com\/#\/schema\/person\/5c39170f12db1b8b457732d0b5c854e2"},"headline":"Vu\u010durovi\u0107: O\u010dekivali smo da Markovi\u0107 podnese ostavku; Vukovi\u0107: Tu\u017eila\u0161tvo selektivno","datePublished":"2025-10-23T16:53:00+00:00","mainEntityOfPage":{"@id":"https:\/\/dmcsrb.com\/politika\/vucurovic-ocekivali-smo-da-markovic-podnese-ostavku-vukovic-tuzilastvo-selektivno\/"},"wordCount":418,"commentCount":0,"image":{"@id":"https:\/\/dmcsrb.com\/politika\/vucurovic-ocekivali-smo-da-markovic-podnese-ostavku-vukovic-tuzilastvo-selektivno\/#primaryimage"},"thumbnailUrl":"https:\/\/dmcsrb.com\/wp-content\/uploads\/2026\/01\/vucurovic-2.webp","keywords":["Jovan Vu\u010durovi\u0107","Milorad Markovi\u0107","VDT"],"articleSection":["Politika"],"inLanguage":"en-GB","potentialAction":[{"@type":"CommentAction","name":"Comment","target":["https:\/\/dmcsrb.com\/politika\/vucurovic-ocekivali-smo-da-markovic-podnese-ostavku-vukovic-tuzilastvo-selektivno\/#respond"]}]},{"@type":"WebPage","@id":"https:\/\/dmcsrb.com\/politika\/vucurovic-ocekivali-smo-da-markovic-podnese-ostavku-vukovic-tuzilastvo-selektivno\/","url":"https:\/\/dmcsrb.com\/politika\/vucurovic-ocekivali-smo-da-markovic-podnese-ostavku-vukovic-tuzilastvo-selektivno\/","name":"Vu\u010durovi\u0107: O\u010dekivali smo da Markovi\u0107 podnese ostavku; Vukovi\u0107: Tu\u017eila\u0161tvo selektivno - dmcsrb.com","isPartOf":{"@id":"https:\/\/dmcsrb.com\/#website"},"primaryImageOfPage":{"@id":"https:\/\/dmcsrb.com\/politika\/vucurovic-ocekivali-smo-da-markovic-podnese-ostavku-vukovic-tuzilastvo-selektivno\/#primaryimage"},"image":{"@id":"https:\/\/dmcsrb.com\/politika\/vucurovic-ocekivali-smo-da-markovic-podnese-ostavku-vukovic-tuzilastvo-selektivno\/#primaryimage"},"thumbnailUrl":"https:\/\/dmcsrb.com\/wp-content\/uploads\/2026\/01\/vucurovic-2.webp","datePublished":"2025-10-23T16:53:00+00:00","author":{"@id":"https:\/\/dmcsrb.com\/#\/schema\/person\/5c39170f12db1b8b457732d0b5c854e2"},"breadcrumb":{"@id":"https:\/\/dmcsrb.com\/politika\/vucurovic-ocekivali-smo-da-markovic-podnese-ostavku-vukovic-tuzilastvo-selektivno\/#breadcrumb"},"inLanguage":"en-GB","potentialAction":[{"@type":"ReadAction","target":["https:\/\/dmcsrb.com\/politika\/vucurovic-ocekivali-smo-da-markovic-podnese-ostavku-vukovic-tuzilastvo-selektivno\/"]}]},{"@type":"ImageObject","inLanguage":"en-GB","@id":"https:\/\/dmcsrb.com\/politika\/vucurovic-ocekivali-smo-da-markovic-podnese-ostavku-vukovic-tuzilastvo-selektivno\/#primaryimage","url":"https:\/\/dmcsrb.com\/wp-content\/uploads\/2026\/01\/vucurovic-2.webp","contentUrl":"https:\/\/dmcsrb.com\/wp-content\/uploads\/2026\/01\/vucurovic-2.webp","width":1680,"height":962},{"@type":"BreadcrumbList","@id":"https:\/\/dmcsrb.com\/politika\/vucurovic-ocekivali-smo-da-markovic-podnese-ostavku-vukovic-tuzilastvo-selektivno\/#breadcrumb","itemListElement":[{"@type":"ListItem","position":1,"name":"Home","item":"https:\/\/dmcsrb.com\/"},{"@type":"ListItem","position":2,"name":"Vu\u010durovi\u0107: O\u010dekivali smo da Markovi\u0107 podnese ostavku; Vukovi\u0107: Tu\u017eila\u0161tvo selektivno"}]},{"@type":"WebSite","@id":"https:\/\/dmcsrb.com\/#website","url":"https:\/\/dmcsrb.com\/","name":"dmcsrb.com","description":"","potentialAction":[{"@type":"SearchAction","target":{"@type":"EntryPoint","urlTemplate":"https:\/\/dmcsrb.com\/?s={search_term_string}"},"query-input":{"@type":"PropertyValueSpecification","valueRequired":true,"valueName":"search_term_string"}}],"inLanguage":"en-GB"},{"@type":"Person","@id":"https:\/\/dmcsrb.com\/#\/schema\/person\/5c39170f12db1b8b457732d0b5c854e2","name":"dmcsrbija.com@gmail.com","image":{"@type":"ImageObject","inLanguage":"en-GB","@id":"https:\/\/secure.gravatar.com\/avatar\/68592660ad6347fad0fb587f8d5d8f1a7b44961362f56e4f2cd524feb87e9069?s=96&d=mm&r=g","url":"https:\/\/secure.gravatar.com\/avatar\/68592660ad6347fad0fb587f8d5d8f1a7b44961362f56e4f2cd524feb87e9069?s=96&d=mm&r=g","contentUrl":"https:\/\/secure.gravatar.com\/avatar\/68592660ad6347fad0fb587f8d5d8f1a7b44961362f56e4f2cd524feb87e9069?s=96&d=mm&r=g","caption":"dmcsrbija.com@gmail.com"},"sameAs":["https:\/\/dmcsrb.com"],"url":"https:\/\/dmcsrb.com\/en\/author\/dmcsrbija-comgmail-com\/"}]}},"_links":{"self":[{"href":"https:\/\/dmcsrb.com\/en\/wp-json\/wp\/v2\/posts\/959699","targetHints":{"allow":["GET"]}}],"collection":[{"href":"https:\/\/dmcsrb.com\/en\/wp-json\/wp\/v2\/posts"}],"about":[{"href":"https:\/\/dmcsrb.com\/en\/wp-json\/wp\/v2\/types\/post"}],"author":[{"embeddable":true,"href":"https:\/\/dmcsrb.com\/en\/wp-json\/wp\/v2\/users\/1"}],"replies":[{"embeddable":true,"href":"https:\/\/dmcsrb.com\/en\/wp-json\/wp\/v2\/comments?post=959699"}],"version-history":[{"count":0,"href":"https:\/\/dmcsrb.com\/en\/wp-json\/wp\/v2\/posts\/959699\/revisions"}],"wp:featuredmedia":[{"embeddable":true,"href":"https:\/\/dmcsrb.com\/en\/wp-json\/wp\/v2\/media\/959700"}],"wp:attachment":[{"href":"https:\/\/dmcsrb.com\/en\/wp-json\/wp\/v2\/media?parent=959699"}],"wp:term":[{"taxonomy":"category","embeddable":true,"href":"https:\/\/dmcsrb.com\/en\/wp-json\/wp\/v2\/categories?post=959699"},{"taxonomy":"post_tag","embeddable":true,"href":"https:\/\/dmcsrb.com\/en\/wp-json\/wp\/v2\/tags?post=959699"},{"taxonomy":"naslovna","embeddable":true,"href":"https:\/\/dmcsrb.com\/en\/wp-json\/wp\/v2\/naslovna?post=959699"}],"curies":[{"name":"wp","href":"https:\/\/api.w.org\/{rel}","templated":true}]}}