{"id":959686,"date":"2025-10-23T19:49:00","date_gmt":"2025-10-23T17:49:00","guid":{"rendered":"https:\/\/dmcsrb.com\/uncategorized\/otvorena-medjunarodna-naucna-konferencija-doclea-diocletians-origins-cultural-legacy-and-economic-advancement\/"},"modified":"2025-10-23T19:49:00","modified_gmt":"2025-10-23T17:49:00","slug":"otvorena-medjunarodna-naucna-konferencija-doclea-diocletians-origins-cultural-legacy-and-economic-advancement","status":"publish","type":"post","link":"https:\/\/dmcsrb.com\/en\/podgorica\/otvorena-medjunarodna-naucna-konferencija-doclea-diocletians-origins-cultural-legacy-and-economic-advancement\/","title":{"rendered":"Otvorena me\u0111unarodna nau\u010dna konferencija \u201eDOCLEA \u2013 Diocletian\u2019s Origins, Cultural Legacy and Economic Advancement\u201c"},"content":{"rendered":"<p>&#8220;Doma\u0107in me\u0111unarodne nau\u010dne konferencije je JU Muzeji i galerije Podgorice, koja je istu organizovala u partnerstvu sa Arheolo\u0161kim institutom SANU u Beogradu, Filozofskim fakultetom u Beogradu, Filozofskim fakultetom u Zagrebu, kao i u saradnji sa Univerzitetom Crne Gore&#8221;, stoji u saop\u0161tenju.<\/p>\n\n\n\n<p>Kako ka\u017eu, Konferencija je posve\u0107ena jednom od najzna\u010dajnijih lokaliteta kulturne ba\u0161tine Crne Gore \u2013 anti\u010dkoj Duklji.<\/p>\n\n\n\n<p>&#8220;Odr\u017eava se povodom 135 godina od prvih arheolo\u0161kih istra\u017eivanja na njemu. Cilj skupa je da se istakne uloga Duklje u savremenom nau\u010dnom i kulturnom \u017eivotu Crne Gore, kao i da se podstakne dalja promocija i o\u010duvanje njenog izuzetnog arheolo\u0161kog i istorijskog naslje\u0111a&#8221;, navodi se u saop\u0161tenju.<\/p>\n\n\n\n<p>Konferenciju je, dodaju, sve\u010dano otvorio predsjednik Crne Gore, Jakov Milatovi\u0107, koji je na po\u010detku istakao da ga raduje \u0161to konferencija ima me\u0111unarodni karakter i \u0161to je okupila nau\u010dnike ne samo iz Crne Gore, Srbije, Hrvatske i Sjeverne Makedonije, ve\u0107 i iz Italije, Rumunije, Bugarske i Albanije.<\/p>\n\n\n\n<p>Isti\u010du\u0107i arheolo\u0161ki zna\u010daj lokaliteta Duklja, ne samo u Podgorici ve\u0107 i u cijeloj Crnoj Gori, Milatovi\u0107 je naveo i da je Duklja svjedo\u010danstvo da su ovdje postojale razli\u010dite civilizacije.<\/p>\n\n\n\n<p>&#8220;Ujedno, Duklja je i dokaz dvomilenijskog kulturnog i istorijskog kontinuiteta, odnosno \u010dinjenice da je ovo podru\u010dje uvijek bilo mjesto povezivanja razli\u010ditih naroda, kultura, ideja, \u010dvori\u0161te izme\u0111u Istoka i Zapada. Crna Gora prepoznaje va\u017enost arheologije, kao \u010duvara temelja na\u0161eg kulturnog identiteta i pokreta\u010da na\u0161eg odr\u017eivog razvoja&#8221;, rekao je Milatovi\u0107.<\/p>\n\n\n\n<p>Prisutne je na po\u010detku pozdravio Dragan Radovi\u0107, v.d. direktora JU Muzeji i galerije Podgorice, koji je naglasio da se ovim skupom ne obilje\u017eava samo va\u017ean jubilej, ve\u0107 i potvr\u0111uje trajna vrijednost Duklje kao nekada\u0161njeg kulturnog, religijskog i administrativnog sredi\u0161ta.<\/p>\n\n\n\n<p>&#8220;Dokleja je jedan od temelja na\u0161eg kulturnog i istorijskog identiteta, prostor koji odra\u017eava bogatu pro\u0161lost i podsti\u010de nova nau\u010dna i kulturna promi\u0161ljanja&#8221;, rekao je Radovi\u0107, isti\u010du\u0107i o\u010dekivanje da \u0107e konferencija doprinijeti boljem razumijevanju pro\u0161losti i efikasnijem o\u010duvanju kulturnog naslje\u0111a.<\/p>\n\n\n\n<p>Uvodne rije\u010di imali su i Sne\u017eana Golubovi\u0107, direktorica Arheolo\u0161kog instituta SANU u Beogradu, te Domagoj Ton\u010dini\u0107, dekan Filozofskog fakulteta u Zagrebu, koji su ukazali na zna\u010daj saradnje me\u0111u institucijama i va\u017enost zajedni\u010dkog rada na istra\u017eivanju i valorizaciji anti\u010dke Duklje, kao dijela kulturnog naslje\u0111a regiona.<\/p>","protected":false},"excerpt":{"rendered":"<p>Me\u0111unarodna nau\u010dna konferencija \u201eDOCLEA \u2013 Diocletian\u2019s Origins, Cultural Legacy and Economic Advancement\u201c sve\u010dano je otvorena danas, 23. oktobra, u sali Rektorata Univerziteta Crne Gore, saop\u0161teno je iz JU Muzeji i galerije Podgorice.<\/p>","protected":false},"author":1,"featured_media":959687,"comment_status":"open","ping_status":"open","sticky":false,"template":"","format":"standard","meta":{"_acf_changed":false,"footnotes":""},"categories":[56],"tags":[12195,2406,1080],"naslovna":[],"class_list":["post-959686","post","type-post","status-publish","format-standard","has-post-thumbnail","hentry","category-podgorica","tag-duklja","tag-ju-muzeji-i-galerije-podgorice","tag-konferencija"],"acf":[],"yoast_head":"<!-- This site is optimized with the Yoast SEO plugin v27.0 - https:\/\/yoast.com\/product\/yoast-seo-wordpress\/ -->\n<title>Otvorena me\u0111unarodna nau\u010dna konferencija \u201eDOCLEA \u2013 Diocletian\u2019s Origins, Cultural Legacy and Economic Advancement\u201c - dmcsrb.com<\/title>\n<meta name=\"robots\" content=\"index, follow, max-snippet:-1, max-image-preview:large, max-video-preview:-1\" \/>\n<link rel=\"canonical\" href=\"https:\/\/dmcsrb.com\/en\/podgorica\/otvorena-medjunarodna-naucna-konferencija-doclea-diocletians-origins-cultural-legacy-and-economic-advancement\/\" \/>\n<meta property=\"og:locale\" content=\"en_GB\" \/>\n<meta property=\"og:type\" content=\"article\" \/>\n<meta property=\"og:title\" content=\"Otvorena me\u0111unarodna nau\u010dna konferencija \u201eDOCLEA \u2013 Diocletian\u2019s Origins, Cultural Legacy and Economic Advancement\u201c - dmcsrb.com\" \/>\n<meta property=\"og:description\" content=\"Me\u0111unarodna nau\u010dna konferencija \u201eDOCLEA \u2013 Diocletian\u2019s Origins, Cultural Legacy and Economic Advancement\u201c sve\u010dano je otvorena danas, 23. oktobra, u sali Rektorata Univerziteta Crne Gore, saop\u0161teno je iz JU Muzeji i galerije Podgorice.\" \/>\n<meta property=\"og:url\" content=\"https:\/\/dmcsrb.com\/en\/podgorica\/otvorena-medjunarodna-naucna-konferencija-doclea-diocletians-origins-cultural-legacy-and-economic-advancement\/\" \/>\n<meta property=\"og:site_name\" content=\"dmcsrb.com\" \/>\n<meta property=\"article:published_time\" content=\"2025-10-23T17:49:00+00:00\" \/>\n<meta property=\"og:image\" content=\"https:\/\/dmcsrb.com\/wp-content\/uploads\/2026\/01\/Konferencija-Duklja.webp\" \/>\n\t<meta property=\"og:image:width\" content=\"512\" \/>\n\t<meta property=\"og:image:height\" content=\"341\" \/>\n\t<meta property=\"og:image:type\" content=\"image\/webp\" \/>\n<meta name=\"author\" content=\"dmcsrbija.com@gmail.com\" \/>\n<meta name=\"twitter:card\" content=\"summary_large_image\" \/>\n<meta name=\"twitter:label1\" content=\"Written by\" \/>\n\t<meta name=\"twitter:data1\" content=\"dmcsrbija.com@gmail.com\" \/>\n\t<meta name=\"twitter:label2\" content=\"Estimated reading time\" \/>\n\t<meta name=\"twitter:data2\" content=\"2 minutes\" \/>\n<script type=\"application\/ld+json\" class=\"yoast-schema-graph\">{\"@context\":\"https:\/\/schema.org\",\"@graph\":[{\"@type\":\"Article\",\"@id\":\"https:\/\/dmcsrb.com\/podgorica\/otvorena-medjunarodna-naucna-konferencija-doclea-diocletians-origins-cultural-legacy-and-economic-advancement\/#article\",\"isPartOf\":{\"@id\":\"https:\/\/dmcsrb.com\/podgorica\/otvorena-medjunarodna-naucna-konferencija-doclea-diocletians-origins-cultural-legacy-and-economic-advancement\/\"},\"author\":{\"name\":\"dmcsrbija.com@gmail.com\",\"@id\":\"https:\/\/dmcsrb.com\/#\/schema\/person\/5c39170f12db1b8b457732d0b5c854e2\"},\"headline\":\"Otvorena me\u0111unarodna nau\u010dna konferencija \u201eDOCLEA \u2013 Diocletian\u2019s Origins, Cultural Legacy and Economic Advancement\u201c\",\"datePublished\":\"2025-10-23T17:49:00+00:00\",\"mainEntityOfPage\":{\"@id\":\"https:\/\/dmcsrb.com\/podgorica\/otvorena-medjunarodna-naucna-konferencija-doclea-diocletians-origins-cultural-legacy-and-economic-advancement\/\"},\"wordCount\":428,\"commentCount\":0,\"image\":{\"@id\":\"https:\/\/dmcsrb.com\/podgorica\/otvorena-medjunarodna-naucna-konferencija-doclea-diocletians-origins-cultural-legacy-and-economic-advancement\/#primaryimage\"},\"thumbnailUrl\":\"https:\/\/dmcsrb.com\/wp-content\/uploads\/2026\/01\/Konferencija-Duklja.webp\",\"keywords\":[\"Duklja\",\"JU Muzeji i galerije Podgorice\",\"konferencija\"],\"articleSection\":[\"Podgorica\"],\"inLanguage\":\"en-GB\",\"potentialAction\":[{\"@type\":\"CommentAction\",\"name\":\"Comment\",\"target\":[\"https:\/\/dmcsrb.com\/podgorica\/otvorena-medjunarodna-naucna-konferencija-doclea-diocletians-origins-cultural-legacy-and-economic-advancement\/#respond\"]}]},{\"@type\":\"WebPage\",\"@id\":\"https:\/\/dmcsrb.com\/podgorica\/otvorena-medjunarodna-naucna-konferencija-doclea-diocletians-origins-cultural-legacy-and-economic-advancement\/\",\"url\":\"https:\/\/dmcsrb.com\/podgorica\/otvorena-medjunarodna-naucna-konferencija-doclea-diocletians-origins-cultural-legacy-and-economic-advancement\/\",\"name\":\"Otvorena me\u0111unarodna nau\u010dna konferencija \u201eDOCLEA \u2013 Diocletian\u2019s Origins, Cultural Legacy and Economic Advancement\u201c - dmcsrb.com\",\"isPartOf\":{\"@id\":\"https:\/\/dmcsrb.com\/#website\"},\"primaryImageOfPage\":{\"@id\":\"https:\/\/dmcsrb.com\/podgorica\/otvorena-medjunarodna-naucna-konferencija-doclea-diocletians-origins-cultural-legacy-and-economic-advancement\/#primaryimage\"},\"image\":{\"@id\":\"https:\/\/dmcsrb.com\/podgorica\/otvorena-medjunarodna-naucna-konferencija-doclea-diocletians-origins-cultural-legacy-and-economic-advancement\/#primaryimage\"},\"thumbnailUrl\":\"https:\/\/dmcsrb.com\/wp-content\/uploads\/2026\/01\/Konferencija-Duklja.webp\",\"datePublished\":\"2025-10-23T17:49:00+00:00\",\"author\":{\"@id\":\"https:\/\/dmcsrb.com\/#\/schema\/person\/5c39170f12db1b8b457732d0b5c854e2\"},\"breadcrumb\":{\"@id\":\"https:\/\/dmcsrb.com\/podgorica\/otvorena-medjunarodna-naucna-konferencija-doclea-diocletians-origins-cultural-legacy-and-economic-advancement\/#breadcrumb\"},\"inLanguage\":\"en-GB\",\"potentialAction\":[{\"@type\":\"ReadAction\",\"target\":[\"https:\/\/dmcsrb.com\/podgorica\/otvorena-medjunarodna-naucna-konferencija-doclea-diocletians-origins-cultural-legacy-and-economic-advancement\/\"]}]},{\"@type\":\"ImageObject\",\"inLanguage\":\"en-GB\",\"@id\":\"https:\/\/dmcsrb.com\/podgorica\/otvorena-medjunarodna-naucna-konferencija-doclea-diocletians-origins-cultural-legacy-and-economic-advancement\/#primaryimage\",\"url\":\"https:\/\/dmcsrb.com\/wp-content\/uploads\/2026\/01\/Konferencija-Duklja.webp\",\"contentUrl\":\"https:\/\/dmcsrb.com\/wp-content\/uploads\/2026\/01\/Konferencija-Duklja.webp\",\"width\":512,\"height\":341},{\"@type\":\"BreadcrumbList\",\"@id\":\"https:\/\/dmcsrb.com\/podgorica\/otvorena-medjunarodna-naucna-konferencija-doclea-diocletians-origins-cultural-legacy-and-economic-advancement\/#breadcrumb\",\"itemListElement\":[{\"@type\":\"ListItem\",\"position\":1,\"name\":\"Home\",\"item\":\"https:\/\/dmcsrb.com\/\"},{\"@type\":\"ListItem\",\"position\":2,\"name\":\"Otvorena me\u0111unarodna nau\u010dna konferencija \u201eDOCLEA \u2013 Diocletian\u2019s Origins, Cultural Legacy and Economic Advancement\u201c\"}]},{\"@type\":\"WebSite\",\"@id\":\"https:\/\/dmcsrb.com\/#website\",\"url\":\"https:\/\/dmcsrb.com\/\",\"name\":\"dmcsrb.com\",\"description\":\"\",\"potentialAction\":[{\"@type\":\"SearchAction\",\"target\":{\"@type\":\"EntryPoint\",\"urlTemplate\":\"https:\/\/dmcsrb.com\/?s={search_term_string}\"},\"query-input\":{\"@type\":\"PropertyValueSpecification\",\"valueRequired\":true,\"valueName\":\"search_term_string\"}}],\"inLanguage\":\"en-GB\"},{\"@type\":\"Person\",\"@id\":\"https:\/\/dmcsrb.com\/#\/schema\/person\/5c39170f12db1b8b457732d0b5c854e2\",\"name\":\"dmcsrbija.com@gmail.com\",\"image\":{\"@type\":\"ImageObject\",\"inLanguage\":\"en-GB\",\"@id\":\"https:\/\/dmcsrb.com\/#\/schema\/person\/image\/\",\"url\":\"https:\/\/secure.gravatar.com\/avatar\/68592660ad6347fad0fb587f8d5d8f1a7b44961362f56e4f2cd524feb87e9069?s=96&d=mm&r=g\",\"contentUrl\":\"https:\/\/secure.gravatar.com\/avatar\/68592660ad6347fad0fb587f8d5d8f1a7b44961362f56e4f2cd524feb87e9069?s=96&d=mm&r=g\",\"caption\":\"dmcsrbija.com@gmail.com\"},\"sameAs\":[\"https:\/\/dmcsrb.com\"],\"url\":\"https:\/\/dmcsrb.com\/en\/author\/dmcsrbija-comgmail-com\/\"}]}<\/script>\n<!-- \/ Yoast SEO plugin. -->","yoast_head_json":{"title":"Otvorena me\u0111unarodna nau\u010dna konferencija \u201eDOCLEA \u2013 Diocletian\u2019s Origins, Cultural Legacy and Economic Advancement\u201c - dmcsrb.com","robots":{"index":"index","follow":"follow","max-snippet":"max-snippet:-1","max-image-preview":"max-image-preview:large","max-video-preview":"max-video-preview:-1"},"canonical":"https:\/\/dmcsrb.com\/en\/podgorica\/otvorena-medjunarodna-naucna-konferencija-doclea-diocletians-origins-cultural-legacy-and-economic-advancement\/","og_locale":"en_GB","og_type":"article","og_title":"Otvorena me\u0111unarodna nau\u010dna konferencija \u201eDOCLEA \u2013 Diocletian\u2019s Origins, Cultural Legacy and Economic Advancement\u201c - dmcsrb.com","og_description":"Me\u0111unarodna nau\u010dna konferencija \u201eDOCLEA \u2013 Diocletian\u2019s Origins, Cultural Legacy and Economic Advancement\u201c sve\u010dano je otvorena danas, 23. oktobra, u sali Rektorata Univerziteta Crne Gore, saop\u0161teno je iz JU Muzeji i galerije Podgorice.","og_url":"https:\/\/dmcsrb.com\/en\/podgorica\/otvorena-medjunarodna-naucna-konferencija-doclea-diocletians-origins-cultural-legacy-and-economic-advancement\/","og_site_name":"dmcsrb.com","article_published_time":"2025-10-23T17:49:00+00:00","og_image":[{"width":512,"height":341,"url":"https:\/\/dmcsrb.com\/wp-content\/uploads\/2026\/01\/Konferencija-Duklja.webp","type":"image\/webp"}],"author":"dmcsrbija.com@gmail.com","twitter_card":"summary_large_image","twitter_misc":{"Written by":"dmcsrbija.com@gmail.com","Estimated reading time":"2 minutes"},"schema":{"@context":"https:\/\/schema.org","@graph":[{"@type":"Article","@id":"https:\/\/dmcsrb.com\/podgorica\/otvorena-medjunarodna-naucna-konferencija-doclea-diocletians-origins-cultural-legacy-and-economic-advancement\/#article","isPartOf":{"@id":"https:\/\/dmcsrb.com\/podgorica\/otvorena-medjunarodna-naucna-konferencija-doclea-diocletians-origins-cultural-legacy-and-economic-advancement\/"},"author":{"name":"dmcsrbija.com@gmail.com","@id":"https:\/\/dmcsrb.com\/#\/schema\/person\/5c39170f12db1b8b457732d0b5c854e2"},"headline":"Otvorena me\u0111unarodna nau\u010dna konferencija \u201eDOCLEA \u2013 Diocletian\u2019s Origins, Cultural Legacy and Economic Advancement\u201c","datePublished":"2025-10-23T17:49:00+00:00","mainEntityOfPage":{"@id":"https:\/\/dmcsrb.com\/podgorica\/otvorena-medjunarodna-naucna-konferencija-doclea-diocletians-origins-cultural-legacy-and-economic-advancement\/"},"wordCount":428,"commentCount":0,"image":{"@id":"https:\/\/dmcsrb.com\/podgorica\/otvorena-medjunarodna-naucna-konferencija-doclea-diocletians-origins-cultural-legacy-and-economic-advancement\/#primaryimage"},"thumbnailUrl":"https:\/\/dmcsrb.com\/wp-content\/uploads\/2026\/01\/Konferencija-Duklja.webp","keywords":["Duklja","JU Muzeji i galerije Podgorice","konferencija"],"articleSection":["Podgorica"],"inLanguage":"en-GB","potentialAction":[{"@type":"CommentAction","name":"Comment","target":["https:\/\/dmcsrb.com\/podgorica\/otvorena-medjunarodna-naucna-konferencija-doclea-diocletians-origins-cultural-legacy-and-economic-advancement\/#respond"]}]},{"@type":"WebPage","@id":"https:\/\/dmcsrb.com\/podgorica\/otvorena-medjunarodna-naucna-konferencija-doclea-diocletians-origins-cultural-legacy-and-economic-advancement\/","url":"https:\/\/dmcsrb.com\/podgorica\/otvorena-medjunarodna-naucna-konferencija-doclea-diocletians-origins-cultural-legacy-and-economic-advancement\/","name":"Otvorena me\u0111unarodna nau\u010dna konferencija \u201eDOCLEA \u2013 Diocletian\u2019s Origins, Cultural Legacy and Economic Advancement\u201c - dmcsrb.com","isPartOf":{"@id":"https:\/\/dmcsrb.com\/#website"},"primaryImageOfPage":{"@id":"https:\/\/dmcsrb.com\/podgorica\/otvorena-medjunarodna-naucna-konferencija-doclea-diocletians-origins-cultural-legacy-and-economic-advancement\/#primaryimage"},"image":{"@id":"https:\/\/dmcsrb.com\/podgorica\/otvorena-medjunarodna-naucna-konferencija-doclea-diocletians-origins-cultural-legacy-and-economic-advancement\/#primaryimage"},"thumbnailUrl":"https:\/\/dmcsrb.com\/wp-content\/uploads\/2026\/01\/Konferencija-Duklja.webp","datePublished":"2025-10-23T17:49:00+00:00","author":{"@id":"https:\/\/dmcsrb.com\/#\/schema\/person\/5c39170f12db1b8b457732d0b5c854e2"},"breadcrumb":{"@id":"https:\/\/dmcsrb.com\/podgorica\/otvorena-medjunarodna-naucna-konferencija-doclea-diocletians-origins-cultural-legacy-and-economic-advancement\/#breadcrumb"},"inLanguage":"en-GB","potentialAction":[{"@type":"ReadAction","target":["https:\/\/dmcsrb.com\/podgorica\/otvorena-medjunarodna-naucna-konferencija-doclea-diocletians-origins-cultural-legacy-and-economic-advancement\/"]}]},{"@type":"ImageObject","inLanguage":"en-GB","@id":"https:\/\/dmcsrb.com\/podgorica\/otvorena-medjunarodna-naucna-konferencija-doclea-diocletians-origins-cultural-legacy-and-economic-advancement\/#primaryimage","url":"https:\/\/dmcsrb.com\/wp-content\/uploads\/2026\/01\/Konferencija-Duklja.webp","contentUrl":"https:\/\/dmcsrb.com\/wp-content\/uploads\/2026\/01\/Konferencija-Duklja.webp","width":512,"height":341},{"@type":"BreadcrumbList","@id":"https:\/\/dmcsrb.com\/podgorica\/otvorena-medjunarodna-naucna-konferencija-doclea-diocletians-origins-cultural-legacy-and-economic-advancement\/#breadcrumb","itemListElement":[{"@type":"ListItem","position":1,"name":"Home","item":"https:\/\/dmcsrb.com\/"},{"@type":"ListItem","position":2,"name":"Otvorena me\u0111unarodna nau\u010dna konferencija \u201eDOCLEA \u2013 Diocletian\u2019s Origins, Cultural Legacy and Economic Advancement\u201c"}]},{"@type":"WebSite","@id":"https:\/\/dmcsrb.com\/#website","url":"https:\/\/dmcsrb.com\/","name":"dmcsrb.com","description":"","potentialAction":[{"@type":"SearchAction","target":{"@type":"EntryPoint","urlTemplate":"https:\/\/dmcsrb.com\/?s={search_term_string}"},"query-input":{"@type":"PropertyValueSpecification","valueRequired":true,"valueName":"search_term_string"}}],"inLanguage":"en-GB"},{"@type":"Person","@id":"https:\/\/dmcsrb.com\/#\/schema\/person\/5c39170f12db1b8b457732d0b5c854e2","name":"dmcsrbija.com@gmail.com","image":{"@type":"ImageObject","inLanguage":"en-GB","@id":"https:\/\/dmcsrb.com\/#\/schema\/person\/image\/","url":"https:\/\/secure.gravatar.com\/avatar\/68592660ad6347fad0fb587f8d5d8f1a7b44961362f56e4f2cd524feb87e9069?s=96&d=mm&r=g","contentUrl":"https:\/\/secure.gravatar.com\/avatar\/68592660ad6347fad0fb587f8d5d8f1a7b44961362f56e4f2cd524feb87e9069?s=96&d=mm&r=g","caption":"dmcsrbija.com@gmail.com"},"sameAs":["https:\/\/dmcsrb.com"],"url":"https:\/\/dmcsrb.com\/en\/author\/dmcsrbija-comgmail-com\/"}]}},"_links":{"self":[{"href":"https:\/\/dmcsrb.com\/en\/wp-json\/wp\/v2\/posts\/959686","targetHints":{"allow":["GET"]}}],"collection":[{"href":"https:\/\/dmcsrb.com\/en\/wp-json\/wp\/v2\/posts"}],"about":[{"href":"https:\/\/dmcsrb.com\/en\/wp-json\/wp\/v2\/types\/post"}],"author":[{"embeddable":true,"href":"https:\/\/dmcsrb.com\/en\/wp-json\/wp\/v2\/users\/1"}],"replies":[{"embeddable":true,"href":"https:\/\/dmcsrb.com\/en\/wp-json\/wp\/v2\/comments?post=959686"}],"version-history":[{"count":0,"href":"https:\/\/dmcsrb.com\/en\/wp-json\/wp\/v2\/posts\/959686\/revisions"}],"wp:featuredmedia":[{"embeddable":true,"href":"https:\/\/dmcsrb.com\/en\/wp-json\/wp\/v2\/media\/959687"}],"wp:attachment":[{"href":"https:\/\/dmcsrb.com\/en\/wp-json\/wp\/v2\/media?parent=959686"}],"wp:term":[{"taxonomy":"category","embeddable":true,"href":"https:\/\/dmcsrb.com\/en\/wp-json\/wp\/v2\/categories?post=959686"},{"taxonomy":"post_tag","embeddable":true,"href":"https:\/\/dmcsrb.com\/en\/wp-json\/wp\/v2\/tags?post=959686"},{"taxonomy":"naslovna","embeddable":true,"href":"https:\/\/dmcsrb.com\/en\/wp-json\/wp\/v2\/naslovna?post=959686"}],"curies":[{"name":"wp","href":"https:\/\/api.w.org\/{rel}","templated":true}]}}