{"id":959667,"date":"2025-10-23T15:02:00","date_gmt":"2025-10-23T13:02:00","guid":{"rendered":"https:\/\/dmcsrb.com\/uncategorized\/djeljosaj-zakon-o-privrednim-drustvima-afirmise-odgovornost-profesionalnost-i-znanje\/"},"modified":"2025-10-23T15:02:00","modified_gmt":"2025-10-23T13:02:00","slug":"djeljosaj-zakon-o-privrednim-drustvima-afirmise-odgovornost-profesionalnost-i-znanje","status":"publish","type":"post","link":"https:\/\/dmcsrb.com\/en\/ekonomija\/djeljosaj-zakon-o-privrednim-drustvima-afirmise-odgovornost-profesionalnost-i-znanje\/","title":{"rendered":"\u0110eljo\u0161aj: Zakon o privrednim dru\u0161tvima afirmi\u0161e odgovornost, profesionalnost i znanje"},"content":{"rendered":"<p>&#8220;Ovim zakonom \u010dinimo odlu\u010dan i hrabar korak ka uspostavljanju sistema koji po\u010diva na meritokratiji, evropskim vrijednostima i transparentnom upravljanju&#8221;, poru\u010dio je \u0110eljo\u0161aj.<\/p>\n\n\n\n<p>On je istakao da ovaj zakon ograni\u010dava partitokratiju, dok afirmi\u0161e odgovornost, profesionalnost i znanje &#8211;&nbsp; vrijednosti koje \u010dine temelj moderne i demokratske dr\u017eave.<\/p>\n\n\n\n<p>&#8220;Novi zakon, koji stupa na snagu 1. januara 2026. godine, otvara novo poglavlje reformi, u kojem efikasnost, stru\u010dnost i kompetentnost postaju glavni kriterijumi za izbor rukovodilaca i \u010dlanova upravlja\u010dkih struktura, kako u dr\u017eavnim, tako i u privatnim privrednim dru\u0161tvima. Na taj na\u010din, partijska i politi\u010dka zapo\u0161ljavanja bi\u0107e zamijenjena sistemom zasnovanim na znanju, rezultatima i odgovornosti, sistemom koji pripada modernoj, gra\u0111anskoj i evropskoj Crnoj Gori&#8221;, navodi se u saop\u0161tenju.<\/p>\n\n\n\n<p>\u0110eljo\u0161aj poru\u010duje da ovaj zakon nije samo pravni akt, ve\u0107 simbol promjene, poruka povjerenja u institucije i dokaz da Crna Gora odlu\u010dno ide putem evropskih standarda i dobre uprave.<\/p>\n\n\n\n<p>&#8220;Zato vjerujem da \u0107e primjena ovog zakona ozna\u010diti prekretnicu u na\u010dinu na koji upravljamo dr\u017eavom, institucijama i javnim resursima, u interesu gra\u0111ana, privrede i na\u0161e zajedni\u010dke evropske budu\u0107nosti&#8221;, zaklju\u010duje potpredsjednik Vlade.<\/p>","protected":false},"excerpt":{"rendered":"<p>&#8220;Primjenom novog Zakona o privrednim dru\u0161tvima, koji je pripremilo Ministarstvo ekonomskog razvoja, Crna Gora zapo\u010dinje najzna\u010dajniju reformu privrednog sistema i poslovanja dr\u017eavnih preduze\u0107a u svojoj savremenoj istoriji, saop\u0161tio je potpredsjednik Vlade i ministar ekonomskog razvoja, Nik \u0110eljo\u0161aj.<\/p>","protected":false},"author":1,"featured_media":912406,"comment_status":"open","ping_status":"open","sticky":false,"template":"","format":"standard","meta":{"_acf_changed":false,"footnotes":""},"categories":[27],"tags":[1275,2702],"naslovna":[],"class_list":["post-959667","post","type-post","status-publish","format-standard","has-post-thumbnail","hentry","category-ekonomija","tag-nik-djeljosaj","tag-zakon-o-privrednim-drustvima"],"acf":[],"yoast_head":"<!-- This site is optimized with the Yoast SEO plugin v27.4 - https:\/\/yoast.com\/product\/yoast-seo-wordpress\/ -->\n<title>\u0110eljo\u0161aj: Zakon o privrednim dru\u0161tvima afirmi\u0161e odgovornost, profesionalnost i znanje - dmcsrb.com<\/title>\n<meta name=\"robots\" content=\"index, follow, max-snippet:-1, max-image-preview:large, max-video-preview:-1\" \/>\n<link rel=\"canonical\" href=\"https:\/\/dmcsrb.com\/en\/ekonomija\/djeljosaj-zakon-o-privrednim-drustvima-afirmise-odgovornost-profesionalnost-i-znanje\/\" \/>\n<meta property=\"og:locale\" content=\"en_GB\" \/>\n<meta property=\"og:type\" content=\"article\" \/>\n<meta property=\"og:title\" content=\"\u0110eljo\u0161aj: Zakon o privrednim dru\u0161tvima afirmi\u0161e odgovornost, profesionalnost i znanje - dmcsrb.com\" \/>\n<meta property=\"og:description\" content=\"&quot;Primjenom novog Zakona o privrednim dru\u0161tvima, koji je pripremilo Ministarstvo ekonomskog razvoja, Crna Gora zapo\u010dinje najzna\u010dajniju reformu privrednog sistema i poslovanja dr\u017eavnih preduze\u0107a u svojoj savremenoj istoriji, saop\u0161tio je potpredsjednik Vlade i ministar ekonomskog razvoja, Nik \u0110eljo\u0161aj.\" \/>\n<meta property=\"og:url\" content=\"https:\/\/dmcsrb.com\/en\/ekonomija\/djeljosaj-zakon-o-privrednim-drustvima-afirmise-odgovornost-profesionalnost-i-znanje\/\" \/>\n<meta property=\"og:site_name\" content=\"dmcsrb.com\" \/>\n<meta property=\"article:published_time\" content=\"2025-10-23T13:02:00+00:00\" \/>\n<meta property=\"og:image\" content=\"https:\/\/dmcsrb.com\/wp-content\/uploads\/2026\/01\/IMG-20250429-WA0001_598x900.jpg\" \/>\n\t<meta property=\"og:image:width\" content=\"899\" \/>\n\t<meta property=\"og:image:height\" content=\"598\" \/>\n\t<meta property=\"og:image:type\" content=\"image\/jpeg\" \/>\n<meta name=\"author\" content=\"dmcsrbija.com@gmail.com\" \/>\n<meta name=\"twitter:card\" content=\"summary_large_image\" \/>\n<meta name=\"twitter:label1\" content=\"Written by\" \/>\n\t<meta name=\"twitter:data1\" content=\"dmcsrbija.com@gmail.com\" \/>\n\t<meta name=\"twitter:label2\" content=\"Estimated reading time\" \/>\n\t<meta name=\"twitter:data2\" content=\"1 minute\" \/>\n<script type=\"application\/ld+json\" class=\"yoast-schema-graph\">{\"@context\":\"https:\\\/\\\/schema.org\",\"@graph\":[{\"@type\":\"Article\",\"@id\":\"https:\\\/\\\/dmcsrb.com\\\/en\\\/ekonomija\\\/djeljosaj-zakon-o-privrednim-drustvima-afirmise-odgovornost-profesionalnost-i-znanje\\\/#article\",\"isPartOf\":{\"@id\":\"https:\\\/\\\/dmcsrb.com\\\/en\\\/ekonomija\\\/djeljosaj-zakon-o-privrednim-drustvima-afirmise-odgovornost-profesionalnost-i-znanje\\\/\"},\"author\":{\"name\":\"dmcsrbija.com@gmail.com\",\"@id\":\"https:\\\/\\\/dmcsrb.com\\\/#\\\/schema\\\/person\\\/5c39170f12db1b8b457732d0b5c854e2\"},\"headline\":\"\u0110eljo\u0161aj: Zakon o privrednim dru\u0161tvima afirmi\u0161e odgovornost, profesionalnost i znanje\",\"datePublished\":\"2025-10-23T13:02:00+00:00\",\"mainEntityOfPage\":{\"@id\":\"https:\\\/\\\/dmcsrb.com\\\/en\\\/ekonomija\\\/djeljosaj-zakon-o-privrednim-drustvima-afirmise-odgovornost-profesionalnost-i-znanje\\\/\"},\"wordCount\":213,\"commentCount\":0,\"image\":{\"@id\":\"https:\\\/\\\/dmcsrb.com\\\/en\\\/ekonomija\\\/djeljosaj-zakon-o-privrednim-drustvima-afirmise-odgovornost-profesionalnost-i-znanje\\\/#primaryimage\"},\"thumbnailUrl\":\"https:\\\/\\\/dmcsrb.com\\\/wp-content\\\/uploads\\\/2026\\\/01\\\/IMG-20250429-WA0001_598x900.jpg\",\"keywords\":[\"Nik \u0110eljo\u0161aj\",\"Zakon o privrednim dru\u0161tvima\"],\"articleSection\":[\"Ekonomija\"],\"inLanguage\":\"en-GB\",\"potentialAction\":[{\"@type\":\"CommentAction\",\"name\":\"Comment\",\"target\":[\"https:\\\/\\\/dmcsrb.com\\\/en\\\/ekonomija\\\/djeljosaj-zakon-o-privrednim-drustvima-afirmise-odgovornost-profesionalnost-i-znanje\\\/#respond\"]}]},{\"@type\":\"WebPage\",\"@id\":\"https:\\\/\\\/dmcsrb.com\\\/en\\\/ekonomija\\\/djeljosaj-zakon-o-privrednim-drustvima-afirmise-odgovornost-profesionalnost-i-znanje\\\/\",\"url\":\"https:\\\/\\\/dmcsrb.com\\\/en\\\/ekonomija\\\/djeljosaj-zakon-o-privrednim-drustvima-afirmise-odgovornost-profesionalnost-i-znanje\\\/\",\"name\":\"\u0110eljo\u0161aj: Zakon o privrednim dru\u0161tvima afirmi\u0161e odgovornost, profesionalnost i znanje - dmcsrb.com\",\"isPartOf\":{\"@id\":\"https:\\\/\\\/dmcsrb.com\\\/#website\"},\"primaryImageOfPage\":{\"@id\":\"https:\\\/\\\/dmcsrb.com\\\/en\\\/ekonomija\\\/djeljosaj-zakon-o-privrednim-drustvima-afirmise-odgovornost-profesionalnost-i-znanje\\\/#primaryimage\"},\"image\":{\"@id\":\"https:\\\/\\\/dmcsrb.com\\\/en\\\/ekonomija\\\/djeljosaj-zakon-o-privrednim-drustvima-afirmise-odgovornost-profesionalnost-i-znanje\\\/#primaryimage\"},\"thumbnailUrl\":\"https:\\\/\\\/dmcsrb.com\\\/wp-content\\\/uploads\\\/2026\\\/01\\\/IMG-20250429-WA0001_598x900.jpg\",\"datePublished\":\"2025-10-23T13:02:00+00:00\",\"author\":{\"@id\":\"https:\\\/\\\/dmcsrb.com\\\/#\\\/schema\\\/person\\\/5c39170f12db1b8b457732d0b5c854e2\"},\"breadcrumb\":{\"@id\":\"https:\\\/\\\/dmcsrb.com\\\/en\\\/ekonomija\\\/djeljosaj-zakon-o-privrednim-drustvima-afirmise-odgovornost-profesionalnost-i-znanje\\\/#breadcrumb\"},\"inLanguage\":\"en-GB\",\"potentialAction\":[{\"@type\":\"ReadAction\",\"target\":[\"https:\\\/\\\/dmcsrb.com\\\/en\\\/ekonomija\\\/djeljosaj-zakon-o-privrednim-drustvima-afirmise-odgovornost-profesionalnost-i-znanje\\\/\"]}]},{\"@type\":\"ImageObject\",\"inLanguage\":\"en-GB\",\"@id\":\"https:\\\/\\\/dmcsrb.com\\\/en\\\/ekonomija\\\/djeljosaj-zakon-o-privrednim-drustvima-afirmise-odgovornost-profesionalnost-i-znanje\\\/#primaryimage\",\"url\":\"https:\\\/\\\/dmcsrb.com\\\/wp-content\\\/uploads\\\/2026\\\/01\\\/IMG-20250429-WA0001_598x900.jpg\",\"contentUrl\":\"https:\\\/\\\/dmcsrb.com\\\/wp-content\\\/uploads\\\/2026\\\/01\\\/IMG-20250429-WA0001_598x900.jpg\",\"width\":899,\"height\":598},{\"@type\":\"BreadcrumbList\",\"@id\":\"https:\\\/\\\/dmcsrb.com\\\/en\\\/ekonomija\\\/djeljosaj-zakon-o-privrednim-drustvima-afirmise-odgovornost-profesionalnost-i-znanje\\\/#breadcrumb\",\"itemListElement\":[{\"@type\":\"ListItem\",\"position\":1,\"name\":\"Home\",\"item\":\"https:\\\/\\\/dmcsrb.com\\\/\"},{\"@type\":\"ListItem\",\"position\":2,\"name\":\"\u0110eljo\u0161aj: Zakon o privrednim dru\u0161tvima afirmi\u0161e odgovornost, profesionalnost i znanje\"}]},{\"@type\":\"WebSite\",\"@id\":\"https:\\\/\\\/dmcsrb.com\\\/#website\",\"url\":\"https:\\\/\\\/dmcsrb.com\\\/\",\"name\":\"dmcsrb.com\",\"description\":\"\",\"potentialAction\":[{\"@type\":\"SearchAction\",\"target\":{\"@type\":\"EntryPoint\",\"urlTemplate\":\"https:\\\/\\\/dmcsrb.com\\\/?s={search_term_string}\"},\"query-input\":{\"@type\":\"PropertyValueSpecification\",\"valueRequired\":true,\"valueName\":\"search_term_string\"}}],\"inLanguage\":\"en-GB\"},{\"@type\":\"Person\",\"@id\":\"https:\\\/\\\/dmcsrb.com\\\/#\\\/schema\\\/person\\\/5c39170f12db1b8b457732d0b5c854e2\",\"name\":\"dmcsrbija.com@gmail.com\",\"image\":{\"@type\":\"ImageObject\",\"inLanguage\":\"en-GB\",\"@id\":\"https:\\\/\\\/secure.gravatar.com\\\/avatar\\\/68592660ad6347fad0fb587f8d5d8f1a7b44961362f56e4f2cd524feb87e9069?s=96&d=mm&r=g\",\"url\":\"https:\\\/\\\/secure.gravatar.com\\\/avatar\\\/68592660ad6347fad0fb587f8d5d8f1a7b44961362f56e4f2cd524feb87e9069?s=96&d=mm&r=g\",\"contentUrl\":\"https:\\\/\\\/secure.gravatar.com\\\/avatar\\\/68592660ad6347fad0fb587f8d5d8f1a7b44961362f56e4f2cd524feb87e9069?s=96&d=mm&r=g\",\"caption\":\"dmcsrbija.com@gmail.com\"},\"sameAs\":[\"https:\\\/\\\/dmcsrb.com\"],\"url\":\"https:\\\/\\\/dmcsrb.com\\\/en\\\/author\\\/dmcsrbija-comgmail-com\\\/\"}]}<\/script>\n<!-- \/ Yoast SEO plugin. -->","yoast_head_json":{"title":"\u0110eljo\u0161aj: Zakon o privrednim dru\u0161tvima afirmi\u0161e odgovornost, profesionalnost i znanje - dmcsrb.com","robots":{"index":"index","follow":"follow","max-snippet":"max-snippet:-1","max-image-preview":"max-image-preview:large","max-video-preview":"max-video-preview:-1"},"canonical":"https:\/\/dmcsrb.com\/en\/ekonomija\/djeljosaj-zakon-o-privrednim-drustvima-afirmise-odgovornost-profesionalnost-i-znanje\/","og_locale":"en_GB","og_type":"article","og_title":"\u0110eljo\u0161aj: Zakon o privrednim dru\u0161tvima afirmi\u0161e odgovornost, profesionalnost i znanje - dmcsrb.com","og_description":"\"Primjenom novog Zakona o privrednim dru\u0161tvima, koji je pripremilo Ministarstvo ekonomskog razvoja, Crna Gora zapo\u010dinje najzna\u010dajniju reformu privrednog sistema i poslovanja dr\u017eavnih preduze\u0107a u svojoj savremenoj istoriji, saop\u0161tio je potpredsjednik Vlade i ministar ekonomskog razvoja, Nik \u0110eljo\u0161aj.","og_url":"https:\/\/dmcsrb.com\/en\/ekonomija\/djeljosaj-zakon-o-privrednim-drustvima-afirmise-odgovornost-profesionalnost-i-znanje\/","og_site_name":"dmcsrb.com","article_published_time":"2025-10-23T13:02:00+00:00","og_image":[{"width":899,"height":598,"url":"https:\/\/dmcsrb.com\/wp-content\/uploads\/2026\/01\/IMG-20250429-WA0001_598x900.jpg","type":"image\/jpeg"}],"author":"dmcsrbija.com@gmail.com","twitter_card":"summary_large_image","twitter_misc":{"Written by":"dmcsrbija.com@gmail.com","Estimated reading time":"1 minute"},"schema":{"@context":"https:\/\/schema.org","@graph":[{"@type":"Article","@id":"https:\/\/dmcsrb.com\/en\/ekonomija\/djeljosaj-zakon-o-privrednim-drustvima-afirmise-odgovornost-profesionalnost-i-znanje\/#article","isPartOf":{"@id":"https:\/\/dmcsrb.com\/en\/ekonomija\/djeljosaj-zakon-o-privrednim-drustvima-afirmise-odgovornost-profesionalnost-i-znanje\/"},"author":{"name":"dmcsrbija.com@gmail.com","@id":"https:\/\/dmcsrb.com\/#\/schema\/person\/5c39170f12db1b8b457732d0b5c854e2"},"headline":"\u0110eljo\u0161aj: Zakon o privrednim dru\u0161tvima afirmi\u0161e odgovornost, profesionalnost i znanje","datePublished":"2025-10-23T13:02:00+00:00","mainEntityOfPage":{"@id":"https:\/\/dmcsrb.com\/en\/ekonomija\/djeljosaj-zakon-o-privrednim-drustvima-afirmise-odgovornost-profesionalnost-i-znanje\/"},"wordCount":213,"commentCount":0,"image":{"@id":"https:\/\/dmcsrb.com\/en\/ekonomija\/djeljosaj-zakon-o-privrednim-drustvima-afirmise-odgovornost-profesionalnost-i-znanje\/#primaryimage"},"thumbnailUrl":"https:\/\/dmcsrb.com\/wp-content\/uploads\/2026\/01\/IMG-20250429-WA0001_598x900.jpg","keywords":["Nik \u0110eljo\u0161aj","Zakon o privrednim dru\u0161tvima"],"articleSection":["Ekonomija"],"inLanguage":"en-GB","potentialAction":[{"@type":"CommentAction","name":"Comment","target":["https:\/\/dmcsrb.com\/en\/ekonomija\/djeljosaj-zakon-o-privrednim-drustvima-afirmise-odgovornost-profesionalnost-i-znanje\/#respond"]}]},{"@type":"WebPage","@id":"https:\/\/dmcsrb.com\/en\/ekonomija\/djeljosaj-zakon-o-privrednim-drustvima-afirmise-odgovornost-profesionalnost-i-znanje\/","url":"https:\/\/dmcsrb.com\/en\/ekonomija\/djeljosaj-zakon-o-privrednim-drustvima-afirmise-odgovornost-profesionalnost-i-znanje\/","name":"\u0110eljo\u0161aj: Zakon o privrednim dru\u0161tvima afirmi\u0161e odgovornost, profesionalnost i znanje - dmcsrb.com","isPartOf":{"@id":"https:\/\/dmcsrb.com\/#website"},"primaryImageOfPage":{"@id":"https:\/\/dmcsrb.com\/en\/ekonomija\/djeljosaj-zakon-o-privrednim-drustvima-afirmise-odgovornost-profesionalnost-i-znanje\/#primaryimage"},"image":{"@id":"https:\/\/dmcsrb.com\/en\/ekonomija\/djeljosaj-zakon-o-privrednim-drustvima-afirmise-odgovornost-profesionalnost-i-znanje\/#primaryimage"},"thumbnailUrl":"https:\/\/dmcsrb.com\/wp-content\/uploads\/2026\/01\/IMG-20250429-WA0001_598x900.jpg","datePublished":"2025-10-23T13:02:00+00:00","author":{"@id":"https:\/\/dmcsrb.com\/#\/schema\/person\/5c39170f12db1b8b457732d0b5c854e2"},"breadcrumb":{"@id":"https:\/\/dmcsrb.com\/en\/ekonomija\/djeljosaj-zakon-o-privrednim-drustvima-afirmise-odgovornost-profesionalnost-i-znanje\/#breadcrumb"},"inLanguage":"en-GB","potentialAction":[{"@type":"ReadAction","target":["https:\/\/dmcsrb.com\/en\/ekonomija\/djeljosaj-zakon-o-privrednim-drustvima-afirmise-odgovornost-profesionalnost-i-znanje\/"]}]},{"@type":"ImageObject","inLanguage":"en-GB","@id":"https:\/\/dmcsrb.com\/en\/ekonomija\/djeljosaj-zakon-o-privrednim-drustvima-afirmise-odgovornost-profesionalnost-i-znanje\/#primaryimage","url":"https:\/\/dmcsrb.com\/wp-content\/uploads\/2026\/01\/IMG-20250429-WA0001_598x900.jpg","contentUrl":"https:\/\/dmcsrb.com\/wp-content\/uploads\/2026\/01\/IMG-20250429-WA0001_598x900.jpg","width":899,"height":598},{"@type":"BreadcrumbList","@id":"https:\/\/dmcsrb.com\/en\/ekonomija\/djeljosaj-zakon-o-privrednim-drustvima-afirmise-odgovornost-profesionalnost-i-znanje\/#breadcrumb","itemListElement":[{"@type":"ListItem","position":1,"name":"Home","item":"https:\/\/dmcsrb.com\/"},{"@type":"ListItem","position":2,"name":"\u0110eljo\u0161aj: Zakon o privrednim dru\u0161tvima afirmi\u0161e odgovornost, profesionalnost i znanje"}]},{"@type":"WebSite","@id":"https:\/\/dmcsrb.com\/#website","url":"https:\/\/dmcsrb.com\/","name":"dmcsrb.com","description":"","potentialAction":[{"@type":"SearchAction","target":{"@type":"EntryPoint","urlTemplate":"https:\/\/dmcsrb.com\/?s={search_term_string}"},"query-input":{"@type":"PropertyValueSpecification","valueRequired":true,"valueName":"search_term_string"}}],"inLanguage":"en-GB"},{"@type":"Person","@id":"https:\/\/dmcsrb.com\/#\/schema\/person\/5c39170f12db1b8b457732d0b5c854e2","name":"dmcsrbija.com@gmail.com","image":{"@type":"ImageObject","inLanguage":"en-GB","@id":"https:\/\/secure.gravatar.com\/avatar\/68592660ad6347fad0fb587f8d5d8f1a7b44961362f56e4f2cd524feb87e9069?s=96&d=mm&r=g","url":"https:\/\/secure.gravatar.com\/avatar\/68592660ad6347fad0fb587f8d5d8f1a7b44961362f56e4f2cd524feb87e9069?s=96&d=mm&r=g","contentUrl":"https:\/\/secure.gravatar.com\/avatar\/68592660ad6347fad0fb587f8d5d8f1a7b44961362f56e4f2cd524feb87e9069?s=96&d=mm&r=g","caption":"dmcsrbija.com@gmail.com"},"sameAs":["https:\/\/dmcsrb.com"],"url":"https:\/\/dmcsrb.com\/en\/author\/dmcsrbija-comgmail-com\/"}]}},"_links":{"self":[{"href":"https:\/\/dmcsrb.com\/en\/wp-json\/wp\/v2\/posts\/959667","targetHints":{"allow":["GET"]}}],"collection":[{"href":"https:\/\/dmcsrb.com\/en\/wp-json\/wp\/v2\/posts"}],"about":[{"href":"https:\/\/dmcsrb.com\/en\/wp-json\/wp\/v2\/types\/post"}],"author":[{"embeddable":true,"href":"https:\/\/dmcsrb.com\/en\/wp-json\/wp\/v2\/users\/1"}],"replies":[{"embeddable":true,"href":"https:\/\/dmcsrb.com\/en\/wp-json\/wp\/v2\/comments?post=959667"}],"version-history":[{"count":0,"href":"https:\/\/dmcsrb.com\/en\/wp-json\/wp\/v2\/posts\/959667\/revisions"}],"wp:featuredmedia":[{"embeddable":true,"href":"https:\/\/dmcsrb.com\/en\/wp-json\/wp\/v2\/media\/912406"}],"wp:attachment":[{"href":"https:\/\/dmcsrb.com\/en\/wp-json\/wp\/v2\/media?parent=959667"}],"wp:term":[{"taxonomy":"category","embeddable":true,"href":"https:\/\/dmcsrb.com\/en\/wp-json\/wp\/v2\/categories?post=959667"},{"taxonomy":"post_tag","embeddable":true,"href":"https:\/\/dmcsrb.com\/en\/wp-json\/wp\/v2\/tags?post=959667"},{"taxonomy":"naslovna","embeddable":true,"href":"https:\/\/dmcsrb.com\/en\/wp-json\/wp\/v2\/naslovna?post=959667"}],"curies":[{"name":"wp","href":"https:\/\/api.w.org\/{rel}","templated":true}]}}