{"id":959642,"date":"2025-10-23T15:13:00","date_gmt":"2025-10-23T13:13:00","guid":{"rendered":"https:\/\/dmcsrb.com\/uncategorized\/udruzenje-podstnara-crne-gore-stan-nije-luksuz-stan-je-pravo\/"},"modified":"2025-10-23T15:13:00","modified_gmt":"2025-10-23T13:13:00","slug":"udruzenje-podstnara-crne-gore-stan-nije-luksuz-stan-je-pravo","status":"publish","type":"post","link":"https:\/\/dmcsrb.com\/en\/drustvo\/udruzenje-podstnara-crne-gore-stan-nije-luksuz-stan-je-pravo\/","title":{"rendered":"Udru\u017eenje podstnara Crne Gore: Stan nije luksuz \u2014 stan je pravo"},"content":{"rendered":"<p>&#8220;Udru\u017eenje podstanara Crne Gore izra\u017eava duboku zabrinutost zbog\u00a0<strong>namjernog zamagljivanja problema i zamjene teza<\/strong>\u00a0od strane mnogih aktera u oblasti stambene politike. Investitori, agencije za nekretnine, Privredna komora i odre\u0111eni donosioci odluka \u010desto prebacuju krivicu, dok hiljade gra\u0111ana trpe posljedice njihovog\u00a0<strong>\u0107utanja i neodgovornosti<\/strong>&#8220;, navodi se u saop\u0161tenju.<\/p>\n\n\n\n<p>Kako ka\u017eu, stan vi\u0161e nije dom, &#8220;ve\u0107 roba i investicija. Projekti poput \u201cVeljeg Brda\u201d predstavljaju se kao socijalni, ali su zapravo dostupni samo onima koji imaju kapital i kreditnu sposobnost&#8221;. <\/p>\n\n\n\n<p>&#8220;Podstanari, mladi, porodice sa djecom i radnici ostaju bez ikakvog stvarnog rje\u0161enja, dok profitni interesi diktiraju politiku&#8221;, naveli su iz Udru\u017eenja.<\/p>\n\n\n\n<h3 class=\"wp-block-heading\">Zahtjevi Udru\u017eenja podstanara Crne Gore:<\/h3>\n\n\n\n<ol class=\"wp-block-list\">\n<li>Nacionalna strategija stanovanja koja osigurava pristupa\u010dan i siguran krov nad glavom za podstanare i ugro\u017eene grupe.<\/li>\n\n\n\n<li>Uvo\u0111enje poreza na prazne stanove i ograni\u010denje vi\u0161estrukog vlasni\u0161tva kako bi se sprije\u010dila spekulacija nekretninama.<\/li>\n\n\n\n<li>Zakon o najmu stanova koji \u0161titi podstanare i uvodi obavezne ugovore.<\/li>\n\n\n\n<li>Socijalni i javni stanovi dostupni onima koji \u017eive od rada, a ne od rente.<\/li>\n\n\n\n<li>Transparentnost i odgovornost u urbanisti\u010dkom planiranju \u2013 svaka nova gradnja mora pratiti stvarne potrebe gra\u0111ana, a ne profit investitora.<\/li>\n<\/ol>\n\n\n\n<p>&#8220;Ne tra\u017eimo milostinju, nego pravdu. Ne tra\u017eimo kompromis s politikom koja manipuli\u0161e \u010dinjenicama i ignori\u0161e ljude. Tra\u017eimo\u00a0<strong>odgovornost svih aktera<\/strong>, jer hiljade porodica trpe zbog njihove nesposobnosti i indiferentnosti&#8221;, stoji u saop\u0161tenju.<\/p>\n\n\n\n<p>Zaklju\u010duju da je vrijeme je da Crna Gora prepozna stanovanje kao\u00a0<strong>ljudsko pravo<\/strong>, a ne kao robu kojom se trguje. <\/p>\n\n\n\n<p>&#8220;Dom nije privilegija \u2013 dom je osnova dostojanstva, sigurnosti i porodice&#8221;, zaklju\u010dak je saop\u0161tenja.<\/p>","protected":false},"excerpt":{"rendered":"<p>U Crnoj Gori danas svjedo\u010dimo apsurdu: imamo vi\u0161e od 70.000 praznih stanova i gotovo 90.000 stanova koji se koriste samo povremeno, dok hiljade porodica \u017eive u nesigurnosti, pla\u0107aju enormne kirije i bore se za elementarno dostojanstvo, saop[teno je iz Udru\u017eenja podstanara Crne Gore.<\/p>","protected":false},"author":1,"featured_media":913951,"comment_status":"open","ping_status":"open","sticky":false,"template":"","format":"standard","meta":{"_acf_changed":false,"footnotes":""},"categories":[2],"tags":[95,7095,8409],"naslovna":[],"class_list":["post-959642","post","type-post","status-publish","format-standard","has-post-thumbnail","hentry","category-drustvo","tag-crna-gora","tag-stan","tag-udruzenje-podstanara-crne-gore"],"acf":[],"yoast_head":"<!-- This site is optimized with the Yoast SEO plugin v27.4 - https:\/\/yoast.com\/product\/yoast-seo-wordpress\/ -->\n<title>Udru\u017eenje podstnara Crne Gore: Stan nije luksuz \u2014 stan je pravo - dmcsrb.com<\/title>\n<meta name=\"robots\" content=\"index, follow, max-snippet:-1, max-image-preview:large, max-video-preview:-1\" \/>\n<link rel=\"canonical\" href=\"https:\/\/dmcsrb.com\/en\/drustvo\/udruzenje-podstnara-crne-gore-stan-nije-luksuz-stan-je-pravo\/\" \/>\n<meta property=\"og:locale\" content=\"en_GB\" \/>\n<meta property=\"og:type\" content=\"article\" \/>\n<meta property=\"og:title\" content=\"Udru\u017eenje podstnara Crne Gore: Stan nije luksuz \u2014 stan je pravo - dmcsrb.com\" \/>\n<meta property=\"og:description\" content=\"U Crnoj Gori danas svjedo\u010dimo apsurdu: imamo vi\u0161e od 70.000 praznih stanova i gotovo 90.000 stanova koji se koriste samo povremeno, dok hiljade porodica \u017eive u nesigurnosti, pla\u0107aju enormne kirije i bore se za elementarno dostojanstvo, saop[teno je iz Udru\u017eenja podstanara Crne Gore.\" \/>\n<meta property=\"og:url\" content=\"https:\/\/dmcsrb.com\/en\/drustvo\/udruzenje-podstnara-crne-gore-stan-nije-luksuz-stan-je-pravo\/\" \/>\n<meta property=\"og:site_name\" content=\"dmcsrb.com\" \/>\n<meta property=\"article:published_time\" content=\"2025-10-23T13:13:00+00:00\" \/>\n<meta property=\"og:image\" content=\"https:\/\/dmcsrb.com\/wp-content\/uploads\/2026\/01\/5591665_logo3_ls.jpg\" \/>\n\t<meta property=\"og:image:width\" content=\"1000\" \/>\n\t<meta property=\"og:image:height\" content=\"666\" \/>\n\t<meta property=\"og:image:type\" content=\"image\/jpeg\" \/>\n<meta name=\"author\" content=\"dmcsrbija.com@gmail.com\" \/>\n<meta name=\"twitter:card\" content=\"summary_large_image\" \/>\n<meta name=\"twitter:label1\" content=\"Written by\" \/>\n\t<meta name=\"twitter:data1\" content=\"dmcsrbija.com@gmail.com\" \/>\n\t<meta name=\"twitter:label2\" content=\"Estimated reading time\" \/>\n\t<meta name=\"twitter:data2\" content=\"1 minute\" \/>\n<script type=\"application\/ld+json\" class=\"yoast-schema-graph\">{\"@context\":\"https:\\\/\\\/schema.org\",\"@graph\":[{\"@type\":\"Article\",\"@id\":\"https:\\\/\\\/dmcsrb.com\\\/drustvo\\\/udruzenje-podstnara-crne-gore-stan-nije-luksuz-stan-je-pravo\\\/#article\",\"isPartOf\":{\"@id\":\"https:\\\/\\\/dmcsrb.com\\\/drustvo\\\/udruzenje-podstnara-crne-gore-stan-nije-luksuz-stan-je-pravo\\\/\"},\"author\":{\"name\":\"dmcsrbija.com@gmail.com\",\"@id\":\"https:\\\/\\\/dmcsrb.com\\\/#\\\/schema\\\/person\\\/5c39170f12db1b8b457732d0b5c854e2\"},\"headline\":\"Udru\u017eenje podstnara Crne Gore: Stan nije luksuz \u2014 stan je pravo\",\"datePublished\":\"2025-10-23T13:13:00+00:00\",\"mainEntityOfPage\":{\"@id\":\"https:\\\/\\\/dmcsrb.com\\\/drustvo\\\/udruzenje-podstnara-crne-gore-stan-nije-luksuz-stan-je-pravo\\\/\"},\"wordCount\":282,\"commentCount\":0,\"image\":{\"@id\":\"https:\\\/\\\/dmcsrb.com\\\/drustvo\\\/udruzenje-podstnara-crne-gore-stan-nije-luksuz-stan-je-pravo\\\/#primaryimage\"},\"thumbnailUrl\":\"https:\\\/\\\/dmcsrb.com\\\/wp-content\\\/uploads\\\/2026\\\/01\\\/5591665_logo3_ls.jpg\",\"keywords\":[\"Crna Gora\",\"stan\",\"Udru\u017eenje podstanara Crne Gore\"],\"articleSection\":[\"Dru\u0161tvo\"],\"inLanguage\":\"en-GB\",\"potentialAction\":[{\"@type\":\"CommentAction\",\"name\":\"Comment\",\"target\":[\"https:\\\/\\\/dmcsrb.com\\\/drustvo\\\/udruzenje-podstnara-crne-gore-stan-nije-luksuz-stan-je-pravo\\\/#respond\"]}]},{\"@type\":\"WebPage\",\"@id\":\"https:\\\/\\\/dmcsrb.com\\\/drustvo\\\/udruzenje-podstnara-crne-gore-stan-nije-luksuz-stan-je-pravo\\\/\",\"url\":\"https:\\\/\\\/dmcsrb.com\\\/drustvo\\\/udruzenje-podstnara-crne-gore-stan-nije-luksuz-stan-je-pravo\\\/\",\"name\":\"Udru\u017eenje podstnara Crne Gore: Stan nije luksuz \u2014 stan je pravo - dmcsrb.com\",\"isPartOf\":{\"@id\":\"https:\\\/\\\/dmcsrb.com\\\/#website\"},\"primaryImageOfPage\":{\"@id\":\"https:\\\/\\\/dmcsrb.com\\\/drustvo\\\/udruzenje-podstnara-crne-gore-stan-nije-luksuz-stan-je-pravo\\\/#primaryimage\"},\"image\":{\"@id\":\"https:\\\/\\\/dmcsrb.com\\\/drustvo\\\/udruzenje-podstnara-crne-gore-stan-nije-luksuz-stan-je-pravo\\\/#primaryimage\"},\"thumbnailUrl\":\"https:\\\/\\\/dmcsrb.com\\\/wp-content\\\/uploads\\\/2026\\\/01\\\/5591665_logo3_ls.jpg\",\"datePublished\":\"2025-10-23T13:13:00+00:00\",\"author\":{\"@id\":\"https:\\\/\\\/dmcsrb.com\\\/#\\\/schema\\\/person\\\/5c39170f12db1b8b457732d0b5c854e2\"},\"breadcrumb\":{\"@id\":\"https:\\\/\\\/dmcsrb.com\\\/drustvo\\\/udruzenje-podstnara-crne-gore-stan-nije-luksuz-stan-je-pravo\\\/#breadcrumb\"},\"inLanguage\":\"en-GB\",\"potentialAction\":[{\"@type\":\"ReadAction\",\"target\":[\"https:\\\/\\\/dmcsrb.com\\\/drustvo\\\/udruzenje-podstnara-crne-gore-stan-nije-luksuz-stan-je-pravo\\\/\"]}]},{\"@type\":\"ImageObject\",\"inLanguage\":\"en-GB\",\"@id\":\"https:\\\/\\\/dmcsrb.com\\\/drustvo\\\/udruzenje-podstnara-crne-gore-stan-nije-luksuz-stan-je-pravo\\\/#primaryimage\",\"url\":\"https:\\\/\\\/dmcsrb.com\\\/wp-content\\\/uploads\\\/2026\\\/01\\\/5591665_logo3_ls.jpg\",\"contentUrl\":\"https:\\\/\\\/dmcsrb.com\\\/wp-content\\\/uploads\\\/2026\\\/01\\\/5591665_logo3_ls.jpg\",\"width\":1000,\"height\":666},{\"@type\":\"BreadcrumbList\",\"@id\":\"https:\\\/\\\/dmcsrb.com\\\/drustvo\\\/udruzenje-podstnara-crne-gore-stan-nije-luksuz-stan-je-pravo\\\/#breadcrumb\",\"itemListElement\":[{\"@type\":\"ListItem\",\"position\":1,\"name\":\"Home\",\"item\":\"https:\\\/\\\/dmcsrb.com\\\/\"},{\"@type\":\"ListItem\",\"position\":2,\"name\":\"Udru\u017eenje podstnara Crne Gore: Stan nije luksuz \u2014 stan je pravo\"}]},{\"@type\":\"WebSite\",\"@id\":\"https:\\\/\\\/dmcsrb.com\\\/#website\",\"url\":\"https:\\\/\\\/dmcsrb.com\\\/\",\"name\":\"dmcsrb.com\",\"description\":\"\",\"potentialAction\":[{\"@type\":\"SearchAction\",\"target\":{\"@type\":\"EntryPoint\",\"urlTemplate\":\"https:\\\/\\\/dmcsrb.com\\\/?s={search_term_string}\"},\"query-input\":{\"@type\":\"PropertyValueSpecification\",\"valueRequired\":true,\"valueName\":\"search_term_string\"}}],\"inLanguage\":\"en-GB\"},{\"@type\":\"Person\",\"@id\":\"https:\\\/\\\/dmcsrb.com\\\/#\\\/schema\\\/person\\\/5c39170f12db1b8b457732d0b5c854e2\",\"name\":\"dmcsrbija.com@gmail.com\",\"image\":{\"@type\":\"ImageObject\",\"inLanguage\":\"en-GB\",\"@id\":\"https:\\\/\\\/secure.gravatar.com\\\/avatar\\\/68592660ad6347fad0fb587f8d5d8f1a7b44961362f56e4f2cd524feb87e9069?s=96&d=mm&r=g\",\"url\":\"https:\\\/\\\/secure.gravatar.com\\\/avatar\\\/68592660ad6347fad0fb587f8d5d8f1a7b44961362f56e4f2cd524feb87e9069?s=96&d=mm&r=g\",\"contentUrl\":\"https:\\\/\\\/secure.gravatar.com\\\/avatar\\\/68592660ad6347fad0fb587f8d5d8f1a7b44961362f56e4f2cd524feb87e9069?s=96&d=mm&r=g\",\"caption\":\"dmcsrbija.com@gmail.com\"},\"sameAs\":[\"https:\\\/\\\/dmcsrb.com\"],\"url\":\"https:\\\/\\\/dmcsrb.com\\\/en\\\/author\\\/dmcsrbija-comgmail-com\\\/\"}]}<\/script>\n<!-- \/ Yoast SEO plugin. -->","yoast_head_json":{"title":"Udru\u017eenje podstnara Crne Gore: Stan nije luksuz \u2014 stan je pravo - dmcsrb.com","robots":{"index":"index","follow":"follow","max-snippet":"max-snippet:-1","max-image-preview":"max-image-preview:large","max-video-preview":"max-video-preview:-1"},"canonical":"https:\/\/dmcsrb.com\/en\/drustvo\/udruzenje-podstnara-crne-gore-stan-nije-luksuz-stan-je-pravo\/","og_locale":"en_GB","og_type":"article","og_title":"Udru\u017eenje podstnara Crne Gore: Stan nije luksuz \u2014 stan je pravo - dmcsrb.com","og_description":"U Crnoj Gori danas svjedo\u010dimo apsurdu: imamo vi\u0161e od 70.000 praznih stanova i gotovo 90.000 stanova koji se koriste samo povremeno, dok hiljade porodica \u017eive u nesigurnosti, pla\u0107aju enormne kirije i bore se za elementarno dostojanstvo, saop[teno je iz Udru\u017eenja podstanara Crne Gore.","og_url":"https:\/\/dmcsrb.com\/en\/drustvo\/udruzenje-podstnara-crne-gore-stan-nije-luksuz-stan-je-pravo\/","og_site_name":"dmcsrb.com","article_published_time":"2025-10-23T13:13:00+00:00","og_image":[{"width":1000,"height":666,"url":"https:\/\/dmcsrb.com\/wp-content\/uploads\/2026\/01\/5591665_logo3_ls.jpg","type":"image\/jpeg"}],"author":"dmcsrbija.com@gmail.com","twitter_card":"summary_large_image","twitter_misc":{"Written by":"dmcsrbija.com@gmail.com","Estimated reading time":"1 minute"},"schema":{"@context":"https:\/\/schema.org","@graph":[{"@type":"Article","@id":"https:\/\/dmcsrb.com\/drustvo\/udruzenje-podstnara-crne-gore-stan-nije-luksuz-stan-je-pravo\/#article","isPartOf":{"@id":"https:\/\/dmcsrb.com\/drustvo\/udruzenje-podstnara-crne-gore-stan-nije-luksuz-stan-je-pravo\/"},"author":{"name":"dmcsrbija.com@gmail.com","@id":"https:\/\/dmcsrb.com\/#\/schema\/person\/5c39170f12db1b8b457732d0b5c854e2"},"headline":"Udru\u017eenje podstnara Crne Gore: Stan nije luksuz \u2014 stan je pravo","datePublished":"2025-10-23T13:13:00+00:00","mainEntityOfPage":{"@id":"https:\/\/dmcsrb.com\/drustvo\/udruzenje-podstnara-crne-gore-stan-nije-luksuz-stan-je-pravo\/"},"wordCount":282,"commentCount":0,"image":{"@id":"https:\/\/dmcsrb.com\/drustvo\/udruzenje-podstnara-crne-gore-stan-nije-luksuz-stan-je-pravo\/#primaryimage"},"thumbnailUrl":"https:\/\/dmcsrb.com\/wp-content\/uploads\/2026\/01\/5591665_logo3_ls.jpg","keywords":["Crna Gora","stan","Udru\u017eenje podstanara Crne Gore"],"articleSection":["Dru\u0161tvo"],"inLanguage":"en-GB","potentialAction":[{"@type":"CommentAction","name":"Comment","target":["https:\/\/dmcsrb.com\/drustvo\/udruzenje-podstnara-crne-gore-stan-nije-luksuz-stan-je-pravo\/#respond"]}]},{"@type":"WebPage","@id":"https:\/\/dmcsrb.com\/drustvo\/udruzenje-podstnara-crne-gore-stan-nije-luksuz-stan-je-pravo\/","url":"https:\/\/dmcsrb.com\/drustvo\/udruzenje-podstnara-crne-gore-stan-nije-luksuz-stan-je-pravo\/","name":"Udru\u017eenje podstnara Crne Gore: Stan nije luksuz \u2014 stan je pravo - dmcsrb.com","isPartOf":{"@id":"https:\/\/dmcsrb.com\/#website"},"primaryImageOfPage":{"@id":"https:\/\/dmcsrb.com\/drustvo\/udruzenje-podstnara-crne-gore-stan-nije-luksuz-stan-je-pravo\/#primaryimage"},"image":{"@id":"https:\/\/dmcsrb.com\/drustvo\/udruzenje-podstnara-crne-gore-stan-nije-luksuz-stan-je-pravo\/#primaryimage"},"thumbnailUrl":"https:\/\/dmcsrb.com\/wp-content\/uploads\/2026\/01\/5591665_logo3_ls.jpg","datePublished":"2025-10-23T13:13:00+00:00","author":{"@id":"https:\/\/dmcsrb.com\/#\/schema\/person\/5c39170f12db1b8b457732d0b5c854e2"},"breadcrumb":{"@id":"https:\/\/dmcsrb.com\/drustvo\/udruzenje-podstnara-crne-gore-stan-nije-luksuz-stan-je-pravo\/#breadcrumb"},"inLanguage":"en-GB","potentialAction":[{"@type":"ReadAction","target":["https:\/\/dmcsrb.com\/drustvo\/udruzenje-podstnara-crne-gore-stan-nije-luksuz-stan-je-pravo\/"]}]},{"@type":"ImageObject","inLanguage":"en-GB","@id":"https:\/\/dmcsrb.com\/drustvo\/udruzenje-podstnara-crne-gore-stan-nije-luksuz-stan-je-pravo\/#primaryimage","url":"https:\/\/dmcsrb.com\/wp-content\/uploads\/2026\/01\/5591665_logo3_ls.jpg","contentUrl":"https:\/\/dmcsrb.com\/wp-content\/uploads\/2026\/01\/5591665_logo3_ls.jpg","width":1000,"height":666},{"@type":"BreadcrumbList","@id":"https:\/\/dmcsrb.com\/drustvo\/udruzenje-podstnara-crne-gore-stan-nije-luksuz-stan-je-pravo\/#breadcrumb","itemListElement":[{"@type":"ListItem","position":1,"name":"Home","item":"https:\/\/dmcsrb.com\/"},{"@type":"ListItem","position":2,"name":"Udru\u017eenje podstnara Crne Gore: Stan nije luksuz \u2014 stan je pravo"}]},{"@type":"WebSite","@id":"https:\/\/dmcsrb.com\/#website","url":"https:\/\/dmcsrb.com\/","name":"dmcsrb.com","description":"","potentialAction":[{"@type":"SearchAction","target":{"@type":"EntryPoint","urlTemplate":"https:\/\/dmcsrb.com\/?s={search_term_string}"},"query-input":{"@type":"PropertyValueSpecification","valueRequired":true,"valueName":"search_term_string"}}],"inLanguage":"en-GB"},{"@type":"Person","@id":"https:\/\/dmcsrb.com\/#\/schema\/person\/5c39170f12db1b8b457732d0b5c854e2","name":"dmcsrbija.com@gmail.com","image":{"@type":"ImageObject","inLanguage":"en-GB","@id":"https:\/\/secure.gravatar.com\/avatar\/68592660ad6347fad0fb587f8d5d8f1a7b44961362f56e4f2cd524feb87e9069?s=96&d=mm&r=g","url":"https:\/\/secure.gravatar.com\/avatar\/68592660ad6347fad0fb587f8d5d8f1a7b44961362f56e4f2cd524feb87e9069?s=96&d=mm&r=g","contentUrl":"https:\/\/secure.gravatar.com\/avatar\/68592660ad6347fad0fb587f8d5d8f1a7b44961362f56e4f2cd524feb87e9069?s=96&d=mm&r=g","caption":"dmcsrbija.com@gmail.com"},"sameAs":["https:\/\/dmcsrb.com"],"url":"https:\/\/dmcsrb.com\/en\/author\/dmcsrbija-comgmail-com\/"}]}},"_links":{"self":[{"href":"https:\/\/dmcsrb.com\/en\/wp-json\/wp\/v2\/posts\/959642","targetHints":{"allow":["GET"]}}],"collection":[{"href":"https:\/\/dmcsrb.com\/en\/wp-json\/wp\/v2\/posts"}],"about":[{"href":"https:\/\/dmcsrb.com\/en\/wp-json\/wp\/v2\/types\/post"}],"author":[{"embeddable":true,"href":"https:\/\/dmcsrb.com\/en\/wp-json\/wp\/v2\/users\/1"}],"replies":[{"embeddable":true,"href":"https:\/\/dmcsrb.com\/en\/wp-json\/wp\/v2\/comments?post=959642"}],"version-history":[{"count":0,"href":"https:\/\/dmcsrb.com\/en\/wp-json\/wp\/v2\/posts\/959642\/revisions"}],"wp:featuredmedia":[{"embeddable":true,"href":"https:\/\/dmcsrb.com\/en\/wp-json\/wp\/v2\/media\/913951"}],"wp:attachment":[{"href":"https:\/\/dmcsrb.com\/en\/wp-json\/wp\/v2\/media?parent=959642"}],"wp:term":[{"taxonomy":"category","embeddable":true,"href":"https:\/\/dmcsrb.com\/en\/wp-json\/wp\/v2\/categories?post=959642"},{"taxonomy":"post_tag","embeddable":true,"href":"https:\/\/dmcsrb.com\/en\/wp-json\/wp\/v2\/tags?post=959642"},{"taxonomy":"naslovna","embeddable":true,"href":"https:\/\/dmcsrb.com\/en\/wp-json\/wp\/v2\/naslovna?post=959642"}],"curies":[{"name":"wp","href":"https:\/\/api.w.org\/{rel}","templated":true}]}}