{"id":959628,"date":"2025-10-23T13:00:55","date_gmt":"2025-10-23T11:00:55","guid":{"rendered":"https:\/\/dmcsrb.com\/uncategorized\/leka-ivovic-sportski-direktor-jadrana\/"},"modified":"2025-10-23T13:00:55","modified_gmt":"2025-10-23T11:00:55","slug":"leka-ivovic-sportski-direktor-jadrana","status":"publish","type":"post","link":"https:\/\/dmcsrb.com\/en\/sport\/leka-ivovic-sportski-direktor-jadrana\/","title":{"rendered":"Leka Ivovi\u0107 sportski direktor Jadrana"},"content":{"rendered":"<p>Na sjednici su usvojeni zapisnik sa prethodne sjednice, izvje\u0161taji o radu kluba, takmi\u010darski izvje\u0161taji, kao i izvje\u0161taj o radu bazena Jadran. Tako\u0111e, usvojen je i zavr\u0161ni ra\u010dun za prethodni period.<\/p>\n\n\n\n<p>Predsjednik kluba,&nbsp;<strong>Boro Lu\u010di\u0107<\/strong>, predstavio je kadrovske promjene u Upravnom odboru. U narednom periodu, u sastavu UO vi\u0161e ne\u0107e biti&nbsp;<strong>Nikola \u0106etkovi\u0107<\/strong>,&nbsp;<strong>Lazar Beko&nbsp;<\/strong>i&nbsp;<strong>Nikola Mili\u0107<\/strong>, koji je podnio ostavku zbog preuzimanja funkcije predsjednika Vaterpolo i pliva\u010dkog saveza Crne Gore. Novi \u010dlan Upravnog odbora je&nbsp;<strong>Rade Bani\u0107evi\u0107<\/strong>.<\/p>\n\n\n\n<figure class=\"wp-block-image size-large\"><img decoding=\"async\" src=\"https:\/\/gradski.me\/wp-content\/uploads\/2025\/10\/Jadran-skupstina-PVK-Jadran--1024x683.webp\" alt=\"\" class=\"wp-image-857106\"\/><figcaption class=\"wp-element-caption\">Foto: PVK Jadran<\/figcaption><\/figure>\n\n\n\n<p>Skup\u0161tina je donijela i zaklju\u010dke o pokretanju aktivnosti na realizaciji prethodno usvojenih projekata, me\u0111u kojima su: postavljanje Zida Jadranovih olimpijaca na \u0160kveru i zavr\u0161etak TV serijala Jadran \u2013 prvih 100 godina.<\/p>\n\n\n\n<p>Na sjednici je i zvani\u010dno promovisan&nbsp;<strong>Aleksandar Leka Ivovi\u0107&nbsp;<\/strong>kao novi sportski direktor kluba, nakon \u0161to je u prethodnoj sezoni okon\u010dao izuzetno uspje\u0161nu igra\u010dku karijeru.<\/p>","protected":false},"excerpt":{"rendered":"<p>U srijedu, 22. oktobra, odr\u017eana je redovna sjednica Skup\u0161tine PVK Jadran, kojom je predsjedavao predsjednik Skup\u0161tine,\u00a0\u017deljko Andri\u0107.<\/p>","protected":false},"author":1,"featured_media":959629,"comment_status":"open","ping_status":"open","sticky":false,"template":"","format":"standard","meta":{"_acf_changed":false,"footnotes":""},"categories":[148],"tags":[12348,667,12349],"naslovna":[],"class_list":["post-959628","post","type-post","status-publish","format-standard","has-post-thumbnail","hentry","category-sport","tag-leka-ivovic","tag-pvk-jadran","tag-redovna-sjednica-skupstine"],"acf":[],"yoast_head":"<!-- This site is optimized with the Yoast SEO plugin v27.4 - https:\/\/yoast.com\/product\/yoast-seo-wordpress\/ -->\n<title>Leka Ivovi\u0107 sportski direktor Jadrana - dmcsrb.com<\/title>\n<meta name=\"robots\" content=\"index, follow, max-snippet:-1, max-image-preview:large, max-video-preview:-1\" \/>\n<link rel=\"canonical\" href=\"https:\/\/dmcsrb.com\/en\/sport\/leka-ivovic-sportski-direktor-jadrana\/\" \/>\n<meta property=\"og:locale\" content=\"en_GB\" \/>\n<meta property=\"og:type\" content=\"article\" \/>\n<meta property=\"og:title\" content=\"Leka Ivovi\u0107 sportski direktor Jadrana - dmcsrb.com\" \/>\n<meta property=\"og:description\" content=\"U srijedu, 22. oktobra, odr\u017eana je redovna sjednica Skup\u0161tine PVK Jadran, kojom je predsjedavao predsjednik Skup\u0161tine,\u00a0\u017deljko Andri\u0107.\" \/>\n<meta property=\"og:url\" content=\"https:\/\/dmcsrb.com\/en\/sport\/leka-ivovic-sportski-direktor-jadrana\/\" \/>\n<meta property=\"og:site_name\" content=\"dmcsrb.com\" \/>\n<meta property=\"article:published_time\" content=\"2025-10-23T11:00:55+00:00\" \/>\n<meta property=\"og:image\" content=\"https:\/\/dmcsrb.com\/wp-content\/uploads\/2026\/01\/Jadran-skupstina-PVK-Jadran.webp\" \/>\n\t<meta property=\"og:image:width\" content=\"1280\" \/>\n\t<meta property=\"og:image:height\" content=\"854\" \/>\n\t<meta property=\"og:image:type\" content=\"image\/webp\" \/>\n<meta name=\"author\" content=\"dmcsrbija.com@gmail.com\" \/>\n<meta name=\"twitter:card\" content=\"summary_large_image\" \/>\n<meta name=\"twitter:label1\" content=\"Written by\" \/>\n\t<meta name=\"twitter:data1\" content=\"dmcsrbija.com@gmail.com\" \/>\n\t<meta name=\"twitter:label2\" content=\"Estimated reading time\" \/>\n\t<meta name=\"twitter:data2\" content=\"1 minute\" \/>\n<script type=\"application\/ld+json\" class=\"yoast-schema-graph\">{\"@context\":\"https:\\\/\\\/schema.org\",\"@graph\":[{\"@type\":\"Article\",\"@id\":\"https:\\\/\\\/dmcsrb.com\\\/sport\\\/leka-ivovic-sportski-direktor-jadrana\\\/#article\",\"isPartOf\":{\"@id\":\"https:\\\/\\\/dmcsrb.com\\\/sport\\\/leka-ivovic-sportski-direktor-jadrana\\\/\"},\"author\":{\"name\":\"dmcsrbija.com@gmail.com\",\"@id\":\"https:\\\/\\\/dmcsrb.com\\\/#\\\/schema\\\/person\\\/5c39170f12db1b8b457732d0b5c854e2\"},\"headline\":\"Leka Ivovi\u0107 sportski direktor Jadrana\",\"datePublished\":\"2025-10-23T11:00:55+00:00\",\"mainEntityOfPage\":{\"@id\":\"https:\\\/\\\/dmcsrb.com\\\/sport\\\/leka-ivovic-sportski-direktor-jadrana\\\/\"},\"wordCount\":168,\"commentCount\":0,\"image\":{\"@id\":\"https:\\\/\\\/dmcsrb.com\\\/sport\\\/leka-ivovic-sportski-direktor-jadrana\\\/#primaryimage\"},\"thumbnailUrl\":\"https:\\\/\\\/dmcsrb.com\\\/wp-content\\\/uploads\\\/2026\\\/01\\\/Jadran-skupstina-PVK-Jadran.webp\",\"keywords\":[\"leka ivovi\u0107\",\"PVK Jadran\",\"Redovna sjednica skup\u0161tine\"],\"articleSection\":[\"Sport\"],\"inLanguage\":\"en-GB\",\"potentialAction\":[{\"@type\":\"CommentAction\",\"name\":\"Comment\",\"target\":[\"https:\\\/\\\/dmcsrb.com\\\/sport\\\/leka-ivovic-sportski-direktor-jadrana\\\/#respond\"]}]},{\"@type\":\"WebPage\",\"@id\":\"https:\\\/\\\/dmcsrb.com\\\/sport\\\/leka-ivovic-sportski-direktor-jadrana\\\/\",\"url\":\"https:\\\/\\\/dmcsrb.com\\\/sport\\\/leka-ivovic-sportski-direktor-jadrana\\\/\",\"name\":\"Leka Ivovi\u0107 sportski direktor Jadrana - dmcsrb.com\",\"isPartOf\":{\"@id\":\"https:\\\/\\\/dmcsrb.com\\\/#website\"},\"primaryImageOfPage\":{\"@id\":\"https:\\\/\\\/dmcsrb.com\\\/sport\\\/leka-ivovic-sportski-direktor-jadrana\\\/#primaryimage\"},\"image\":{\"@id\":\"https:\\\/\\\/dmcsrb.com\\\/sport\\\/leka-ivovic-sportski-direktor-jadrana\\\/#primaryimage\"},\"thumbnailUrl\":\"https:\\\/\\\/dmcsrb.com\\\/wp-content\\\/uploads\\\/2026\\\/01\\\/Jadran-skupstina-PVK-Jadran.webp\",\"datePublished\":\"2025-10-23T11:00:55+00:00\",\"author\":{\"@id\":\"https:\\\/\\\/dmcsrb.com\\\/#\\\/schema\\\/person\\\/5c39170f12db1b8b457732d0b5c854e2\"},\"breadcrumb\":{\"@id\":\"https:\\\/\\\/dmcsrb.com\\\/sport\\\/leka-ivovic-sportski-direktor-jadrana\\\/#breadcrumb\"},\"inLanguage\":\"en-GB\",\"potentialAction\":[{\"@type\":\"ReadAction\",\"target\":[\"https:\\\/\\\/dmcsrb.com\\\/sport\\\/leka-ivovic-sportski-direktor-jadrana\\\/\"]}]},{\"@type\":\"ImageObject\",\"inLanguage\":\"en-GB\",\"@id\":\"https:\\\/\\\/dmcsrb.com\\\/sport\\\/leka-ivovic-sportski-direktor-jadrana\\\/#primaryimage\",\"url\":\"https:\\\/\\\/dmcsrb.com\\\/wp-content\\\/uploads\\\/2026\\\/01\\\/Jadran-skupstina-PVK-Jadran.webp\",\"contentUrl\":\"https:\\\/\\\/dmcsrb.com\\\/wp-content\\\/uploads\\\/2026\\\/01\\\/Jadran-skupstina-PVK-Jadran.webp\",\"width\":1280,\"height\":854},{\"@type\":\"BreadcrumbList\",\"@id\":\"https:\\\/\\\/dmcsrb.com\\\/sport\\\/leka-ivovic-sportski-direktor-jadrana\\\/#breadcrumb\",\"itemListElement\":[{\"@type\":\"ListItem\",\"position\":1,\"name\":\"Home\",\"item\":\"https:\\\/\\\/dmcsrb.com\\\/\"},{\"@type\":\"ListItem\",\"position\":2,\"name\":\"Leka Ivovi\u0107 sportski direktor Jadrana\"}]},{\"@type\":\"WebSite\",\"@id\":\"https:\\\/\\\/dmcsrb.com\\\/#website\",\"url\":\"https:\\\/\\\/dmcsrb.com\\\/\",\"name\":\"dmcsrb.com\",\"description\":\"\",\"potentialAction\":[{\"@type\":\"SearchAction\",\"target\":{\"@type\":\"EntryPoint\",\"urlTemplate\":\"https:\\\/\\\/dmcsrb.com\\\/?s={search_term_string}\"},\"query-input\":{\"@type\":\"PropertyValueSpecification\",\"valueRequired\":true,\"valueName\":\"search_term_string\"}}],\"inLanguage\":\"en-GB\"},{\"@type\":\"Person\",\"@id\":\"https:\\\/\\\/dmcsrb.com\\\/#\\\/schema\\\/person\\\/5c39170f12db1b8b457732d0b5c854e2\",\"name\":\"dmcsrbija.com@gmail.com\",\"image\":{\"@type\":\"ImageObject\",\"inLanguage\":\"en-GB\",\"@id\":\"https:\\\/\\\/secure.gravatar.com\\\/avatar\\\/68592660ad6347fad0fb587f8d5d8f1a7b44961362f56e4f2cd524feb87e9069?s=96&d=mm&r=g\",\"url\":\"https:\\\/\\\/secure.gravatar.com\\\/avatar\\\/68592660ad6347fad0fb587f8d5d8f1a7b44961362f56e4f2cd524feb87e9069?s=96&d=mm&r=g\",\"contentUrl\":\"https:\\\/\\\/secure.gravatar.com\\\/avatar\\\/68592660ad6347fad0fb587f8d5d8f1a7b44961362f56e4f2cd524feb87e9069?s=96&d=mm&r=g\",\"caption\":\"dmcsrbija.com@gmail.com\"},\"sameAs\":[\"https:\\\/\\\/dmcsrb.com\"],\"url\":\"https:\\\/\\\/dmcsrb.com\\\/en\\\/author\\\/dmcsrbija-comgmail-com\\\/\"}]}<\/script>\n<!-- \/ Yoast SEO plugin. -->","yoast_head_json":{"title":"Leka Ivovi\u0107 sportski direktor Jadrana - dmcsrb.com","robots":{"index":"index","follow":"follow","max-snippet":"max-snippet:-1","max-image-preview":"max-image-preview:large","max-video-preview":"max-video-preview:-1"},"canonical":"https:\/\/dmcsrb.com\/en\/sport\/leka-ivovic-sportski-direktor-jadrana\/","og_locale":"en_GB","og_type":"article","og_title":"Leka Ivovi\u0107 sportski direktor Jadrana - dmcsrb.com","og_description":"U srijedu, 22. oktobra, odr\u017eana je redovna sjednica Skup\u0161tine PVK Jadran, kojom je predsjedavao predsjednik Skup\u0161tine,\u00a0\u017deljko Andri\u0107.","og_url":"https:\/\/dmcsrb.com\/en\/sport\/leka-ivovic-sportski-direktor-jadrana\/","og_site_name":"dmcsrb.com","article_published_time":"2025-10-23T11:00:55+00:00","og_image":[{"width":1280,"height":854,"url":"https:\/\/dmcsrb.com\/wp-content\/uploads\/2026\/01\/Jadran-skupstina-PVK-Jadran.webp","type":"image\/webp"}],"author":"dmcsrbija.com@gmail.com","twitter_card":"summary_large_image","twitter_misc":{"Written by":"dmcsrbija.com@gmail.com","Estimated reading time":"1 minute"},"schema":{"@context":"https:\/\/schema.org","@graph":[{"@type":"Article","@id":"https:\/\/dmcsrb.com\/sport\/leka-ivovic-sportski-direktor-jadrana\/#article","isPartOf":{"@id":"https:\/\/dmcsrb.com\/sport\/leka-ivovic-sportski-direktor-jadrana\/"},"author":{"name":"dmcsrbija.com@gmail.com","@id":"https:\/\/dmcsrb.com\/#\/schema\/person\/5c39170f12db1b8b457732d0b5c854e2"},"headline":"Leka Ivovi\u0107 sportski direktor Jadrana","datePublished":"2025-10-23T11:00:55+00:00","mainEntityOfPage":{"@id":"https:\/\/dmcsrb.com\/sport\/leka-ivovic-sportski-direktor-jadrana\/"},"wordCount":168,"commentCount":0,"image":{"@id":"https:\/\/dmcsrb.com\/sport\/leka-ivovic-sportski-direktor-jadrana\/#primaryimage"},"thumbnailUrl":"https:\/\/dmcsrb.com\/wp-content\/uploads\/2026\/01\/Jadran-skupstina-PVK-Jadran.webp","keywords":["leka ivovi\u0107","PVK Jadran","Redovna sjednica skup\u0161tine"],"articleSection":["Sport"],"inLanguage":"en-GB","potentialAction":[{"@type":"CommentAction","name":"Comment","target":["https:\/\/dmcsrb.com\/sport\/leka-ivovic-sportski-direktor-jadrana\/#respond"]}]},{"@type":"WebPage","@id":"https:\/\/dmcsrb.com\/sport\/leka-ivovic-sportski-direktor-jadrana\/","url":"https:\/\/dmcsrb.com\/sport\/leka-ivovic-sportski-direktor-jadrana\/","name":"Leka Ivovi\u0107 sportski direktor Jadrana - dmcsrb.com","isPartOf":{"@id":"https:\/\/dmcsrb.com\/#website"},"primaryImageOfPage":{"@id":"https:\/\/dmcsrb.com\/sport\/leka-ivovic-sportski-direktor-jadrana\/#primaryimage"},"image":{"@id":"https:\/\/dmcsrb.com\/sport\/leka-ivovic-sportski-direktor-jadrana\/#primaryimage"},"thumbnailUrl":"https:\/\/dmcsrb.com\/wp-content\/uploads\/2026\/01\/Jadran-skupstina-PVK-Jadran.webp","datePublished":"2025-10-23T11:00:55+00:00","author":{"@id":"https:\/\/dmcsrb.com\/#\/schema\/person\/5c39170f12db1b8b457732d0b5c854e2"},"breadcrumb":{"@id":"https:\/\/dmcsrb.com\/sport\/leka-ivovic-sportski-direktor-jadrana\/#breadcrumb"},"inLanguage":"en-GB","potentialAction":[{"@type":"ReadAction","target":["https:\/\/dmcsrb.com\/sport\/leka-ivovic-sportski-direktor-jadrana\/"]}]},{"@type":"ImageObject","inLanguage":"en-GB","@id":"https:\/\/dmcsrb.com\/sport\/leka-ivovic-sportski-direktor-jadrana\/#primaryimage","url":"https:\/\/dmcsrb.com\/wp-content\/uploads\/2026\/01\/Jadran-skupstina-PVK-Jadran.webp","contentUrl":"https:\/\/dmcsrb.com\/wp-content\/uploads\/2026\/01\/Jadran-skupstina-PVK-Jadran.webp","width":1280,"height":854},{"@type":"BreadcrumbList","@id":"https:\/\/dmcsrb.com\/sport\/leka-ivovic-sportski-direktor-jadrana\/#breadcrumb","itemListElement":[{"@type":"ListItem","position":1,"name":"Home","item":"https:\/\/dmcsrb.com\/"},{"@type":"ListItem","position":2,"name":"Leka Ivovi\u0107 sportski direktor Jadrana"}]},{"@type":"WebSite","@id":"https:\/\/dmcsrb.com\/#website","url":"https:\/\/dmcsrb.com\/","name":"dmcsrb.com","description":"","potentialAction":[{"@type":"SearchAction","target":{"@type":"EntryPoint","urlTemplate":"https:\/\/dmcsrb.com\/?s={search_term_string}"},"query-input":{"@type":"PropertyValueSpecification","valueRequired":true,"valueName":"search_term_string"}}],"inLanguage":"en-GB"},{"@type":"Person","@id":"https:\/\/dmcsrb.com\/#\/schema\/person\/5c39170f12db1b8b457732d0b5c854e2","name":"dmcsrbija.com@gmail.com","image":{"@type":"ImageObject","inLanguage":"en-GB","@id":"https:\/\/secure.gravatar.com\/avatar\/68592660ad6347fad0fb587f8d5d8f1a7b44961362f56e4f2cd524feb87e9069?s=96&d=mm&r=g","url":"https:\/\/secure.gravatar.com\/avatar\/68592660ad6347fad0fb587f8d5d8f1a7b44961362f56e4f2cd524feb87e9069?s=96&d=mm&r=g","contentUrl":"https:\/\/secure.gravatar.com\/avatar\/68592660ad6347fad0fb587f8d5d8f1a7b44961362f56e4f2cd524feb87e9069?s=96&d=mm&r=g","caption":"dmcsrbija.com@gmail.com"},"sameAs":["https:\/\/dmcsrb.com"],"url":"https:\/\/dmcsrb.com\/en\/author\/dmcsrbija-comgmail-com\/"}]}},"_links":{"self":[{"href":"https:\/\/dmcsrb.com\/en\/wp-json\/wp\/v2\/posts\/959628","targetHints":{"allow":["GET"]}}],"collection":[{"href":"https:\/\/dmcsrb.com\/en\/wp-json\/wp\/v2\/posts"}],"about":[{"href":"https:\/\/dmcsrb.com\/en\/wp-json\/wp\/v2\/types\/post"}],"author":[{"embeddable":true,"href":"https:\/\/dmcsrb.com\/en\/wp-json\/wp\/v2\/users\/1"}],"replies":[{"embeddable":true,"href":"https:\/\/dmcsrb.com\/en\/wp-json\/wp\/v2\/comments?post=959628"}],"version-history":[{"count":0,"href":"https:\/\/dmcsrb.com\/en\/wp-json\/wp\/v2\/posts\/959628\/revisions"}],"wp:featuredmedia":[{"embeddable":true,"href":"https:\/\/dmcsrb.com\/en\/wp-json\/wp\/v2\/media\/959629"}],"wp:attachment":[{"href":"https:\/\/dmcsrb.com\/en\/wp-json\/wp\/v2\/media?parent=959628"}],"wp:term":[{"taxonomy":"category","embeddable":true,"href":"https:\/\/dmcsrb.com\/en\/wp-json\/wp\/v2\/categories?post=959628"},{"taxonomy":"post_tag","embeddable":true,"href":"https:\/\/dmcsrb.com\/en\/wp-json\/wp\/v2\/tags?post=959628"},{"taxonomy":"naslovna","embeddable":true,"href":"https:\/\/dmcsrb.com\/en\/wp-json\/wp\/v2\/naslovna?post=959628"}],"curies":[{"name":"wp","href":"https:\/\/api.w.org\/{rel}","templated":true}]}}