{"id":959603,"date":"2025-10-23T12:17:44","date_gmt":"2025-10-23T10:17:44","guid":{"rendered":"https:\/\/dmcsrb.com\/uncategorized\/gimnazijalac-iz-bijelog-polja-osvojio-trece-mjesto-na-olimpijadi-u-moskvi\/"},"modified":"2025-10-23T12:17:44","modified_gmt":"2025-10-23T10:17:44","slug":"gimnazijalac-iz-bijelog-polja-osvojio-trece-mjesto-na-olimpijadi-u-moskvi","status":"publish","type":"post","link":"https:\/\/dmcsrb.com\/en\/drustvo\/gimnazijalac-iz-bijelog-polja-osvojio-trece-mjesto-na-olimpijadi-u-moskvi\/","title":{"rendered":"Gimnazijalac iz Bijelog Polja osvojio tre\u0107e mjesto na Olimpijadi u Moskvi"},"content":{"rendered":"<p><\/p>\n\n\n\n<p>&#8220;Na ovom renomiranom takmi\u010denju koje okuplja nekoliko hiljada u\u010desnika iz cijelog svijeta, u veliko finale plasiralo se svega 30 najboljih, me\u0111u kojima je bio i predstavnik Crne Gore \u2014 Lazar, zajedno sa svojom mentorkom, profesoricom Nata\u0161om Ani\u010di\u0107. Njihov rezultat predstavlja zna\u010dajan uspjeh ne samo za \u0161kolu, ve\u0107 i za Crnu Goru, potvr\u0111uju\u0107i visok nivo znanja na\u0161ih u\u010denika i posve\u0107enosti na\u0161ih nastavnika. \u010cestitamo Lazaru i njegovoj mentorki, kao i Gimnaziji ,,Miloje Dobra\u0161inovi\u0107\u201d na ovom izuzetnom uspjehu&#8221;, navdoi se u saop\u0161tenju MPNI.<\/p>","protected":false},"excerpt":{"rendered":"<p>U velikom finalu XXI Me\u0111unarodne olimpijade iz ruskog jezika za u\u010denike iz inostranstva, koja se odr\u017eava pod pokroviteljstvom presti\u017enog Instituta \u201eA. S. Pu\u0161kin\u201d u Moskvi, Lazar Lopu\u0161ina, u\u010denik tre\u0107eg razreda Gimnazije \u201eMiloje Dobra\u0161inovi\u0107\u201d iz Bijelog Polja, ostvario je izvanredan uspjeh osvojiv\u0161i tre\u0107e mjesto.<\/p>","protected":false},"author":1,"featured_media":959604,"comment_status":"open","ping_status":"open","sticky":false,"template":"","format":"standard","meta":{"_acf_changed":false,"footnotes":""},"categories":[2],"tags":[9178,12332,12333,1693],"naslovna":[],"class_list":["post-959603","post","type-post","status-publish","format-standard","has-post-thumbnail","hentry","category-drustvo","tag-gimnazija","tag-lopusina","tag-olimpijada","tag-uspjeh"],"acf":[],"yoast_head":"<!-- This site is optimized with the Yoast SEO plugin v27.4 - https:\/\/yoast.com\/product\/yoast-seo-wordpress\/ -->\n<title>Gimnazijalac iz Bijelog Polja osvojio tre\u0107e mjesto na Olimpijadi u Moskvi - dmcsrb.com<\/title>\n<meta name=\"robots\" content=\"index, follow, max-snippet:-1, max-image-preview:large, max-video-preview:-1\" \/>\n<link rel=\"canonical\" href=\"https:\/\/dmcsrb.com\/en\/drustvo\/gimnazijalac-iz-bijelog-polja-osvojio-trece-mjesto-na-olimpijadi-u-moskvi\/\" \/>\n<meta property=\"og:locale\" content=\"en_GB\" \/>\n<meta property=\"og:type\" content=\"article\" \/>\n<meta property=\"og:title\" content=\"Gimnazijalac iz Bijelog Polja osvojio tre\u0107e mjesto na Olimpijadi u Moskvi - dmcsrb.com\" \/>\n<meta property=\"og:description\" content=\"U velikom finalu XXI Me\u0111unarodne olimpijade iz ruskog jezika za u\u010denike iz inostranstva, koja se odr\u017eava pod pokroviteljstvom presti\u017enog Instituta \u201eA. S. Pu\u0161kin\u201d u Moskvi, Lazar Lopu\u0161ina, u\u010denik tre\u0107eg razreda Gimnazije \u201eMiloje Dobra\u0161inovi\u0107\u201d iz Bijelog Polja, ostvario je izvanredan uspjeh osvojiv\u0161i tre\u0107e mjesto.\" \/>\n<meta property=\"og:url\" content=\"https:\/\/dmcsrb.com\/en\/drustvo\/gimnazijalac-iz-bijelog-polja-osvojio-trece-mjesto-na-olimpijadi-u-moskvi\/\" \/>\n<meta property=\"og:site_name\" content=\"dmcsrb.com\" \/>\n<meta property=\"article:published_time\" content=\"2025-10-23T10:17:44+00:00\" \/>\n<meta property=\"og:image\" content=\"https:\/\/dmcsrb.com\/wp-content\/uploads\/2026\/01\/568908624_18414294493115274_3828407967131458351_n.webp\" \/>\n\t<meta property=\"og:image:width\" content=\"1440\" \/>\n\t<meta property=\"og:image:height\" content=\"1152\" \/>\n\t<meta property=\"og:image:type\" content=\"image\/jpeg\" \/>\n<meta name=\"author\" content=\"dmcsrbija.com@gmail.com\" \/>\n<meta name=\"twitter:card\" content=\"summary_large_image\" \/>\n<meta name=\"twitter:label1\" content=\"Written by\" \/>\n\t<meta name=\"twitter:data1\" content=\"dmcsrbija.com@gmail.com\" \/>\n<script type=\"application\/ld+json\" class=\"yoast-schema-graph\">{\"@context\":\"https:\\\/\\\/schema.org\",\"@graph\":[{\"@type\":\"Article\",\"@id\":\"https:\\\/\\\/dmcsrb.com\\\/drustvo\\\/gimnazijalac-iz-bijelog-polja-osvojio-trece-mjesto-na-olimpijadi-u-moskvi\\\/#article\",\"isPartOf\":{\"@id\":\"https:\\\/\\\/dmcsrb.com\\\/drustvo\\\/gimnazijalac-iz-bijelog-polja-osvojio-trece-mjesto-na-olimpijadi-u-moskvi\\\/\"},\"author\":{\"name\":\"dmcsrbija.com@gmail.com\",\"@id\":\"https:\\\/\\\/dmcsrb.com\\\/#\\\/schema\\\/person\\\/5c39170f12db1b8b457732d0b5c854e2\"},\"headline\":\"Gimnazijalac iz Bijelog Polja osvojio tre\u0107e mjesto na Olimpijadi u Moskvi\",\"datePublished\":\"2025-10-23T10:17:44+00:00\",\"mainEntityOfPage\":{\"@id\":\"https:\\\/\\\/dmcsrb.com\\\/drustvo\\\/gimnazijalac-iz-bijelog-polja-osvojio-trece-mjesto-na-olimpijadi-u-moskvi\\\/\"},\"wordCount\":104,\"commentCount\":0,\"image\":{\"@id\":\"https:\\\/\\\/dmcsrb.com\\\/drustvo\\\/gimnazijalac-iz-bijelog-polja-osvojio-trece-mjesto-na-olimpijadi-u-moskvi\\\/#primaryimage\"},\"thumbnailUrl\":\"https:\\\/\\\/dmcsrb.com\\\/wp-content\\\/uploads\\\/2026\\\/01\\\/568908624_18414294493115274_3828407967131458351_n.webp\",\"keywords\":[\"Gimnazija\",\"lopu\u0161ina\",\"olimpijada\",\"uspjeh\"],\"articleSection\":[\"Dru\u0161tvo\"],\"inLanguage\":\"en-GB\",\"potentialAction\":[{\"@type\":\"CommentAction\",\"name\":\"Comment\",\"target\":[\"https:\\\/\\\/dmcsrb.com\\\/drustvo\\\/gimnazijalac-iz-bijelog-polja-osvojio-trece-mjesto-na-olimpijadi-u-moskvi\\\/#respond\"]}]},{\"@type\":\"WebPage\",\"@id\":\"https:\\\/\\\/dmcsrb.com\\\/drustvo\\\/gimnazijalac-iz-bijelog-polja-osvojio-trece-mjesto-na-olimpijadi-u-moskvi\\\/\",\"url\":\"https:\\\/\\\/dmcsrb.com\\\/drustvo\\\/gimnazijalac-iz-bijelog-polja-osvojio-trece-mjesto-na-olimpijadi-u-moskvi\\\/\",\"name\":\"Gimnazijalac iz Bijelog Polja osvojio tre\u0107e mjesto na Olimpijadi u Moskvi - dmcsrb.com\",\"isPartOf\":{\"@id\":\"https:\\\/\\\/dmcsrb.com\\\/#website\"},\"primaryImageOfPage\":{\"@id\":\"https:\\\/\\\/dmcsrb.com\\\/drustvo\\\/gimnazijalac-iz-bijelog-polja-osvojio-trece-mjesto-na-olimpijadi-u-moskvi\\\/#primaryimage\"},\"image\":{\"@id\":\"https:\\\/\\\/dmcsrb.com\\\/drustvo\\\/gimnazijalac-iz-bijelog-polja-osvojio-trece-mjesto-na-olimpijadi-u-moskvi\\\/#primaryimage\"},\"thumbnailUrl\":\"https:\\\/\\\/dmcsrb.com\\\/wp-content\\\/uploads\\\/2026\\\/01\\\/568908624_18414294493115274_3828407967131458351_n.webp\",\"datePublished\":\"2025-10-23T10:17:44+00:00\",\"author\":{\"@id\":\"https:\\\/\\\/dmcsrb.com\\\/#\\\/schema\\\/person\\\/5c39170f12db1b8b457732d0b5c854e2\"},\"breadcrumb\":{\"@id\":\"https:\\\/\\\/dmcsrb.com\\\/drustvo\\\/gimnazijalac-iz-bijelog-polja-osvojio-trece-mjesto-na-olimpijadi-u-moskvi\\\/#breadcrumb\"},\"inLanguage\":\"en-GB\",\"potentialAction\":[{\"@type\":\"ReadAction\",\"target\":[\"https:\\\/\\\/dmcsrb.com\\\/drustvo\\\/gimnazijalac-iz-bijelog-polja-osvojio-trece-mjesto-na-olimpijadi-u-moskvi\\\/\"]}]},{\"@type\":\"ImageObject\",\"inLanguage\":\"en-GB\",\"@id\":\"https:\\\/\\\/dmcsrb.com\\\/drustvo\\\/gimnazijalac-iz-bijelog-polja-osvojio-trece-mjesto-na-olimpijadi-u-moskvi\\\/#primaryimage\",\"url\":\"https:\\\/\\\/dmcsrb.com\\\/wp-content\\\/uploads\\\/2026\\\/01\\\/568908624_18414294493115274_3828407967131458351_n.webp\",\"contentUrl\":\"https:\\\/\\\/dmcsrb.com\\\/wp-content\\\/uploads\\\/2026\\\/01\\\/568908624_18414294493115274_3828407967131458351_n.webp\",\"width\":1440,\"height\":1152},{\"@type\":\"BreadcrumbList\",\"@id\":\"https:\\\/\\\/dmcsrb.com\\\/drustvo\\\/gimnazijalac-iz-bijelog-polja-osvojio-trece-mjesto-na-olimpijadi-u-moskvi\\\/#breadcrumb\",\"itemListElement\":[{\"@type\":\"ListItem\",\"position\":1,\"name\":\"Home\",\"item\":\"https:\\\/\\\/dmcsrb.com\\\/\"},{\"@type\":\"ListItem\",\"position\":2,\"name\":\"Gimnazijalac iz Bijelog Polja osvojio tre\u0107e mjesto na Olimpijadi u Moskvi\"}]},{\"@type\":\"WebSite\",\"@id\":\"https:\\\/\\\/dmcsrb.com\\\/#website\",\"url\":\"https:\\\/\\\/dmcsrb.com\\\/\",\"name\":\"dmcsrb.com\",\"description\":\"\",\"potentialAction\":[{\"@type\":\"SearchAction\",\"target\":{\"@type\":\"EntryPoint\",\"urlTemplate\":\"https:\\\/\\\/dmcsrb.com\\\/?s={search_term_string}\"},\"query-input\":{\"@type\":\"PropertyValueSpecification\",\"valueRequired\":true,\"valueName\":\"search_term_string\"}}],\"inLanguage\":\"en-GB\"},{\"@type\":\"Person\",\"@id\":\"https:\\\/\\\/dmcsrb.com\\\/#\\\/schema\\\/person\\\/5c39170f12db1b8b457732d0b5c854e2\",\"name\":\"dmcsrbija.com@gmail.com\",\"image\":{\"@type\":\"ImageObject\",\"inLanguage\":\"en-GB\",\"@id\":\"https:\\\/\\\/secure.gravatar.com\\\/avatar\\\/68592660ad6347fad0fb587f8d5d8f1a7b44961362f56e4f2cd524feb87e9069?s=96&d=mm&r=g\",\"url\":\"https:\\\/\\\/secure.gravatar.com\\\/avatar\\\/68592660ad6347fad0fb587f8d5d8f1a7b44961362f56e4f2cd524feb87e9069?s=96&d=mm&r=g\",\"contentUrl\":\"https:\\\/\\\/secure.gravatar.com\\\/avatar\\\/68592660ad6347fad0fb587f8d5d8f1a7b44961362f56e4f2cd524feb87e9069?s=96&d=mm&r=g\",\"caption\":\"dmcsrbija.com@gmail.com\"},\"sameAs\":[\"https:\\\/\\\/dmcsrb.com\"],\"url\":\"https:\\\/\\\/dmcsrb.com\\\/en\\\/author\\\/dmcsrbija-comgmail-com\\\/\"}]}<\/script>\n<!-- \/ Yoast SEO plugin. -->","yoast_head_json":{"title":"Gimnazijalac iz Bijelog Polja osvojio tre\u0107e mjesto na Olimpijadi u Moskvi - dmcsrb.com","robots":{"index":"index","follow":"follow","max-snippet":"max-snippet:-1","max-image-preview":"max-image-preview:large","max-video-preview":"max-video-preview:-1"},"canonical":"https:\/\/dmcsrb.com\/en\/drustvo\/gimnazijalac-iz-bijelog-polja-osvojio-trece-mjesto-na-olimpijadi-u-moskvi\/","og_locale":"en_GB","og_type":"article","og_title":"Gimnazijalac iz Bijelog Polja osvojio tre\u0107e mjesto na Olimpijadi u Moskvi - dmcsrb.com","og_description":"U velikom finalu XXI Me\u0111unarodne olimpijade iz ruskog jezika za u\u010denike iz inostranstva, koja se odr\u017eava pod pokroviteljstvom presti\u017enog Instituta \u201eA. S. Pu\u0161kin\u201d u Moskvi, Lazar Lopu\u0161ina, u\u010denik tre\u0107eg razreda Gimnazije \u201eMiloje Dobra\u0161inovi\u0107\u201d iz Bijelog Polja, ostvario je izvanredan uspjeh osvojiv\u0161i tre\u0107e mjesto.","og_url":"https:\/\/dmcsrb.com\/en\/drustvo\/gimnazijalac-iz-bijelog-polja-osvojio-trece-mjesto-na-olimpijadi-u-moskvi\/","og_site_name":"dmcsrb.com","article_published_time":"2025-10-23T10:17:44+00:00","og_image":[{"width":1440,"height":1152,"url":"https:\/\/dmcsrb.com\/wp-content\/uploads\/2026\/01\/568908624_18414294493115274_3828407967131458351_n.webp","type":"image\/jpeg"}],"author":"dmcsrbija.com@gmail.com","twitter_card":"summary_large_image","twitter_misc":{"Written by":"dmcsrbija.com@gmail.com"},"schema":{"@context":"https:\/\/schema.org","@graph":[{"@type":"Article","@id":"https:\/\/dmcsrb.com\/drustvo\/gimnazijalac-iz-bijelog-polja-osvojio-trece-mjesto-na-olimpijadi-u-moskvi\/#article","isPartOf":{"@id":"https:\/\/dmcsrb.com\/drustvo\/gimnazijalac-iz-bijelog-polja-osvojio-trece-mjesto-na-olimpijadi-u-moskvi\/"},"author":{"name":"dmcsrbija.com@gmail.com","@id":"https:\/\/dmcsrb.com\/#\/schema\/person\/5c39170f12db1b8b457732d0b5c854e2"},"headline":"Gimnazijalac iz Bijelog Polja osvojio tre\u0107e mjesto na Olimpijadi u Moskvi","datePublished":"2025-10-23T10:17:44+00:00","mainEntityOfPage":{"@id":"https:\/\/dmcsrb.com\/drustvo\/gimnazijalac-iz-bijelog-polja-osvojio-trece-mjesto-na-olimpijadi-u-moskvi\/"},"wordCount":104,"commentCount":0,"image":{"@id":"https:\/\/dmcsrb.com\/drustvo\/gimnazijalac-iz-bijelog-polja-osvojio-trece-mjesto-na-olimpijadi-u-moskvi\/#primaryimage"},"thumbnailUrl":"https:\/\/dmcsrb.com\/wp-content\/uploads\/2026\/01\/568908624_18414294493115274_3828407967131458351_n.webp","keywords":["Gimnazija","lopu\u0161ina","olimpijada","uspjeh"],"articleSection":["Dru\u0161tvo"],"inLanguage":"en-GB","potentialAction":[{"@type":"CommentAction","name":"Comment","target":["https:\/\/dmcsrb.com\/drustvo\/gimnazijalac-iz-bijelog-polja-osvojio-trece-mjesto-na-olimpijadi-u-moskvi\/#respond"]}]},{"@type":"WebPage","@id":"https:\/\/dmcsrb.com\/drustvo\/gimnazijalac-iz-bijelog-polja-osvojio-trece-mjesto-na-olimpijadi-u-moskvi\/","url":"https:\/\/dmcsrb.com\/drustvo\/gimnazijalac-iz-bijelog-polja-osvojio-trece-mjesto-na-olimpijadi-u-moskvi\/","name":"Gimnazijalac iz Bijelog Polja osvojio tre\u0107e mjesto na Olimpijadi u Moskvi - dmcsrb.com","isPartOf":{"@id":"https:\/\/dmcsrb.com\/#website"},"primaryImageOfPage":{"@id":"https:\/\/dmcsrb.com\/drustvo\/gimnazijalac-iz-bijelog-polja-osvojio-trece-mjesto-na-olimpijadi-u-moskvi\/#primaryimage"},"image":{"@id":"https:\/\/dmcsrb.com\/drustvo\/gimnazijalac-iz-bijelog-polja-osvojio-trece-mjesto-na-olimpijadi-u-moskvi\/#primaryimage"},"thumbnailUrl":"https:\/\/dmcsrb.com\/wp-content\/uploads\/2026\/01\/568908624_18414294493115274_3828407967131458351_n.webp","datePublished":"2025-10-23T10:17:44+00:00","author":{"@id":"https:\/\/dmcsrb.com\/#\/schema\/person\/5c39170f12db1b8b457732d0b5c854e2"},"breadcrumb":{"@id":"https:\/\/dmcsrb.com\/drustvo\/gimnazijalac-iz-bijelog-polja-osvojio-trece-mjesto-na-olimpijadi-u-moskvi\/#breadcrumb"},"inLanguage":"en-GB","potentialAction":[{"@type":"ReadAction","target":["https:\/\/dmcsrb.com\/drustvo\/gimnazijalac-iz-bijelog-polja-osvojio-trece-mjesto-na-olimpijadi-u-moskvi\/"]}]},{"@type":"ImageObject","inLanguage":"en-GB","@id":"https:\/\/dmcsrb.com\/drustvo\/gimnazijalac-iz-bijelog-polja-osvojio-trece-mjesto-na-olimpijadi-u-moskvi\/#primaryimage","url":"https:\/\/dmcsrb.com\/wp-content\/uploads\/2026\/01\/568908624_18414294493115274_3828407967131458351_n.webp","contentUrl":"https:\/\/dmcsrb.com\/wp-content\/uploads\/2026\/01\/568908624_18414294493115274_3828407967131458351_n.webp","width":1440,"height":1152},{"@type":"BreadcrumbList","@id":"https:\/\/dmcsrb.com\/drustvo\/gimnazijalac-iz-bijelog-polja-osvojio-trece-mjesto-na-olimpijadi-u-moskvi\/#breadcrumb","itemListElement":[{"@type":"ListItem","position":1,"name":"Home","item":"https:\/\/dmcsrb.com\/"},{"@type":"ListItem","position":2,"name":"Gimnazijalac iz Bijelog Polja osvojio tre\u0107e mjesto na Olimpijadi u Moskvi"}]},{"@type":"WebSite","@id":"https:\/\/dmcsrb.com\/#website","url":"https:\/\/dmcsrb.com\/","name":"dmcsrb.com","description":"","potentialAction":[{"@type":"SearchAction","target":{"@type":"EntryPoint","urlTemplate":"https:\/\/dmcsrb.com\/?s={search_term_string}"},"query-input":{"@type":"PropertyValueSpecification","valueRequired":true,"valueName":"search_term_string"}}],"inLanguage":"en-GB"},{"@type":"Person","@id":"https:\/\/dmcsrb.com\/#\/schema\/person\/5c39170f12db1b8b457732d0b5c854e2","name":"dmcsrbija.com@gmail.com","image":{"@type":"ImageObject","inLanguage":"en-GB","@id":"https:\/\/secure.gravatar.com\/avatar\/68592660ad6347fad0fb587f8d5d8f1a7b44961362f56e4f2cd524feb87e9069?s=96&d=mm&r=g","url":"https:\/\/secure.gravatar.com\/avatar\/68592660ad6347fad0fb587f8d5d8f1a7b44961362f56e4f2cd524feb87e9069?s=96&d=mm&r=g","contentUrl":"https:\/\/secure.gravatar.com\/avatar\/68592660ad6347fad0fb587f8d5d8f1a7b44961362f56e4f2cd524feb87e9069?s=96&d=mm&r=g","caption":"dmcsrbija.com@gmail.com"},"sameAs":["https:\/\/dmcsrb.com"],"url":"https:\/\/dmcsrb.com\/en\/author\/dmcsrbija-comgmail-com\/"}]}},"_links":{"self":[{"href":"https:\/\/dmcsrb.com\/en\/wp-json\/wp\/v2\/posts\/959603","targetHints":{"allow":["GET"]}}],"collection":[{"href":"https:\/\/dmcsrb.com\/en\/wp-json\/wp\/v2\/posts"}],"about":[{"href":"https:\/\/dmcsrb.com\/en\/wp-json\/wp\/v2\/types\/post"}],"author":[{"embeddable":true,"href":"https:\/\/dmcsrb.com\/en\/wp-json\/wp\/v2\/users\/1"}],"replies":[{"embeddable":true,"href":"https:\/\/dmcsrb.com\/en\/wp-json\/wp\/v2\/comments?post=959603"}],"version-history":[{"count":0,"href":"https:\/\/dmcsrb.com\/en\/wp-json\/wp\/v2\/posts\/959603\/revisions"}],"wp:featuredmedia":[{"embeddable":true,"href":"https:\/\/dmcsrb.com\/en\/wp-json\/wp\/v2\/media\/959604"}],"wp:attachment":[{"href":"https:\/\/dmcsrb.com\/en\/wp-json\/wp\/v2\/media?parent=959603"}],"wp:term":[{"taxonomy":"category","embeddable":true,"href":"https:\/\/dmcsrb.com\/en\/wp-json\/wp\/v2\/categories?post=959603"},{"taxonomy":"post_tag","embeddable":true,"href":"https:\/\/dmcsrb.com\/en\/wp-json\/wp\/v2\/tags?post=959603"},{"taxonomy":"naslovna","embeddable":true,"href":"https:\/\/dmcsrb.com\/en\/wp-json\/wp\/v2\/naslovna?post=959603"}],"curies":[{"name":"wp","href":"https:\/\/api.w.org\/{rel}","templated":true}]}}