{"id":959583,"date":"2025-10-23T11:18:00","date_gmt":"2025-10-23T09:18:00","guid":{"rendered":"https:\/\/dmcsrb.com\/uncategorized\/grubac-ivan-vukovic-u-tehnickom-mandatu-zaposlio-520-osoba-u-glavnom-gradu-klikovac-da-se-zalozi-da-vrate-plate\/"},"modified":"2025-10-23T11:18:00","modified_gmt":"2025-10-23T09:18:00","slug":"grubac-ivan-vukovic-u-tehnickom-mandatu-zaposlio-520-osoba-u-glavnom-gradu-klikovac-da-se-zalozi-da-vrate-plate","status":"publish","type":"post","link":"https:\/\/dmcsrb.com\/en\/politika\/grubac-ivan-vukovic-u-tehnickom-mandatu-zaposlio-520-osoba-u-glavnom-gradu-klikovac-da-se-zalozi-da-vrate-plate\/","title":{"rendered":"Gruba\u010d: Ivan Vukovi\u0107 u tehni\u010dkom mandatu zaposlio 520 osoba u Glavnom gradu, Klikovac da se zalo\u017ei da vrate plate"},"content":{"rendered":"<p><\/p>\n\n\n\n<p>Gruba\u010d navodi da u toj izjavi figuri\u0161u dvije interesantne zamjerke &#8211; da RTV PG slu\u017ei za partijska zapo\u0161ljavanja, te da biv\u0161i urednici koji su imali problem zbog gre\u0161ke pravnika, kako ka\u017ee: \u201etrebaju da vrate plate\u201c!?<\/p>\n\n\n\n<p>&#8220;Interesanto je da Klikovac govori o partijskim zapo\u0161ljavanjima u RTV PG kada znamo da je biv\u0161i gradona\u010delnik Ivan Vukovi\u0107 u tehni\u010dkom mandatu, po\u0161to je izgubio izbore, za samo par mjeseci zaposlio nevjerovatan broj, \u010dak 520 osoba u strukture Glavnog grada. To \u0161to se tada desilo isklju\u010duje svaku mogu\u0107nost da Klikovac ima moralno pravo bilo kome dr\u017eati pridike. Na to \u0107e imati pravo ukoliko se zalo\u017ei da tih 520 osoba bude odstranjeno sa posla zbog partijskog zapo\u0161ljavanja u tehni\u010dkom mandatu Vukovi\u0107a, s predlogom da svi oni vrate sve plate koje su dobili&#8221;, istakao je Gruba\u010d.<\/p>\n\n\n\n<p>Umjesto bavljenja nezavisnim medijima, kako dalje navodi Gruba\u010d, lijepo bi bilo da Klikovac javnosti predo\u010di informaciju: koliko tih 520 postavljenika DPS-a dobija novca kroz plate na godi\u0161njem nivou, da bi &#8220;javnost znala koliko miliona evra gra\u0111ane ko\u0161tala ta bizarna avantura partijskog zapo\u0161ljavanja DPS-a&#8221;.<\/p>","protected":false},"excerpt":{"rendered":"<p>Posljednje obra\u0107anje javnosti Andrije Klikovca, \u0161efa Kluba odbornika DPS-a Glavnog grada, u kojem se bavi temom RTV Podgorica predstavlja licemjerni krik o\u010daja politi\u010dkog gubitnika zbog izlaska toga medija izvan kontrole DPS-a, \u0161to DPS o\u010dito nikako ne mo\u017ee pre\u017ealiti, kazao je politi\u010dki analiti\u010dar Vojin Gruba\u010d za Portal RTV Podgorica.<\/p>","protected":false},"author":1,"featured_media":908858,"comment_status":"open","ping_status":"open","sticky":false,"template":"","format":"standard","meta":{"_acf_changed":false,"footnotes":""},"categories":[12],"tags":[2038,697],"naslovna":[],"class_list":["post-959583","post","type-post","status-publish","format-standard","has-post-thumbnail","hentry","category-politika","tag-andrija-klikovac","tag-vojin-grubac"],"acf":[],"yoast_head":"<!-- This site is optimized with the Yoast SEO plugin v27.4 - https:\/\/yoast.com\/product\/yoast-seo-wordpress\/ -->\n<title>Gruba\u010d: Ivan Vukovi\u0107 u tehni\u010dkom mandatu zaposlio 520 osoba u Glavnom gradu, Klikovac da se zalo\u017ei da vrate plate - dmcsrb.com<\/title>\n<meta name=\"robots\" content=\"index, follow, max-snippet:-1, max-image-preview:large, max-video-preview:-1\" \/>\n<link rel=\"canonical\" href=\"https:\/\/dmcsrb.com\/en\/politika\/grubac-ivan-vukovic-u-tehnickom-mandatu-zaposlio-520-osoba-u-glavnom-gradu-klikovac-da-se-zalozi-da-vrate-plate\/\" \/>\n<meta property=\"og:locale\" content=\"en_GB\" \/>\n<meta property=\"og:type\" content=\"article\" \/>\n<meta property=\"og:title\" content=\"Gruba\u010d: Ivan Vukovi\u0107 u tehni\u010dkom mandatu zaposlio 520 osoba u Glavnom gradu, Klikovac da se zalo\u017ei da vrate plate - dmcsrb.com\" \/>\n<meta property=\"og:description\" content=\"Posljednje obra\u0107anje javnosti Andrije Klikovca, \u0161efa Kluba odbornika DPS-a Glavnog grada, u kojem se bavi temom RTV Podgorica predstavlja licemjerni krik o\u010daja politi\u010dkog gubitnika zbog izlaska toga medija izvan kontrole DPS-a, \u0161to DPS o\u010dito nikako ne mo\u017ee pre\u017ealiti, kazao je politi\u010dki analiti\u010dar Vojin Gruba\u010d za Portal RTV Podgorica.\" \/>\n<meta property=\"og:url\" content=\"https:\/\/dmcsrb.com\/en\/politika\/grubac-ivan-vukovic-u-tehnickom-mandatu-zaposlio-520-osoba-u-glavnom-gradu-klikovac-da-se-zalozi-da-vrate-plate\/\" \/>\n<meta property=\"og:site_name\" content=\"dmcsrb.com\" \/>\n<meta property=\"article:published_time\" content=\"2025-10-23T09:18:00+00:00\" \/>\n<meta property=\"og:image\" content=\"https:\/\/dmcsrb.com\/wp-content\/uploads\/2026\/01\/Vojin-Grubac-kolumna.jpg\" \/>\n\t<meta property=\"og:image:width\" content=\"882\" \/>\n\t<meta property=\"og:image:height\" content=\"622\" \/>\n\t<meta property=\"og:image:type\" content=\"image\/jpeg\" \/>\n<meta name=\"author\" content=\"dmcsrbija.com@gmail.com\" \/>\n<meta name=\"twitter:card\" content=\"summary_large_image\" \/>\n<meta name=\"twitter:label1\" content=\"Written by\" \/>\n\t<meta name=\"twitter:data1\" content=\"dmcsrbija.com@gmail.com\" \/>\n\t<meta name=\"twitter:label2\" content=\"Estimated reading time\" \/>\n\t<meta name=\"twitter:data2\" content=\"1 minute\" \/>\n<script type=\"application\/ld+json\" class=\"yoast-schema-graph\">{\"@context\":\"https:\\\/\\\/schema.org\",\"@graph\":[{\"@type\":\"Article\",\"@id\":\"https:\\\/\\\/dmcsrb.com\\\/politika\\\/grubac-ivan-vukovic-u-tehnickom-mandatu-zaposlio-520-osoba-u-glavnom-gradu-klikovac-da-se-zalozi-da-vrate-plate\\\/#article\",\"isPartOf\":{\"@id\":\"https:\\\/\\\/dmcsrb.com\\\/politika\\\/grubac-ivan-vukovic-u-tehnickom-mandatu-zaposlio-520-osoba-u-glavnom-gradu-klikovac-da-se-zalozi-da-vrate-plate\\\/\"},\"author\":{\"name\":\"dmcsrbija.com@gmail.com\",\"@id\":\"https:\\\/\\\/dmcsrb.com\\\/#\\\/schema\\\/person\\\/5c39170f12db1b8b457732d0b5c854e2\"},\"headline\":\"Gruba\u010d: Ivan Vukovi\u0107 u tehni\u010dkom mandatu zaposlio 520 osoba u Glavnom gradu, Klikovac da se zalo\u017ei da vrate plate\",\"datePublished\":\"2025-10-23T09:18:00+00:00\",\"mainEntityOfPage\":{\"@id\":\"https:\\\/\\\/dmcsrb.com\\\/politika\\\/grubac-ivan-vukovic-u-tehnickom-mandatu-zaposlio-520-osoba-u-glavnom-gradu-klikovac-da-se-zalozi-da-vrate-plate\\\/\"},\"wordCount\":212,\"commentCount\":0,\"image\":{\"@id\":\"https:\\\/\\\/dmcsrb.com\\\/politika\\\/grubac-ivan-vukovic-u-tehnickom-mandatu-zaposlio-520-osoba-u-glavnom-gradu-klikovac-da-se-zalozi-da-vrate-plate\\\/#primaryimage\"},\"thumbnailUrl\":\"https:\\\/\\\/dmcsrb.com\\\/wp-content\\\/uploads\\\/2026\\\/01\\\/Vojin-Grubac-kolumna.jpg\",\"keywords\":[\"Andrija Klikovac\",\"Vojin Gruba\u010d\"],\"articleSection\":[\"Politika\"],\"inLanguage\":\"en-GB\",\"potentialAction\":[{\"@type\":\"CommentAction\",\"name\":\"Comment\",\"target\":[\"https:\\\/\\\/dmcsrb.com\\\/politika\\\/grubac-ivan-vukovic-u-tehnickom-mandatu-zaposlio-520-osoba-u-glavnom-gradu-klikovac-da-se-zalozi-da-vrate-plate\\\/#respond\"]}]},{\"@type\":\"WebPage\",\"@id\":\"https:\\\/\\\/dmcsrb.com\\\/politika\\\/grubac-ivan-vukovic-u-tehnickom-mandatu-zaposlio-520-osoba-u-glavnom-gradu-klikovac-da-se-zalozi-da-vrate-plate\\\/\",\"url\":\"https:\\\/\\\/dmcsrb.com\\\/politika\\\/grubac-ivan-vukovic-u-tehnickom-mandatu-zaposlio-520-osoba-u-glavnom-gradu-klikovac-da-se-zalozi-da-vrate-plate\\\/\",\"name\":\"Gruba\u010d: Ivan Vukovi\u0107 u tehni\u010dkom mandatu zaposlio 520 osoba u Glavnom gradu, Klikovac da se zalo\u017ei da vrate plate - dmcsrb.com\",\"isPartOf\":{\"@id\":\"https:\\\/\\\/dmcsrb.com\\\/#website\"},\"primaryImageOfPage\":{\"@id\":\"https:\\\/\\\/dmcsrb.com\\\/politika\\\/grubac-ivan-vukovic-u-tehnickom-mandatu-zaposlio-520-osoba-u-glavnom-gradu-klikovac-da-se-zalozi-da-vrate-plate\\\/#primaryimage\"},\"image\":{\"@id\":\"https:\\\/\\\/dmcsrb.com\\\/politika\\\/grubac-ivan-vukovic-u-tehnickom-mandatu-zaposlio-520-osoba-u-glavnom-gradu-klikovac-da-se-zalozi-da-vrate-plate\\\/#primaryimage\"},\"thumbnailUrl\":\"https:\\\/\\\/dmcsrb.com\\\/wp-content\\\/uploads\\\/2026\\\/01\\\/Vojin-Grubac-kolumna.jpg\",\"datePublished\":\"2025-10-23T09:18:00+00:00\",\"author\":{\"@id\":\"https:\\\/\\\/dmcsrb.com\\\/#\\\/schema\\\/person\\\/5c39170f12db1b8b457732d0b5c854e2\"},\"breadcrumb\":{\"@id\":\"https:\\\/\\\/dmcsrb.com\\\/politika\\\/grubac-ivan-vukovic-u-tehnickom-mandatu-zaposlio-520-osoba-u-glavnom-gradu-klikovac-da-se-zalozi-da-vrate-plate\\\/#breadcrumb\"},\"inLanguage\":\"en-GB\",\"potentialAction\":[{\"@type\":\"ReadAction\",\"target\":[\"https:\\\/\\\/dmcsrb.com\\\/politika\\\/grubac-ivan-vukovic-u-tehnickom-mandatu-zaposlio-520-osoba-u-glavnom-gradu-klikovac-da-se-zalozi-da-vrate-plate\\\/\"]}]},{\"@type\":\"ImageObject\",\"inLanguage\":\"en-GB\",\"@id\":\"https:\\\/\\\/dmcsrb.com\\\/politika\\\/grubac-ivan-vukovic-u-tehnickom-mandatu-zaposlio-520-osoba-u-glavnom-gradu-klikovac-da-se-zalozi-da-vrate-plate\\\/#primaryimage\",\"url\":\"https:\\\/\\\/dmcsrb.com\\\/wp-content\\\/uploads\\\/2026\\\/01\\\/Vojin-Grubac-kolumna.jpg\",\"contentUrl\":\"https:\\\/\\\/dmcsrb.com\\\/wp-content\\\/uploads\\\/2026\\\/01\\\/Vojin-Grubac-kolumna.jpg\",\"width\":882,\"height\":622},{\"@type\":\"BreadcrumbList\",\"@id\":\"https:\\\/\\\/dmcsrb.com\\\/politika\\\/grubac-ivan-vukovic-u-tehnickom-mandatu-zaposlio-520-osoba-u-glavnom-gradu-klikovac-da-se-zalozi-da-vrate-plate\\\/#breadcrumb\",\"itemListElement\":[{\"@type\":\"ListItem\",\"position\":1,\"name\":\"Home\",\"item\":\"https:\\\/\\\/dmcsrb.com\\\/\"},{\"@type\":\"ListItem\",\"position\":2,\"name\":\"Gruba\u010d: Ivan Vukovi\u0107 u tehni\u010dkom mandatu zaposlio 520 osoba u Glavnom gradu, Klikovac da se zalo\u017ei da vrate plate\"}]},{\"@type\":\"WebSite\",\"@id\":\"https:\\\/\\\/dmcsrb.com\\\/#website\",\"url\":\"https:\\\/\\\/dmcsrb.com\\\/\",\"name\":\"dmcsrb.com\",\"description\":\"\",\"potentialAction\":[{\"@type\":\"SearchAction\",\"target\":{\"@type\":\"EntryPoint\",\"urlTemplate\":\"https:\\\/\\\/dmcsrb.com\\\/?s={search_term_string}\"},\"query-input\":{\"@type\":\"PropertyValueSpecification\",\"valueRequired\":true,\"valueName\":\"search_term_string\"}}],\"inLanguage\":\"en-GB\"},{\"@type\":\"Person\",\"@id\":\"https:\\\/\\\/dmcsrb.com\\\/#\\\/schema\\\/person\\\/5c39170f12db1b8b457732d0b5c854e2\",\"name\":\"dmcsrbija.com@gmail.com\",\"image\":{\"@type\":\"ImageObject\",\"inLanguage\":\"en-GB\",\"@id\":\"https:\\\/\\\/secure.gravatar.com\\\/avatar\\\/68592660ad6347fad0fb587f8d5d8f1a7b44961362f56e4f2cd524feb87e9069?s=96&d=mm&r=g\",\"url\":\"https:\\\/\\\/secure.gravatar.com\\\/avatar\\\/68592660ad6347fad0fb587f8d5d8f1a7b44961362f56e4f2cd524feb87e9069?s=96&d=mm&r=g\",\"contentUrl\":\"https:\\\/\\\/secure.gravatar.com\\\/avatar\\\/68592660ad6347fad0fb587f8d5d8f1a7b44961362f56e4f2cd524feb87e9069?s=96&d=mm&r=g\",\"caption\":\"dmcsrbija.com@gmail.com\"},\"sameAs\":[\"https:\\\/\\\/dmcsrb.com\"],\"url\":\"https:\\\/\\\/dmcsrb.com\\\/en\\\/author\\\/dmcsrbija-comgmail-com\\\/\"}]}<\/script>\n<!-- \/ Yoast SEO plugin. -->","yoast_head_json":{"title":"Gruba\u010d: Ivan Vukovi\u0107 u tehni\u010dkom mandatu zaposlio 520 osoba u Glavnom gradu, Klikovac da se zalo\u017ei da vrate plate - dmcsrb.com","robots":{"index":"index","follow":"follow","max-snippet":"max-snippet:-1","max-image-preview":"max-image-preview:large","max-video-preview":"max-video-preview:-1"},"canonical":"https:\/\/dmcsrb.com\/en\/politika\/grubac-ivan-vukovic-u-tehnickom-mandatu-zaposlio-520-osoba-u-glavnom-gradu-klikovac-da-se-zalozi-da-vrate-plate\/","og_locale":"en_GB","og_type":"article","og_title":"Gruba\u010d: Ivan Vukovi\u0107 u tehni\u010dkom mandatu zaposlio 520 osoba u Glavnom gradu, Klikovac da se zalo\u017ei da vrate plate - dmcsrb.com","og_description":"Posljednje obra\u0107anje javnosti Andrije Klikovca, \u0161efa Kluba odbornika DPS-a Glavnog grada, u kojem se bavi temom RTV Podgorica predstavlja licemjerni krik o\u010daja politi\u010dkog gubitnika zbog izlaska toga medija izvan kontrole DPS-a, \u0161to DPS o\u010dito nikako ne mo\u017ee pre\u017ealiti, kazao je politi\u010dki analiti\u010dar Vojin Gruba\u010d za Portal RTV Podgorica.","og_url":"https:\/\/dmcsrb.com\/en\/politika\/grubac-ivan-vukovic-u-tehnickom-mandatu-zaposlio-520-osoba-u-glavnom-gradu-klikovac-da-se-zalozi-da-vrate-plate\/","og_site_name":"dmcsrb.com","article_published_time":"2025-10-23T09:18:00+00:00","og_image":[{"width":882,"height":622,"url":"https:\/\/dmcsrb.com\/wp-content\/uploads\/2026\/01\/Vojin-Grubac-kolumna.jpg","type":"image\/jpeg"}],"author":"dmcsrbija.com@gmail.com","twitter_card":"summary_large_image","twitter_misc":{"Written by":"dmcsrbija.com@gmail.com","Estimated reading time":"1 minute"},"schema":{"@context":"https:\/\/schema.org","@graph":[{"@type":"Article","@id":"https:\/\/dmcsrb.com\/politika\/grubac-ivan-vukovic-u-tehnickom-mandatu-zaposlio-520-osoba-u-glavnom-gradu-klikovac-da-se-zalozi-da-vrate-plate\/#article","isPartOf":{"@id":"https:\/\/dmcsrb.com\/politika\/grubac-ivan-vukovic-u-tehnickom-mandatu-zaposlio-520-osoba-u-glavnom-gradu-klikovac-da-se-zalozi-da-vrate-plate\/"},"author":{"name":"dmcsrbija.com@gmail.com","@id":"https:\/\/dmcsrb.com\/#\/schema\/person\/5c39170f12db1b8b457732d0b5c854e2"},"headline":"Gruba\u010d: Ivan Vukovi\u0107 u tehni\u010dkom mandatu zaposlio 520 osoba u Glavnom gradu, Klikovac da se zalo\u017ei da vrate plate","datePublished":"2025-10-23T09:18:00+00:00","mainEntityOfPage":{"@id":"https:\/\/dmcsrb.com\/politika\/grubac-ivan-vukovic-u-tehnickom-mandatu-zaposlio-520-osoba-u-glavnom-gradu-klikovac-da-se-zalozi-da-vrate-plate\/"},"wordCount":212,"commentCount":0,"image":{"@id":"https:\/\/dmcsrb.com\/politika\/grubac-ivan-vukovic-u-tehnickom-mandatu-zaposlio-520-osoba-u-glavnom-gradu-klikovac-da-se-zalozi-da-vrate-plate\/#primaryimage"},"thumbnailUrl":"https:\/\/dmcsrb.com\/wp-content\/uploads\/2026\/01\/Vojin-Grubac-kolumna.jpg","keywords":["Andrija Klikovac","Vojin Gruba\u010d"],"articleSection":["Politika"],"inLanguage":"en-GB","potentialAction":[{"@type":"CommentAction","name":"Comment","target":["https:\/\/dmcsrb.com\/politika\/grubac-ivan-vukovic-u-tehnickom-mandatu-zaposlio-520-osoba-u-glavnom-gradu-klikovac-da-se-zalozi-da-vrate-plate\/#respond"]}]},{"@type":"WebPage","@id":"https:\/\/dmcsrb.com\/politika\/grubac-ivan-vukovic-u-tehnickom-mandatu-zaposlio-520-osoba-u-glavnom-gradu-klikovac-da-se-zalozi-da-vrate-plate\/","url":"https:\/\/dmcsrb.com\/politika\/grubac-ivan-vukovic-u-tehnickom-mandatu-zaposlio-520-osoba-u-glavnom-gradu-klikovac-da-se-zalozi-da-vrate-plate\/","name":"Gruba\u010d: Ivan Vukovi\u0107 u tehni\u010dkom mandatu zaposlio 520 osoba u Glavnom gradu, Klikovac da se zalo\u017ei da vrate plate - dmcsrb.com","isPartOf":{"@id":"https:\/\/dmcsrb.com\/#website"},"primaryImageOfPage":{"@id":"https:\/\/dmcsrb.com\/politika\/grubac-ivan-vukovic-u-tehnickom-mandatu-zaposlio-520-osoba-u-glavnom-gradu-klikovac-da-se-zalozi-da-vrate-plate\/#primaryimage"},"image":{"@id":"https:\/\/dmcsrb.com\/politika\/grubac-ivan-vukovic-u-tehnickom-mandatu-zaposlio-520-osoba-u-glavnom-gradu-klikovac-da-se-zalozi-da-vrate-plate\/#primaryimage"},"thumbnailUrl":"https:\/\/dmcsrb.com\/wp-content\/uploads\/2026\/01\/Vojin-Grubac-kolumna.jpg","datePublished":"2025-10-23T09:18:00+00:00","author":{"@id":"https:\/\/dmcsrb.com\/#\/schema\/person\/5c39170f12db1b8b457732d0b5c854e2"},"breadcrumb":{"@id":"https:\/\/dmcsrb.com\/politika\/grubac-ivan-vukovic-u-tehnickom-mandatu-zaposlio-520-osoba-u-glavnom-gradu-klikovac-da-se-zalozi-da-vrate-plate\/#breadcrumb"},"inLanguage":"en-GB","potentialAction":[{"@type":"ReadAction","target":["https:\/\/dmcsrb.com\/politika\/grubac-ivan-vukovic-u-tehnickom-mandatu-zaposlio-520-osoba-u-glavnom-gradu-klikovac-da-se-zalozi-da-vrate-plate\/"]}]},{"@type":"ImageObject","inLanguage":"en-GB","@id":"https:\/\/dmcsrb.com\/politika\/grubac-ivan-vukovic-u-tehnickom-mandatu-zaposlio-520-osoba-u-glavnom-gradu-klikovac-da-se-zalozi-da-vrate-plate\/#primaryimage","url":"https:\/\/dmcsrb.com\/wp-content\/uploads\/2026\/01\/Vojin-Grubac-kolumna.jpg","contentUrl":"https:\/\/dmcsrb.com\/wp-content\/uploads\/2026\/01\/Vojin-Grubac-kolumna.jpg","width":882,"height":622},{"@type":"BreadcrumbList","@id":"https:\/\/dmcsrb.com\/politika\/grubac-ivan-vukovic-u-tehnickom-mandatu-zaposlio-520-osoba-u-glavnom-gradu-klikovac-da-se-zalozi-da-vrate-plate\/#breadcrumb","itemListElement":[{"@type":"ListItem","position":1,"name":"Home","item":"https:\/\/dmcsrb.com\/"},{"@type":"ListItem","position":2,"name":"Gruba\u010d: Ivan Vukovi\u0107 u tehni\u010dkom mandatu zaposlio 520 osoba u Glavnom gradu, Klikovac da se zalo\u017ei da vrate plate"}]},{"@type":"WebSite","@id":"https:\/\/dmcsrb.com\/#website","url":"https:\/\/dmcsrb.com\/","name":"dmcsrb.com","description":"","potentialAction":[{"@type":"SearchAction","target":{"@type":"EntryPoint","urlTemplate":"https:\/\/dmcsrb.com\/?s={search_term_string}"},"query-input":{"@type":"PropertyValueSpecification","valueRequired":true,"valueName":"search_term_string"}}],"inLanguage":"en-GB"},{"@type":"Person","@id":"https:\/\/dmcsrb.com\/#\/schema\/person\/5c39170f12db1b8b457732d0b5c854e2","name":"dmcsrbija.com@gmail.com","image":{"@type":"ImageObject","inLanguage":"en-GB","@id":"https:\/\/secure.gravatar.com\/avatar\/68592660ad6347fad0fb587f8d5d8f1a7b44961362f56e4f2cd524feb87e9069?s=96&d=mm&r=g","url":"https:\/\/secure.gravatar.com\/avatar\/68592660ad6347fad0fb587f8d5d8f1a7b44961362f56e4f2cd524feb87e9069?s=96&d=mm&r=g","contentUrl":"https:\/\/secure.gravatar.com\/avatar\/68592660ad6347fad0fb587f8d5d8f1a7b44961362f56e4f2cd524feb87e9069?s=96&d=mm&r=g","caption":"dmcsrbija.com@gmail.com"},"sameAs":["https:\/\/dmcsrb.com"],"url":"https:\/\/dmcsrb.com\/en\/author\/dmcsrbija-comgmail-com\/"}]}},"_links":{"self":[{"href":"https:\/\/dmcsrb.com\/en\/wp-json\/wp\/v2\/posts\/959583","targetHints":{"allow":["GET"]}}],"collection":[{"href":"https:\/\/dmcsrb.com\/en\/wp-json\/wp\/v2\/posts"}],"about":[{"href":"https:\/\/dmcsrb.com\/en\/wp-json\/wp\/v2\/types\/post"}],"author":[{"embeddable":true,"href":"https:\/\/dmcsrb.com\/en\/wp-json\/wp\/v2\/users\/1"}],"replies":[{"embeddable":true,"href":"https:\/\/dmcsrb.com\/en\/wp-json\/wp\/v2\/comments?post=959583"}],"version-history":[{"count":0,"href":"https:\/\/dmcsrb.com\/en\/wp-json\/wp\/v2\/posts\/959583\/revisions"}],"wp:featuredmedia":[{"embeddable":true,"href":"https:\/\/dmcsrb.com\/en\/wp-json\/wp\/v2\/media\/908858"}],"wp:attachment":[{"href":"https:\/\/dmcsrb.com\/en\/wp-json\/wp\/v2\/media?parent=959583"}],"wp:term":[{"taxonomy":"category","embeddable":true,"href":"https:\/\/dmcsrb.com\/en\/wp-json\/wp\/v2\/categories?post=959583"},{"taxonomy":"post_tag","embeddable":true,"href":"https:\/\/dmcsrb.com\/en\/wp-json\/wp\/v2\/tags?post=959583"},{"taxonomy":"naslovna","embeddable":true,"href":"https:\/\/dmcsrb.com\/en\/wp-json\/wp\/v2\/naslovna?post=959583"}],"curies":[{"name":"wp","href":"https:\/\/api.w.org\/{rel}","templated":true}]}}