{"id":959495,"date":"2025-10-22T18:13:00","date_gmt":"2025-10-22T16:13:00","guid":{"rendered":"https:\/\/dmcsrb.com\/uncategorized\/ibrahimovic-preuzimamo-kljucnu-ulogu-u-berlinskom-procesu-i-evropskim-integracijama\/"},"modified":"2025-10-22T18:13:00","modified_gmt":"2025-10-22T16:13:00","slug":"ibrahimovic-preuzimamo-kljucnu-ulogu-u-berlinskom-procesu-i-evropskim-integracijama","status":"publish","type":"post","link":"https:\/\/dmcsrb.com\/en\/politika\/ibrahimovic-preuzimamo-kljucnu-ulogu-u-berlinskom-procesu-i-evropskim-integracijama\/","title":{"rendered":"Ibrahimovi\u0107: Preuzimamo klju\u010dnu ulogu u Berlinskom procesu i evropskim integracijama"},"content":{"rendered":"<p><\/p>\n\n\n\n<p>\u201ePremijer Milojko Spaji\u0107 je poslao jasnu poruku \u2013 Crna Gora \u0107e predsjedavati Berlinskim procesom. To je najve\u0107e priznanje za na\u0161u dosada\u0161nju posve\u0107enost evropskim integracijama i potvrda da smo pouzdan partner. Platforma Berlinskog procesa omogu\u0107ila je zajedni\u010dko tr\u017ei\u0161te, ukidanje rominga, mobilnost mladih i brojne druge benefite koje danas osje\u0107aju svi gra\u0111ani regiona\u201c, kazao je Ibrahimovi\u0107.<\/p>\n\n\n\n<p>On je naglasio da \u0107e Crna Gora biti doma\u0107in evropskim liderima po prvi put upravo zbog politike pro\u0161irenja EU, \u0161to predstavlja sna\u017enu poruku i potvrdu da je dr\u017eava garant stabilnosti regiona i spremna da bude ravnopravna \u010dlanica Unije.<\/p>\n\n\n\n<p>\u201eNaredna godina nosi i sna\u017enu simboliku jer slavimo 20 godina obnove nezavisnosti, a ovaj doga\u0111aj iz Brisela vidimo kao poseban poklon i priznanje. Poruke koje primamo su vrlo ohrabruju\u0107e, ali i obavezuju\u0107e\u201c, rekao je ministar.<\/p>\n\n\n\n<p>Kada je rije\u010d o planovima za narednu godinu, Ibrahimovi\u0107 je istakao da je cilj zatvaranje svih pregovara\u010dkih poglavlja.<\/p>\n\n\n\n<p>\u201eSre\u0107an sam zbog svega \u0161to se ovih dana de\u0161ava na tom planu. Na\u0161a uloga na regionalnom nivou svakim danom ja\u010da. Prvi put predsjedavamo najstarijom EU institucijom, \u0161to je veliki izazov, ali i \u0161ansa da poka\u017eemo kako znamo da balansiramo interese u regionu\u201c, istakao je on.<\/p>\n\n\n\n<p>Dodao je da je predsjedavanje Savjetom EU kruna vanjskopoliti\u010dkog prioriteta Crne Gore pred sam ulazak u Uniju.<\/p>\n\n\n\n<p>\u201eZahvalni smo svima koji doprinose ovom procesu. Rezultati su ve\u0107 vidljivi i vjerujem da \u0107e ih biti jo\u0161 vi\u0161e\u201c, rekao je Ibrahimovi\u0107.<\/p>\n\n\n\n<p>Zaklju\u010dio je da postoji \u0161irok konsenzus u dru\u0161tvu kada je u pitanju evropski put.<\/p>\n\n\n\n<p>\u201eGra\u0111ani \u017eele EU, politi\u010dari tako\u0111e \u2013 svi smo ujedinjeni oko tog cilja. Partneri to prepoznaju. \u017delim da ispunimo sve obaveze i da 2028. godine postanemo punopravna \u010dlanica Evropske unije\u201c, zaklju\u010dio je Ibrahimovi\u0107.<\/p>","protected":false},"excerpt":{"rendered":"<p>Crna Gora \u0107e 1. juna 2026. godine biti doma\u0107in Samita Evropska unija \u2013 Zapadni Balkan, a iste godine i predsjedavati Berlinskim procesom, potvrdio je ministar vanjskih poslova Ervin Ibrahimovi\u0107 u Dnevniku TVCG. Kako je kazao, rije\u010d je o sna\u017enoj potvrdi povjerenja koje Evropska unija ima u Crnu Goru.<\/p>","protected":false},"author":1,"featured_media":959496,"comment_status":"open","ping_status":"open","sticky":false,"template":"","format":"standard","meta":{"_acf_changed":false,"footnotes":""},"categories":[12],"tags":[350,321,9314],"naslovna":[],"class_list":["post-959495","post","type-post","status-publish","format-standard","has-post-thumbnail","hentry","category-politika","tag-berlinski-proces","tag-ervin-ibrahimovic","tag-evropske-integracije"],"acf":[],"yoast_head":"<!-- This site is optimized with the Yoast SEO plugin v27.0 - https:\/\/yoast.com\/product\/yoast-seo-wordpress\/ -->\n<title>Ibrahimovi\u0107: Preuzimamo klju\u010dnu ulogu u Berlinskom procesu i evropskim integracijama - dmcsrb.com<\/title>\n<meta name=\"robots\" content=\"index, follow, max-snippet:-1, max-image-preview:large, max-video-preview:-1\" \/>\n<link rel=\"canonical\" href=\"https:\/\/dmcsrb.com\/en\/politika\/ibrahimovic-preuzimamo-kljucnu-ulogu-u-berlinskom-procesu-i-evropskim-integracijama\/\" \/>\n<meta property=\"og:locale\" content=\"en_GB\" \/>\n<meta property=\"og:type\" content=\"article\" \/>\n<meta property=\"og:title\" content=\"Ibrahimovi\u0107: Preuzimamo klju\u010dnu ulogu u Berlinskom procesu i evropskim integracijama - dmcsrb.com\" \/>\n<meta property=\"og:description\" content=\"Crna Gora \u0107e 1. juna 2026. godine biti doma\u0107in Samita Evropska unija \u2013 Zapadni Balkan, a iste godine i predsjedavati Berlinskim procesom, potvrdio je ministar vanjskih poslova Ervin Ibrahimovi\u0107 u Dnevniku TVCG. Kako je kazao, rije\u010d je o sna\u017enoj potvrdi povjerenja koje Evropska unija ima u Crnu Goru.\" \/>\n<meta property=\"og:url\" content=\"https:\/\/dmcsrb.com\/en\/politika\/ibrahimovic-preuzimamo-kljucnu-ulogu-u-berlinskom-procesu-i-evropskim-integracijama\/\" \/>\n<meta property=\"og:site_name\" content=\"dmcsrb.com\" \/>\n<meta property=\"article:published_time\" content=\"2025-10-22T16:13:00+00:00\" \/>\n<meta property=\"og:image\" content=\"https:\/\/dmcsrb.com\/wp-content\/uploads\/2026\/01\/w_506x900.webp\" \/>\n\t<meta property=\"og:image:width\" content=\"900\" \/>\n\t<meta property=\"og:image:height\" content=\"506\" \/>\n\t<meta property=\"og:image:type\" content=\"image\/jpeg\" \/>\n<meta name=\"author\" content=\"dmcsrbija.com@gmail.com\" \/>\n<meta name=\"twitter:card\" content=\"summary_large_image\" \/>\n<meta name=\"twitter:label1\" content=\"Written by\" \/>\n\t<meta name=\"twitter:data1\" content=\"dmcsrbija.com@gmail.com\" \/>\n\t<meta name=\"twitter:label2\" content=\"Estimated reading time\" \/>\n\t<meta name=\"twitter:data2\" content=\"2 minutes\" \/>\n<script type=\"application\/ld+json\" class=\"yoast-schema-graph\">{\"@context\":\"https:\/\/schema.org\",\"@graph\":[{\"@type\":\"Article\",\"@id\":\"https:\/\/dmcsrb.com\/politika\/ibrahimovic-preuzimamo-kljucnu-ulogu-u-berlinskom-procesu-i-evropskim-integracijama\/#article\",\"isPartOf\":{\"@id\":\"https:\/\/dmcsrb.com\/politika\/ibrahimovic-preuzimamo-kljucnu-ulogu-u-berlinskom-procesu-i-evropskim-integracijama\/\"},\"author\":{\"name\":\"dmcsrbija.com@gmail.com\",\"@id\":\"https:\/\/dmcsrb.com\/#\/schema\/person\/5c39170f12db1b8b457732d0b5c854e2\"},\"headline\":\"Ibrahimovi\u0107: Preuzimamo klju\u010dnu ulogu u Berlinskom procesu i evropskim integracijama\",\"datePublished\":\"2025-10-22T16:13:00+00:00\",\"mainEntityOfPage\":{\"@id\":\"https:\/\/dmcsrb.com\/politika\/ibrahimovic-preuzimamo-kljucnu-ulogu-u-berlinskom-procesu-i-evropskim-integracijama\/\"},\"wordCount\":314,\"commentCount\":0,\"image\":{\"@id\":\"https:\/\/dmcsrb.com\/politika\/ibrahimovic-preuzimamo-kljucnu-ulogu-u-berlinskom-procesu-i-evropskim-integracijama\/#primaryimage\"},\"thumbnailUrl\":\"https:\/\/dmcsrb.com\/wp-content\/uploads\/2026\/01\/w_506x900.webp\",\"keywords\":[\"Berlinski proces\",\"Ervin Ibrahimovi\u0107\",\"Evropske integracije\"],\"articleSection\":[\"Politika\"],\"inLanguage\":\"en-GB\",\"potentialAction\":[{\"@type\":\"CommentAction\",\"name\":\"Comment\",\"target\":[\"https:\/\/dmcsrb.com\/politika\/ibrahimovic-preuzimamo-kljucnu-ulogu-u-berlinskom-procesu-i-evropskim-integracijama\/#respond\"]}]},{\"@type\":\"WebPage\",\"@id\":\"https:\/\/dmcsrb.com\/politika\/ibrahimovic-preuzimamo-kljucnu-ulogu-u-berlinskom-procesu-i-evropskim-integracijama\/\",\"url\":\"https:\/\/dmcsrb.com\/politika\/ibrahimovic-preuzimamo-kljucnu-ulogu-u-berlinskom-procesu-i-evropskim-integracijama\/\",\"name\":\"Ibrahimovi\u0107: Preuzimamo klju\u010dnu ulogu u Berlinskom procesu i evropskim integracijama - dmcsrb.com\",\"isPartOf\":{\"@id\":\"https:\/\/dmcsrb.com\/#website\"},\"primaryImageOfPage\":{\"@id\":\"https:\/\/dmcsrb.com\/politika\/ibrahimovic-preuzimamo-kljucnu-ulogu-u-berlinskom-procesu-i-evropskim-integracijama\/#primaryimage\"},\"image\":{\"@id\":\"https:\/\/dmcsrb.com\/politika\/ibrahimovic-preuzimamo-kljucnu-ulogu-u-berlinskom-procesu-i-evropskim-integracijama\/#primaryimage\"},\"thumbnailUrl\":\"https:\/\/dmcsrb.com\/wp-content\/uploads\/2026\/01\/w_506x900.webp\",\"datePublished\":\"2025-10-22T16:13:00+00:00\",\"author\":{\"@id\":\"https:\/\/dmcsrb.com\/#\/schema\/person\/5c39170f12db1b8b457732d0b5c854e2\"},\"breadcrumb\":{\"@id\":\"https:\/\/dmcsrb.com\/politika\/ibrahimovic-preuzimamo-kljucnu-ulogu-u-berlinskom-procesu-i-evropskim-integracijama\/#breadcrumb\"},\"inLanguage\":\"en-GB\",\"potentialAction\":[{\"@type\":\"ReadAction\",\"target\":[\"https:\/\/dmcsrb.com\/politika\/ibrahimovic-preuzimamo-kljucnu-ulogu-u-berlinskom-procesu-i-evropskim-integracijama\/\"]}]},{\"@type\":\"ImageObject\",\"inLanguage\":\"en-GB\",\"@id\":\"https:\/\/dmcsrb.com\/politika\/ibrahimovic-preuzimamo-kljucnu-ulogu-u-berlinskom-procesu-i-evropskim-integracijama\/#primaryimage\",\"url\":\"https:\/\/dmcsrb.com\/wp-content\/uploads\/2026\/01\/w_506x900.webp\",\"contentUrl\":\"https:\/\/dmcsrb.com\/wp-content\/uploads\/2026\/01\/w_506x900.webp\",\"width\":900,\"height\":506},{\"@type\":\"BreadcrumbList\",\"@id\":\"https:\/\/dmcsrb.com\/politika\/ibrahimovic-preuzimamo-kljucnu-ulogu-u-berlinskom-procesu-i-evropskim-integracijama\/#breadcrumb\",\"itemListElement\":[{\"@type\":\"ListItem\",\"position\":1,\"name\":\"Home\",\"item\":\"https:\/\/dmcsrb.com\/\"},{\"@type\":\"ListItem\",\"position\":2,\"name\":\"Ibrahimovi\u0107: Preuzimamo klju\u010dnu ulogu u Berlinskom procesu i evropskim integracijama\"}]},{\"@type\":\"WebSite\",\"@id\":\"https:\/\/dmcsrb.com\/#website\",\"url\":\"https:\/\/dmcsrb.com\/\",\"name\":\"dmcsrb.com\",\"description\":\"\",\"potentialAction\":[{\"@type\":\"SearchAction\",\"target\":{\"@type\":\"EntryPoint\",\"urlTemplate\":\"https:\/\/dmcsrb.com\/?s={search_term_string}\"},\"query-input\":{\"@type\":\"PropertyValueSpecification\",\"valueRequired\":true,\"valueName\":\"search_term_string\"}}],\"inLanguage\":\"en-GB\"},{\"@type\":\"Person\",\"@id\":\"https:\/\/dmcsrb.com\/#\/schema\/person\/5c39170f12db1b8b457732d0b5c854e2\",\"name\":\"dmcsrbija.com@gmail.com\",\"image\":{\"@type\":\"ImageObject\",\"inLanguage\":\"en-GB\",\"@id\":\"https:\/\/dmcsrb.com\/#\/schema\/person\/image\/\",\"url\":\"https:\/\/secure.gravatar.com\/avatar\/68592660ad6347fad0fb587f8d5d8f1a7b44961362f56e4f2cd524feb87e9069?s=96&d=mm&r=g\",\"contentUrl\":\"https:\/\/secure.gravatar.com\/avatar\/68592660ad6347fad0fb587f8d5d8f1a7b44961362f56e4f2cd524feb87e9069?s=96&d=mm&r=g\",\"caption\":\"dmcsrbija.com@gmail.com\"},\"sameAs\":[\"https:\/\/dmcsrb.com\"],\"url\":\"https:\/\/dmcsrb.com\/en\/author\/dmcsrbija-comgmail-com\/\"}]}<\/script>\n<!-- \/ Yoast SEO plugin. -->","yoast_head_json":{"title":"Ibrahimovi\u0107: Preuzimamo klju\u010dnu ulogu u Berlinskom procesu i evropskim integracijama - dmcsrb.com","robots":{"index":"index","follow":"follow","max-snippet":"max-snippet:-1","max-image-preview":"max-image-preview:large","max-video-preview":"max-video-preview:-1"},"canonical":"https:\/\/dmcsrb.com\/en\/politika\/ibrahimovic-preuzimamo-kljucnu-ulogu-u-berlinskom-procesu-i-evropskim-integracijama\/","og_locale":"en_GB","og_type":"article","og_title":"Ibrahimovi\u0107: Preuzimamo klju\u010dnu ulogu u Berlinskom procesu i evropskim integracijama - dmcsrb.com","og_description":"Crna Gora \u0107e 1. juna 2026. godine biti doma\u0107in Samita Evropska unija \u2013 Zapadni Balkan, a iste godine i predsjedavati Berlinskim procesom, potvrdio je ministar vanjskih poslova Ervin Ibrahimovi\u0107 u Dnevniku TVCG. Kako je kazao, rije\u010d je o sna\u017enoj potvrdi povjerenja koje Evropska unija ima u Crnu Goru.","og_url":"https:\/\/dmcsrb.com\/en\/politika\/ibrahimovic-preuzimamo-kljucnu-ulogu-u-berlinskom-procesu-i-evropskim-integracijama\/","og_site_name":"dmcsrb.com","article_published_time":"2025-10-22T16:13:00+00:00","og_image":[{"width":900,"height":506,"url":"https:\/\/dmcsrb.com\/wp-content\/uploads\/2026\/01\/w_506x900.webp","type":"image\/jpeg"}],"author":"dmcsrbija.com@gmail.com","twitter_card":"summary_large_image","twitter_misc":{"Written by":"dmcsrbija.com@gmail.com","Estimated reading time":"2 minutes"},"schema":{"@context":"https:\/\/schema.org","@graph":[{"@type":"Article","@id":"https:\/\/dmcsrb.com\/politika\/ibrahimovic-preuzimamo-kljucnu-ulogu-u-berlinskom-procesu-i-evropskim-integracijama\/#article","isPartOf":{"@id":"https:\/\/dmcsrb.com\/politika\/ibrahimovic-preuzimamo-kljucnu-ulogu-u-berlinskom-procesu-i-evropskim-integracijama\/"},"author":{"name":"dmcsrbija.com@gmail.com","@id":"https:\/\/dmcsrb.com\/#\/schema\/person\/5c39170f12db1b8b457732d0b5c854e2"},"headline":"Ibrahimovi\u0107: Preuzimamo klju\u010dnu ulogu u Berlinskom procesu i evropskim integracijama","datePublished":"2025-10-22T16:13:00+00:00","mainEntityOfPage":{"@id":"https:\/\/dmcsrb.com\/politika\/ibrahimovic-preuzimamo-kljucnu-ulogu-u-berlinskom-procesu-i-evropskim-integracijama\/"},"wordCount":314,"commentCount":0,"image":{"@id":"https:\/\/dmcsrb.com\/politika\/ibrahimovic-preuzimamo-kljucnu-ulogu-u-berlinskom-procesu-i-evropskim-integracijama\/#primaryimage"},"thumbnailUrl":"https:\/\/dmcsrb.com\/wp-content\/uploads\/2026\/01\/w_506x900.webp","keywords":["Berlinski proces","Ervin Ibrahimovi\u0107","Evropske integracije"],"articleSection":["Politika"],"inLanguage":"en-GB","potentialAction":[{"@type":"CommentAction","name":"Comment","target":["https:\/\/dmcsrb.com\/politika\/ibrahimovic-preuzimamo-kljucnu-ulogu-u-berlinskom-procesu-i-evropskim-integracijama\/#respond"]}]},{"@type":"WebPage","@id":"https:\/\/dmcsrb.com\/politika\/ibrahimovic-preuzimamo-kljucnu-ulogu-u-berlinskom-procesu-i-evropskim-integracijama\/","url":"https:\/\/dmcsrb.com\/politika\/ibrahimovic-preuzimamo-kljucnu-ulogu-u-berlinskom-procesu-i-evropskim-integracijama\/","name":"Ibrahimovi\u0107: Preuzimamo klju\u010dnu ulogu u Berlinskom procesu i evropskim integracijama - dmcsrb.com","isPartOf":{"@id":"https:\/\/dmcsrb.com\/#website"},"primaryImageOfPage":{"@id":"https:\/\/dmcsrb.com\/politika\/ibrahimovic-preuzimamo-kljucnu-ulogu-u-berlinskom-procesu-i-evropskim-integracijama\/#primaryimage"},"image":{"@id":"https:\/\/dmcsrb.com\/politika\/ibrahimovic-preuzimamo-kljucnu-ulogu-u-berlinskom-procesu-i-evropskim-integracijama\/#primaryimage"},"thumbnailUrl":"https:\/\/dmcsrb.com\/wp-content\/uploads\/2026\/01\/w_506x900.webp","datePublished":"2025-10-22T16:13:00+00:00","author":{"@id":"https:\/\/dmcsrb.com\/#\/schema\/person\/5c39170f12db1b8b457732d0b5c854e2"},"breadcrumb":{"@id":"https:\/\/dmcsrb.com\/politika\/ibrahimovic-preuzimamo-kljucnu-ulogu-u-berlinskom-procesu-i-evropskim-integracijama\/#breadcrumb"},"inLanguage":"en-GB","potentialAction":[{"@type":"ReadAction","target":["https:\/\/dmcsrb.com\/politika\/ibrahimovic-preuzimamo-kljucnu-ulogu-u-berlinskom-procesu-i-evropskim-integracijama\/"]}]},{"@type":"ImageObject","inLanguage":"en-GB","@id":"https:\/\/dmcsrb.com\/politika\/ibrahimovic-preuzimamo-kljucnu-ulogu-u-berlinskom-procesu-i-evropskim-integracijama\/#primaryimage","url":"https:\/\/dmcsrb.com\/wp-content\/uploads\/2026\/01\/w_506x900.webp","contentUrl":"https:\/\/dmcsrb.com\/wp-content\/uploads\/2026\/01\/w_506x900.webp","width":900,"height":506},{"@type":"BreadcrumbList","@id":"https:\/\/dmcsrb.com\/politika\/ibrahimovic-preuzimamo-kljucnu-ulogu-u-berlinskom-procesu-i-evropskim-integracijama\/#breadcrumb","itemListElement":[{"@type":"ListItem","position":1,"name":"Home","item":"https:\/\/dmcsrb.com\/"},{"@type":"ListItem","position":2,"name":"Ibrahimovi\u0107: Preuzimamo klju\u010dnu ulogu u Berlinskom procesu i evropskim integracijama"}]},{"@type":"WebSite","@id":"https:\/\/dmcsrb.com\/#website","url":"https:\/\/dmcsrb.com\/","name":"dmcsrb.com","description":"","potentialAction":[{"@type":"SearchAction","target":{"@type":"EntryPoint","urlTemplate":"https:\/\/dmcsrb.com\/?s={search_term_string}"},"query-input":{"@type":"PropertyValueSpecification","valueRequired":true,"valueName":"search_term_string"}}],"inLanguage":"en-GB"},{"@type":"Person","@id":"https:\/\/dmcsrb.com\/#\/schema\/person\/5c39170f12db1b8b457732d0b5c854e2","name":"dmcsrbija.com@gmail.com","image":{"@type":"ImageObject","inLanguage":"en-GB","@id":"https:\/\/dmcsrb.com\/#\/schema\/person\/image\/","url":"https:\/\/secure.gravatar.com\/avatar\/68592660ad6347fad0fb587f8d5d8f1a7b44961362f56e4f2cd524feb87e9069?s=96&d=mm&r=g","contentUrl":"https:\/\/secure.gravatar.com\/avatar\/68592660ad6347fad0fb587f8d5d8f1a7b44961362f56e4f2cd524feb87e9069?s=96&d=mm&r=g","caption":"dmcsrbija.com@gmail.com"},"sameAs":["https:\/\/dmcsrb.com"],"url":"https:\/\/dmcsrb.com\/en\/author\/dmcsrbija-comgmail-com\/"}]}},"_links":{"self":[{"href":"https:\/\/dmcsrb.com\/en\/wp-json\/wp\/v2\/posts\/959495","targetHints":{"allow":["GET"]}}],"collection":[{"href":"https:\/\/dmcsrb.com\/en\/wp-json\/wp\/v2\/posts"}],"about":[{"href":"https:\/\/dmcsrb.com\/en\/wp-json\/wp\/v2\/types\/post"}],"author":[{"embeddable":true,"href":"https:\/\/dmcsrb.com\/en\/wp-json\/wp\/v2\/users\/1"}],"replies":[{"embeddable":true,"href":"https:\/\/dmcsrb.com\/en\/wp-json\/wp\/v2\/comments?post=959495"}],"version-history":[{"count":0,"href":"https:\/\/dmcsrb.com\/en\/wp-json\/wp\/v2\/posts\/959495\/revisions"}],"wp:featuredmedia":[{"embeddable":true,"href":"https:\/\/dmcsrb.com\/en\/wp-json\/wp\/v2\/media\/959496"}],"wp:attachment":[{"href":"https:\/\/dmcsrb.com\/en\/wp-json\/wp\/v2\/media?parent=959495"}],"wp:term":[{"taxonomy":"category","embeddable":true,"href":"https:\/\/dmcsrb.com\/en\/wp-json\/wp\/v2\/categories?post=959495"},{"taxonomy":"post_tag","embeddable":true,"href":"https:\/\/dmcsrb.com\/en\/wp-json\/wp\/v2\/tags?post=959495"},{"taxonomy":"naslovna","embeddable":true,"href":"https:\/\/dmcsrb.com\/en\/wp-json\/wp\/v2\/naslovna?post=959495"}],"curies":[{"name":"wp","href":"https:\/\/api.w.org\/{rel}","templated":true}]}}