{"id":959449,"date":"2025-10-22T16:32:00","date_gmt":"2025-10-22T14:32:00","guid":{"rendered":"https:\/\/dmcsrb.com\/uncategorized\/cnp-vernisaz-u-petak-na-velikoj-sceni\/"},"modified":"2025-10-22T16:32:00","modified_gmt":"2025-10-22T14:32:00","slug":"cnp-vernisaz-u-petak-na-velikoj-sceni","status":"publish","type":"post","link":"https:\/\/dmcsrb.com\/en\/kultura\/cnp-vernisaz-u-petak-na-velikoj-sceni\/","title":{"rendered":"CNP: \u201eVernisa\u017e\u201c u petak na Velikoj sceni"},"content":{"rendered":"<p><\/p>\n\n\n\n<p>Uloge tuma\u010de: <strong>Milo\u0161 Ka\u0161\u0107elan<\/strong>, <strong>Milo Perovi\u0107<\/strong> i <strong>Jelica Vuk\u010devi\u0107<\/strong>.<\/p>\n\n\n\n<p>Kako je zapisala rediteljka \u0110uki\u0107: \u201cU no\u0107i izme\u0111u 20. i 21. \u0430vgusta 1968, armije Isto\u010dnog bloka iz pet zemalja Var\u0161avskog pakta izvr\u0161ile su invaziju na tada\u0161nju \u010cehoslova\u010dku. Hiljade sovjetskih tenkova okupiralo je ulice, pratile su ih stotine hiljada vojnika Var\u0161avskog pakta. Vi\u0161e od stotine ljudi je izgubilo \u017eivot za vrijeme invazije. Tada\u0161nji predsjednik Aleksandar Dub\u010dek je uhap\u0161en i odveden u Moskvu. U januaru 1969. godine student Jan Palah je svojim \u010dinom samospaljivanja urezao kao skalpelom u duh \u010de\u0161ke nacije i svijeta tragizam \u017ertvovanja i nenasilnog otpora. Ove godine, 2025, dok se svijet vrtoglavo giba i 50 godina nakon \u0161to je Havel napisao <em>Vernisa\u017e<\/em>, name\u0107e se kao primjer Havelova biografija, godine koje su uslijedile do pada Var\u0161avskog pakta, vrijeme koje je proveo u zatvoru, decenije pod stalnim nadzorom. Drugi su danas sistemi kontrole, pritiska i torture, ali je ljudska potreba i te\u017enja za slobodom i protiv represivnih dr\u017eavnih aparata, ista.\u201d<\/p>\n\n\n\n<p>Tekst je preveo <strong>Aleksandar Ili\u0107<\/strong>, pijanistkinja je <strong>Anja Abramovi\u0107 Vujovi\u0107<\/strong>, video-kola\u017e radio je <strong>Gojko Berkuljan<\/strong>, a monta\u017eu tona <strong>Mihailo Radonji\u0107<\/strong>.<\/p>\n\n\n\n<p>Vaclav Havel (V\u00e1clav Havel, 1936\u20132011), bio je \u010de\u0161ki pisac, dramati\u010dar, esejista i politi\u010dar, jedan od najzna\u010dajnijih simbola borbe za slobodu i ljudska prava u Evropi krajem 20. vijeka.<\/p>\n\n\n\n<p>Predstava je realizovana u koprodukciji JU Centar za kulturu Cetinje i Kraljevskog pozori\u0161ta \u201cZetski dom\u201d, u saradnji s Ambasadom Republike \u010ce\u0161ke u Crnoj Gori i Prijestonicom Cetinje.<\/p>\n\n\n\n<p><\/p>","protected":false},"excerpt":{"rendered":"<p>Predstava \u201eVernisa\u017e\u201c, prema tekstu Vaclava Havela, u re\u017eiji Varje \u0110uki\u0107, bi\u0107e izvedena u petak, 24. oktobra na Velikoj sceni Crnogorskog narodnog pozori\u0161ta u 20h, u okviru programa obilje\u017eavanja Dana Republike \u010ce\u0161ke, saop\u0161teno je iz CNP-a.<\/p>","protected":false},"author":1,"featured_media":959450,"comment_status":"open","ping_status":"open","sticky":false,"template":"","format":"standard","meta":{"_acf_changed":false,"footnotes":""},"categories":[50],"tags":[12232,444,397,3233],"naslovna":[],"class_list":["post-959449","post","type-post","status-publish","format-standard","has-post-thumbnail","hentry","category-kultura","tag-vernisaz","tag-cnp","tag-petak","tag-velika-scena"],"acf":[],"yoast_head":"<!-- This site is optimized with the Yoast SEO plugin v27.0 - https:\/\/yoast.com\/product\/yoast-seo-wordpress\/ -->\n<title>CNP: \u201eVernisa\u017e\u201c u petak na Velikoj sceni - dmcsrb.com<\/title>\n<meta name=\"robots\" content=\"index, follow, max-snippet:-1, max-image-preview:large, max-video-preview:-1\" \/>\n<link rel=\"canonical\" href=\"https:\/\/dmcsrb.com\/en\/kultura\/cnp-vernisaz-u-petak-na-velikoj-sceni\/\" \/>\n<meta property=\"og:locale\" content=\"en_GB\" \/>\n<meta property=\"og:type\" content=\"article\" \/>\n<meta property=\"og:title\" content=\"CNP: \u201eVernisa\u017e\u201c u petak na Velikoj sceni - dmcsrb.com\" \/>\n<meta property=\"og:description\" content=\"Predstava \u201eVernisa\u017e\u201c, prema tekstu Vaclava Havela, u re\u017eiji Varje \u0110uki\u0107, bi\u0107e izvedena u petak, 24. oktobra na Velikoj sceni Crnogorskog narodnog pozori\u0161ta u 20h, u okviru programa obilje\u017eavanja Dana Republike \u010ce\u0161ke, saop\u0161teno je iz CNP-a.\" \/>\n<meta property=\"og:url\" content=\"https:\/\/dmcsrb.com\/en\/kultura\/cnp-vernisaz-u-petak-na-velikoj-sceni\/\" \/>\n<meta property=\"og:site_name\" content=\"dmcsrb.com\" \/>\n<meta property=\"article:published_time\" content=\"2025-10-22T14:32:00+00:00\" \/>\n<meta property=\"og:image\" content=\"https:\/\/dmcsrb.com\/wp-content\/uploads\/2026\/01\/4-1.webp\" \/>\n\t<meta property=\"og:image:width\" content=\"1080\" \/>\n\t<meta property=\"og:image:height\" content=\"1350\" \/>\n\t<meta property=\"og:image:type\" content=\"image\/jpeg\" \/>\n<meta name=\"author\" content=\"dmcsrbija.com@gmail.com\" \/>\n<meta name=\"twitter:card\" content=\"summary_large_image\" \/>\n<meta name=\"twitter:label1\" content=\"Written by\" \/>\n\t<meta name=\"twitter:data1\" content=\"dmcsrbija.com@gmail.com\" \/>\n\t<meta name=\"twitter:label2\" content=\"Estimated reading time\" \/>\n\t<meta name=\"twitter:data2\" content=\"1 minute\" \/>\n<script type=\"application\/ld+json\" class=\"yoast-schema-graph\">{\"@context\":\"https:\/\/schema.org\",\"@graph\":[{\"@type\":\"Article\",\"@id\":\"https:\/\/dmcsrb.com\/kultura\/cnp-vernisaz-u-petak-na-velikoj-sceni\/#article\",\"isPartOf\":{\"@id\":\"https:\/\/dmcsrb.com\/kultura\/cnp-vernisaz-u-petak-na-velikoj-sceni\/\"},\"author\":{\"name\":\"dmcsrbija.com@gmail.com\",\"@id\":\"https:\/\/dmcsrb.com\/#\/schema\/person\/5c39170f12db1b8b457732d0b5c854e2\"},\"headline\":\"CNP: \u201eVernisa\u017e\u201c u petak na Velikoj sceni\",\"datePublished\":\"2025-10-22T14:32:00+00:00\",\"mainEntityOfPage\":{\"@id\":\"https:\/\/dmcsrb.com\/kultura\/cnp-vernisaz-u-petak-na-velikoj-sceni\/\"},\"wordCount\":270,\"commentCount\":0,\"image\":{\"@id\":\"https:\/\/dmcsrb.com\/kultura\/cnp-vernisaz-u-petak-na-velikoj-sceni\/#primaryimage\"},\"thumbnailUrl\":\"https:\/\/dmcsrb.com\/wp-content\/uploads\/2026\/01\/4-1.webp\",\"keywords\":[\"''Vernisa\u017e''\",\"CNP\",\"petak\",\"velika scena\"],\"articleSection\":[\"Kultura\"],\"inLanguage\":\"en-GB\",\"potentialAction\":[{\"@type\":\"CommentAction\",\"name\":\"Comment\",\"target\":[\"https:\/\/dmcsrb.com\/kultura\/cnp-vernisaz-u-petak-na-velikoj-sceni\/#respond\"]}]},{\"@type\":\"WebPage\",\"@id\":\"https:\/\/dmcsrb.com\/kultura\/cnp-vernisaz-u-petak-na-velikoj-sceni\/\",\"url\":\"https:\/\/dmcsrb.com\/kultura\/cnp-vernisaz-u-petak-na-velikoj-sceni\/\",\"name\":\"CNP: \u201eVernisa\u017e\u201c u petak na Velikoj sceni - dmcsrb.com\",\"isPartOf\":{\"@id\":\"https:\/\/dmcsrb.com\/#website\"},\"primaryImageOfPage\":{\"@id\":\"https:\/\/dmcsrb.com\/kultura\/cnp-vernisaz-u-petak-na-velikoj-sceni\/#primaryimage\"},\"image\":{\"@id\":\"https:\/\/dmcsrb.com\/kultura\/cnp-vernisaz-u-petak-na-velikoj-sceni\/#primaryimage\"},\"thumbnailUrl\":\"https:\/\/dmcsrb.com\/wp-content\/uploads\/2026\/01\/4-1.webp\",\"datePublished\":\"2025-10-22T14:32:00+00:00\",\"author\":{\"@id\":\"https:\/\/dmcsrb.com\/#\/schema\/person\/5c39170f12db1b8b457732d0b5c854e2\"},\"breadcrumb\":{\"@id\":\"https:\/\/dmcsrb.com\/kultura\/cnp-vernisaz-u-petak-na-velikoj-sceni\/#breadcrumb\"},\"inLanguage\":\"en-GB\",\"potentialAction\":[{\"@type\":\"ReadAction\",\"target\":[\"https:\/\/dmcsrb.com\/kultura\/cnp-vernisaz-u-petak-na-velikoj-sceni\/\"]}]},{\"@type\":\"ImageObject\",\"inLanguage\":\"en-GB\",\"@id\":\"https:\/\/dmcsrb.com\/kultura\/cnp-vernisaz-u-petak-na-velikoj-sceni\/#primaryimage\",\"url\":\"https:\/\/dmcsrb.com\/wp-content\/uploads\/2026\/01\/4-1.webp\",\"contentUrl\":\"https:\/\/dmcsrb.com\/wp-content\/uploads\/2026\/01\/4-1.webp\",\"width\":1080,\"height\":1350},{\"@type\":\"BreadcrumbList\",\"@id\":\"https:\/\/dmcsrb.com\/kultura\/cnp-vernisaz-u-petak-na-velikoj-sceni\/#breadcrumb\",\"itemListElement\":[{\"@type\":\"ListItem\",\"position\":1,\"name\":\"Home\",\"item\":\"https:\/\/dmcsrb.com\/\"},{\"@type\":\"ListItem\",\"position\":2,\"name\":\"CNP: \u201eVernisa\u017e\u201c u petak na Velikoj sceni\"}]},{\"@type\":\"WebSite\",\"@id\":\"https:\/\/dmcsrb.com\/#website\",\"url\":\"https:\/\/dmcsrb.com\/\",\"name\":\"dmcsrb.com\",\"description\":\"\",\"potentialAction\":[{\"@type\":\"SearchAction\",\"target\":{\"@type\":\"EntryPoint\",\"urlTemplate\":\"https:\/\/dmcsrb.com\/?s={search_term_string}\"},\"query-input\":{\"@type\":\"PropertyValueSpecification\",\"valueRequired\":true,\"valueName\":\"search_term_string\"}}],\"inLanguage\":\"en-GB\"},{\"@type\":\"Person\",\"@id\":\"https:\/\/dmcsrb.com\/#\/schema\/person\/5c39170f12db1b8b457732d0b5c854e2\",\"name\":\"dmcsrbija.com@gmail.com\",\"image\":{\"@type\":\"ImageObject\",\"inLanguage\":\"en-GB\",\"@id\":\"https:\/\/dmcsrb.com\/#\/schema\/person\/image\/\",\"url\":\"https:\/\/secure.gravatar.com\/avatar\/68592660ad6347fad0fb587f8d5d8f1a7b44961362f56e4f2cd524feb87e9069?s=96&d=mm&r=g\",\"contentUrl\":\"https:\/\/secure.gravatar.com\/avatar\/68592660ad6347fad0fb587f8d5d8f1a7b44961362f56e4f2cd524feb87e9069?s=96&d=mm&r=g\",\"caption\":\"dmcsrbija.com@gmail.com\"},\"sameAs\":[\"https:\/\/dmcsrb.com\"],\"url\":\"https:\/\/dmcsrb.com\/en\/author\/dmcsrbija-comgmail-com\/\"}]}<\/script>\n<!-- \/ Yoast SEO plugin. -->","yoast_head_json":{"title":"CNP: \u201eVernisa\u017e\u201c u petak na Velikoj sceni - dmcsrb.com","robots":{"index":"index","follow":"follow","max-snippet":"max-snippet:-1","max-image-preview":"max-image-preview:large","max-video-preview":"max-video-preview:-1"},"canonical":"https:\/\/dmcsrb.com\/en\/kultura\/cnp-vernisaz-u-petak-na-velikoj-sceni\/","og_locale":"en_GB","og_type":"article","og_title":"CNP: \u201eVernisa\u017e\u201c u petak na Velikoj sceni - dmcsrb.com","og_description":"Predstava \u201eVernisa\u017e\u201c, prema tekstu Vaclava Havela, u re\u017eiji Varje \u0110uki\u0107, bi\u0107e izvedena u petak, 24. oktobra na Velikoj sceni Crnogorskog narodnog pozori\u0161ta u 20h, u okviru programa obilje\u017eavanja Dana Republike \u010ce\u0161ke, saop\u0161teno je iz CNP-a.","og_url":"https:\/\/dmcsrb.com\/en\/kultura\/cnp-vernisaz-u-petak-na-velikoj-sceni\/","og_site_name":"dmcsrb.com","article_published_time":"2025-10-22T14:32:00+00:00","og_image":[{"width":1080,"height":1350,"url":"https:\/\/dmcsrb.com\/wp-content\/uploads\/2026\/01\/4-1.webp","type":"image\/jpeg"}],"author":"dmcsrbija.com@gmail.com","twitter_card":"summary_large_image","twitter_misc":{"Written by":"dmcsrbija.com@gmail.com","Estimated reading time":"1 minute"},"schema":{"@context":"https:\/\/schema.org","@graph":[{"@type":"Article","@id":"https:\/\/dmcsrb.com\/kultura\/cnp-vernisaz-u-petak-na-velikoj-sceni\/#article","isPartOf":{"@id":"https:\/\/dmcsrb.com\/kultura\/cnp-vernisaz-u-petak-na-velikoj-sceni\/"},"author":{"name":"dmcsrbija.com@gmail.com","@id":"https:\/\/dmcsrb.com\/#\/schema\/person\/5c39170f12db1b8b457732d0b5c854e2"},"headline":"CNP: \u201eVernisa\u017e\u201c u petak na Velikoj sceni","datePublished":"2025-10-22T14:32:00+00:00","mainEntityOfPage":{"@id":"https:\/\/dmcsrb.com\/kultura\/cnp-vernisaz-u-petak-na-velikoj-sceni\/"},"wordCount":270,"commentCount":0,"image":{"@id":"https:\/\/dmcsrb.com\/kultura\/cnp-vernisaz-u-petak-na-velikoj-sceni\/#primaryimage"},"thumbnailUrl":"https:\/\/dmcsrb.com\/wp-content\/uploads\/2026\/01\/4-1.webp","keywords":["''Vernisa\u017e''","CNP","petak","velika scena"],"articleSection":["Kultura"],"inLanguage":"en-GB","potentialAction":[{"@type":"CommentAction","name":"Comment","target":["https:\/\/dmcsrb.com\/kultura\/cnp-vernisaz-u-petak-na-velikoj-sceni\/#respond"]}]},{"@type":"WebPage","@id":"https:\/\/dmcsrb.com\/kultura\/cnp-vernisaz-u-petak-na-velikoj-sceni\/","url":"https:\/\/dmcsrb.com\/kultura\/cnp-vernisaz-u-petak-na-velikoj-sceni\/","name":"CNP: \u201eVernisa\u017e\u201c u petak na Velikoj sceni - dmcsrb.com","isPartOf":{"@id":"https:\/\/dmcsrb.com\/#website"},"primaryImageOfPage":{"@id":"https:\/\/dmcsrb.com\/kultura\/cnp-vernisaz-u-petak-na-velikoj-sceni\/#primaryimage"},"image":{"@id":"https:\/\/dmcsrb.com\/kultura\/cnp-vernisaz-u-petak-na-velikoj-sceni\/#primaryimage"},"thumbnailUrl":"https:\/\/dmcsrb.com\/wp-content\/uploads\/2026\/01\/4-1.webp","datePublished":"2025-10-22T14:32:00+00:00","author":{"@id":"https:\/\/dmcsrb.com\/#\/schema\/person\/5c39170f12db1b8b457732d0b5c854e2"},"breadcrumb":{"@id":"https:\/\/dmcsrb.com\/kultura\/cnp-vernisaz-u-petak-na-velikoj-sceni\/#breadcrumb"},"inLanguage":"en-GB","potentialAction":[{"@type":"ReadAction","target":["https:\/\/dmcsrb.com\/kultura\/cnp-vernisaz-u-petak-na-velikoj-sceni\/"]}]},{"@type":"ImageObject","inLanguage":"en-GB","@id":"https:\/\/dmcsrb.com\/kultura\/cnp-vernisaz-u-petak-na-velikoj-sceni\/#primaryimage","url":"https:\/\/dmcsrb.com\/wp-content\/uploads\/2026\/01\/4-1.webp","contentUrl":"https:\/\/dmcsrb.com\/wp-content\/uploads\/2026\/01\/4-1.webp","width":1080,"height":1350},{"@type":"BreadcrumbList","@id":"https:\/\/dmcsrb.com\/kultura\/cnp-vernisaz-u-petak-na-velikoj-sceni\/#breadcrumb","itemListElement":[{"@type":"ListItem","position":1,"name":"Home","item":"https:\/\/dmcsrb.com\/"},{"@type":"ListItem","position":2,"name":"CNP: \u201eVernisa\u017e\u201c u petak na Velikoj sceni"}]},{"@type":"WebSite","@id":"https:\/\/dmcsrb.com\/#website","url":"https:\/\/dmcsrb.com\/","name":"dmcsrb.com","description":"","potentialAction":[{"@type":"SearchAction","target":{"@type":"EntryPoint","urlTemplate":"https:\/\/dmcsrb.com\/?s={search_term_string}"},"query-input":{"@type":"PropertyValueSpecification","valueRequired":true,"valueName":"search_term_string"}}],"inLanguage":"en-GB"},{"@type":"Person","@id":"https:\/\/dmcsrb.com\/#\/schema\/person\/5c39170f12db1b8b457732d0b5c854e2","name":"dmcsrbija.com@gmail.com","image":{"@type":"ImageObject","inLanguage":"en-GB","@id":"https:\/\/dmcsrb.com\/#\/schema\/person\/image\/","url":"https:\/\/secure.gravatar.com\/avatar\/68592660ad6347fad0fb587f8d5d8f1a7b44961362f56e4f2cd524feb87e9069?s=96&d=mm&r=g","contentUrl":"https:\/\/secure.gravatar.com\/avatar\/68592660ad6347fad0fb587f8d5d8f1a7b44961362f56e4f2cd524feb87e9069?s=96&d=mm&r=g","caption":"dmcsrbija.com@gmail.com"},"sameAs":["https:\/\/dmcsrb.com"],"url":"https:\/\/dmcsrb.com\/en\/author\/dmcsrbija-comgmail-com\/"}]}},"_links":{"self":[{"href":"https:\/\/dmcsrb.com\/en\/wp-json\/wp\/v2\/posts\/959449","targetHints":{"allow":["GET"]}}],"collection":[{"href":"https:\/\/dmcsrb.com\/en\/wp-json\/wp\/v2\/posts"}],"about":[{"href":"https:\/\/dmcsrb.com\/en\/wp-json\/wp\/v2\/types\/post"}],"author":[{"embeddable":true,"href":"https:\/\/dmcsrb.com\/en\/wp-json\/wp\/v2\/users\/1"}],"replies":[{"embeddable":true,"href":"https:\/\/dmcsrb.com\/en\/wp-json\/wp\/v2\/comments?post=959449"}],"version-history":[{"count":0,"href":"https:\/\/dmcsrb.com\/en\/wp-json\/wp\/v2\/posts\/959449\/revisions"}],"wp:featuredmedia":[{"embeddable":true,"href":"https:\/\/dmcsrb.com\/en\/wp-json\/wp\/v2\/media\/959450"}],"wp:attachment":[{"href":"https:\/\/dmcsrb.com\/en\/wp-json\/wp\/v2\/media?parent=959449"}],"wp:term":[{"taxonomy":"category","embeddable":true,"href":"https:\/\/dmcsrb.com\/en\/wp-json\/wp\/v2\/categories?post=959449"},{"taxonomy":"post_tag","embeddable":true,"href":"https:\/\/dmcsrb.com\/en\/wp-json\/wp\/v2\/tags?post=959449"},{"taxonomy":"naslovna","embeddable":true,"href":"https:\/\/dmcsrb.com\/en\/wp-json\/wp\/v2\/naslovna?post=959449"}],"curies":[{"name":"wp","href":"https:\/\/api.w.org\/{rel}","templated":true}]}}