{"id":959447,"date":"2025-10-22T14:27:16","date_gmt":"2025-10-22T12:27:16","guid":{"rendered":"https:\/\/dmcsrb.com\/uncategorized\/sokolice-spremne-za-dvomec-sa-hrvatskom\/"},"modified":"2025-10-22T14:27:16","modified_gmt":"2025-10-22T12:27:16","slug":"sokolice-spremne-za-dvomec-sa-hrvatskom","status":"publish","type":"post","link":"https:\/\/dmcsrb.com\/en\/sport\/sokolice-spremne-za-dvomec-sa-hrvatskom\/","title":{"rendered":"&#8220;Sokolice&#8221; spremne za dvome\u010d sa Hrvatskom"},"content":{"rendered":"<p>&#8220;Jedva smo \u010dekale da se ponovo okupimo, pro\u0161lo je dosta vremena od posljednjih me\u010deva. Dueli sa Hrvatskom su prave provjere za nas. Iako su prijateljske utakmice, u\u0107i \u0107emo kao da su takmi\u010darske, jer \u017eelimo da vidimo na kom smo nivou. Kao i uvijek, da\u0107emo sve od sebe&#8221;, ka\u017ee Ivana Bori\u010di\u0107, fudbalerka ma\u0111arskog Ujpe\u0161ta.<\/p>\n\n\n\n<p>Ona isti\u0107e da to \u0161to rivalke igraju rang ni\u017ee u Ligi nacija, ne mora ni\u0161ta da zna\u010di.<\/p>\n\n\n\n<p>&#8220;To \u0161to je Hrvatska ispala iz Lige B, ne zna\u010di ni\u0161ta. To je selekcija zemlje koja je velika fudbalska nacija, koja sigurno ima ve\u0107i kvalitet nego \u0161to su rezultati u pro\u0161lom ciklusu pokazali. Mi smo, me\u0111utim, dokazale da mo\u017eemo da se nosimo sa jakim reprezentacijama, vjerujemo u sebe i \u017eelimo da nastavimo da napredujemo, jer imamo potencijal da budemo jo\u0161 bolje&#8221;, isti\u010de 20-godi\u0161nja Bori\u010di\u0107.<\/p>\n\n\n\n<p>Rezultat nije u prvom planu, ali pobjede bi dobro do\u0161le zbog samopouzdanja.<\/p>\n\n\n\n<p>&#8220;Prije svega, potrebno je da mi provjerimo sopstvene mogu\u0107nosti i da se spremamo za takmi\u010darske utakmice, ali, naravno, uradi\u0107emo sve i da rezultat bude pozitivan&#8221;, smatra Bori\u010di\u0107.<\/p>\n\n\n\n<p>Igra\u010dica Sarajeva Katarina \u010ca\u0111enovi\u0107 istakla je da ekipa \u017eeli da nastavi stazom uspjeha.<\/p>\n\n\n\n<p>&#8220;\u017delimo da nastavimo tamo gdje smo stale u junu i da ovim novim po\u010detkom najavimo da \u0107emo i ubudu\u0107e praviti velike rezultate&#8221;, nadovezala se&nbsp; \u010ca\u0111enovi\u0107, 19-godi\u0161nja vezna igra\u010dica i dodala:<\/p>\n\n\n\n<p>&#8220;Mi smo zaslu\u017eile sve \u0161to smo uradile, naporno smo radile i vjerovale da mo\u017eemo da napravimo iskorak. Ovo \u0107e biti odli\u010dni testovi za nas, jer je Hrvatska dugo godina bila na mnogo ve\u0107em nivou, sigurno da \u017eeli da se vrati tamo i da \u0107e protiv nas biti na maksimumu&#8221;, ka\u017ee \u010ca\u0111enovi\u0107.<\/p>\n\n\n\n<p>Crna Gora \u017eeli da u duelima sa Hrvaticama poka\u017ee da je zaslu\u0111eno u B Ligi Nacija.<\/p>\n\n\n\n<p>&#8220;Od ovog okupljanja po\u010dele smo da se spremamo za utakmice B Lige nacija, a Hrvatska je selekcija tog ranga, iako je, igrom slu\u010daja, skliznula stepenicu vi\u0161e. I ba\u0161 protiv takve selekcije \u017eelimo da poka\u017eemo da pripadamo tom rangu i da mo\u017eemo da nastavimo putem kojim smo krenule&#8221;, zaklju\u010dila je \u010ca\u0111enovi\u0107.<\/p>\n\n\n\n<p>Oba me\u010da na\u0161a selekcija \u0107e odigrati u gostima &#8211; u petak od 15 i u ponedjeljak od 12 \u010dasova. <\/p>","protected":false},"excerpt":{"rendered":"<p>Crnogorske fudbalerke okupile su se prvi put nakon \u010detiri i po mjeseca. U petak i ponedjlejka izabranice Mirka Mari\u0107a odigra\u0107e prijateljske me\u010deve sa Hrvatskom, koji \u0107e poslu\u017eiti da se ekipa dodatno uigra za isku\u0161enja u B Ligi Nacija.<\/p>","protected":false},"author":1,"featured_media":959448,"comment_status":"open","ping_status":"open","sticky":false,"template":"","format":"standard","meta":{"_acf_changed":false,"footnotes":""},"categories":[148],"tags":[12230,12231,11712,11713],"naslovna":[],"class_list":["post-959447","post","type-post","status-publish","format-standard","has-post-thumbnail","hentry","category-sport","tag-ivana-boricic","tag-katarina-cadjenovic","tag-zenska-fudbalska-reprezentacija-crne-gore","tag-zenska-fudbalska-reprezentacija-hrvatske"],"acf":[],"yoast_head":"<!-- This site is optimized with the Yoast SEO plugin v27.4 - https:\/\/yoast.com\/product\/yoast-seo-wordpress\/ -->\n<title>&quot;Sokolice&quot; spremne za dvome\u010d sa Hrvatskom - dmcsrb.com<\/title>\n<meta name=\"robots\" content=\"index, follow, max-snippet:-1, max-image-preview:large, max-video-preview:-1\" \/>\n<link rel=\"canonical\" href=\"https:\/\/dmcsrb.com\/en\/sport\/sokolice-spremne-za-dvomec-sa-hrvatskom\/\" \/>\n<meta property=\"og:locale\" content=\"en_GB\" \/>\n<meta property=\"og:type\" content=\"article\" \/>\n<meta property=\"og:title\" content=\"&quot;Sokolice&quot; spremne za dvome\u010d sa Hrvatskom - dmcsrb.com\" \/>\n<meta property=\"og:description\" content=\"Crnogorske fudbalerke okupile su se prvi put nakon \u010detiri i po mjeseca. U petak i ponedjlejka izabranice Mirka Mari\u0107a odigra\u0107e prijateljske me\u010deve sa Hrvatskom, koji \u0107e poslu\u017eiti da se ekipa dodatno uigra za isku\u0161enja u B Ligi Nacija.\" \/>\n<meta property=\"og:url\" content=\"https:\/\/dmcsrb.com\/en\/sport\/sokolice-spremne-za-dvomec-sa-hrvatskom\/\" \/>\n<meta property=\"og:site_name\" content=\"dmcsrb.com\" \/>\n<meta property=\"article:published_time\" content=\"2025-10-22T12:27:16+00:00\" \/>\n<meta property=\"og:image\" content=\"https:\/\/dmcsrb.com\/wp-content\/uploads\/2026\/01\/Boricic-FSCG.webp\" \/>\n\t<meta property=\"og:image:width\" content=\"1080\" \/>\n\t<meta property=\"og:image:height\" content=\"1080\" \/>\n\t<meta property=\"og:image:type\" content=\"image\/jpeg\" \/>\n<meta name=\"author\" content=\"dmcsrbija.com@gmail.com\" \/>\n<meta name=\"twitter:card\" content=\"summary_large_image\" \/>\n<meta name=\"twitter:label1\" content=\"Written by\" \/>\n\t<meta name=\"twitter:data1\" content=\"dmcsrbija.com@gmail.com\" \/>\n\t<meta name=\"twitter:label2\" content=\"Estimated reading time\" \/>\n\t<meta name=\"twitter:data2\" content=\"2 minutes\" \/>\n<script type=\"application\/ld+json\" class=\"yoast-schema-graph\">{\"@context\":\"https:\\\/\\\/schema.org\",\"@graph\":[{\"@type\":\"Article\",\"@id\":\"https:\\\/\\\/dmcsrb.com\\\/sport\\\/sokolice-spremne-za-dvomec-sa-hrvatskom\\\/#article\",\"isPartOf\":{\"@id\":\"https:\\\/\\\/dmcsrb.com\\\/sport\\\/sokolice-spremne-za-dvomec-sa-hrvatskom\\\/\"},\"author\":{\"name\":\"dmcsrbija.com@gmail.com\",\"@id\":\"https:\\\/\\\/dmcsrb.com\\\/#\\\/schema\\\/person\\\/5c39170f12db1b8b457732d0b5c854e2\"},\"headline\":\"&#8220;Sokolice&#8221; spremne za dvome\u010d sa Hrvatskom\",\"datePublished\":\"2025-10-22T12:27:16+00:00\",\"mainEntityOfPage\":{\"@id\":\"https:\\\/\\\/dmcsrb.com\\\/sport\\\/sokolice-spremne-za-dvomec-sa-hrvatskom\\\/\"},\"wordCount\":408,\"commentCount\":0,\"image\":{\"@id\":\"https:\\\/\\\/dmcsrb.com\\\/sport\\\/sokolice-spremne-za-dvomec-sa-hrvatskom\\\/#primaryimage\"},\"thumbnailUrl\":\"https:\\\/\\\/dmcsrb.com\\\/wp-content\\\/uploads\\\/2026\\\/01\\\/Boricic-FSCG.webp\",\"keywords\":[\"Ivana Bori\u010di\u0107\",\"Katarina \u010ca\u0111enovi\u0107\",\"\u017denska fudbalska reprezentacija Crne Gore\",\"\u017denska fudbalska reprezentacija Hrvatske\"],\"articleSection\":[\"Sport\"],\"inLanguage\":\"en-GB\",\"potentialAction\":[{\"@type\":\"CommentAction\",\"name\":\"Comment\",\"target\":[\"https:\\\/\\\/dmcsrb.com\\\/sport\\\/sokolice-spremne-za-dvomec-sa-hrvatskom\\\/#respond\"]}]},{\"@type\":\"WebPage\",\"@id\":\"https:\\\/\\\/dmcsrb.com\\\/sport\\\/sokolice-spremne-za-dvomec-sa-hrvatskom\\\/\",\"url\":\"https:\\\/\\\/dmcsrb.com\\\/sport\\\/sokolice-spremne-za-dvomec-sa-hrvatskom\\\/\",\"name\":\"\\\"Sokolice\\\" spremne za dvome\u010d sa Hrvatskom - dmcsrb.com\",\"isPartOf\":{\"@id\":\"https:\\\/\\\/dmcsrb.com\\\/#website\"},\"primaryImageOfPage\":{\"@id\":\"https:\\\/\\\/dmcsrb.com\\\/sport\\\/sokolice-spremne-za-dvomec-sa-hrvatskom\\\/#primaryimage\"},\"image\":{\"@id\":\"https:\\\/\\\/dmcsrb.com\\\/sport\\\/sokolice-spremne-za-dvomec-sa-hrvatskom\\\/#primaryimage\"},\"thumbnailUrl\":\"https:\\\/\\\/dmcsrb.com\\\/wp-content\\\/uploads\\\/2026\\\/01\\\/Boricic-FSCG.webp\",\"datePublished\":\"2025-10-22T12:27:16+00:00\",\"author\":{\"@id\":\"https:\\\/\\\/dmcsrb.com\\\/#\\\/schema\\\/person\\\/5c39170f12db1b8b457732d0b5c854e2\"},\"breadcrumb\":{\"@id\":\"https:\\\/\\\/dmcsrb.com\\\/sport\\\/sokolice-spremne-za-dvomec-sa-hrvatskom\\\/#breadcrumb\"},\"inLanguage\":\"en-GB\",\"potentialAction\":[{\"@type\":\"ReadAction\",\"target\":[\"https:\\\/\\\/dmcsrb.com\\\/sport\\\/sokolice-spremne-za-dvomec-sa-hrvatskom\\\/\"]}]},{\"@type\":\"ImageObject\",\"inLanguage\":\"en-GB\",\"@id\":\"https:\\\/\\\/dmcsrb.com\\\/sport\\\/sokolice-spremne-za-dvomec-sa-hrvatskom\\\/#primaryimage\",\"url\":\"https:\\\/\\\/dmcsrb.com\\\/wp-content\\\/uploads\\\/2026\\\/01\\\/Boricic-FSCG.webp\",\"contentUrl\":\"https:\\\/\\\/dmcsrb.com\\\/wp-content\\\/uploads\\\/2026\\\/01\\\/Boricic-FSCG.webp\",\"width\":1080,\"height\":1080},{\"@type\":\"BreadcrumbList\",\"@id\":\"https:\\\/\\\/dmcsrb.com\\\/sport\\\/sokolice-spremne-za-dvomec-sa-hrvatskom\\\/#breadcrumb\",\"itemListElement\":[{\"@type\":\"ListItem\",\"position\":1,\"name\":\"Home\",\"item\":\"https:\\\/\\\/dmcsrb.com\\\/\"},{\"@type\":\"ListItem\",\"position\":2,\"name\":\"&#8220;Sokolice&#8221; spremne za dvome\u010d sa Hrvatskom\"}]},{\"@type\":\"WebSite\",\"@id\":\"https:\\\/\\\/dmcsrb.com\\\/#website\",\"url\":\"https:\\\/\\\/dmcsrb.com\\\/\",\"name\":\"dmcsrb.com\",\"description\":\"\",\"potentialAction\":[{\"@type\":\"SearchAction\",\"target\":{\"@type\":\"EntryPoint\",\"urlTemplate\":\"https:\\\/\\\/dmcsrb.com\\\/?s={search_term_string}\"},\"query-input\":{\"@type\":\"PropertyValueSpecification\",\"valueRequired\":true,\"valueName\":\"search_term_string\"}}],\"inLanguage\":\"en-GB\"},{\"@type\":\"Person\",\"@id\":\"https:\\\/\\\/dmcsrb.com\\\/#\\\/schema\\\/person\\\/5c39170f12db1b8b457732d0b5c854e2\",\"name\":\"dmcsrbija.com@gmail.com\",\"image\":{\"@type\":\"ImageObject\",\"inLanguage\":\"en-GB\",\"@id\":\"https:\\\/\\\/secure.gravatar.com\\\/avatar\\\/68592660ad6347fad0fb587f8d5d8f1a7b44961362f56e4f2cd524feb87e9069?s=96&d=mm&r=g\",\"url\":\"https:\\\/\\\/secure.gravatar.com\\\/avatar\\\/68592660ad6347fad0fb587f8d5d8f1a7b44961362f56e4f2cd524feb87e9069?s=96&d=mm&r=g\",\"contentUrl\":\"https:\\\/\\\/secure.gravatar.com\\\/avatar\\\/68592660ad6347fad0fb587f8d5d8f1a7b44961362f56e4f2cd524feb87e9069?s=96&d=mm&r=g\",\"caption\":\"dmcsrbija.com@gmail.com\"},\"sameAs\":[\"https:\\\/\\\/dmcsrb.com\"],\"url\":\"https:\\\/\\\/dmcsrb.com\\\/en\\\/author\\\/dmcsrbija-comgmail-com\\\/\"}]}<\/script>\n<!-- \/ Yoast SEO plugin. -->","yoast_head_json":{"title":"\"Sokolice\" spremne za dvome\u010d sa Hrvatskom - dmcsrb.com","robots":{"index":"index","follow":"follow","max-snippet":"max-snippet:-1","max-image-preview":"max-image-preview:large","max-video-preview":"max-video-preview:-1"},"canonical":"https:\/\/dmcsrb.com\/en\/sport\/sokolice-spremne-za-dvomec-sa-hrvatskom\/","og_locale":"en_GB","og_type":"article","og_title":"\"Sokolice\" spremne za dvome\u010d sa Hrvatskom - dmcsrb.com","og_description":"Crnogorske fudbalerke okupile su se prvi put nakon \u010detiri i po mjeseca. U petak i ponedjlejka izabranice Mirka Mari\u0107a odigra\u0107e prijateljske me\u010deve sa Hrvatskom, koji \u0107e poslu\u017eiti da se ekipa dodatno uigra za isku\u0161enja u B Ligi Nacija.","og_url":"https:\/\/dmcsrb.com\/en\/sport\/sokolice-spremne-za-dvomec-sa-hrvatskom\/","og_site_name":"dmcsrb.com","article_published_time":"2025-10-22T12:27:16+00:00","og_image":[{"width":1080,"height":1080,"url":"https:\/\/dmcsrb.com\/wp-content\/uploads\/2026\/01\/Boricic-FSCG.webp","type":"image\/jpeg"}],"author":"dmcsrbija.com@gmail.com","twitter_card":"summary_large_image","twitter_misc":{"Written by":"dmcsrbija.com@gmail.com","Estimated reading time":"2 minutes"},"schema":{"@context":"https:\/\/schema.org","@graph":[{"@type":"Article","@id":"https:\/\/dmcsrb.com\/sport\/sokolice-spremne-za-dvomec-sa-hrvatskom\/#article","isPartOf":{"@id":"https:\/\/dmcsrb.com\/sport\/sokolice-spremne-za-dvomec-sa-hrvatskom\/"},"author":{"name":"dmcsrbija.com@gmail.com","@id":"https:\/\/dmcsrb.com\/#\/schema\/person\/5c39170f12db1b8b457732d0b5c854e2"},"headline":"&#8220;Sokolice&#8221; spremne za dvome\u010d sa Hrvatskom","datePublished":"2025-10-22T12:27:16+00:00","mainEntityOfPage":{"@id":"https:\/\/dmcsrb.com\/sport\/sokolice-spremne-za-dvomec-sa-hrvatskom\/"},"wordCount":408,"commentCount":0,"image":{"@id":"https:\/\/dmcsrb.com\/sport\/sokolice-spremne-za-dvomec-sa-hrvatskom\/#primaryimage"},"thumbnailUrl":"https:\/\/dmcsrb.com\/wp-content\/uploads\/2026\/01\/Boricic-FSCG.webp","keywords":["Ivana Bori\u010di\u0107","Katarina \u010ca\u0111enovi\u0107","\u017denska fudbalska reprezentacija Crne Gore","\u017denska fudbalska reprezentacija Hrvatske"],"articleSection":["Sport"],"inLanguage":"en-GB","potentialAction":[{"@type":"CommentAction","name":"Comment","target":["https:\/\/dmcsrb.com\/sport\/sokolice-spremne-za-dvomec-sa-hrvatskom\/#respond"]}]},{"@type":"WebPage","@id":"https:\/\/dmcsrb.com\/sport\/sokolice-spremne-za-dvomec-sa-hrvatskom\/","url":"https:\/\/dmcsrb.com\/sport\/sokolice-spremne-za-dvomec-sa-hrvatskom\/","name":"\"Sokolice\" spremne za dvome\u010d sa Hrvatskom - dmcsrb.com","isPartOf":{"@id":"https:\/\/dmcsrb.com\/#website"},"primaryImageOfPage":{"@id":"https:\/\/dmcsrb.com\/sport\/sokolice-spremne-za-dvomec-sa-hrvatskom\/#primaryimage"},"image":{"@id":"https:\/\/dmcsrb.com\/sport\/sokolice-spremne-za-dvomec-sa-hrvatskom\/#primaryimage"},"thumbnailUrl":"https:\/\/dmcsrb.com\/wp-content\/uploads\/2026\/01\/Boricic-FSCG.webp","datePublished":"2025-10-22T12:27:16+00:00","author":{"@id":"https:\/\/dmcsrb.com\/#\/schema\/person\/5c39170f12db1b8b457732d0b5c854e2"},"breadcrumb":{"@id":"https:\/\/dmcsrb.com\/sport\/sokolice-spremne-za-dvomec-sa-hrvatskom\/#breadcrumb"},"inLanguage":"en-GB","potentialAction":[{"@type":"ReadAction","target":["https:\/\/dmcsrb.com\/sport\/sokolice-spremne-za-dvomec-sa-hrvatskom\/"]}]},{"@type":"ImageObject","inLanguage":"en-GB","@id":"https:\/\/dmcsrb.com\/sport\/sokolice-spremne-za-dvomec-sa-hrvatskom\/#primaryimage","url":"https:\/\/dmcsrb.com\/wp-content\/uploads\/2026\/01\/Boricic-FSCG.webp","contentUrl":"https:\/\/dmcsrb.com\/wp-content\/uploads\/2026\/01\/Boricic-FSCG.webp","width":1080,"height":1080},{"@type":"BreadcrumbList","@id":"https:\/\/dmcsrb.com\/sport\/sokolice-spremne-za-dvomec-sa-hrvatskom\/#breadcrumb","itemListElement":[{"@type":"ListItem","position":1,"name":"Home","item":"https:\/\/dmcsrb.com\/"},{"@type":"ListItem","position":2,"name":"&#8220;Sokolice&#8221; spremne za dvome\u010d sa Hrvatskom"}]},{"@type":"WebSite","@id":"https:\/\/dmcsrb.com\/#website","url":"https:\/\/dmcsrb.com\/","name":"dmcsrb.com","description":"","potentialAction":[{"@type":"SearchAction","target":{"@type":"EntryPoint","urlTemplate":"https:\/\/dmcsrb.com\/?s={search_term_string}"},"query-input":{"@type":"PropertyValueSpecification","valueRequired":true,"valueName":"search_term_string"}}],"inLanguage":"en-GB"},{"@type":"Person","@id":"https:\/\/dmcsrb.com\/#\/schema\/person\/5c39170f12db1b8b457732d0b5c854e2","name":"dmcsrbija.com@gmail.com","image":{"@type":"ImageObject","inLanguage":"en-GB","@id":"https:\/\/secure.gravatar.com\/avatar\/68592660ad6347fad0fb587f8d5d8f1a7b44961362f56e4f2cd524feb87e9069?s=96&d=mm&r=g","url":"https:\/\/secure.gravatar.com\/avatar\/68592660ad6347fad0fb587f8d5d8f1a7b44961362f56e4f2cd524feb87e9069?s=96&d=mm&r=g","contentUrl":"https:\/\/secure.gravatar.com\/avatar\/68592660ad6347fad0fb587f8d5d8f1a7b44961362f56e4f2cd524feb87e9069?s=96&d=mm&r=g","caption":"dmcsrbija.com@gmail.com"},"sameAs":["https:\/\/dmcsrb.com"],"url":"https:\/\/dmcsrb.com\/en\/author\/dmcsrbija-comgmail-com\/"}]}},"_links":{"self":[{"href":"https:\/\/dmcsrb.com\/en\/wp-json\/wp\/v2\/posts\/959447","targetHints":{"allow":["GET"]}}],"collection":[{"href":"https:\/\/dmcsrb.com\/en\/wp-json\/wp\/v2\/posts"}],"about":[{"href":"https:\/\/dmcsrb.com\/en\/wp-json\/wp\/v2\/types\/post"}],"author":[{"embeddable":true,"href":"https:\/\/dmcsrb.com\/en\/wp-json\/wp\/v2\/users\/1"}],"replies":[{"embeddable":true,"href":"https:\/\/dmcsrb.com\/en\/wp-json\/wp\/v2\/comments?post=959447"}],"version-history":[{"count":0,"href":"https:\/\/dmcsrb.com\/en\/wp-json\/wp\/v2\/posts\/959447\/revisions"}],"wp:featuredmedia":[{"embeddable":true,"href":"https:\/\/dmcsrb.com\/en\/wp-json\/wp\/v2\/media\/959448"}],"wp:attachment":[{"href":"https:\/\/dmcsrb.com\/en\/wp-json\/wp\/v2\/media?parent=959447"}],"wp:term":[{"taxonomy":"category","embeddable":true,"href":"https:\/\/dmcsrb.com\/en\/wp-json\/wp\/v2\/categories?post=959447"},{"taxonomy":"post_tag","embeddable":true,"href":"https:\/\/dmcsrb.com\/en\/wp-json\/wp\/v2\/tags?post=959447"},{"taxonomy":"naslovna","embeddable":true,"href":"https:\/\/dmcsrb.com\/en\/wp-json\/wp\/v2\/naslovna?post=959447"}],"curies":[{"name":"wp","href":"https:\/\/api.w.org\/{rel}","templated":true}]}}