{"id":959438,"date":"2025-10-22T13:56:23","date_gmt":"2025-10-22T11:56:23","guid":{"rendered":"https:\/\/dmcsrb.com\/uncategorized\/omladinke-porazene-od-kosova\/"},"modified":"2025-10-22T13:56:23","modified_gmt":"2025-10-22T11:56:23","slug":"omladinke-porazene-od-kosova","status":"publish","type":"post","link":"https:\/\/dmcsrb.com\/en\/sport\/omladinke-porazene-od-kosova\/","title":{"rendered":"Omladinke pora\u017eene od Kosova"},"content":{"rendered":"<p>Go\u0161\u0107e su povele u 14. minutu, kada je Olsa Ma\u0107astena pogodila glavom nakon kornera. Prednost je udvostru\u010dila Loela Ahmeti u 53. minutu, da bi kona\u010dan rezultat postavila Slavica Krstevska u 88. minutu, lijepim golom iz slobodnog udarca sa distance.<\/p>\n\n\n\n<p>&#8211; Primili smo dva naivna gola, jedan poslije prekida kada nijesmo bili dovoljno koncentrisani, pa je protivni\u010dka igra\u010dica ostala sama na \u0161utu, a drugi nakon neorganizovanosti u odbrani. Najve\u0107i na\u0161i problemi u ovoj utakmici bili su izostanci borbenosti i discipline kada protivnik ima loptu. Ali, dobra stvar je \u0161to su igra\u010dice koje su prvi put sa nama pokazale da imaju kvalitet za na\u0161u reprezentaciju, kazao je selektor Ivan Tatar.<\/p>\n\n\n\n<p>Crna Gora i Kosovo ponovo \u0107e igrati u petak, od 10 \u010dasova.<\/p>","protected":false},"excerpt":{"rendered":"<p>\u017denska omladinska fudbalska reprezentacija Crne Gore pora\u017eena je od Kosova rezultatom 2:1 u prvom od dva prijateljska duela ovih ekipa.<\/p>","protected":false},"author":1,"featured_media":958196,"comment_status":"open","ping_status":"open","sticky":false,"template":"","format":"standard","meta":{"_acf_changed":false,"footnotes":""},"categories":[148],"tags":[529,2168,531,11509],"naslovna":[],"class_list":["post-959438","post","type-post","status-publish","format-standard","has-post-thumbnail","hentry","category-sport","tag-ivan-tatar","tag-prijateljska-utakmica","tag-zenska-omladinska-fudbalska-reprezentacija-crne-gore","tag-zenska-omladinska-fudbalska-reprezentacija-kosova"],"acf":[],"yoast_head":"<!-- This site is optimized with the Yoast SEO plugin v27.0 - https:\/\/yoast.com\/product\/yoast-seo-wordpress\/ -->\n<title>Omladinke pora\u017eene od Kosova - dmcsrb.com<\/title>\n<meta name=\"robots\" content=\"index, follow, max-snippet:-1, max-image-preview:large, max-video-preview:-1\" \/>\n<link rel=\"canonical\" href=\"https:\/\/dmcsrb.com\/en\/sport\/omladinke-porazene-od-kosova\/\" \/>\n<meta property=\"og:locale\" content=\"en_GB\" \/>\n<meta property=\"og:type\" content=\"article\" \/>\n<meta property=\"og:title\" content=\"Omladinke pora\u017eene od Kosova - dmcsrb.com\" \/>\n<meta property=\"og:description\" content=\"\u017denska omladinska fudbalska reprezentacija Crne Gore pora\u017eena je od Kosova rezultatom 2:1 u prvom od dva prijateljska duela ovih ekipa.\" \/>\n<meta property=\"og:url\" content=\"https:\/\/dmcsrb.com\/en\/sport\/omladinke-porazene-od-kosova\/\" \/>\n<meta property=\"og:site_name\" content=\"dmcsrb.com\" \/>\n<meta property=\"article:published_time\" content=\"2025-10-22T11:56:23+00:00\" \/>\n<meta property=\"og:image\" content=\"https:\/\/dmcsrb.com\/wp-content\/uploads\/2026\/01\/Omladinke-U19-FSCG.webp\" \/>\n\t<meta property=\"og:image:width\" content=\"1050\" \/>\n\t<meta property=\"og:image:height\" content=\"624\" \/>\n\t<meta property=\"og:image:type\" content=\"image\/jpeg\" \/>\n<meta name=\"author\" content=\"dmcsrbija.com@gmail.com\" \/>\n<meta name=\"twitter:card\" content=\"summary_large_image\" \/>\n<meta name=\"twitter:label1\" content=\"Written by\" \/>\n\t<meta name=\"twitter:data1\" content=\"dmcsrbija.com@gmail.com\" \/>\n\t<meta name=\"twitter:label2\" content=\"Estimated reading time\" \/>\n\t<meta name=\"twitter:data2\" content=\"1 minute\" \/>\n<script type=\"application\/ld+json\" class=\"yoast-schema-graph\">{\"@context\":\"https:\/\/schema.org\",\"@graph\":[{\"@type\":\"Article\",\"@id\":\"https:\/\/dmcsrb.com\/sport\/omladinke-porazene-od-kosova\/#article\",\"isPartOf\":{\"@id\":\"https:\/\/dmcsrb.com\/sport\/omladinke-porazene-od-kosova\/\"},\"author\":{\"name\":\"dmcsrbija.com@gmail.com\",\"@id\":\"https:\/\/dmcsrb.com\/#\/schema\/person\/5c39170f12db1b8b457732d0b5c854e2\"},\"headline\":\"Omladinke pora\u017eene od Kosova\",\"datePublished\":\"2025-10-22T11:56:23+00:00\",\"mainEntityOfPage\":{\"@id\":\"https:\/\/dmcsrb.com\/sport\/omladinke-porazene-od-kosova\/\"},\"wordCount\":131,\"commentCount\":0,\"image\":{\"@id\":\"https:\/\/dmcsrb.com\/sport\/omladinke-porazene-od-kosova\/#primaryimage\"},\"thumbnailUrl\":\"https:\/\/dmcsrb.com\/wp-content\/uploads\/2026\/01\/Omladinke-U19-FSCG.webp\",\"keywords\":[\"Ivan Tatar\",\"prijateljska utakmica\",\"\u017denska omladinska fudbalska reprezentacija Crne Gore\",\"\u017denska omladinska fudbalska reprezentacija Kosova\"],\"articleSection\":[\"Sport\"],\"inLanguage\":\"en-GB\",\"potentialAction\":[{\"@type\":\"CommentAction\",\"name\":\"Comment\",\"target\":[\"https:\/\/dmcsrb.com\/sport\/omladinke-porazene-od-kosova\/#respond\"]}]},{\"@type\":\"WebPage\",\"@id\":\"https:\/\/dmcsrb.com\/sport\/omladinke-porazene-od-kosova\/\",\"url\":\"https:\/\/dmcsrb.com\/sport\/omladinke-porazene-od-kosova\/\",\"name\":\"Omladinke pora\u017eene od Kosova - dmcsrb.com\",\"isPartOf\":{\"@id\":\"https:\/\/dmcsrb.com\/#website\"},\"primaryImageOfPage\":{\"@id\":\"https:\/\/dmcsrb.com\/sport\/omladinke-porazene-od-kosova\/#primaryimage\"},\"image\":{\"@id\":\"https:\/\/dmcsrb.com\/sport\/omladinke-porazene-od-kosova\/#primaryimage\"},\"thumbnailUrl\":\"https:\/\/dmcsrb.com\/wp-content\/uploads\/2026\/01\/Omladinke-U19-FSCG.webp\",\"datePublished\":\"2025-10-22T11:56:23+00:00\",\"author\":{\"@id\":\"https:\/\/dmcsrb.com\/#\/schema\/person\/5c39170f12db1b8b457732d0b5c854e2\"},\"breadcrumb\":{\"@id\":\"https:\/\/dmcsrb.com\/sport\/omladinke-porazene-od-kosova\/#breadcrumb\"},\"inLanguage\":\"en-GB\",\"potentialAction\":[{\"@type\":\"ReadAction\",\"target\":[\"https:\/\/dmcsrb.com\/sport\/omladinke-porazene-od-kosova\/\"]}]},{\"@type\":\"ImageObject\",\"inLanguage\":\"en-GB\",\"@id\":\"https:\/\/dmcsrb.com\/sport\/omladinke-porazene-od-kosova\/#primaryimage\",\"url\":\"https:\/\/dmcsrb.com\/wp-content\/uploads\/2026\/01\/Omladinke-U19-FSCG.webp\",\"contentUrl\":\"https:\/\/dmcsrb.com\/wp-content\/uploads\/2026\/01\/Omladinke-U19-FSCG.webp\",\"width\":1050,\"height\":624},{\"@type\":\"BreadcrumbList\",\"@id\":\"https:\/\/dmcsrb.com\/sport\/omladinke-porazene-od-kosova\/#breadcrumb\",\"itemListElement\":[{\"@type\":\"ListItem\",\"position\":1,\"name\":\"Home\",\"item\":\"https:\/\/dmcsrb.com\/\"},{\"@type\":\"ListItem\",\"position\":2,\"name\":\"Omladinke pora\u017eene od Kosova\"}]},{\"@type\":\"WebSite\",\"@id\":\"https:\/\/dmcsrb.com\/#website\",\"url\":\"https:\/\/dmcsrb.com\/\",\"name\":\"dmcsrb.com\",\"description\":\"\",\"potentialAction\":[{\"@type\":\"SearchAction\",\"target\":{\"@type\":\"EntryPoint\",\"urlTemplate\":\"https:\/\/dmcsrb.com\/?s={search_term_string}\"},\"query-input\":{\"@type\":\"PropertyValueSpecification\",\"valueRequired\":true,\"valueName\":\"search_term_string\"}}],\"inLanguage\":\"en-GB\"},{\"@type\":\"Person\",\"@id\":\"https:\/\/dmcsrb.com\/#\/schema\/person\/5c39170f12db1b8b457732d0b5c854e2\",\"name\":\"dmcsrbija.com@gmail.com\",\"image\":{\"@type\":\"ImageObject\",\"inLanguage\":\"en-GB\",\"@id\":\"https:\/\/dmcsrb.com\/#\/schema\/person\/image\/\",\"url\":\"https:\/\/secure.gravatar.com\/avatar\/68592660ad6347fad0fb587f8d5d8f1a7b44961362f56e4f2cd524feb87e9069?s=96&d=mm&r=g\",\"contentUrl\":\"https:\/\/secure.gravatar.com\/avatar\/68592660ad6347fad0fb587f8d5d8f1a7b44961362f56e4f2cd524feb87e9069?s=96&d=mm&r=g\",\"caption\":\"dmcsrbija.com@gmail.com\"},\"sameAs\":[\"https:\/\/dmcsrb.com\"],\"url\":\"https:\/\/dmcsrb.com\/en\/author\/dmcsrbija-comgmail-com\/\"}]}<\/script>\n<!-- \/ Yoast SEO plugin. -->","yoast_head_json":{"title":"Omladinke pora\u017eene od Kosova - dmcsrb.com","robots":{"index":"index","follow":"follow","max-snippet":"max-snippet:-1","max-image-preview":"max-image-preview:large","max-video-preview":"max-video-preview:-1"},"canonical":"https:\/\/dmcsrb.com\/en\/sport\/omladinke-porazene-od-kosova\/","og_locale":"en_GB","og_type":"article","og_title":"Omladinke pora\u017eene od Kosova - dmcsrb.com","og_description":"\u017denska omladinska fudbalska reprezentacija Crne Gore pora\u017eena je od Kosova rezultatom 2:1 u prvom od dva prijateljska duela ovih ekipa.","og_url":"https:\/\/dmcsrb.com\/en\/sport\/omladinke-porazene-od-kosova\/","og_site_name":"dmcsrb.com","article_published_time":"2025-10-22T11:56:23+00:00","og_image":[{"width":1050,"height":624,"url":"https:\/\/dmcsrb.com\/wp-content\/uploads\/2026\/01\/Omladinke-U19-FSCG.webp","type":"image\/jpeg"}],"author":"dmcsrbija.com@gmail.com","twitter_card":"summary_large_image","twitter_misc":{"Written by":"dmcsrbija.com@gmail.com","Estimated reading time":"1 minute"},"schema":{"@context":"https:\/\/schema.org","@graph":[{"@type":"Article","@id":"https:\/\/dmcsrb.com\/sport\/omladinke-porazene-od-kosova\/#article","isPartOf":{"@id":"https:\/\/dmcsrb.com\/sport\/omladinke-porazene-od-kosova\/"},"author":{"name":"dmcsrbija.com@gmail.com","@id":"https:\/\/dmcsrb.com\/#\/schema\/person\/5c39170f12db1b8b457732d0b5c854e2"},"headline":"Omladinke pora\u017eene od Kosova","datePublished":"2025-10-22T11:56:23+00:00","mainEntityOfPage":{"@id":"https:\/\/dmcsrb.com\/sport\/omladinke-porazene-od-kosova\/"},"wordCount":131,"commentCount":0,"image":{"@id":"https:\/\/dmcsrb.com\/sport\/omladinke-porazene-od-kosova\/#primaryimage"},"thumbnailUrl":"https:\/\/dmcsrb.com\/wp-content\/uploads\/2026\/01\/Omladinke-U19-FSCG.webp","keywords":["Ivan Tatar","prijateljska utakmica","\u017denska omladinska fudbalska reprezentacija Crne Gore","\u017denska omladinska fudbalska reprezentacija Kosova"],"articleSection":["Sport"],"inLanguage":"en-GB","potentialAction":[{"@type":"CommentAction","name":"Comment","target":["https:\/\/dmcsrb.com\/sport\/omladinke-porazene-od-kosova\/#respond"]}]},{"@type":"WebPage","@id":"https:\/\/dmcsrb.com\/sport\/omladinke-porazene-od-kosova\/","url":"https:\/\/dmcsrb.com\/sport\/omladinke-porazene-od-kosova\/","name":"Omladinke pora\u017eene od Kosova - dmcsrb.com","isPartOf":{"@id":"https:\/\/dmcsrb.com\/#website"},"primaryImageOfPage":{"@id":"https:\/\/dmcsrb.com\/sport\/omladinke-porazene-od-kosova\/#primaryimage"},"image":{"@id":"https:\/\/dmcsrb.com\/sport\/omladinke-porazene-od-kosova\/#primaryimage"},"thumbnailUrl":"https:\/\/dmcsrb.com\/wp-content\/uploads\/2026\/01\/Omladinke-U19-FSCG.webp","datePublished":"2025-10-22T11:56:23+00:00","author":{"@id":"https:\/\/dmcsrb.com\/#\/schema\/person\/5c39170f12db1b8b457732d0b5c854e2"},"breadcrumb":{"@id":"https:\/\/dmcsrb.com\/sport\/omladinke-porazene-od-kosova\/#breadcrumb"},"inLanguage":"en-GB","potentialAction":[{"@type":"ReadAction","target":["https:\/\/dmcsrb.com\/sport\/omladinke-porazene-od-kosova\/"]}]},{"@type":"ImageObject","inLanguage":"en-GB","@id":"https:\/\/dmcsrb.com\/sport\/omladinke-porazene-od-kosova\/#primaryimage","url":"https:\/\/dmcsrb.com\/wp-content\/uploads\/2026\/01\/Omladinke-U19-FSCG.webp","contentUrl":"https:\/\/dmcsrb.com\/wp-content\/uploads\/2026\/01\/Omladinke-U19-FSCG.webp","width":1050,"height":624},{"@type":"BreadcrumbList","@id":"https:\/\/dmcsrb.com\/sport\/omladinke-porazene-od-kosova\/#breadcrumb","itemListElement":[{"@type":"ListItem","position":1,"name":"Home","item":"https:\/\/dmcsrb.com\/"},{"@type":"ListItem","position":2,"name":"Omladinke pora\u017eene od Kosova"}]},{"@type":"WebSite","@id":"https:\/\/dmcsrb.com\/#website","url":"https:\/\/dmcsrb.com\/","name":"dmcsrb.com","description":"","potentialAction":[{"@type":"SearchAction","target":{"@type":"EntryPoint","urlTemplate":"https:\/\/dmcsrb.com\/?s={search_term_string}"},"query-input":{"@type":"PropertyValueSpecification","valueRequired":true,"valueName":"search_term_string"}}],"inLanguage":"en-GB"},{"@type":"Person","@id":"https:\/\/dmcsrb.com\/#\/schema\/person\/5c39170f12db1b8b457732d0b5c854e2","name":"dmcsrbija.com@gmail.com","image":{"@type":"ImageObject","inLanguage":"en-GB","@id":"https:\/\/dmcsrb.com\/#\/schema\/person\/image\/","url":"https:\/\/secure.gravatar.com\/avatar\/68592660ad6347fad0fb587f8d5d8f1a7b44961362f56e4f2cd524feb87e9069?s=96&d=mm&r=g","contentUrl":"https:\/\/secure.gravatar.com\/avatar\/68592660ad6347fad0fb587f8d5d8f1a7b44961362f56e4f2cd524feb87e9069?s=96&d=mm&r=g","caption":"dmcsrbija.com@gmail.com"},"sameAs":["https:\/\/dmcsrb.com"],"url":"https:\/\/dmcsrb.com\/en\/author\/dmcsrbija-comgmail-com\/"}]}},"_links":{"self":[{"href":"https:\/\/dmcsrb.com\/en\/wp-json\/wp\/v2\/posts\/959438","targetHints":{"allow":["GET"]}}],"collection":[{"href":"https:\/\/dmcsrb.com\/en\/wp-json\/wp\/v2\/posts"}],"about":[{"href":"https:\/\/dmcsrb.com\/en\/wp-json\/wp\/v2\/types\/post"}],"author":[{"embeddable":true,"href":"https:\/\/dmcsrb.com\/en\/wp-json\/wp\/v2\/users\/1"}],"replies":[{"embeddable":true,"href":"https:\/\/dmcsrb.com\/en\/wp-json\/wp\/v2\/comments?post=959438"}],"version-history":[{"count":0,"href":"https:\/\/dmcsrb.com\/en\/wp-json\/wp\/v2\/posts\/959438\/revisions"}],"wp:featuredmedia":[{"embeddable":true,"href":"https:\/\/dmcsrb.com\/en\/wp-json\/wp\/v2\/media\/958196"}],"wp:attachment":[{"href":"https:\/\/dmcsrb.com\/en\/wp-json\/wp\/v2\/media?parent=959438"}],"wp:term":[{"taxonomy":"category","embeddable":true,"href":"https:\/\/dmcsrb.com\/en\/wp-json\/wp\/v2\/categories?post=959438"},{"taxonomy":"post_tag","embeddable":true,"href":"https:\/\/dmcsrb.com\/en\/wp-json\/wp\/v2\/tags?post=959438"},{"taxonomy":"naslovna","embeddable":true,"href":"https:\/\/dmcsrb.com\/en\/wp-json\/wp\/v2\/naslovna?post=959438"}],"curies":[{"name":"wp","href":"https:\/\/api.w.org\/{rel}","templated":true}]}}