{"id":959417,"date":"2025-10-22T13:03:59","date_gmt":"2025-10-22T11:03:59","guid":{"rendered":"https:\/\/dmcsrb.com\/uncategorized\/scekic-ucesce-crne-gore-na-cop10-potvrdjuje-posvecenost-u-borbi-protiv-dopinga\/"},"modified":"2025-10-22T13:03:59","modified_gmt":"2025-10-22T11:03:59","slug":"scekic-ucesce-crne-gore-na-cop10-potvrdjuje-posvecenost-u-borbi-protiv-dopinga","status":"publish","type":"post","link":"https:\/\/dmcsrb.com\/en\/nekategorisano\/scekic-ucesce-crne-gore-na-cop10-potvrdjuje-posvecenost-u-borbi-protiv-dopinga\/","title":{"rendered":"\u0160\u0107eki\u0107: U\u010de\u0161\u0107e Crne Gore na COP10 potvr\u0111uje posve\u0107enost u borbi protiv dopinga"},"content":{"rendered":"<p><\/p>\n\n\n\n<p>U saop\u0161tenju se navodi da se vi\u0161e od 500 predstavnika nacionalnih vlada, antidoping organizacija i stalnih delegacija pri UNESCO-u okupilo u Parizu povodom ove konferencije.<\/p>\n\n\n\n<p>\u201cObilje\u017eavaju\u0107i dvadesetogodi\u0161njicu Konvencije, u\u010desnici su sumirali dvije decenije napretka u globalnim naporima na za\u0161titi sportskih vrijednosti, etike i zdravlja sportista. Tako\u0111e, razmatrani su aspekti upravljanja i uskla\u0111enosti sa Konvencijom, kao i novi izazovi u o\u010duvanju integriteta sporta\u201d, isti\u010de se u saop\u0161tenju.<\/p>\n\n\n\n<p>Dodaje se da se u okviru posjete, ministar \u0160\u0107eki\u0107 sastao se sa&nbsp;<strong>Faridom Gajibovim,<\/strong>&nbsp;ministrom omladine i sporta Azerbejd\u017eana, koji je izabran za predsjedavaju\u0107eg konferencije.<\/p>\n\n\n\n<p>\u201c\u0160\u0107eki\u0107 i Gajibov su razmotrili mogu\u0107nosti za unapre\u0111enje saradnje izme\u0111u Crne Gore i Azerbejd\u017eana radi razmjene iskustava i sprovo\u0111enja zajedni\u010dkih inicijativa u oblasti edukacije sportista i prevencije dopinga\u201d, pi\u0161e u saop\u0161tenju.<\/p>\n\n\n\n<p>Dodaje se i da je ministar \u0160\u0107eki\u0107 istakao da u\u010de\u0161\u0107e Crne Gore na COP10 potvr\u0111uje posve\u0107enost na\u0161e zemlje borbi protiv dopinga i ja\u010danju me\u0111unarodnih standarda u sportu, uz kontinuiranu podr\u0161ku UNESCO-a i Svjetske antidoping agencije (WADA).<\/p>\n\n\n\n<p>\u201cDelegaciju Ministarstva sporta i mladih, pored ministra \u0160\u0107eki\u0107a, \u010dinili su i generalni direktor Direktorata za mlade i saradnju sa NVO&nbsp;<strong>Darko Stojanovi\u0107<\/strong>, \u0161efica kabineta&nbsp;<strong>Sanja Joki\u0107<\/strong>&nbsp;i savjetnica u kabinetu&nbsp;<strong>\u017deljka Radevi\u0107<\/strong>\u201c, zaklju\u010duje se u saop\u0161tenju.<\/p>","protected":false},"excerpt":{"rendered":"<p>Ministar sporta i mladih,\u00a0Dragoslav \u0160\u0107eki\u0107\u00a0prisustvovao je desetoj sesiji Konferencije strana potpisnica Me\u0111unarodne konvencije protiv dopinga u sportu (COP10), koja je odr\u017eana u sjedi\u0161tu UNESCO-a u Parizu od 20. do 22. oktobra, saop\u0161tili su iz Ministarstva sporta i mladih.<\/p>","protected":false},"author":1,"featured_media":959418,"comment_status":"open","ping_status":"open","sticky":false,"template":"","format":"standard","meta":{"_acf_changed":false,"footnotes":""},"categories":[16320],"tags":[1079,2491],"naslovna":[],"class_list":["post-959417","post","type-post","status-publish","format-standard","has-post-thumbnail","hentry","category-nekategorisano","tag-dragoslav-scekic","tag-ministarstvo-sporta"],"acf":[],"yoast_head":"<!-- This site is optimized with the Yoast SEO plugin v27.4 - https:\/\/yoast.com\/product\/yoast-seo-wordpress\/ -->\n<title>\u0160\u0107eki\u0107: U\u010de\u0161\u0107e Crne Gore na COP10 potvr\u0111uje posve\u0107enost u borbi protiv dopinga - dmcsrb.com<\/title>\n<meta name=\"robots\" content=\"index, follow, max-snippet:-1, max-image-preview:large, max-video-preview:-1\" \/>\n<link rel=\"canonical\" href=\"https:\/\/dmcsrb.com\/en\/nekategorisano\/scekic-ucesce-crne-gore-na-cop10-potvrdjuje-posvecenost-u-borbi-protiv-dopinga\/\" \/>\n<meta property=\"og:locale\" content=\"en_GB\" \/>\n<meta property=\"og:type\" content=\"article\" \/>\n<meta property=\"og:title\" content=\"\u0160\u0107eki\u0107: U\u010de\u0161\u0107e Crne Gore na COP10 potvr\u0111uje posve\u0107enost u borbi protiv dopinga - dmcsrb.com\" \/>\n<meta property=\"og:description\" content=\"Ministar sporta i mladih,\u00a0Dragoslav \u0160\u0107eki\u0107\u00a0prisustvovao je desetoj sesiji Konferencije strana potpisnica Me\u0111unarodne konvencije protiv dopinga u sportu (COP10), koja je odr\u017eana u sjedi\u0161tu UNESCO-a u Parizu od 20. do 22. oktobra, saop\u0161tili su iz Ministarstva sporta i mladih.\" \/>\n<meta property=\"og:url\" content=\"https:\/\/dmcsrb.com\/en\/nekategorisano\/scekic-ucesce-crne-gore-na-cop10-potvrdjuje-posvecenost-u-borbi-protiv-dopinga\/\" \/>\n<meta property=\"og:site_name\" content=\"dmcsrb.com\" \/>\n<meta property=\"article:published_time\" content=\"2025-10-22T11:03:59+00:00\" \/>\n<meta property=\"og:image\" content=\"https:\/\/dmcsrb.com\/wp-content\/uploads\/2026\/01\/IMG_2545-scaled-1.webp\" \/>\n\t<meta property=\"og:image:width\" content=\"2560\" \/>\n\t<meta property=\"og:image:height\" content=\"1440\" \/>\n\t<meta property=\"og:image:type\" content=\"image\/jpeg\" \/>\n<meta name=\"author\" content=\"dmcsrbija.com@gmail.com\" \/>\n<meta name=\"twitter:card\" content=\"summary_large_image\" \/>\n<meta name=\"twitter:label1\" content=\"Written by\" \/>\n\t<meta name=\"twitter:data1\" content=\"dmcsrbija.com@gmail.com\" \/>\n\t<meta name=\"twitter:label2\" content=\"Estimated reading time\" \/>\n\t<meta name=\"twitter:data2\" content=\"1 minute\" \/>\n<script type=\"application\/ld+json\" class=\"yoast-schema-graph\">{\"@context\":\"https:\\\/\\\/schema.org\",\"@graph\":[{\"@type\":\"Article\",\"@id\":\"https:\\\/\\\/dmcsrb.com\\\/nekategorisano\\\/scekic-ucesce-crne-gore-na-cop10-potvrdjuje-posvecenost-u-borbi-protiv-dopinga\\\/#article\",\"isPartOf\":{\"@id\":\"https:\\\/\\\/dmcsrb.com\\\/nekategorisano\\\/scekic-ucesce-crne-gore-na-cop10-potvrdjuje-posvecenost-u-borbi-protiv-dopinga\\\/\"},\"author\":{\"name\":\"dmcsrbija.com@gmail.com\",\"@id\":\"https:\\\/\\\/dmcsrb.com\\\/#\\\/schema\\\/person\\\/5c39170f12db1b8b457732d0b5c854e2\"},\"headline\":\"\u0160\u0107eki\u0107: U\u010de\u0161\u0107e Crne Gore na COP10 potvr\u0111uje posve\u0107enost u borbi protiv dopinga\",\"datePublished\":\"2025-10-22T11:03:59+00:00\",\"mainEntityOfPage\":{\"@id\":\"https:\\\/\\\/dmcsrb.com\\\/nekategorisano\\\/scekic-ucesce-crne-gore-na-cop10-potvrdjuje-posvecenost-u-borbi-protiv-dopinga\\\/\"},\"wordCount\":248,\"commentCount\":0,\"image\":{\"@id\":\"https:\\\/\\\/dmcsrb.com\\\/nekategorisano\\\/scekic-ucesce-crne-gore-na-cop10-potvrdjuje-posvecenost-u-borbi-protiv-dopinga\\\/#primaryimage\"},\"thumbnailUrl\":\"https:\\\/\\\/dmcsrb.com\\\/wp-content\\\/uploads\\\/2026\\\/01\\\/IMG_2545-scaled-1.webp\",\"keywords\":[\"Dragoslav \u0160\u0107eki\u0107\",\"Ministarstvo sporta\"],\"articleSection\":[\"Nekategorisano\"],\"inLanguage\":\"en-GB\",\"potentialAction\":[{\"@type\":\"CommentAction\",\"name\":\"Comment\",\"target\":[\"https:\\\/\\\/dmcsrb.com\\\/nekategorisano\\\/scekic-ucesce-crne-gore-na-cop10-potvrdjuje-posvecenost-u-borbi-protiv-dopinga\\\/#respond\"]}]},{\"@type\":\"WebPage\",\"@id\":\"https:\\\/\\\/dmcsrb.com\\\/nekategorisano\\\/scekic-ucesce-crne-gore-na-cop10-potvrdjuje-posvecenost-u-borbi-protiv-dopinga\\\/\",\"url\":\"https:\\\/\\\/dmcsrb.com\\\/nekategorisano\\\/scekic-ucesce-crne-gore-na-cop10-potvrdjuje-posvecenost-u-borbi-protiv-dopinga\\\/\",\"name\":\"\u0160\u0107eki\u0107: U\u010de\u0161\u0107e Crne Gore na COP10 potvr\u0111uje posve\u0107enost u borbi protiv dopinga - dmcsrb.com\",\"isPartOf\":{\"@id\":\"https:\\\/\\\/dmcsrb.com\\\/#website\"},\"primaryImageOfPage\":{\"@id\":\"https:\\\/\\\/dmcsrb.com\\\/nekategorisano\\\/scekic-ucesce-crne-gore-na-cop10-potvrdjuje-posvecenost-u-borbi-protiv-dopinga\\\/#primaryimage\"},\"image\":{\"@id\":\"https:\\\/\\\/dmcsrb.com\\\/nekategorisano\\\/scekic-ucesce-crne-gore-na-cop10-potvrdjuje-posvecenost-u-borbi-protiv-dopinga\\\/#primaryimage\"},\"thumbnailUrl\":\"https:\\\/\\\/dmcsrb.com\\\/wp-content\\\/uploads\\\/2026\\\/01\\\/IMG_2545-scaled-1.webp\",\"datePublished\":\"2025-10-22T11:03:59+00:00\",\"author\":{\"@id\":\"https:\\\/\\\/dmcsrb.com\\\/#\\\/schema\\\/person\\\/5c39170f12db1b8b457732d0b5c854e2\"},\"breadcrumb\":{\"@id\":\"https:\\\/\\\/dmcsrb.com\\\/nekategorisano\\\/scekic-ucesce-crne-gore-na-cop10-potvrdjuje-posvecenost-u-borbi-protiv-dopinga\\\/#breadcrumb\"},\"inLanguage\":\"en-GB\",\"potentialAction\":[{\"@type\":\"ReadAction\",\"target\":[\"https:\\\/\\\/dmcsrb.com\\\/nekategorisano\\\/scekic-ucesce-crne-gore-na-cop10-potvrdjuje-posvecenost-u-borbi-protiv-dopinga\\\/\"]}]},{\"@type\":\"ImageObject\",\"inLanguage\":\"en-GB\",\"@id\":\"https:\\\/\\\/dmcsrb.com\\\/nekategorisano\\\/scekic-ucesce-crne-gore-na-cop10-potvrdjuje-posvecenost-u-borbi-protiv-dopinga\\\/#primaryimage\",\"url\":\"https:\\\/\\\/dmcsrb.com\\\/wp-content\\\/uploads\\\/2026\\\/01\\\/IMG_2545-scaled-1.webp\",\"contentUrl\":\"https:\\\/\\\/dmcsrb.com\\\/wp-content\\\/uploads\\\/2026\\\/01\\\/IMG_2545-scaled-1.webp\",\"width\":2560,\"height\":1440},{\"@type\":\"BreadcrumbList\",\"@id\":\"https:\\\/\\\/dmcsrb.com\\\/nekategorisano\\\/scekic-ucesce-crne-gore-na-cop10-potvrdjuje-posvecenost-u-borbi-protiv-dopinga\\\/#breadcrumb\",\"itemListElement\":[{\"@type\":\"ListItem\",\"position\":1,\"name\":\"Home\",\"item\":\"https:\\\/\\\/dmcsrb.com\\\/\"},{\"@type\":\"ListItem\",\"position\":2,\"name\":\"\u0160\u0107eki\u0107: U\u010de\u0161\u0107e Crne Gore na COP10 potvr\u0111uje posve\u0107enost u borbi protiv dopinga\"}]},{\"@type\":\"WebSite\",\"@id\":\"https:\\\/\\\/dmcsrb.com\\\/#website\",\"url\":\"https:\\\/\\\/dmcsrb.com\\\/\",\"name\":\"dmcsrb.com\",\"description\":\"\",\"potentialAction\":[{\"@type\":\"SearchAction\",\"target\":{\"@type\":\"EntryPoint\",\"urlTemplate\":\"https:\\\/\\\/dmcsrb.com\\\/?s={search_term_string}\"},\"query-input\":{\"@type\":\"PropertyValueSpecification\",\"valueRequired\":true,\"valueName\":\"search_term_string\"}}],\"inLanguage\":\"en-GB\"},{\"@type\":\"Person\",\"@id\":\"https:\\\/\\\/dmcsrb.com\\\/#\\\/schema\\\/person\\\/5c39170f12db1b8b457732d0b5c854e2\",\"name\":\"dmcsrbija.com@gmail.com\",\"image\":{\"@type\":\"ImageObject\",\"inLanguage\":\"en-GB\",\"@id\":\"https:\\\/\\\/secure.gravatar.com\\\/avatar\\\/68592660ad6347fad0fb587f8d5d8f1a7b44961362f56e4f2cd524feb87e9069?s=96&d=mm&r=g\",\"url\":\"https:\\\/\\\/secure.gravatar.com\\\/avatar\\\/68592660ad6347fad0fb587f8d5d8f1a7b44961362f56e4f2cd524feb87e9069?s=96&d=mm&r=g\",\"contentUrl\":\"https:\\\/\\\/secure.gravatar.com\\\/avatar\\\/68592660ad6347fad0fb587f8d5d8f1a7b44961362f56e4f2cd524feb87e9069?s=96&d=mm&r=g\",\"caption\":\"dmcsrbija.com@gmail.com\"},\"sameAs\":[\"https:\\\/\\\/dmcsrb.com\"],\"url\":\"https:\\\/\\\/dmcsrb.com\\\/en\\\/author\\\/dmcsrbija-comgmail-com\\\/\"}]}<\/script>\n<!-- \/ Yoast SEO plugin. -->","yoast_head_json":{"title":"\u0160\u0107eki\u0107: U\u010de\u0161\u0107e Crne Gore na COP10 potvr\u0111uje posve\u0107enost u borbi protiv dopinga - dmcsrb.com","robots":{"index":"index","follow":"follow","max-snippet":"max-snippet:-1","max-image-preview":"max-image-preview:large","max-video-preview":"max-video-preview:-1"},"canonical":"https:\/\/dmcsrb.com\/en\/nekategorisano\/scekic-ucesce-crne-gore-na-cop10-potvrdjuje-posvecenost-u-borbi-protiv-dopinga\/","og_locale":"en_GB","og_type":"article","og_title":"\u0160\u0107eki\u0107: U\u010de\u0161\u0107e Crne Gore na COP10 potvr\u0111uje posve\u0107enost u borbi protiv dopinga - dmcsrb.com","og_description":"Ministar sporta i mladih,\u00a0Dragoslav \u0160\u0107eki\u0107\u00a0prisustvovao je desetoj sesiji Konferencije strana potpisnica Me\u0111unarodne konvencije protiv dopinga u sportu (COP10), koja je odr\u017eana u sjedi\u0161tu UNESCO-a u Parizu od 20. do 22. oktobra, saop\u0161tili su iz Ministarstva sporta i mladih.","og_url":"https:\/\/dmcsrb.com\/en\/nekategorisano\/scekic-ucesce-crne-gore-na-cop10-potvrdjuje-posvecenost-u-borbi-protiv-dopinga\/","og_site_name":"dmcsrb.com","article_published_time":"2025-10-22T11:03:59+00:00","og_image":[{"width":2560,"height":1440,"url":"https:\/\/dmcsrb.com\/wp-content\/uploads\/2026\/01\/IMG_2545-scaled-1.webp","type":"image\/jpeg"}],"author":"dmcsrbija.com@gmail.com","twitter_card":"summary_large_image","twitter_misc":{"Written by":"dmcsrbija.com@gmail.com","Estimated reading time":"1 minute"},"schema":{"@context":"https:\/\/schema.org","@graph":[{"@type":"Article","@id":"https:\/\/dmcsrb.com\/nekategorisano\/scekic-ucesce-crne-gore-na-cop10-potvrdjuje-posvecenost-u-borbi-protiv-dopinga\/#article","isPartOf":{"@id":"https:\/\/dmcsrb.com\/nekategorisano\/scekic-ucesce-crne-gore-na-cop10-potvrdjuje-posvecenost-u-borbi-protiv-dopinga\/"},"author":{"name":"dmcsrbija.com@gmail.com","@id":"https:\/\/dmcsrb.com\/#\/schema\/person\/5c39170f12db1b8b457732d0b5c854e2"},"headline":"\u0160\u0107eki\u0107: U\u010de\u0161\u0107e Crne Gore na COP10 potvr\u0111uje posve\u0107enost u borbi protiv dopinga","datePublished":"2025-10-22T11:03:59+00:00","mainEntityOfPage":{"@id":"https:\/\/dmcsrb.com\/nekategorisano\/scekic-ucesce-crne-gore-na-cop10-potvrdjuje-posvecenost-u-borbi-protiv-dopinga\/"},"wordCount":248,"commentCount":0,"image":{"@id":"https:\/\/dmcsrb.com\/nekategorisano\/scekic-ucesce-crne-gore-na-cop10-potvrdjuje-posvecenost-u-borbi-protiv-dopinga\/#primaryimage"},"thumbnailUrl":"https:\/\/dmcsrb.com\/wp-content\/uploads\/2026\/01\/IMG_2545-scaled-1.webp","keywords":["Dragoslav \u0160\u0107eki\u0107","Ministarstvo sporta"],"articleSection":["Nekategorisano"],"inLanguage":"en-GB","potentialAction":[{"@type":"CommentAction","name":"Comment","target":["https:\/\/dmcsrb.com\/nekategorisano\/scekic-ucesce-crne-gore-na-cop10-potvrdjuje-posvecenost-u-borbi-protiv-dopinga\/#respond"]}]},{"@type":"WebPage","@id":"https:\/\/dmcsrb.com\/nekategorisano\/scekic-ucesce-crne-gore-na-cop10-potvrdjuje-posvecenost-u-borbi-protiv-dopinga\/","url":"https:\/\/dmcsrb.com\/nekategorisano\/scekic-ucesce-crne-gore-na-cop10-potvrdjuje-posvecenost-u-borbi-protiv-dopinga\/","name":"\u0160\u0107eki\u0107: U\u010de\u0161\u0107e Crne Gore na COP10 potvr\u0111uje posve\u0107enost u borbi protiv dopinga - dmcsrb.com","isPartOf":{"@id":"https:\/\/dmcsrb.com\/#website"},"primaryImageOfPage":{"@id":"https:\/\/dmcsrb.com\/nekategorisano\/scekic-ucesce-crne-gore-na-cop10-potvrdjuje-posvecenost-u-borbi-protiv-dopinga\/#primaryimage"},"image":{"@id":"https:\/\/dmcsrb.com\/nekategorisano\/scekic-ucesce-crne-gore-na-cop10-potvrdjuje-posvecenost-u-borbi-protiv-dopinga\/#primaryimage"},"thumbnailUrl":"https:\/\/dmcsrb.com\/wp-content\/uploads\/2026\/01\/IMG_2545-scaled-1.webp","datePublished":"2025-10-22T11:03:59+00:00","author":{"@id":"https:\/\/dmcsrb.com\/#\/schema\/person\/5c39170f12db1b8b457732d0b5c854e2"},"breadcrumb":{"@id":"https:\/\/dmcsrb.com\/nekategorisano\/scekic-ucesce-crne-gore-na-cop10-potvrdjuje-posvecenost-u-borbi-protiv-dopinga\/#breadcrumb"},"inLanguage":"en-GB","potentialAction":[{"@type":"ReadAction","target":["https:\/\/dmcsrb.com\/nekategorisano\/scekic-ucesce-crne-gore-na-cop10-potvrdjuje-posvecenost-u-borbi-protiv-dopinga\/"]}]},{"@type":"ImageObject","inLanguage":"en-GB","@id":"https:\/\/dmcsrb.com\/nekategorisano\/scekic-ucesce-crne-gore-na-cop10-potvrdjuje-posvecenost-u-borbi-protiv-dopinga\/#primaryimage","url":"https:\/\/dmcsrb.com\/wp-content\/uploads\/2026\/01\/IMG_2545-scaled-1.webp","contentUrl":"https:\/\/dmcsrb.com\/wp-content\/uploads\/2026\/01\/IMG_2545-scaled-1.webp","width":2560,"height":1440},{"@type":"BreadcrumbList","@id":"https:\/\/dmcsrb.com\/nekategorisano\/scekic-ucesce-crne-gore-na-cop10-potvrdjuje-posvecenost-u-borbi-protiv-dopinga\/#breadcrumb","itemListElement":[{"@type":"ListItem","position":1,"name":"Home","item":"https:\/\/dmcsrb.com\/"},{"@type":"ListItem","position":2,"name":"\u0160\u0107eki\u0107: U\u010de\u0161\u0107e Crne Gore na COP10 potvr\u0111uje posve\u0107enost u borbi protiv dopinga"}]},{"@type":"WebSite","@id":"https:\/\/dmcsrb.com\/#website","url":"https:\/\/dmcsrb.com\/","name":"dmcsrb.com","description":"","potentialAction":[{"@type":"SearchAction","target":{"@type":"EntryPoint","urlTemplate":"https:\/\/dmcsrb.com\/?s={search_term_string}"},"query-input":{"@type":"PropertyValueSpecification","valueRequired":true,"valueName":"search_term_string"}}],"inLanguage":"en-GB"},{"@type":"Person","@id":"https:\/\/dmcsrb.com\/#\/schema\/person\/5c39170f12db1b8b457732d0b5c854e2","name":"dmcsrbija.com@gmail.com","image":{"@type":"ImageObject","inLanguage":"en-GB","@id":"https:\/\/secure.gravatar.com\/avatar\/68592660ad6347fad0fb587f8d5d8f1a7b44961362f56e4f2cd524feb87e9069?s=96&d=mm&r=g","url":"https:\/\/secure.gravatar.com\/avatar\/68592660ad6347fad0fb587f8d5d8f1a7b44961362f56e4f2cd524feb87e9069?s=96&d=mm&r=g","contentUrl":"https:\/\/secure.gravatar.com\/avatar\/68592660ad6347fad0fb587f8d5d8f1a7b44961362f56e4f2cd524feb87e9069?s=96&d=mm&r=g","caption":"dmcsrbija.com@gmail.com"},"sameAs":["https:\/\/dmcsrb.com"],"url":"https:\/\/dmcsrb.com\/en\/author\/dmcsrbija-comgmail-com\/"}]}},"_links":{"self":[{"href":"https:\/\/dmcsrb.com\/en\/wp-json\/wp\/v2\/posts\/959417","targetHints":{"allow":["GET"]}}],"collection":[{"href":"https:\/\/dmcsrb.com\/en\/wp-json\/wp\/v2\/posts"}],"about":[{"href":"https:\/\/dmcsrb.com\/en\/wp-json\/wp\/v2\/types\/post"}],"author":[{"embeddable":true,"href":"https:\/\/dmcsrb.com\/en\/wp-json\/wp\/v2\/users\/1"}],"replies":[{"embeddable":true,"href":"https:\/\/dmcsrb.com\/en\/wp-json\/wp\/v2\/comments?post=959417"}],"version-history":[{"count":0,"href":"https:\/\/dmcsrb.com\/en\/wp-json\/wp\/v2\/posts\/959417\/revisions"}],"wp:featuredmedia":[{"embeddable":true,"href":"https:\/\/dmcsrb.com\/en\/wp-json\/wp\/v2\/media\/959418"}],"wp:attachment":[{"href":"https:\/\/dmcsrb.com\/en\/wp-json\/wp\/v2\/media?parent=959417"}],"wp:term":[{"taxonomy":"category","embeddable":true,"href":"https:\/\/dmcsrb.com\/en\/wp-json\/wp\/v2\/categories?post=959417"},{"taxonomy":"post_tag","embeddable":true,"href":"https:\/\/dmcsrb.com\/en\/wp-json\/wp\/v2\/tags?post=959417"},{"taxonomy":"naslovna","embeddable":true,"href":"https:\/\/dmcsrb.com\/en\/wp-json\/wp\/v2\/naslovna?post=959417"}],"curies":[{"name":"wp","href":"https:\/\/api.w.org\/{rel}","templated":true}]}}