{"id":959387,"date":"2025-10-22T11:57:00","date_gmt":"2025-10-22T09:57:00","guid":{"rendered":"https:\/\/dmcsrb.com\/uncategorized\/preokret-podnio-inicijativu-za-ocjenu-ustavnosti-odluke-o-mjesnim-zajednicama\/"},"modified":"2025-10-22T11:57:00","modified_gmt":"2025-10-22T09:57:00","slug":"preokret-podnio-inicijativu-za-ocjenu-ustavnosti-odluke-o-mjesnim-zajednicama","status":"publish","type":"post","link":"https:\/\/dmcsrb.com\/en\/podgorica\/preokret-podnio-inicijativu-za-ocjenu-ustavnosti-odluke-o-mjesnim-zajednicama\/","title":{"rendered":"Preokret podnio inicijativu za ocjenu ustavnosti odluke o mjesnim zajednicama"},"content":{"rendered":"<p><\/p>\n\n\n\n<p>Podsje\u0107aju da se \u010dlanom 73 Odluke o mjesnim zajednicama propisuje da Odbor za izbor i imenovanja Skup\u0161tine Glavnog grada, na predlog predsjednika Skup\u0161tine, odre\u0111uje vr\u0161ioce du\u017enosti predsjednika Savjeta u mjesnim zajednicama, \u010dime se direktno obesmi\u0161ljava direktan izbor za organe u mjesnim zajednicama \u0161to je trebalo biti jedna od osnovnih namjera ove Odluke.<\/p>\n\n\n\n<p>\u201cOvakvim kona\u010dnim tekstom Odluke o mjesnim zajednicama i kasnijim postupanjem aktuelne vlasti u Podgorici otvoren je put da mjesne zajednice ponovo budu podre\u0111ene partijama, a aktivnosti u tom pravcu omogu\u0107ava \u010dlan \u010diju smo ocjenu ustavnosti tra\u017eili, odnosno za koji smo predlo\u017eili Ustavnom sudu da taj \u010dlan 73 Odluke bude stavljen van snage kako bi se kona\u010dno po\u010deli sprovoditi neposredni izbori za mjesne zajednice i time sprije\u010dilo dalje prolongiranje tog procesa\u201d, navodi Preokret.<\/p>\n\n\n\n<p>U obralo\u017eenju inicijative za ocjenu ustavnosti, izme\u0111u ostalog navedno je, da Ustav Crne Gore garantuje pravo na lokalnu samoupravu i u\u010de\u0161\u0107e gra\u0111ana u upravljanju javnim poslovima, a da se osporenim \u010dlanom 73 Odluke prenosi se izbor predstavnika mjesnih zajednica u nadle\u017enost Skup\u0161tine Glavnog grada, \u010dime se uskra\u0107uje pravo gra\u0111ana da neposredno biraju svoje predstavnike u organima mjesne zajednice, \u0161to Odluku \u010dini nesaglasnom sa zakonom i Ustavom.<\/p>\n\n\n\n<p>U inicijativi se navodi i da posebnu zabrinutost zbog ovakve odredbe \u010dlana 73 Odluke predstavlja mogu\u0107nost uvo\u0111enja predstavnika politi\u010dkih partija u na\u010din rada mjesnih zajednica, \u0161to je u suprotnosti sa njenom svrhom i na\u010delima samostalnosti i autonomije mjesnih zajednica.<\/p>","protected":false},"excerpt":{"rendered":"<p>Pokret Preokret podnio je danas Ustavnom sudu Inicijativu za ocjenu ustavnosti \u010dlana 73 Odluke o mjesnim zajednicama Glavnog grada Podgorica, koji omogu\u0107ava da vlast direktno imenuje v.d. predsjednike savjeta mjesnih zajednica, \u010dime se poni\u0161tava pravo gra\u0111ana na neposredan izbor i vra\u0107a partijska kontrola nad mjesnim zajednicama.<\/p>","protected":false},"author":1,"featured_media":959388,"comment_status":"open","ping_status":"open","sticky":false,"template":"","format":"standard","meta":{"_acf_changed":false,"footnotes":""},"categories":[56],"tags":[2546,2731,12204],"naslovna":[],"class_list":["post-959387","post","type-post","status-publish","format-standard","has-post-thumbnail","hentry","category-podgorica","tag-mjesne-zajednice","tag-pokret-preokret","tag-ustavnost"],"acf":[],"yoast_head":"<!-- This site is optimized with the Yoast SEO plugin v27.0 - https:\/\/yoast.com\/product\/yoast-seo-wordpress\/ -->\n<title>Preokret podnio inicijativu za ocjenu ustavnosti odluke o mjesnim zajednicama - dmcsrb.com<\/title>\n<meta name=\"robots\" content=\"index, follow, max-snippet:-1, max-image-preview:large, max-video-preview:-1\" \/>\n<link rel=\"canonical\" href=\"https:\/\/dmcsrb.com\/en\/podgorica\/preokret-podnio-inicijativu-za-ocjenu-ustavnosti-odluke-o-mjesnim-zajednicama\/\" \/>\n<meta property=\"og:locale\" content=\"en_GB\" \/>\n<meta property=\"og:type\" content=\"article\" \/>\n<meta property=\"og:title\" content=\"Preokret podnio inicijativu za ocjenu ustavnosti odluke o mjesnim zajednicama - dmcsrb.com\" \/>\n<meta property=\"og:description\" content=\"Pokret Preokret podnio je danas Ustavnom sudu Inicijativu za ocjenu ustavnosti \u010dlana 73 Odluke o mjesnim zajednicama Glavnog grada Podgorica, koji omogu\u0107ava da vlast direktno imenuje v.d. predsjednike savjeta mjesnih zajednica, \u010dime se poni\u0161tava pravo gra\u0111ana na neposredan izbor i vra\u0107a partijska kontrola nad mjesnim zajednicama.\" \/>\n<meta property=\"og:url\" content=\"https:\/\/dmcsrb.com\/en\/podgorica\/preokret-podnio-inicijativu-za-ocjenu-ustavnosti-odluke-o-mjesnim-zajednicama\/\" \/>\n<meta property=\"og:site_name\" content=\"dmcsrb.com\" \/>\n<meta property=\"article:published_time\" content=\"2025-10-22T09:57:00+00:00\" \/>\n<meta property=\"og:image\" content=\"https:\/\/dmcsrb.com\/wp-content\/uploads\/2026\/01\/image-21.webp\" \/>\n\t<meta property=\"og:image:width\" content=\"911\" \/>\n\t<meta property=\"og:image:height\" content=\"439\" \/>\n\t<meta property=\"og:image:type\" content=\"image\/png\" \/>\n<meta name=\"author\" content=\"dmcsrbija.com@gmail.com\" \/>\n<meta name=\"twitter:card\" content=\"summary_large_image\" \/>\n<meta name=\"twitter:label1\" content=\"Written by\" \/>\n\t<meta name=\"twitter:data1\" content=\"dmcsrbija.com@gmail.com\" \/>\n\t<meta name=\"twitter:label2\" content=\"Estimated reading time\" \/>\n\t<meta name=\"twitter:data2\" content=\"1 minute\" \/>\n<script type=\"application\/ld+json\" class=\"yoast-schema-graph\">{\"@context\":\"https:\/\/schema.org\",\"@graph\":[{\"@type\":\"Article\",\"@id\":\"https:\/\/dmcsrb.com\/podgorica\/preokret-podnio-inicijativu-za-ocjenu-ustavnosti-odluke-o-mjesnim-zajednicama\/#article\",\"isPartOf\":{\"@id\":\"https:\/\/dmcsrb.com\/podgorica\/preokret-podnio-inicijativu-za-ocjenu-ustavnosti-odluke-o-mjesnim-zajednicama\/\"},\"author\":{\"name\":\"dmcsrbija.com@gmail.com\",\"@id\":\"https:\/\/dmcsrb.com\/#\/schema\/person\/5c39170f12db1b8b457732d0b5c854e2\"},\"headline\":\"Preokret podnio inicijativu za ocjenu ustavnosti odluke o mjesnim zajednicama\",\"datePublished\":\"2025-10-22T09:57:00+00:00\",\"mainEntityOfPage\":{\"@id\":\"https:\/\/dmcsrb.com\/podgorica\/preokret-podnio-inicijativu-za-ocjenu-ustavnosti-odluke-o-mjesnim-zajednicama\/\"},\"wordCount\":264,\"commentCount\":0,\"image\":{\"@id\":\"https:\/\/dmcsrb.com\/podgorica\/preokret-podnio-inicijativu-za-ocjenu-ustavnosti-odluke-o-mjesnim-zajednicama\/#primaryimage\"},\"thumbnailUrl\":\"https:\/\/dmcsrb.com\/wp-content\/uploads\/2026\/01\/image-21.webp\",\"keywords\":[\"mjesne zajednice\",\"Pokret Preokret\",\"ustavnost\"],\"articleSection\":[\"Podgorica\"],\"inLanguage\":\"en-GB\",\"potentialAction\":[{\"@type\":\"CommentAction\",\"name\":\"Comment\",\"target\":[\"https:\/\/dmcsrb.com\/podgorica\/preokret-podnio-inicijativu-za-ocjenu-ustavnosti-odluke-o-mjesnim-zajednicama\/#respond\"]}]},{\"@type\":\"WebPage\",\"@id\":\"https:\/\/dmcsrb.com\/podgorica\/preokret-podnio-inicijativu-za-ocjenu-ustavnosti-odluke-o-mjesnim-zajednicama\/\",\"url\":\"https:\/\/dmcsrb.com\/podgorica\/preokret-podnio-inicijativu-za-ocjenu-ustavnosti-odluke-o-mjesnim-zajednicama\/\",\"name\":\"Preokret podnio inicijativu za ocjenu ustavnosti odluke o mjesnim zajednicama - dmcsrb.com\",\"isPartOf\":{\"@id\":\"https:\/\/dmcsrb.com\/#website\"},\"primaryImageOfPage\":{\"@id\":\"https:\/\/dmcsrb.com\/podgorica\/preokret-podnio-inicijativu-za-ocjenu-ustavnosti-odluke-o-mjesnim-zajednicama\/#primaryimage\"},\"image\":{\"@id\":\"https:\/\/dmcsrb.com\/podgorica\/preokret-podnio-inicijativu-za-ocjenu-ustavnosti-odluke-o-mjesnim-zajednicama\/#primaryimage\"},\"thumbnailUrl\":\"https:\/\/dmcsrb.com\/wp-content\/uploads\/2026\/01\/image-21.webp\",\"datePublished\":\"2025-10-22T09:57:00+00:00\",\"author\":{\"@id\":\"https:\/\/dmcsrb.com\/#\/schema\/person\/5c39170f12db1b8b457732d0b5c854e2\"},\"breadcrumb\":{\"@id\":\"https:\/\/dmcsrb.com\/podgorica\/preokret-podnio-inicijativu-za-ocjenu-ustavnosti-odluke-o-mjesnim-zajednicama\/#breadcrumb\"},\"inLanguage\":\"en-GB\",\"potentialAction\":[{\"@type\":\"ReadAction\",\"target\":[\"https:\/\/dmcsrb.com\/podgorica\/preokret-podnio-inicijativu-za-ocjenu-ustavnosti-odluke-o-mjesnim-zajednicama\/\"]}]},{\"@type\":\"ImageObject\",\"inLanguage\":\"en-GB\",\"@id\":\"https:\/\/dmcsrb.com\/podgorica\/preokret-podnio-inicijativu-za-ocjenu-ustavnosti-odluke-o-mjesnim-zajednicama\/#primaryimage\",\"url\":\"https:\/\/dmcsrb.com\/wp-content\/uploads\/2026\/01\/image-21.webp\",\"contentUrl\":\"https:\/\/dmcsrb.com\/wp-content\/uploads\/2026\/01\/image-21.webp\",\"width\":911,\"height\":439},{\"@type\":\"BreadcrumbList\",\"@id\":\"https:\/\/dmcsrb.com\/podgorica\/preokret-podnio-inicijativu-za-ocjenu-ustavnosti-odluke-o-mjesnim-zajednicama\/#breadcrumb\",\"itemListElement\":[{\"@type\":\"ListItem\",\"position\":1,\"name\":\"Home\",\"item\":\"https:\/\/dmcsrb.com\/\"},{\"@type\":\"ListItem\",\"position\":2,\"name\":\"Preokret podnio inicijativu za ocjenu ustavnosti odluke o mjesnim zajednicama\"}]},{\"@type\":\"WebSite\",\"@id\":\"https:\/\/dmcsrb.com\/#website\",\"url\":\"https:\/\/dmcsrb.com\/\",\"name\":\"dmcsrb.com\",\"description\":\"\",\"potentialAction\":[{\"@type\":\"SearchAction\",\"target\":{\"@type\":\"EntryPoint\",\"urlTemplate\":\"https:\/\/dmcsrb.com\/?s={search_term_string}\"},\"query-input\":{\"@type\":\"PropertyValueSpecification\",\"valueRequired\":true,\"valueName\":\"search_term_string\"}}],\"inLanguage\":\"en-GB\"},{\"@type\":\"Person\",\"@id\":\"https:\/\/dmcsrb.com\/#\/schema\/person\/5c39170f12db1b8b457732d0b5c854e2\",\"name\":\"dmcsrbija.com@gmail.com\",\"image\":{\"@type\":\"ImageObject\",\"inLanguage\":\"en-GB\",\"@id\":\"https:\/\/dmcsrb.com\/#\/schema\/person\/image\/\",\"url\":\"https:\/\/secure.gravatar.com\/avatar\/68592660ad6347fad0fb587f8d5d8f1a7b44961362f56e4f2cd524feb87e9069?s=96&d=mm&r=g\",\"contentUrl\":\"https:\/\/secure.gravatar.com\/avatar\/68592660ad6347fad0fb587f8d5d8f1a7b44961362f56e4f2cd524feb87e9069?s=96&d=mm&r=g\",\"caption\":\"dmcsrbija.com@gmail.com\"},\"sameAs\":[\"https:\/\/dmcsrb.com\"],\"url\":\"https:\/\/dmcsrb.com\/en\/author\/dmcsrbija-comgmail-com\/\"}]}<\/script>\n<!-- \/ Yoast SEO plugin. -->","yoast_head_json":{"title":"Preokret podnio inicijativu za ocjenu ustavnosti odluke o mjesnim zajednicama - dmcsrb.com","robots":{"index":"index","follow":"follow","max-snippet":"max-snippet:-1","max-image-preview":"max-image-preview:large","max-video-preview":"max-video-preview:-1"},"canonical":"https:\/\/dmcsrb.com\/en\/podgorica\/preokret-podnio-inicijativu-za-ocjenu-ustavnosti-odluke-o-mjesnim-zajednicama\/","og_locale":"en_GB","og_type":"article","og_title":"Preokret podnio inicijativu za ocjenu ustavnosti odluke o mjesnim zajednicama - dmcsrb.com","og_description":"Pokret Preokret podnio je danas Ustavnom sudu Inicijativu za ocjenu ustavnosti \u010dlana 73 Odluke o mjesnim zajednicama Glavnog grada Podgorica, koji omogu\u0107ava da vlast direktno imenuje v.d. predsjednike savjeta mjesnih zajednica, \u010dime se poni\u0161tava pravo gra\u0111ana na neposredan izbor i vra\u0107a partijska kontrola nad mjesnim zajednicama.","og_url":"https:\/\/dmcsrb.com\/en\/podgorica\/preokret-podnio-inicijativu-za-ocjenu-ustavnosti-odluke-o-mjesnim-zajednicama\/","og_site_name":"dmcsrb.com","article_published_time":"2025-10-22T09:57:00+00:00","og_image":[{"width":911,"height":439,"url":"https:\/\/dmcsrb.com\/wp-content\/uploads\/2026\/01\/image-21.webp","type":"image\/png"}],"author":"dmcsrbija.com@gmail.com","twitter_card":"summary_large_image","twitter_misc":{"Written by":"dmcsrbija.com@gmail.com","Estimated reading time":"1 minute"},"schema":{"@context":"https:\/\/schema.org","@graph":[{"@type":"Article","@id":"https:\/\/dmcsrb.com\/podgorica\/preokret-podnio-inicijativu-za-ocjenu-ustavnosti-odluke-o-mjesnim-zajednicama\/#article","isPartOf":{"@id":"https:\/\/dmcsrb.com\/podgorica\/preokret-podnio-inicijativu-za-ocjenu-ustavnosti-odluke-o-mjesnim-zajednicama\/"},"author":{"name":"dmcsrbija.com@gmail.com","@id":"https:\/\/dmcsrb.com\/#\/schema\/person\/5c39170f12db1b8b457732d0b5c854e2"},"headline":"Preokret podnio inicijativu za ocjenu ustavnosti odluke o mjesnim zajednicama","datePublished":"2025-10-22T09:57:00+00:00","mainEntityOfPage":{"@id":"https:\/\/dmcsrb.com\/podgorica\/preokret-podnio-inicijativu-za-ocjenu-ustavnosti-odluke-o-mjesnim-zajednicama\/"},"wordCount":264,"commentCount":0,"image":{"@id":"https:\/\/dmcsrb.com\/podgorica\/preokret-podnio-inicijativu-za-ocjenu-ustavnosti-odluke-o-mjesnim-zajednicama\/#primaryimage"},"thumbnailUrl":"https:\/\/dmcsrb.com\/wp-content\/uploads\/2026\/01\/image-21.webp","keywords":["mjesne zajednice","Pokret Preokret","ustavnost"],"articleSection":["Podgorica"],"inLanguage":"en-GB","potentialAction":[{"@type":"CommentAction","name":"Comment","target":["https:\/\/dmcsrb.com\/podgorica\/preokret-podnio-inicijativu-za-ocjenu-ustavnosti-odluke-o-mjesnim-zajednicama\/#respond"]}]},{"@type":"WebPage","@id":"https:\/\/dmcsrb.com\/podgorica\/preokret-podnio-inicijativu-za-ocjenu-ustavnosti-odluke-o-mjesnim-zajednicama\/","url":"https:\/\/dmcsrb.com\/podgorica\/preokret-podnio-inicijativu-za-ocjenu-ustavnosti-odluke-o-mjesnim-zajednicama\/","name":"Preokret podnio inicijativu za ocjenu ustavnosti odluke o mjesnim zajednicama - dmcsrb.com","isPartOf":{"@id":"https:\/\/dmcsrb.com\/#website"},"primaryImageOfPage":{"@id":"https:\/\/dmcsrb.com\/podgorica\/preokret-podnio-inicijativu-za-ocjenu-ustavnosti-odluke-o-mjesnim-zajednicama\/#primaryimage"},"image":{"@id":"https:\/\/dmcsrb.com\/podgorica\/preokret-podnio-inicijativu-za-ocjenu-ustavnosti-odluke-o-mjesnim-zajednicama\/#primaryimage"},"thumbnailUrl":"https:\/\/dmcsrb.com\/wp-content\/uploads\/2026\/01\/image-21.webp","datePublished":"2025-10-22T09:57:00+00:00","author":{"@id":"https:\/\/dmcsrb.com\/#\/schema\/person\/5c39170f12db1b8b457732d0b5c854e2"},"breadcrumb":{"@id":"https:\/\/dmcsrb.com\/podgorica\/preokret-podnio-inicijativu-za-ocjenu-ustavnosti-odluke-o-mjesnim-zajednicama\/#breadcrumb"},"inLanguage":"en-GB","potentialAction":[{"@type":"ReadAction","target":["https:\/\/dmcsrb.com\/podgorica\/preokret-podnio-inicijativu-za-ocjenu-ustavnosti-odluke-o-mjesnim-zajednicama\/"]}]},{"@type":"ImageObject","inLanguage":"en-GB","@id":"https:\/\/dmcsrb.com\/podgorica\/preokret-podnio-inicijativu-za-ocjenu-ustavnosti-odluke-o-mjesnim-zajednicama\/#primaryimage","url":"https:\/\/dmcsrb.com\/wp-content\/uploads\/2026\/01\/image-21.webp","contentUrl":"https:\/\/dmcsrb.com\/wp-content\/uploads\/2026\/01\/image-21.webp","width":911,"height":439},{"@type":"BreadcrumbList","@id":"https:\/\/dmcsrb.com\/podgorica\/preokret-podnio-inicijativu-za-ocjenu-ustavnosti-odluke-o-mjesnim-zajednicama\/#breadcrumb","itemListElement":[{"@type":"ListItem","position":1,"name":"Home","item":"https:\/\/dmcsrb.com\/"},{"@type":"ListItem","position":2,"name":"Preokret podnio inicijativu za ocjenu ustavnosti odluke o mjesnim zajednicama"}]},{"@type":"WebSite","@id":"https:\/\/dmcsrb.com\/#website","url":"https:\/\/dmcsrb.com\/","name":"dmcsrb.com","description":"","potentialAction":[{"@type":"SearchAction","target":{"@type":"EntryPoint","urlTemplate":"https:\/\/dmcsrb.com\/?s={search_term_string}"},"query-input":{"@type":"PropertyValueSpecification","valueRequired":true,"valueName":"search_term_string"}}],"inLanguage":"en-GB"},{"@type":"Person","@id":"https:\/\/dmcsrb.com\/#\/schema\/person\/5c39170f12db1b8b457732d0b5c854e2","name":"dmcsrbija.com@gmail.com","image":{"@type":"ImageObject","inLanguage":"en-GB","@id":"https:\/\/dmcsrb.com\/#\/schema\/person\/image\/","url":"https:\/\/secure.gravatar.com\/avatar\/68592660ad6347fad0fb587f8d5d8f1a7b44961362f56e4f2cd524feb87e9069?s=96&d=mm&r=g","contentUrl":"https:\/\/secure.gravatar.com\/avatar\/68592660ad6347fad0fb587f8d5d8f1a7b44961362f56e4f2cd524feb87e9069?s=96&d=mm&r=g","caption":"dmcsrbija.com@gmail.com"},"sameAs":["https:\/\/dmcsrb.com"],"url":"https:\/\/dmcsrb.com\/en\/author\/dmcsrbija-comgmail-com\/"}]}},"_links":{"self":[{"href":"https:\/\/dmcsrb.com\/en\/wp-json\/wp\/v2\/posts\/959387","targetHints":{"allow":["GET"]}}],"collection":[{"href":"https:\/\/dmcsrb.com\/en\/wp-json\/wp\/v2\/posts"}],"about":[{"href":"https:\/\/dmcsrb.com\/en\/wp-json\/wp\/v2\/types\/post"}],"author":[{"embeddable":true,"href":"https:\/\/dmcsrb.com\/en\/wp-json\/wp\/v2\/users\/1"}],"replies":[{"embeddable":true,"href":"https:\/\/dmcsrb.com\/en\/wp-json\/wp\/v2\/comments?post=959387"}],"version-history":[{"count":0,"href":"https:\/\/dmcsrb.com\/en\/wp-json\/wp\/v2\/posts\/959387\/revisions"}],"wp:featuredmedia":[{"embeddable":true,"href":"https:\/\/dmcsrb.com\/en\/wp-json\/wp\/v2\/media\/959388"}],"wp:attachment":[{"href":"https:\/\/dmcsrb.com\/en\/wp-json\/wp\/v2\/media?parent=959387"}],"wp:term":[{"taxonomy":"category","embeddable":true,"href":"https:\/\/dmcsrb.com\/en\/wp-json\/wp\/v2\/categories?post=959387"},{"taxonomy":"post_tag","embeddable":true,"href":"https:\/\/dmcsrb.com\/en\/wp-json\/wp\/v2\/tags?post=959387"},{"taxonomy":"naslovna","embeddable":true,"href":"https:\/\/dmcsrb.com\/en\/wp-json\/wp\/v2\/naslovna?post=959387"}],"curies":[{"name":"wp","href":"https:\/\/api.w.org\/{rel}","templated":true}]}}