{"id":959356,"date":"2025-10-22T09:49:49","date_gmt":"2025-10-22T07:49:49","guid":{"rendered":"https:\/\/dmcsrb.com\/uncategorized\/pritvorenici-u-spuzu-oduzimate-nam-pravo-na-zivot-kao-i-mogucnost-za-pravicno-i-fer-sudjenje\/"},"modified":"2025-10-22T09:49:49","modified_gmt":"2025-10-22T07:49:49","slug":"pritvorenici-u-spuzu-oduzimate-nam-pravo-na-zivot-kao-i-mogucnost-za-pravicno-i-fer-sudjenje","status":"publish","type":"post","link":"https:\/\/dmcsrb.com\/en\/drustvo\/pritvorenici-u-spuzu-oduzimate-nam-pravo-na-zivot-kao-i-mogucnost-za-pravicno-i-fer-sudjenje\/","title":{"rendered":"Pritvorenici u Spu\u017eu: Oduzimate nam pravo na \u017eivot, kao i mogu\u0107nost za pravi\u010dno i fer su\u0111enje"},"content":{"rendered":"<p>Kako navode u pismu, \u0161trajk gla\u0111u vi\u0161e od 100 pritvorenika u istra\u017enom zatvoru u Spu\u017eu, zbog prenatrpanosti, izuzetno lo\u0161ih higijenskih uslova i dugih sudskih procesa, kao ni protesti njihovih porodica ispred Vi\u0161eg suda u Podgorici, nijesu dali rezulate i izostala je reakcija nadle\u017enih.<\/p>\n\n\n\n<p>Zna\u010dajan broj je odlo\u017eenih su\u0111enja, jer su u znak revolta pojedini pritvorenici opozvali punomo\u0107ja svojim izabranim braniocima. Zbog, kako ka\u017eu, takve nepodno\u0161ljive situacije, pritvorenici koji su dvije nedjelje \u0161trajkovali gla\u0111u zbog lo\u0161ih uslova u istra\u017enom zatvoru u Spu\u017eu i nepo\u0161tovanja dogovora koji je ranije bio postignut sa predsjednikom Vi\u0161eg suda i predstavnicima Ministarstva pravde, posredstvom advokata Nikole Tomkovi\u0107a, ponovo ukazuju na poni\u017eavaju\u0107i odnos institucija koje se oglu\u0161uju na njihove apele i zahtjeve, ne sprje\u010davaju\u0107i kr\u0161enje osnovnih ljudskih prava, po\u0161to je veliki broj pritvorenika mnogo du\u017ee u UIKS-u nego \u0161to je realna kazna koju mogu dobiti u slu\u010daju osude.<\/p>\n\n\n\n<p>\u201cPo\u0161to je preostalo jo\u0161 da nas strijeljaju, ne\u0107emo dozvoliti da budemo \u017ertvena jagnjad i ako nas niko ne \u010duje, jer je na snazi nasilje nad pravom, na koje sve institucije \u0107ute i podr\u017eavaju, kako bi sa\u010duvali svoje funkcije, a \u017ertvovali nas i na\u0161e porodice\u201d, ka\u017ee se u saop\u0161tenju koje su pritvorenici u istra\u017enom zatvoru u Spu\u017eu uputili javnosti posredstvom advokata Nikole Tomkovi\u0107a.<\/p>\n\n\n\n<p>Prinu\u0111eni su da otkazuju punomo\u0107ja svojim advokatima, jer je iz dosada\u0161njeg iskustva u postupcima pred crnogorskim sudovima jasno da im nisu potrebni branioci, jer nemaju nikakvu svrhu u sudnici.<\/p>\n\n\n\n<p>&#8220;Ne aludiramo na njihovo znanje, volju i pravne vje\u0161tine, ve\u0107 na stanje u crnogorskom pravosu\u0111u. Smatramo da su nam uskra\u0107ena sva elementarna prava na \u017eivot, kao i pravo na pravi\u010dno i fer su\u0111enje Zakonom zagarantovano. Pozivamo sve advokate da javno ka\u017eu \u0161ta je na snazi u Crnoj Gori i kakva je njihova uloga u sudnicama. Da li su sudovi postali servis tu\u017eila\u0161tva ne\u010dijom samovoljom ili ucjenama SDT sa Sky i vajber porukama, mi to ne znamo, ali ne\u0107emo pristati nezakonjem da se igraju sa na\u0161im \u017eivotima, isti oni koji su unazad nekoliko godina kr\u0161ili zakon. Jedino \u0161ta je uspjelo crnogorsko pravosu\u0111e jeste da rasturi mnoge porodice, napravi im pakao od \u017eivota, mnoge ostavi bez posla, razboli \u010dlanove porodica, da ne pri\u010damo kroz \u0161ta sve prolaze porodice u crnogorskom dru\u0161tvu.<br>Pravosu\u0111e se pona\u0161a kao da mi nemamo pravo na \u017eivot, a sve uz politi\u010dku podr\u0161ku subjekata koje sad ne zanimaju ni mi ni na\u0161e porodice, jer se sjete samo oko izbora kad su im potrebni glasovi, a sada znaju\u0107i na\u0161e problema, glasno \u0107ute i pod izgovorom vetinga vr\u0161e pritisak na sudove&#8221;, navode u saop\u0161tenju.<\/p>\n\n\n\n<p>Tra\u017ee po\u0161tovanje Zakona i Ustava Crne Gore, a ne samo po\u0161tovanje ,,Malte\u0161ke deklaracije\u201c, da ih puste da dostojanstveno umru.<\/p>\n\n\n\n<p>Dodaju da ministar pravde treba da obezbijedi uslove dostojne \u010dovjeka, \u0161to mu je posao, a ne da vr\u0161i pritisak i daje smjernice sudovima kako bi ispunili njegove \u017eelje.<\/p>\n\n\n\n<p>&#8220;Zakon va\u017ei samo za one koje su na vlasti, kako prije tako i sad \u2013 selektivna pravda je gora od nepravde&#8221;, saop\u0161tavaju pritvorenici Istra\u017enog zatvora u Spu\u017eu u otvorenom pismu.<\/p>","protected":false},"excerpt":{"rendered":"<p>Vi\u0161e od 100 pritvorenika u UIKS-u koji su \u0161trajkovali gla\u0111u zbog izuzetno lo\u0161ih uslova boravka i dugih sudskih procesa, jo\u0161 jednom su uputili otvoreno pismo u kojem ponovo ukazuju na poni\u017eavaju\u0107i odnos institucija koje se oglu\u0161uju o njihove apele i zahtjeve, ne sprje\u010davaju\u0107i i da im se kr\u0161e osnovna ljudska prava.<\/p>","protected":false},"author":1,"featured_media":944448,"comment_status":"open","ping_status":"open","sticky":false,"template":"","format":"standard","meta":{"_acf_changed":false,"footnotes":""},"categories":[2],"tags":[7406,3611],"naslovna":[],"class_list":["post-959356","post","type-post","status-publish","format-standard","has-post-thumbnail","hentry","category-drustvo","tag-pritvorenici","tag-spuz"],"acf":[],"yoast_head":"<!-- This site is optimized with the Yoast SEO plugin v27.0 - https:\/\/yoast.com\/product\/yoast-seo-wordpress\/ -->\n<title>Pritvorenici u Spu\u017eu: Oduzimate nam pravo na \u017eivot, kao i mogu\u0107nost za pravi\u010dno i fer su\u0111enje - dmcsrb.com<\/title>\n<meta name=\"robots\" content=\"index, follow, max-snippet:-1, max-image-preview:large, max-video-preview:-1\" \/>\n<link rel=\"canonical\" href=\"https:\/\/dmcsrb.com\/en\/drustvo\/pritvorenici-u-spuzu-oduzimate-nam-pravo-na-zivot-kao-i-mogucnost-za-pravicno-i-fer-sudjenje\/\" \/>\n<meta property=\"og:locale\" content=\"en_GB\" \/>\n<meta property=\"og:type\" content=\"article\" \/>\n<meta property=\"og:title\" content=\"Pritvorenici u Spu\u017eu: Oduzimate nam pravo na \u017eivot, kao i mogu\u0107nost za pravi\u010dno i fer su\u0111enje - dmcsrb.com\" \/>\n<meta property=\"og:description\" content=\"Vi\u0161e od 100 pritvorenika u UIKS-u koji su \u0161trajkovali gla\u0111u zbog izuzetno lo\u0161ih uslova boravka i dugih sudskih procesa, jo\u0161 jednom su uputili otvoreno pismo u kojem ponovo ukazuju na poni\u017eavaju\u0107i odnos institucija koje se oglu\u0161uju o njihove apele i zahtjeve, ne sprje\u010davaju\u0107i i da im se kr\u0161e osnovna ljudska prava.\" \/>\n<meta property=\"og:url\" content=\"https:\/\/dmcsrb.com\/en\/drustvo\/pritvorenici-u-spuzu-oduzimate-nam-pravo-na-zivot-kao-i-mogucnost-za-pravicno-i-fer-sudjenje\/\" \/>\n<meta property=\"og:site_name\" content=\"dmcsrb.com\" \/>\n<meta property=\"article:published_time\" content=\"2025-10-22T07:49:49+00:00\" \/>\n<meta property=\"og:image\" content=\"https:\/\/dmcsrb.com\/wp-content\/uploads\/2026\/01\/uiks-e1686936916964.jpg.webp\" \/>\n\t<meta property=\"og:image:width\" content=\"800\" \/>\n\t<meta property=\"og:image:height\" content=\"292\" \/>\n\t<meta property=\"og:image:type\" content=\"image\/webp\" \/>\n<meta name=\"author\" content=\"dmcsrbija.com@gmail.com\" \/>\n<meta name=\"twitter:card\" content=\"summary_large_image\" \/>\n<meta name=\"twitter:label1\" content=\"Written by\" \/>\n\t<meta name=\"twitter:data1\" content=\"dmcsrbija.com@gmail.com\" \/>\n\t<meta name=\"twitter:label2\" content=\"Estimated reading time\" \/>\n\t<meta name=\"twitter:data2\" content=\"3 minutes\" \/>\n<script type=\"application\/ld+json\" class=\"yoast-schema-graph\">{\"@context\":\"https:\/\/schema.org\",\"@graph\":[{\"@type\":\"Article\",\"@id\":\"https:\/\/dmcsrb.com\/drustvo\/pritvorenici-u-spuzu-oduzimate-nam-pravo-na-zivot-kao-i-mogucnost-za-pravicno-i-fer-sudjenje\/#article\",\"isPartOf\":{\"@id\":\"https:\/\/dmcsrb.com\/drustvo\/pritvorenici-u-spuzu-oduzimate-nam-pravo-na-zivot-kao-i-mogucnost-za-pravicno-i-fer-sudjenje\/\"},\"author\":{\"name\":\"dmcsrbija.com@gmail.com\",\"@id\":\"https:\/\/dmcsrb.com\/#\/schema\/person\/5c39170f12db1b8b457732d0b5c854e2\"},\"headline\":\"Pritvorenici u Spu\u017eu: Oduzimate nam pravo na \u017eivot, kao i mogu\u0107nost za pravi\u010dno i fer su\u0111enje\",\"datePublished\":\"2025-10-22T07:49:49+00:00\",\"mainEntityOfPage\":{\"@id\":\"https:\/\/dmcsrb.com\/drustvo\/pritvorenici-u-spuzu-oduzimate-nam-pravo-na-zivot-kao-i-mogucnost-za-pravicno-i-fer-sudjenje\/\"},\"wordCount\":585,\"commentCount\":0,\"image\":{\"@id\":\"https:\/\/dmcsrb.com\/drustvo\/pritvorenici-u-spuzu-oduzimate-nam-pravo-na-zivot-kao-i-mogucnost-za-pravicno-i-fer-sudjenje\/#primaryimage\"},\"thumbnailUrl\":\"https:\/\/dmcsrb.com\/wp-content\/uploads\/2026\/01\/uiks-e1686936916964.jpg.webp\",\"keywords\":[\"pritvorenici\",\"Spu\u017e\"],\"articleSection\":[\"Dru\u0161tvo\"],\"inLanguage\":\"en-GB\",\"potentialAction\":[{\"@type\":\"CommentAction\",\"name\":\"Comment\",\"target\":[\"https:\/\/dmcsrb.com\/drustvo\/pritvorenici-u-spuzu-oduzimate-nam-pravo-na-zivot-kao-i-mogucnost-za-pravicno-i-fer-sudjenje\/#respond\"]}]},{\"@type\":\"WebPage\",\"@id\":\"https:\/\/dmcsrb.com\/drustvo\/pritvorenici-u-spuzu-oduzimate-nam-pravo-na-zivot-kao-i-mogucnost-za-pravicno-i-fer-sudjenje\/\",\"url\":\"https:\/\/dmcsrb.com\/drustvo\/pritvorenici-u-spuzu-oduzimate-nam-pravo-na-zivot-kao-i-mogucnost-za-pravicno-i-fer-sudjenje\/\",\"name\":\"Pritvorenici u Spu\u017eu: Oduzimate nam pravo na \u017eivot, kao i mogu\u0107nost za pravi\u010dno i fer su\u0111enje - dmcsrb.com\",\"isPartOf\":{\"@id\":\"https:\/\/dmcsrb.com\/#website\"},\"primaryImageOfPage\":{\"@id\":\"https:\/\/dmcsrb.com\/drustvo\/pritvorenici-u-spuzu-oduzimate-nam-pravo-na-zivot-kao-i-mogucnost-za-pravicno-i-fer-sudjenje\/#primaryimage\"},\"image\":{\"@id\":\"https:\/\/dmcsrb.com\/drustvo\/pritvorenici-u-spuzu-oduzimate-nam-pravo-na-zivot-kao-i-mogucnost-za-pravicno-i-fer-sudjenje\/#primaryimage\"},\"thumbnailUrl\":\"https:\/\/dmcsrb.com\/wp-content\/uploads\/2026\/01\/uiks-e1686936916964.jpg.webp\",\"datePublished\":\"2025-10-22T07:49:49+00:00\",\"author\":{\"@id\":\"https:\/\/dmcsrb.com\/#\/schema\/person\/5c39170f12db1b8b457732d0b5c854e2\"},\"breadcrumb\":{\"@id\":\"https:\/\/dmcsrb.com\/drustvo\/pritvorenici-u-spuzu-oduzimate-nam-pravo-na-zivot-kao-i-mogucnost-za-pravicno-i-fer-sudjenje\/#breadcrumb\"},\"inLanguage\":\"en-GB\",\"potentialAction\":[{\"@type\":\"ReadAction\",\"target\":[\"https:\/\/dmcsrb.com\/drustvo\/pritvorenici-u-spuzu-oduzimate-nam-pravo-na-zivot-kao-i-mogucnost-za-pravicno-i-fer-sudjenje\/\"]}]},{\"@type\":\"ImageObject\",\"inLanguage\":\"en-GB\",\"@id\":\"https:\/\/dmcsrb.com\/drustvo\/pritvorenici-u-spuzu-oduzimate-nam-pravo-na-zivot-kao-i-mogucnost-za-pravicno-i-fer-sudjenje\/#primaryimage\",\"url\":\"https:\/\/dmcsrb.com\/wp-content\/uploads\/2026\/01\/uiks-e1686936916964.jpg.webp\",\"contentUrl\":\"https:\/\/dmcsrb.com\/wp-content\/uploads\/2026\/01\/uiks-e1686936916964.jpg.webp\",\"width\":800,\"height\":292},{\"@type\":\"BreadcrumbList\",\"@id\":\"https:\/\/dmcsrb.com\/drustvo\/pritvorenici-u-spuzu-oduzimate-nam-pravo-na-zivot-kao-i-mogucnost-za-pravicno-i-fer-sudjenje\/#breadcrumb\",\"itemListElement\":[{\"@type\":\"ListItem\",\"position\":1,\"name\":\"Home\",\"item\":\"https:\/\/dmcsrb.com\/\"},{\"@type\":\"ListItem\",\"position\":2,\"name\":\"Pritvorenici u Spu\u017eu: Oduzimate nam pravo na \u017eivot, kao i mogu\u0107nost za pravi\u010dno i fer su\u0111enje\"}]},{\"@type\":\"WebSite\",\"@id\":\"https:\/\/dmcsrb.com\/#website\",\"url\":\"https:\/\/dmcsrb.com\/\",\"name\":\"dmcsrb.com\",\"description\":\"\",\"potentialAction\":[{\"@type\":\"SearchAction\",\"target\":{\"@type\":\"EntryPoint\",\"urlTemplate\":\"https:\/\/dmcsrb.com\/?s={search_term_string}\"},\"query-input\":{\"@type\":\"PropertyValueSpecification\",\"valueRequired\":true,\"valueName\":\"search_term_string\"}}],\"inLanguage\":\"en-GB\"},{\"@type\":\"Person\",\"@id\":\"https:\/\/dmcsrb.com\/#\/schema\/person\/5c39170f12db1b8b457732d0b5c854e2\",\"name\":\"dmcsrbija.com@gmail.com\",\"image\":{\"@type\":\"ImageObject\",\"inLanguage\":\"en-GB\",\"@id\":\"https:\/\/dmcsrb.com\/#\/schema\/person\/image\/\",\"url\":\"https:\/\/secure.gravatar.com\/avatar\/68592660ad6347fad0fb587f8d5d8f1a7b44961362f56e4f2cd524feb87e9069?s=96&d=mm&r=g\",\"contentUrl\":\"https:\/\/secure.gravatar.com\/avatar\/68592660ad6347fad0fb587f8d5d8f1a7b44961362f56e4f2cd524feb87e9069?s=96&d=mm&r=g\",\"caption\":\"dmcsrbija.com@gmail.com\"},\"sameAs\":[\"https:\/\/dmcsrb.com\"],\"url\":\"https:\/\/dmcsrb.com\/en\/author\/dmcsrbija-comgmail-com\/\"}]}<\/script>\n<!-- \/ Yoast SEO plugin. -->","yoast_head_json":{"title":"Pritvorenici u Spu\u017eu: Oduzimate nam pravo na \u017eivot, kao i mogu\u0107nost za pravi\u010dno i fer su\u0111enje - dmcsrb.com","robots":{"index":"index","follow":"follow","max-snippet":"max-snippet:-1","max-image-preview":"max-image-preview:large","max-video-preview":"max-video-preview:-1"},"canonical":"https:\/\/dmcsrb.com\/en\/drustvo\/pritvorenici-u-spuzu-oduzimate-nam-pravo-na-zivot-kao-i-mogucnost-za-pravicno-i-fer-sudjenje\/","og_locale":"en_GB","og_type":"article","og_title":"Pritvorenici u Spu\u017eu: Oduzimate nam pravo na \u017eivot, kao i mogu\u0107nost za pravi\u010dno i fer su\u0111enje - dmcsrb.com","og_description":"Vi\u0161e od 100 pritvorenika u UIKS-u koji su \u0161trajkovali gla\u0111u zbog izuzetno lo\u0161ih uslova boravka i dugih sudskih procesa, jo\u0161 jednom su uputili otvoreno pismo u kojem ponovo ukazuju na poni\u017eavaju\u0107i odnos institucija koje se oglu\u0161uju o njihove apele i zahtjeve, ne sprje\u010davaju\u0107i i da im se kr\u0161e osnovna ljudska prava.","og_url":"https:\/\/dmcsrb.com\/en\/drustvo\/pritvorenici-u-spuzu-oduzimate-nam-pravo-na-zivot-kao-i-mogucnost-za-pravicno-i-fer-sudjenje\/","og_site_name":"dmcsrb.com","article_published_time":"2025-10-22T07:49:49+00:00","og_image":[{"width":800,"height":292,"url":"https:\/\/dmcsrb.com\/wp-content\/uploads\/2026\/01\/uiks-e1686936916964.jpg.webp","type":"image\/webp"}],"author":"dmcsrbija.com@gmail.com","twitter_card":"summary_large_image","twitter_misc":{"Written by":"dmcsrbija.com@gmail.com","Estimated reading time":"3 minutes"},"schema":{"@context":"https:\/\/schema.org","@graph":[{"@type":"Article","@id":"https:\/\/dmcsrb.com\/drustvo\/pritvorenici-u-spuzu-oduzimate-nam-pravo-na-zivot-kao-i-mogucnost-za-pravicno-i-fer-sudjenje\/#article","isPartOf":{"@id":"https:\/\/dmcsrb.com\/drustvo\/pritvorenici-u-spuzu-oduzimate-nam-pravo-na-zivot-kao-i-mogucnost-za-pravicno-i-fer-sudjenje\/"},"author":{"name":"dmcsrbija.com@gmail.com","@id":"https:\/\/dmcsrb.com\/#\/schema\/person\/5c39170f12db1b8b457732d0b5c854e2"},"headline":"Pritvorenici u Spu\u017eu: Oduzimate nam pravo na \u017eivot, kao i mogu\u0107nost za pravi\u010dno i fer su\u0111enje","datePublished":"2025-10-22T07:49:49+00:00","mainEntityOfPage":{"@id":"https:\/\/dmcsrb.com\/drustvo\/pritvorenici-u-spuzu-oduzimate-nam-pravo-na-zivot-kao-i-mogucnost-za-pravicno-i-fer-sudjenje\/"},"wordCount":585,"commentCount":0,"image":{"@id":"https:\/\/dmcsrb.com\/drustvo\/pritvorenici-u-spuzu-oduzimate-nam-pravo-na-zivot-kao-i-mogucnost-za-pravicno-i-fer-sudjenje\/#primaryimage"},"thumbnailUrl":"https:\/\/dmcsrb.com\/wp-content\/uploads\/2026\/01\/uiks-e1686936916964.jpg.webp","keywords":["pritvorenici","Spu\u017e"],"articleSection":["Dru\u0161tvo"],"inLanguage":"en-GB","potentialAction":[{"@type":"CommentAction","name":"Comment","target":["https:\/\/dmcsrb.com\/drustvo\/pritvorenici-u-spuzu-oduzimate-nam-pravo-na-zivot-kao-i-mogucnost-za-pravicno-i-fer-sudjenje\/#respond"]}]},{"@type":"WebPage","@id":"https:\/\/dmcsrb.com\/drustvo\/pritvorenici-u-spuzu-oduzimate-nam-pravo-na-zivot-kao-i-mogucnost-za-pravicno-i-fer-sudjenje\/","url":"https:\/\/dmcsrb.com\/drustvo\/pritvorenici-u-spuzu-oduzimate-nam-pravo-na-zivot-kao-i-mogucnost-za-pravicno-i-fer-sudjenje\/","name":"Pritvorenici u Spu\u017eu: Oduzimate nam pravo na \u017eivot, kao i mogu\u0107nost za pravi\u010dno i fer su\u0111enje - dmcsrb.com","isPartOf":{"@id":"https:\/\/dmcsrb.com\/#website"},"primaryImageOfPage":{"@id":"https:\/\/dmcsrb.com\/drustvo\/pritvorenici-u-spuzu-oduzimate-nam-pravo-na-zivot-kao-i-mogucnost-za-pravicno-i-fer-sudjenje\/#primaryimage"},"image":{"@id":"https:\/\/dmcsrb.com\/drustvo\/pritvorenici-u-spuzu-oduzimate-nam-pravo-na-zivot-kao-i-mogucnost-za-pravicno-i-fer-sudjenje\/#primaryimage"},"thumbnailUrl":"https:\/\/dmcsrb.com\/wp-content\/uploads\/2026\/01\/uiks-e1686936916964.jpg.webp","datePublished":"2025-10-22T07:49:49+00:00","author":{"@id":"https:\/\/dmcsrb.com\/#\/schema\/person\/5c39170f12db1b8b457732d0b5c854e2"},"breadcrumb":{"@id":"https:\/\/dmcsrb.com\/drustvo\/pritvorenici-u-spuzu-oduzimate-nam-pravo-na-zivot-kao-i-mogucnost-za-pravicno-i-fer-sudjenje\/#breadcrumb"},"inLanguage":"en-GB","potentialAction":[{"@type":"ReadAction","target":["https:\/\/dmcsrb.com\/drustvo\/pritvorenici-u-spuzu-oduzimate-nam-pravo-na-zivot-kao-i-mogucnost-za-pravicno-i-fer-sudjenje\/"]}]},{"@type":"ImageObject","inLanguage":"en-GB","@id":"https:\/\/dmcsrb.com\/drustvo\/pritvorenici-u-spuzu-oduzimate-nam-pravo-na-zivot-kao-i-mogucnost-za-pravicno-i-fer-sudjenje\/#primaryimage","url":"https:\/\/dmcsrb.com\/wp-content\/uploads\/2026\/01\/uiks-e1686936916964.jpg.webp","contentUrl":"https:\/\/dmcsrb.com\/wp-content\/uploads\/2026\/01\/uiks-e1686936916964.jpg.webp","width":800,"height":292},{"@type":"BreadcrumbList","@id":"https:\/\/dmcsrb.com\/drustvo\/pritvorenici-u-spuzu-oduzimate-nam-pravo-na-zivot-kao-i-mogucnost-za-pravicno-i-fer-sudjenje\/#breadcrumb","itemListElement":[{"@type":"ListItem","position":1,"name":"Home","item":"https:\/\/dmcsrb.com\/"},{"@type":"ListItem","position":2,"name":"Pritvorenici u Spu\u017eu: Oduzimate nam pravo na \u017eivot, kao i mogu\u0107nost za pravi\u010dno i fer su\u0111enje"}]},{"@type":"WebSite","@id":"https:\/\/dmcsrb.com\/#website","url":"https:\/\/dmcsrb.com\/","name":"dmcsrb.com","description":"","potentialAction":[{"@type":"SearchAction","target":{"@type":"EntryPoint","urlTemplate":"https:\/\/dmcsrb.com\/?s={search_term_string}"},"query-input":{"@type":"PropertyValueSpecification","valueRequired":true,"valueName":"search_term_string"}}],"inLanguage":"en-GB"},{"@type":"Person","@id":"https:\/\/dmcsrb.com\/#\/schema\/person\/5c39170f12db1b8b457732d0b5c854e2","name":"dmcsrbija.com@gmail.com","image":{"@type":"ImageObject","inLanguage":"en-GB","@id":"https:\/\/dmcsrb.com\/#\/schema\/person\/image\/","url":"https:\/\/secure.gravatar.com\/avatar\/68592660ad6347fad0fb587f8d5d8f1a7b44961362f56e4f2cd524feb87e9069?s=96&d=mm&r=g","contentUrl":"https:\/\/secure.gravatar.com\/avatar\/68592660ad6347fad0fb587f8d5d8f1a7b44961362f56e4f2cd524feb87e9069?s=96&d=mm&r=g","caption":"dmcsrbija.com@gmail.com"},"sameAs":["https:\/\/dmcsrb.com"],"url":"https:\/\/dmcsrb.com\/en\/author\/dmcsrbija-comgmail-com\/"}]}},"_links":{"self":[{"href":"https:\/\/dmcsrb.com\/en\/wp-json\/wp\/v2\/posts\/959356","targetHints":{"allow":["GET"]}}],"collection":[{"href":"https:\/\/dmcsrb.com\/en\/wp-json\/wp\/v2\/posts"}],"about":[{"href":"https:\/\/dmcsrb.com\/en\/wp-json\/wp\/v2\/types\/post"}],"author":[{"embeddable":true,"href":"https:\/\/dmcsrb.com\/en\/wp-json\/wp\/v2\/users\/1"}],"replies":[{"embeddable":true,"href":"https:\/\/dmcsrb.com\/en\/wp-json\/wp\/v2\/comments?post=959356"}],"version-history":[{"count":0,"href":"https:\/\/dmcsrb.com\/en\/wp-json\/wp\/v2\/posts\/959356\/revisions"}],"wp:featuredmedia":[{"embeddable":true,"href":"https:\/\/dmcsrb.com\/en\/wp-json\/wp\/v2\/media\/944448"}],"wp:attachment":[{"href":"https:\/\/dmcsrb.com\/en\/wp-json\/wp\/v2\/media?parent=959356"}],"wp:term":[{"taxonomy":"category","embeddable":true,"href":"https:\/\/dmcsrb.com\/en\/wp-json\/wp\/v2\/categories?post=959356"},{"taxonomy":"post_tag","embeddable":true,"href":"https:\/\/dmcsrb.com\/en\/wp-json\/wp\/v2\/tags?post=959356"},{"taxonomy":"naslovna","embeddable":true,"href":"https:\/\/dmcsrb.com\/en\/wp-json\/wp\/v2\/naslovna?post=959356"}],"curies":[{"name":"wp","href":"https:\/\/api.w.org\/{rel}","templated":true}]}}