{"id":959333,"date":"2025-10-22T10:06:00","date_gmt":"2025-10-22T08:06:00","guid":{"rendered":"https:\/\/dmcsrb.com\/uncategorized\/kos-laz-je-da-ce-srbiji-biti-onemogucen-transfer-ruskog-gasa\/"},"modified":"2025-10-22T10:06:00","modified_gmt":"2025-10-22T08:06:00","slug":"kos-laz-je-da-ce-srbiji-biti-onemogucen-transfer-ruskog-gasa","status":"publish","type":"post","link":"https:\/\/dmcsrb.com\/en\/region\/kos-laz-je-da-ce-srbiji-biti-onemogucen-transfer-ruskog-gasa\/","title":{"rendered":"Kos: La\u017e je da \u0107e Srbiji biti onemogu\u0107en transfer ruskog gasa"},"content":{"rendered":"<p><\/p>\n\n\n\n<p>Kako je navela, odluka Savjeta Evropske unije (EU) koja treba da zabrani uvoz ruskog gasa, \u0161to se odnosi i na tranzit tog energenta kroz EU, ne implicira da \u0107e dr\u017eave \u010dlanice prekinuti transfer tre\u0107im zeljama poput Srbije.<\/p>\n\n\n\n<p>\u201cEvropska unija ne prekida snabdijevanje Srbije. To su la\u017ei. Umjesto toga, EU pod\u017eava Srbiju da diverzifikuje sve izvore snabdijevanja i da se integri\u0161e u energetske mre\u017ee EU\u201d, navela je.<\/p>\n\n\n\n<p>Kos je ocijenila i da su bliski odnosi Srbije sa Moskvom i Pekingom, pra\u0107eni neprijateljskom retorikom prema Evropskoj uniji (EU), suprotni evropskim vrijednostima i standardima.<\/p>\n\n\n\n<p>Prema njenim rije\u010dima, Brisel o\u010dekuje od Srbije da napravi strate\u0161ki izbor, kao i konkretne korake u demokratskim na\u010delima i reformama.<\/p>\n\n\n\n<p>\u201cSada je trenutak da vlasti prika\u017eu posve\u0107enost Srbije njenom putu ka EU \u2013 rije\u010dima i djelima\u201d, zaklju\u010dila je.<\/p>\n\n\n\n<p>Kos se obratila evroparlamentarcima 21. oktobra, u dijelu debate o rezoluciji o Srbiji.<\/p>\n\n\n\n<p>Fokus dokumenta je stanje u Srbiji godinu dana nakon nesre\u0107e 1. novembra 2024, kada je u padu nadstre\u0161nice \u017deljezni\u010dke stanice u Novom Sadu poginulo 16, a jedna osoba te\u0161ko povrije\u0111ena.<\/p>\n\n\n\n<p>Pad nadstre\u0161nice je pokrenuo talas masovnih protesta, sa zahtjevom da se utvrdi odgovornost vlasti, dok predstavnici vlasti odbacuju krivicu za nesre\u0107u.<\/p>\n\n\n\n<p>Evropska komesarka Marta Kos je u uvodnom obra\u0107anju navela da EU o\u010dekuje da \u0107e policijsko djelovanje i postupanje na protestima biti srazmjerno, i da \u0107e se po\u0161tovati fundamentalna gra\u0111anska prava.<\/p>\n\n\n\n<p>\u201cPrioritetno je da se istra\u017ee svi navodi o prekomjernoj upotrebi sile\u201d, dodala je.<\/p>\n\n\n\n<p>Kako je rekla, Brisel osu\u0111uje svaki \u010din mr\u017enje, vandalizma ili nasilja na protestima i poziva sve strane na smanjenje tenzija.<\/p>\n\n\n\n<p>\u201cMi od kandidata za \u010dlanstvo u EU o\u010dekujemo da po\u0161tuje sve vrijednosti koje su na\u0161 temelj \u2013 po\u0161tovanje ljudskog dostojanstva, slobode, demokratije, vladavine prava\u201d, ocijenila je.<\/p>\n\n\n\n<p>Dodala je i da Srbija treba da se pridr\u017eava slobode okupljanja, slobode medija i akademskih sloboda.<\/p>\n\n\n\n<p>U predlogu rezolucije Evropskog parlamenta (EP) o Srbiji, evropski poslanici podr\u017eavaju pravo studenata i gra\u0111ana na mirne proteste, najo\u0161trije osu\u0111uju talas nasilja sponzorisanog od strane dr\u017eave, zastra\u0161ivanja i neselektivna hap\u0161enja.<\/p>\n\n\n\n<p>U dokumentu, objavljenom na sajtu Evropskog parlamenta, smatra se da je srpsko rukovodstvo politi\u010dki odgovorno za eskalaciju represije, normalizaciju nasilja i slabljenje demokratskih institucija u zemlji.<\/p>\n\n\n\n<p><strong>Picula: \u2018Vlast u Srbiji iznevjerila gra\u0111ane\u2019<\/strong><\/p>\n\n\n\n<p>Izvjestilac Evropskog parlamenta za Srbiju&nbsp;<strong>Tonino Picula<\/strong>&nbsp;izjavio je tokom debate da rezolucija nije napad na Srbiju.<\/p>\n\n\n\n<p>Ocijenio je i da Evropa nije iznevjerila Srbiju, ve\u0107 da je vlast u Srbiji iznevjerila svoje gra\u0111ane.<\/p>\n\n\n\n<p>\u201cTragedija u Novom Sadu pokazuje da korupcija nije obi\u010dan kriminal, korupcija uni\u0161tava institucije i odnosi \u017eivote\u201d, naveo je.<\/p>\n\n\n\n<p>\u201cOva nesre\u0107a reflektuje neke od klju\u010dnih strukturnih problema u Srbiji \u2013 netransparentnu uklju\u010denost stranih aktera u projekat, izostanak kontrola koje bi omogu\u0107ile kori\u0161\u0107enje objekta jer sigurnosni standardi nisu ispo\u0161tovani, ometanje istrage i nezavisnosti pravosu\u0111a nakon tragedije, te represiju prema gra\u0111anima koji \u017eele odgovornost i promjene\u201d, ocijenio je izvjestilac za Srbiju.<\/p>\n\n\n\n<p>Glasanje Evropskog parlamenta o rezoluciji o\u010dekuje se 22. oktobra.<\/p>\n\n\n\n<p><strong>\u0160ta ka\u017eu evroparlamentarci?<\/strong><\/p>\n\n\n\n<p>Tokom debate, o rezoluciji o Srbiji govorili su poslanici iz razli\u010ditih grupacija Evropskog parlamenta.<\/p>\n\n\n\n<p>Evroposlanik iz redova Zelenih<strong>&nbsp;Vladimir Prebili\u010d<\/strong>&nbsp;je ocijenio da je na primjeru Novog Sada vi\u0161e nego o\u010digledno da korupcija ubija.<\/p>\n\n\n\n<p>\u201c\u0160esnaest \u017eivota je izgubljeno jer je neko pronevjerio novac\u2026 Zala\u017eemo se za o\u0161triji ton EU, moramo da po\u0161aljemo posmatra\u010dku misiju u Srbiju i da poru\u010dimo da nema eura iz EU dok se ne uspostavi Savjet REM, ne napravi bira\u010dki spisak i ne okon\u010da zastra\u0161ivanje medija\u201d, poru\u010dio je on.<\/p>\n\n\n\n<p>Europoslanica&nbsp;<strong>Irena Joveva<\/strong>&nbsp;iz grupe Renew je, pored ostalog, pozvala na ciljane sankcije EU protiv odgovornih.<\/p>\n\n\n\n<p>\u201cOni koji naru\u010duju premla\u0107ivanja (demonstanata), premla\u0107ene nazivaju nacistima i izmi\u0161ljaju la\u017ene studente, \u0107acije\u201d, ocijenila je.<\/p>\n\n\n\n<p><strong>Ivajlo Val\u010dev<\/strong>&nbsp;iz Evropskih konzervativaca i reformista je podsjetio da je Unija zasnovana na demokratiji, vladavini prava i osnovnim pravima.<\/p>\n\n\n\n<p>\u201cVu\u010di\u0107ev re\u017eim se nije usaglasio sa tim vednostima\u201d, ocijenio je.<\/p>\n\n\n\n<p><strong>Toma\u0161 Frojlih<\/strong>, europoslanik iz redova desni\u010darske grupacije ESN, ocijenio je da se legitimni protesti protiv re\u017eima u Srbiji koriste u geopoliti\u010dke svrhe.<\/p>\n\n\n\n<p>\u201cSrbija je pragmati\u010dna u vezi sa Rusijom i Kinom, to je u rukama Srbije, ona je suverena i ponosna zemlja koja ne \u017eeli va\u0161e snishodljivo pona\u0161anje\u201d, naveo je on.<\/p>\n\n\n\n<p><strong>Andrej Kova\u010dev<\/strong>&nbsp;iz Evropske narodne partije je naveo da je Srbija \u201cna raskrsnici\u201d.<\/p>\n\n\n\n<p>Ocijenio je i da vlast \u201cpoku\u0161ava da balansira izme\u0111u Rusije, Kine i EU i time potkopava nade za evropskom budu\u0107nosti zemlje\u201d.<\/p>\n\n\n\n<p>On je poru\u010dio da izra\u017eava solidarnost sa studentima koji mirno protestuju kako bi odbranili dostojanstvo, demokratiju i budu\u0107nost i naveo da \u017eeli da se jasno distancira od \u201cproruskih nacionalisti\u010dkih protesta punih nasilja\u201d.<\/p>\n\n\n\n<p>Poslanik u Evropskom parlamentu&nbsp;<strong>Tajs Rojten<\/strong>&nbsp;poru\u010dio je da Evropska unija treba da podr\u017ei razumne zahtjeve onih koji u Srbiji tra\u017ee demokratiju, transparentnost i pravdu.<\/p>\n\n\n\n<p>\u201cOvo nije vlada koja prati put ka EU\u201d, ocijenio je Rojten.<\/p>\n\n\n\n<p><strong>\u0160ta pi\u0161e u rezoluciji Evropskog parlamenta?<\/strong><\/p>\n\n\n\n<p>Rezolucija Evropskog parlamenta nosi naziv \u201cO polarizaciji i pove\u0107anoj represiji u Srbiji, godinu dana nakon novosadske tragedije\u201d.<\/p>\n\n\n\n<p>U njoj se ponavlja zahtev za potpunom i transparentnom istragom i sudskim postupkom, kako bi se odgovorni za pad nadstre\u0161nice priveli pravdi.<\/p>\n\n\n\n<p>Osu\u0111uje se otvoreno mije\u0161anje Ruske Federacije u proteste u Srbiji kroz dezinformacije ruskih zvani\u010dnika, uklju\u010duju\u0107i<strong>&nbsp;Vladimira Putina<\/strong>, u kojima se govori o \u201cobojenoj revoluciji\u201d uz podr\u0161ku Zapada.<\/p>\n\n\n\n<p>Srpske vlasti se pozivaju da \u201cpreduzmu mjere protiv takve maligne propagande u doma\u0107im medijima, umjesto \u0161to u\u010destvuju u njenom \u0161irenju\u201d.<\/p>\n\n\n\n<p>Europoslanici u rezoluciji podr\u017eavaju raspore\u0111ivanje ad hoc misije za procjenu stanja demokratije, uz u\u010de\u0161\u0107e Evropskog parlamenta.<\/p>\n\n\n\n<p>Evropska komisija se poziva da pokrene inicijativu za ciljane pojedina\u010dne sankcije protiv odgovornih za te\u0161ka kr\u0161enja zakona i ljudskih prava u Srbiji.<\/p>\n\n\n\n<p><\/p>","protected":false},"excerpt":{"rendered":"<p>La\u017e je da \u0107e Srbiji biti onemogu\u0107en transfer ruskog gasa, izjavila je evropska komesarka za pro\u0161irenje\u00a0Marta Kos\u00a0u obra\u0107anju pred Evropskim parlamentom (EP), prenosi RSE.<\/p>","protected":false},"author":1,"featured_media":914359,"comment_status":"open","ping_status":"open","sticky":false,"template":"","format":"standard","meta":{"_acf_changed":false,"footnotes":""},"categories":[103],"tags":[2815,22],"naslovna":[],"class_list":["post-959333","post","type-post","status-publish","format-standard","has-post-thumbnail","hentry","category-region","tag-marta-kos","tag-srbija"],"acf":[],"yoast_head":"<!-- This site is optimized with the Yoast SEO plugin v27.4 - https:\/\/yoast.com\/product\/yoast-seo-wordpress\/ -->\n<title>Kos: La\u017e je da \u0107e Srbiji biti onemogu\u0107en transfer ruskog gasa - dmcsrb.com<\/title>\n<meta name=\"robots\" content=\"index, follow, max-snippet:-1, max-image-preview:large, max-video-preview:-1\" \/>\n<link rel=\"canonical\" href=\"https:\/\/dmcsrb.com\/en\/region\/kos-laz-je-da-ce-srbiji-biti-onemogucen-transfer-ruskog-gasa\/\" \/>\n<meta property=\"og:locale\" content=\"en_GB\" \/>\n<meta property=\"og:type\" content=\"article\" \/>\n<meta property=\"og:title\" content=\"Kos: La\u017e je da \u0107e Srbiji biti onemogu\u0107en transfer ruskog gasa - dmcsrb.com\" \/>\n<meta property=\"og:description\" content=\"La\u017e je da \u0107e Srbiji biti onemogu\u0107en transfer ruskog gasa, izjavila je evropska komesarka za pro\u0161irenje\u00a0Marta Kos\u00a0u obra\u0107anju pred Evropskim parlamentom (EP), prenosi RSE.\" \/>\n<meta property=\"og:url\" content=\"https:\/\/dmcsrb.com\/en\/region\/kos-laz-je-da-ce-srbiji-biti-onemogucen-transfer-ruskog-gasa\/\" \/>\n<meta property=\"og:site_name\" content=\"dmcsrb.com\" \/>\n<meta property=\"article:published_time\" content=\"2025-10-22T08:06:00+00:00\" \/>\n<meta property=\"og:image\" content=\"https:\/\/dmcsrb.com\/wp-content\/uploads\/2026\/01\/Marta-Kos-evropska-komesarka-foto-Vlada-CG.jpg\" \/>\n\t<meta property=\"og:image:width\" content=\"1014\" \/>\n\t<meta property=\"og:image:height\" content=\"670\" \/>\n\t<meta property=\"og:image:type\" content=\"image\/jpeg\" \/>\n<meta name=\"author\" content=\"dmcsrbija.com@gmail.com\" \/>\n<meta name=\"twitter:card\" content=\"summary_large_image\" \/>\n<meta name=\"twitter:label1\" content=\"Written by\" \/>\n\t<meta name=\"twitter:data1\" content=\"dmcsrbija.com@gmail.com\" \/>\n\t<meta name=\"twitter:label2\" content=\"Estimated reading time\" \/>\n\t<meta name=\"twitter:data2\" content=\"5 minutes\" \/>\n<script type=\"application\/ld+json\" class=\"yoast-schema-graph\">{\"@context\":\"https:\\\/\\\/schema.org\",\"@graph\":[{\"@type\":\"Article\",\"@id\":\"https:\\\/\\\/dmcsrb.com\\\/region\\\/kos-laz-je-da-ce-srbiji-biti-onemogucen-transfer-ruskog-gasa\\\/#article\",\"isPartOf\":{\"@id\":\"https:\\\/\\\/dmcsrb.com\\\/region\\\/kos-laz-je-da-ce-srbiji-biti-onemogucen-transfer-ruskog-gasa\\\/\"},\"author\":{\"name\":\"dmcsrbija.com@gmail.com\",\"@id\":\"https:\\\/\\\/dmcsrb.com\\\/#\\\/schema\\\/person\\\/5c39170f12db1b8b457732d0b5c854e2\"},\"headline\":\"Kos: La\u017e je da \u0107e Srbiji biti onemogu\u0107en transfer ruskog gasa\",\"datePublished\":\"2025-10-22T08:06:00+00:00\",\"mainEntityOfPage\":{\"@id\":\"https:\\\/\\\/dmcsrb.com\\\/region\\\/kos-laz-je-da-ce-srbiji-biti-onemogucen-transfer-ruskog-gasa\\\/\"},\"wordCount\":1026,\"commentCount\":0,\"image\":{\"@id\":\"https:\\\/\\\/dmcsrb.com\\\/region\\\/kos-laz-je-da-ce-srbiji-biti-onemogucen-transfer-ruskog-gasa\\\/#primaryimage\"},\"thumbnailUrl\":\"https:\\\/\\\/dmcsrb.com\\\/wp-content\\\/uploads\\\/2026\\\/01\\\/Marta-Kos-evropska-komesarka-foto-Vlada-CG.jpg\",\"keywords\":[\"Marta Kos\",\"Srbija\"],\"articleSection\":[\"Region\"],\"inLanguage\":\"en-GB\",\"potentialAction\":[{\"@type\":\"CommentAction\",\"name\":\"Comment\",\"target\":[\"https:\\\/\\\/dmcsrb.com\\\/region\\\/kos-laz-je-da-ce-srbiji-biti-onemogucen-transfer-ruskog-gasa\\\/#respond\"]}]},{\"@type\":\"WebPage\",\"@id\":\"https:\\\/\\\/dmcsrb.com\\\/region\\\/kos-laz-je-da-ce-srbiji-biti-onemogucen-transfer-ruskog-gasa\\\/\",\"url\":\"https:\\\/\\\/dmcsrb.com\\\/region\\\/kos-laz-je-da-ce-srbiji-biti-onemogucen-transfer-ruskog-gasa\\\/\",\"name\":\"Kos: La\u017e je da \u0107e Srbiji biti onemogu\u0107en transfer ruskog gasa - dmcsrb.com\",\"isPartOf\":{\"@id\":\"https:\\\/\\\/dmcsrb.com\\\/#website\"},\"primaryImageOfPage\":{\"@id\":\"https:\\\/\\\/dmcsrb.com\\\/region\\\/kos-laz-je-da-ce-srbiji-biti-onemogucen-transfer-ruskog-gasa\\\/#primaryimage\"},\"image\":{\"@id\":\"https:\\\/\\\/dmcsrb.com\\\/region\\\/kos-laz-je-da-ce-srbiji-biti-onemogucen-transfer-ruskog-gasa\\\/#primaryimage\"},\"thumbnailUrl\":\"https:\\\/\\\/dmcsrb.com\\\/wp-content\\\/uploads\\\/2026\\\/01\\\/Marta-Kos-evropska-komesarka-foto-Vlada-CG.jpg\",\"datePublished\":\"2025-10-22T08:06:00+00:00\",\"author\":{\"@id\":\"https:\\\/\\\/dmcsrb.com\\\/#\\\/schema\\\/person\\\/5c39170f12db1b8b457732d0b5c854e2\"},\"breadcrumb\":{\"@id\":\"https:\\\/\\\/dmcsrb.com\\\/region\\\/kos-laz-je-da-ce-srbiji-biti-onemogucen-transfer-ruskog-gasa\\\/#breadcrumb\"},\"inLanguage\":\"en-GB\",\"potentialAction\":[{\"@type\":\"ReadAction\",\"target\":[\"https:\\\/\\\/dmcsrb.com\\\/region\\\/kos-laz-je-da-ce-srbiji-biti-onemogucen-transfer-ruskog-gasa\\\/\"]}]},{\"@type\":\"ImageObject\",\"inLanguage\":\"en-GB\",\"@id\":\"https:\\\/\\\/dmcsrb.com\\\/region\\\/kos-laz-je-da-ce-srbiji-biti-onemogucen-transfer-ruskog-gasa\\\/#primaryimage\",\"url\":\"https:\\\/\\\/dmcsrb.com\\\/wp-content\\\/uploads\\\/2026\\\/01\\\/Marta-Kos-evropska-komesarka-foto-Vlada-CG.jpg\",\"contentUrl\":\"https:\\\/\\\/dmcsrb.com\\\/wp-content\\\/uploads\\\/2026\\\/01\\\/Marta-Kos-evropska-komesarka-foto-Vlada-CG.jpg\",\"width\":1014,\"height\":670},{\"@type\":\"BreadcrumbList\",\"@id\":\"https:\\\/\\\/dmcsrb.com\\\/region\\\/kos-laz-je-da-ce-srbiji-biti-onemogucen-transfer-ruskog-gasa\\\/#breadcrumb\",\"itemListElement\":[{\"@type\":\"ListItem\",\"position\":1,\"name\":\"Home\",\"item\":\"https:\\\/\\\/dmcsrb.com\\\/\"},{\"@type\":\"ListItem\",\"position\":2,\"name\":\"Kos: La\u017e je da \u0107e Srbiji biti onemogu\u0107en transfer ruskog gasa\"}]},{\"@type\":\"WebSite\",\"@id\":\"https:\\\/\\\/dmcsrb.com\\\/#website\",\"url\":\"https:\\\/\\\/dmcsrb.com\\\/\",\"name\":\"dmcsrb.com\",\"description\":\"\",\"potentialAction\":[{\"@type\":\"SearchAction\",\"target\":{\"@type\":\"EntryPoint\",\"urlTemplate\":\"https:\\\/\\\/dmcsrb.com\\\/?s={search_term_string}\"},\"query-input\":{\"@type\":\"PropertyValueSpecification\",\"valueRequired\":true,\"valueName\":\"search_term_string\"}}],\"inLanguage\":\"en-GB\"},{\"@type\":\"Person\",\"@id\":\"https:\\\/\\\/dmcsrb.com\\\/#\\\/schema\\\/person\\\/5c39170f12db1b8b457732d0b5c854e2\",\"name\":\"dmcsrbija.com@gmail.com\",\"image\":{\"@type\":\"ImageObject\",\"inLanguage\":\"en-GB\",\"@id\":\"https:\\\/\\\/secure.gravatar.com\\\/avatar\\\/68592660ad6347fad0fb587f8d5d8f1a7b44961362f56e4f2cd524feb87e9069?s=96&d=mm&r=g\",\"url\":\"https:\\\/\\\/secure.gravatar.com\\\/avatar\\\/68592660ad6347fad0fb587f8d5d8f1a7b44961362f56e4f2cd524feb87e9069?s=96&d=mm&r=g\",\"contentUrl\":\"https:\\\/\\\/secure.gravatar.com\\\/avatar\\\/68592660ad6347fad0fb587f8d5d8f1a7b44961362f56e4f2cd524feb87e9069?s=96&d=mm&r=g\",\"caption\":\"dmcsrbija.com@gmail.com\"},\"sameAs\":[\"https:\\\/\\\/dmcsrb.com\"],\"url\":\"https:\\\/\\\/dmcsrb.com\\\/en\\\/author\\\/dmcsrbija-comgmail-com\\\/\"}]}<\/script>\n<!-- \/ Yoast SEO plugin. -->","yoast_head_json":{"title":"Kos: La\u017e je da \u0107e Srbiji biti onemogu\u0107en transfer ruskog gasa - dmcsrb.com","robots":{"index":"index","follow":"follow","max-snippet":"max-snippet:-1","max-image-preview":"max-image-preview:large","max-video-preview":"max-video-preview:-1"},"canonical":"https:\/\/dmcsrb.com\/en\/region\/kos-laz-je-da-ce-srbiji-biti-onemogucen-transfer-ruskog-gasa\/","og_locale":"en_GB","og_type":"article","og_title":"Kos: La\u017e je da \u0107e Srbiji biti onemogu\u0107en transfer ruskog gasa - dmcsrb.com","og_description":"La\u017e je da \u0107e Srbiji biti onemogu\u0107en transfer ruskog gasa, izjavila je evropska komesarka za pro\u0161irenje\u00a0Marta Kos\u00a0u obra\u0107anju pred Evropskim parlamentom (EP), prenosi RSE.","og_url":"https:\/\/dmcsrb.com\/en\/region\/kos-laz-je-da-ce-srbiji-biti-onemogucen-transfer-ruskog-gasa\/","og_site_name":"dmcsrb.com","article_published_time":"2025-10-22T08:06:00+00:00","og_image":[{"width":1014,"height":670,"url":"https:\/\/dmcsrb.com\/wp-content\/uploads\/2026\/01\/Marta-Kos-evropska-komesarka-foto-Vlada-CG.jpg","type":"image\/jpeg"}],"author":"dmcsrbija.com@gmail.com","twitter_card":"summary_large_image","twitter_misc":{"Written by":"dmcsrbija.com@gmail.com","Estimated reading time":"5 minutes"},"schema":{"@context":"https:\/\/schema.org","@graph":[{"@type":"Article","@id":"https:\/\/dmcsrb.com\/region\/kos-laz-je-da-ce-srbiji-biti-onemogucen-transfer-ruskog-gasa\/#article","isPartOf":{"@id":"https:\/\/dmcsrb.com\/region\/kos-laz-je-da-ce-srbiji-biti-onemogucen-transfer-ruskog-gasa\/"},"author":{"name":"dmcsrbija.com@gmail.com","@id":"https:\/\/dmcsrb.com\/#\/schema\/person\/5c39170f12db1b8b457732d0b5c854e2"},"headline":"Kos: La\u017e je da \u0107e Srbiji biti onemogu\u0107en transfer ruskog gasa","datePublished":"2025-10-22T08:06:00+00:00","mainEntityOfPage":{"@id":"https:\/\/dmcsrb.com\/region\/kos-laz-je-da-ce-srbiji-biti-onemogucen-transfer-ruskog-gasa\/"},"wordCount":1026,"commentCount":0,"image":{"@id":"https:\/\/dmcsrb.com\/region\/kos-laz-je-da-ce-srbiji-biti-onemogucen-transfer-ruskog-gasa\/#primaryimage"},"thumbnailUrl":"https:\/\/dmcsrb.com\/wp-content\/uploads\/2026\/01\/Marta-Kos-evropska-komesarka-foto-Vlada-CG.jpg","keywords":["Marta Kos","Srbija"],"articleSection":["Region"],"inLanguage":"en-GB","potentialAction":[{"@type":"CommentAction","name":"Comment","target":["https:\/\/dmcsrb.com\/region\/kos-laz-je-da-ce-srbiji-biti-onemogucen-transfer-ruskog-gasa\/#respond"]}]},{"@type":"WebPage","@id":"https:\/\/dmcsrb.com\/region\/kos-laz-je-da-ce-srbiji-biti-onemogucen-transfer-ruskog-gasa\/","url":"https:\/\/dmcsrb.com\/region\/kos-laz-je-da-ce-srbiji-biti-onemogucen-transfer-ruskog-gasa\/","name":"Kos: La\u017e je da \u0107e Srbiji biti onemogu\u0107en transfer ruskog gasa - dmcsrb.com","isPartOf":{"@id":"https:\/\/dmcsrb.com\/#website"},"primaryImageOfPage":{"@id":"https:\/\/dmcsrb.com\/region\/kos-laz-je-da-ce-srbiji-biti-onemogucen-transfer-ruskog-gasa\/#primaryimage"},"image":{"@id":"https:\/\/dmcsrb.com\/region\/kos-laz-je-da-ce-srbiji-biti-onemogucen-transfer-ruskog-gasa\/#primaryimage"},"thumbnailUrl":"https:\/\/dmcsrb.com\/wp-content\/uploads\/2026\/01\/Marta-Kos-evropska-komesarka-foto-Vlada-CG.jpg","datePublished":"2025-10-22T08:06:00+00:00","author":{"@id":"https:\/\/dmcsrb.com\/#\/schema\/person\/5c39170f12db1b8b457732d0b5c854e2"},"breadcrumb":{"@id":"https:\/\/dmcsrb.com\/region\/kos-laz-je-da-ce-srbiji-biti-onemogucen-transfer-ruskog-gasa\/#breadcrumb"},"inLanguage":"en-GB","potentialAction":[{"@type":"ReadAction","target":["https:\/\/dmcsrb.com\/region\/kos-laz-je-da-ce-srbiji-biti-onemogucen-transfer-ruskog-gasa\/"]}]},{"@type":"ImageObject","inLanguage":"en-GB","@id":"https:\/\/dmcsrb.com\/region\/kos-laz-je-da-ce-srbiji-biti-onemogucen-transfer-ruskog-gasa\/#primaryimage","url":"https:\/\/dmcsrb.com\/wp-content\/uploads\/2026\/01\/Marta-Kos-evropska-komesarka-foto-Vlada-CG.jpg","contentUrl":"https:\/\/dmcsrb.com\/wp-content\/uploads\/2026\/01\/Marta-Kos-evropska-komesarka-foto-Vlada-CG.jpg","width":1014,"height":670},{"@type":"BreadcrumbList","@id":"https:\/\/dmcsrb.com\/region\/kos-laz-je-da-ce-srbiji-biti-onemogucen-transfer-ruskog-gasa\/#breadcrumb","itemListElement":[{"@type":"ListItem","position":1,"name":"Home","item":"https:\/\/dmcsrb.com\/"},{"@type":"ListItem","position":2,"name":"Kos: La\u017e je da \u0107e Srbiji biti onemogu\u0107en transfer ruskog gasa"}]},{"@type":"WebSite","@id":"https:\/\/dmcsrb.com\/#website","url":"https:\/\/dmcsrb.com\/","name":"dmcsrb.com","description":"","potentialAction":[{"@type":"SearchAction","target":{"@type":"EntryPoint","urlTemplate":"https:\/\/dmcsrb.com\/?s={search_term_string}"},"query-input":{"@type":"PropertyValueSpecification","valueRequired":true,"valueName":"search_term_string"}}],"inLanguage":"en-GB"},{"@type":"Person","@id":"https:\/\/dmcsrb.com\/#\/schema\/person\/5c39170f12db1b8b457732d0b5c854e2","name":"dmcsrbija.com@gmail.com","image":{"@type":"ImageObject","inLanguage":"en-GB","@id":"https:\/\/secure.gravatar.com\/avatar\/68592660ad6347fad0fb587f8d5d8f1a7b44961362f56e4f2cd524feb87e9069?s=96&d=mm&r=g","url":"https:\/\/secure.gravatar.com\/avatar\/68592660ad6347fad0fb587f8d5d8f1a7b44961362f56e4f2cd524feb87e9069?s=96&d=mm&r=g","contentUrl":"https:\/\/secure.gravatar.com\/avatar\/68592660ad6347fad0fb587f8d5d8f1a7b44961362f56e4f2cd524feb87e9069?s=96&d=mm&r=g","caption":"dmcsrbija.com@gmail.com"},"sameAs":["https:\/\/dmcsrb.com"],"url":"https:\/\/dmcsrb.com\/en\/author\/dmcsrbija-comgmail-com\/"}]}},"_links":{"self":[{"href":"https:\/\/dmcsrb.com\/en\/wp-json\/wp\/v2\/posts\/959333","targetHints":{"allow":["GET"]}}],"collection":[{"href":"https:\/\/dmcsrb.com\/en\/wp-json\/wp\/v2\/posts"}],"about":[{"href":"https:\/\/dmcsrb.com\/en\/wp-json\/wp\/v2\/types\/post"}],"author":[{"embeddable":true,"href":"https:\/\/dmcsrb.com\/en\/wp-json\/wp\/v2\/users\/1"}],"replies":[{"embeddable":true,"href":"https:\/\/dmcsrb.com\/en\/wp-json\/wp\/v2\/comments?post=959333"}],"version-history":[{"count":0,"href":"https:\/\/dmcsrb.com\/en\/wp-json\/wp\/v2\/posts\/959333\/revisions"}],"wp:featuredmedia":[{"embeddable":true,"href":"https:\/\/dmcsrb.com\/en\/wp-json\/wp\/v2\/media\/914359"}],"wp:attachment":[{"href":"https:\/\/dmcsrb.com\/en\/wp-json\/wp\/v2\/media?parent=959333"}],"wp:term":[{"taxonomy":"category","embeddable":true,"href":"https:\/\/dmcsrb.com\/en\/wp-json\/wp\/v2\/categories?post=959333"},{"taxonomy":"post_tag","embeddable":true,"href":"https:\/\/dmcsrb.com\/en\/wp-json\/wp\/v2\/tags?post=959333"},{"taxonomy":"naslovna","embeddable":true,"href":"https:\/\/dmcsrb.com\/en\/wp-json\/wp\/v2\/naslovna?post=959333"}],"curies":[{"name":"wp","href":"https:\/\/api.w.org\/{rel}","templated":true}]}}