{"id":959325,"date":"2025-10-22T08:24:00","date_gmt":"2025-10-22T06:24:00","guid":{"rendered":"https:\/\/dmcsrb.com\/uncategorized\/avio-let-od-atine-do-podgorice-od-marta-2026\/"},"modified":"2025-10-22T08:24:00","modified_gmt":"2025-10-22T06:24:00","slug":"avio-let-od-atine-do-podgorice-od-marta-2026","status":"publish","type":"post","link":"https:\/\/dmcsrb.com\/en\/ekonomija\/avio-let-od-atine-do-podgorice-od-marta-2026\/","title":{"rendered":"Avio-let od Atine do Podgorice od marta 2026"},"content":{"rendered":"<p><\/p>\n\n\n\n<p><\/p>\n\n\n\n<p>Zbog ograni\u010denih kapaciteta aerodroma u Atini i optere\u0107enosti kontrole letenja u gr\u010dkoj prijestonici, postoji mogu\u0107nost da Aegean dio letova prebaci da polazi iz Soluna, \u0161to bi tako\u0111e omogu\u0107ilo dodatne konekcije prema drugim destinacijama u mre\u017ei ove kompanije. Mo\u017eda ba\u0161 i do Crne Gore.<\/p>\n\n\n\n<p>Aegean je i ranije razmatrao opciju ponovnog pokretanja linije Podgorica\u2013Atina, ali se od te ideje za sada odustalo, pa tokom predstoje\u0107e zime ne\u0107e biti direktnih letova izme\u0111u Crne Gore i Gr\u010dke.<\/p>\n\n\n\n<p>Ova najava za ljeto 2026. godine, ipak, predstavlja pozitivan signal da postoji interesovanje za obnovu vazdu\u0161ne veze izme\u0111u dvije zemlje, posebno imaju\u0107i u vidu rast turisti\u010dkog i poslovnog saobra\u0107aja u regionu.<\/p>","protected":false},"excerpt":{"rendered":"<p>Gr\u010dka nacionalna avio-kompanija &#8220;Aegean Airlines&#8221; planira da od narednog ljeta uspostavi redovnu avio-liniju izme\u0111u Atine i Podgorice. Letovi \u0107e, prema trenutnom planu, po\u010deti 31. marta 2026. godine, a saobra\u0107a\u0107e dva puta sedmi\u010dno \u2013 utorkom i nedjeljom, dok \u0107e se u \u0161picu ljetnje sezone dodati i tre\u0107i let, \u010detvrtkom, pi\u0161e avioportal.me.<\/p>","protected":false},"author":1,"featured_media":917321,"comment_status":"open","ping_status":"open","sticky":false,"template":"","format":"standard","meta":{"_acf_changed":false,"footnotes":""},"categories":[27],"tags":[328,1886,12181],"naslovna":[],"class_list":["post-959325","post","type-post","status-publish","format-standard","has-post-thumbnail","hentry","category-ekonomija","tag-avion","tag-grcka","tag-nove-linija"],"acf":[],"yoast_head":"<!-- This site is optimized with the Yoast SEO plugin v27.0 - https:\/\/yoast.com\/product\/yoast-seo-wordpress\/ -->\n<title>Avio-let od Atine do Podgorice od marta 2026 - dmcsrb.com<\/title>\n<meta name=\"robots\" content=\"index, follow, max-snippet:-1, max-image-preview:large, max-video-preview:-1\" \/>\n<link rel=\"canonical\" href=\"https:\/\/dmcsrb.com\/en\/ekonomija\/avio-let-od-atine-do-podgorice-od-marta-2026\/\" \/>\n<meta property=\"og:locale\" content=\"en_GB\" \/>\n<meta property=\"og:type\" content=\"article\" \/>\n<meta property=\"og:title\" content=\"Avio-let od Atine do Podgorice od marta 2026 - dmcsrb.com\" \/>\n<meta property=\"og:description\" content=\"Gr\u010dka nacionalna avio-kompanija &quot;Aegean Airlines&quot; planira da od narednog ljeta uspostavi redovnu avio-liniju izme\u0111u Atine i Podgorice. Letovi \u0107e, prema trenutnom planu, po\u010deti 31. marta 2026. godine, a saobra\u0107a\u0107e dva puta sedmi\u010dno \u2013 utorkom i nedjeljom, dok \u0107e se u \u0161picu ljetnje sezone dodati i tre\u0107i let, \u010detvrtkom, pi\u0161e avioportal.me.\" \/>\n<meta property=\"og:url\" content=\"https:\/\/dmcsrb.com\/en\/ekonomija\/avio-let-od-atine-do-podgorice-od-marta-2026\/\" \/>\n<meta property=\"og:site_name\" content=\"dmcsrb.com\" \/>\n<meta property=\"article:published_time\" content=\"2025-10-22T06:24:00+00:00\" \/>\n<meta property=\"og:image\" content=\"https:\/\/dmcsrb.com\/wp-content\/uploads\/2026\/01\/avion-1.jpg\" \/>\n\t<meta property=\"og:image:width\" content=\"1280\" \/>\n\t<meta property=\"og:image:height\" content=\"960\" \/>\n\t<meta property=\"og:image:type\" content=\"image\/jpeg\" \/>\n<meta name=\"author\" content=\"dmcsrbija.com@gmail.com\" \/>\n<meta name=\"twitter:card\" content=\"summary_large_image\" \/>\n<meta name=\"twitter:label1\" content=\"Written by\" \/>\n\t<meta name=\"twitter:data1\" content=\"dmcsrbija.com@gmail.com\" \/>\n\t<meta name=\"twitter:label2\" content=\"Estimated reading time\" \/>\n\t<meta name=\"twitter:data2\" content=\"1 minute\" \/>\n<script type=\"application\/ld+json\" class=\"yoast-schema-graph\">{\"@context\":\"https:\/\/schema.org\",\"@graph\":[{\"@type\":\"Article\",\"@id\":\"https:\/\/dmcsrb.com\/ekonomija\/avio-let-od-atine-do-podgorice-od-marta-2026\/#article\",\"isPartOf\":{\"@id\":\"https:\/\/dmcsrb.com\/ekonomija\/avio-let-od-atine-do-podgorice-od-marta-2026\/\"},\"author\":{\"name\":\"dmcsrbija.com@gmail.com\",\"@id\":\"https:\/\/dmcsrb.com\/#\/schema\/person\/5c39170f12db1b8b457732d0b5c854e2\"},\"headline\":\"Avio-let od Atine do Podgorice od marta 2026\",\"datePublished\":\"2025-10-22T06:24:00+00:00\",\"mainEntityOfPage\":{\"@id\":\"https:\/\/dmcsrb.com\/ekonomija\/avio-let-od-atine-do-podgorice-od-marta-2026\/\"},\"wordCount\":129,\"commentCount\":0,\"image\":{\"@id\":\"https:\/\/dmcsrb.com\/ekonomija\/avio-let-od-atine-do-podgorice-od-marta-2026\/#primaryimage\"},\"thumbnailUrl\":\"https:\/\/dmcsrb.com\/wp-content\/uploads\/2026\/01\/avion-1.jpg\",\"keywords\":[\"avion\",\"Gr\u010dka\",\"nove linija\"],\"articleSection\":[\"Ekonomija\"],\"inLanguage\":\"en-GB\",\"potentialAction\":[{\"@type\":\"CommentAction\",\"name\":\"Comment\",\"target\":[\"https:\/\/dmcsrb.com\/ekonomija\/avio-let-od-atine-do-podgorice-od-marta-2026\/#respond\"]}]},{\"@type\":\"WebPage\",\"@id\":\"https:\/\/dmcsrb.com\/ekonomija\/avio-let-od-atine-do-podgorice-od-marta-2026\/\",\"url\":\"https:\/\/dmcsrb.com\/ekonomija\/avio-let-od-atine-do-podgorice-od-marta-2026\/\",\"name\":\"Avio-let od Atine do Podgorice od marta 2026 - dmcsrb.com\",\"isPartOf\":{\"@id\":\"https:\/\/dmcsrb.com\/#website\"},\"primaryImageOfPage\":{\"@id\":\"https:\/\/dmcsrb.com\/ekonomija\/avio-let-od-atine-do-podgorice-od-marta-2026\/#primaryimage\"},\"image\":{\"@id\":\"https:\/\/dmcsrb.com\/ekonomija\/avio-let-od-atine-do-podgorice-od-marta-2026\/#primaryimage\"},\"thumbnailUrl\":\"https:\/\/dmcsrb.com\/wp-content\/uploads\/2026\/01\/avion-1.jpg\",\"datePublished\":\"2025-10-22T06:24:00+00:00\",\"author\":{\"@id\":\"https:\/\/dmcsrb.com\/#\/schema\/person\/5c39170f12db1b8b457732d0b5c854e2\"},\"breadcrumb\":{\"@id\":\"https:\/\/dmcsrb.com\/ekonomija\/avio-let-od-atine-do-podgorice-od-marta-2026\/#breadcrumb\"},\"inLanguage\":\"en-GB\",\"potentialAction\":[{\"@type\":\"ReadAction\",\"target\":[\"https:\/\/dmcsrb.com\/ekonomija\/avio-let-od-atine-do-podgorice-od-marta-2026\/\"]}]},{\"@type\":\"ImageObject\",\"inLanguage\":\"en-GB\",\"@id\":\"https:\/\/dmcsrb.com\/ekonomija\/avio-let-od-atine-do-podgorice-od-marta-2026\/#primaryimage\",\"url\":\"https:\/\/dmcsrb.com\/wp-content\/uploads\/2026\/01\/avion-1.jpg\",\"contentUrl\":\"https:\/\/dmcsrb.com\/wp-content\/uploads\/2026\/01\/avion-1.jpg\",\"width\":1280,\"height\":960},{\"@type\":\"BreadcrumbList\",\"@id\":\"https:\/\/dmcsrb.com\/ekonomija\/avio-let-od-atine-do-podgorice-od-marta-2026\/#breadcrumb\",\"itemListElement\":[{\"@type\":\"ListItem\",\"position\":1,\"name\":\"Home\",\"item\":\"https:\/\/dmcsrb.com\/\"},{\"@type\":\"ListItem\",\"position\":2,\"name\":\"Avio-let od Atine do Podgorice od marta 2026\"}]},{\"@type\":\"WebSite\",\"@id\":\"https:\/\/dmcsrb.com\/#website\",\"url\":\"https:\/\/dmcsrb.com\/\",\"name\":\"dmcsrb.com\",\"description\":\"\",\"potentialAction\":[{\"@type\":\"SearchAction\",\"target\":{\"@type\":\"EntryPoint\",\"urlTemplate\":\"https:\/\/dmcsrb.com\/?s={search_term_string}\"},\"query-input\":{\"@type\":\"PropertyValueSpecification\",\"valueRequired\":true,\"valueName\":\"search_term_string\"}}],\"inLanguage\":\"en-GB\"},{\"@type\":\"Person\",\"@id\":\"https:\/\/dmcsrb.com\/#\/schema\/person\/5c39170f12db1b8b457732d0b5c854e2\",\"name\":\"dmcsrbija.com@gmail.com\",\"image\":{\"@type\":\"ImageObject\",\"inLanguage\":\"en-GB\",\"@id\":\"https:\/\/dmcsrb.com\/#\/schema\/person\/image\/\",\"url\":\"https:\/\/secure.gravatar.com\/avatar\/68592660ad6347fad0fb587f8d5d8f1a7b44961362f56e4f2cd524feb87e9069?s=96&d=mm&r=g\",\"contentUrl\":\"https:\/\/secure.gravatar.com\/avatar\/68592660ad6347fad0fb587f8d5d8f1a7b44961362f56e4f2cd524feb87e9069?s=96&d=mm&r=g\",\"caption\":\"dmcsrbija.com@gmail.com\"},\"sameAs\":[\"https:\/\/dmcsrb.com\"],\"url\":\"https:\/\/dmcsrb.com\/en\/author\/dmcsrbija-comgmail-com\/\"}]}<\/script>\n<!-- \/ Yoast SEO plugin. -->","yoast_head_json":{"title":"Avio-let od Atine do Podgorice od marta 2026 - dmcsrb.com","robots":{"index":"index","follow":"follow","max-snippet":"max-snippet:-1","max-image-preview":"max-image-preview:large","max-video-preview":"max-video-preview:-1"},"canonical":"https:\/\/dmcsrb.com\/en\/ekonomija\/avio-let-od-atine-do-podgorice-od-marta-2026\/","og_locale":"en_GB","og_type":"article","og_title":"Avio-let od Atine do Podgorice od marta 2026 - dmcsrb.com","og_description":"Gr\u010dka nacionalna avio-kompanija \"Aegean Airlines\" planira da od narednog ljeta uspostavi redovnu avio-liniju izme\u0111u Atine i Podgorice. Letovi \u0107e, prema trenutnom planu, po\u010deti 31. marta 2026. godine, a saobra\u0107a\u0107e dva puta sedmi\u010dno \u2013 utorkom i nedjeljom, dok \u0107e se u \u0161picu ljetnje sezone dodati i tre\u0107i let, \u010detvrtkom, pi\u0161e avioportal.me.","og_url":"https:\/\/dmcsrb.com\/en\/ekonomija\/avio-let-od-atine-do-podgorice-od-marta-2026\/","og_site_name":"dmcsrb.com","article_published_time":"2025-10-22T06:24:00+00:00","og_image":[{"width":1280,"height":960,"url":"https:\/\/dmcsrb.com\/wp-content\/uploads\/2026\/01\/avion-1.jpg","type":"image\/jpeg"}],"author":"dmcsrbija.com@gmail.com","twitter_card":"summary_large_image","twitter_misc":{"Written by":"dmcsrbija.com@gmail.com","Estimated reading time":"1 minute"},"schema":{"@context":"https:\/\/schema.org","@graph":[{"@type":"Article","@id":"https:\/\/dmcsrb.com\/ekonomija\/avio-let-od-atine-do-podgorice-od-marta-2026\/#article","isPartOf":{"@id":"https:\/\/dmcsrb.com\/ekonomija\/avio-let-od-atine-do-podgorice-od-marta-2026\/"},"author":{"name":"dmcsrbija.com@gmail.com","@id":"https:\/\/dmcsrb.com\/#\/schema\/person\/5c39170f12db1b8b457732d0b5c854e2"},"headline":"Avio-let od Atine do Podgorice od marta 2026","datePublished":"2025-10-22T06:24:00+00:00","mainEntityOfPage":{"@id":"https:\/\/dmcsrb.com\/ekonomija\/avio-let-od-atine-do-podgorice-od-marta-2026\/"},"wordCount":129,"commentCount":0,"image":{"@id":"https:\/\/dmcsrb.com\/ekonomija\/avio-let-od-atine-do-podgorice-od-marta-2026\/#primaryimage"},"thumbnailUrl":"https:\/\/dmcsrb.com\/wp-content\/uploads\/2026\/01\/avion-1.jpg","keywords":["avion","Gr\u010dka","nove linija"],"articleSection":["Ekonomija"],"inLanguage":"en-GB","potentialAction":[{"@type":"CommentAction","name":"Comment","target":["https:\/\/dmcsrb.com\/ekonomija\/avio-let-od-atine-do-podgorice-od-marta-2026\/#respond"]}]},{"@type":"WebPage","@id":"https:\/\/dmcsrb.com\/ekonomija\/avio-let-od-atine-do-podgorice-od-marta-2026\/","url":"https:\/\/dmcsrb.com\/ekonomija\/avio-let-od-atine-do-podgorice-od-marta-2026\/","name":"Avio-let od Atine do Podgorice od marta 2026 - dmcsrb.com","isPartOf":{"@id":"https:\/\/dmcsrb.com\/#website"},"primaryImageOfPage":{"@id":"https:\/\/dmcsrb.com\/ekonomija\/avio-let-od-atine-do-podgorice-od-marta-2026\/#primaryimage"},"image":{"@id":"https:\/\/dmcsrb.com\/ekonomija\/avio-let-od-atine-do-podgorice-od-marta-2026\/#primaryimage"},"thumbnailUrl":"https:\/\/dmcsrb.com\/wp-content\/uploads\/2026\/01\/avion-1.jpg","datePublished":"2025-10-22T06:24:00+00:00","author":{"@id":"https:\/\/dmcsrb.com\/#\/schema\/person\/5c39170f12db1b8b457732d0b5c854e2"},"breadcrumb":{"@id":"https:\/\/dmcsrb.com\/ekonomija\/avio-let-od-atine-do-podgorice-od-marta-2026\/#breadcrumb"},"inLanguage":"en-GB","potentialAction":[{"@type":"ReadAction","target":["https:\/\/dmcsrb.com\/ekonomija\/avio-let-od-atine-do-podgorice-od-marta-2026\/"]}]},{"@type":"ImageObject","inLanguage":"en-GB","@id":"https:\/\/dmcsrb.com\/ekonomija\/avio-let-od-atine-do-podgorice-od-marta-2026\/#primaryimage","url":"https:\/\/dmcsrb.com\/wp-content\/uploads\/2026\/01\/avion-1.jpg","contentUrl":"https:\/\/dmcsrb.com\/wp-content\/uploads\/2026\/01\/avion-1.jpg","width":1280,"height":960},{"@type":"BreadcrumbList","@id":"https:\/\/dmcsrb.com\/ekonomija\/avio-let-od-atine-do-podgorice-od-marta-2026\/#breadcrumb","itemListElement":[{"@type":"ListItem","position":1,"name":"Home","item":"https:\/\/dmcsrb.com\/"},{"@type":"ListItem","position":2,"name":"Avio-let od Atine do Podgorice od marta 2026"}]},{"@type":"WebSite","@id":"https:\/\/dmcsrb.com\/#website","url":"https:\/\/dmcsrb.com\/","name":"dmcsrb.com","description":"","potentialAction":[{"@type":"SearchAction","target":{"@type":"EntryPoint","urlTemplate":"https:\/\/dmcsrb.com\/?s={search_term_string}"},"query-input":{"@type":"PropertyValueSpecification","valueRequired":true,"valueName":"search_term_string"}}],"inLanguage":"en-GB"},{"@type":"Person","@id":"https:\/\/dmcsrb.com\/#\/schema\/person\/5c39170f12db1b8b457732d0b5c854e2","name":"dmcsrbija.com@gmail.com","image":{"@type":"ImageObject","inLanguage":"en-GB","@id":"https:\/\/dmcsrb.com\/#\/schema\/person\/image\/","url":"https:\/\/secure.gravatar.com\/avatar\/68592660ad6347fad0fb587f8d5d8f1a7b44961362f56e4f2cd524feb87e9069?s=96&d=mm&r=g","contentUrl":"https:\/\/secure.gravatar.com\/avatar\/68592660ad6347fad0fb587f8d5d8f1a7b44961362f56e4f2cd524feb87e9069?s=96&d=mm&r=g","caption":"dmcsrbija.com@gmail.com"},"sameAs":["https:\/\/dmcsrb.com"],"url":"https:\/\/dmcsrb.com\/en\/author\/dmcsrbija-comgmail-com\/"}]}},"_links":{"self":[{"href":"https:\/\/dmcsrb.com\/en\/wp-json\/wp\/v2\/posts\/959325","targetHints":{"allow":["GET"]}}],"collection":[{"href":"https:\/\/dmcsrb.com\/en\/wp-json\/wp\/v2\/posts"}],"about":[{"href":"https:\/\/dmcsrb.com\/en\/wp-json\/wp\/v2\/types\/post"}],"author":[{"embeddable":true,"href":"https:\/\/dmcsrb.com\/en\/wp-json\/wp\/v2\/users\/1"}],"replies":[{"embeddable":true,"href":"https:\/\/dmcsrb.com\/en\/wp-json\/wp\/v2\/comments?post=959325"}],"version-history":[{"count":0,"href":"https:\/\/dmcsrb.com\/en\/wp-json\/wp\/v2\/posts\/959325\/revisions"}],"wp:featuredmedia":[{"embeddable":true,"href":"https:\/\/dmcsrb.com\/en\/wp-json\/wp\/v2\/media\/917321"}],"wp:attachment":[{"href":"https:\/\/dmcsrb.com\/en\/wp-json\/wp\/v2\/media?parent=959325"}],"wp:term":[{"taxonomy":"category","embeddable":true,"href":"https:\/\/dmcsrb.com\/en\/wp-json\/wp\/v2\/categories?post=959325"},{"taxonomy":"post_tag","embeddable":true,"href":"https:\/\/dmcsrb.com\/en\/wp-json\/wp\/v2\/tags?post=959325"},{"taxonomy":"naslovna","embeddable":true,"href":"https:\/\/dmcsrb.com\/en\/wp-json\/wp\/v2\/naslovna?post=959325"}],"curies":[{"name":"wp","href":"https:\/\/api.w.org\/{rel}","templated":true}]}}