{"id":959278,"date":"2025-10-21T18:19:22","date_gmt":"2025-10-21T16:19:22","guid":{"rendered":"https:\/\/dmcsrb.com\/uncategorized\/nikac-porazen-u-drugom-kolu\/"},"modified":"2025-10-21T18:19:22","modified_gmt":"2025-10-21T16:19:22","slug":"nikac-porazen-u-drugom-kolu","status":"publish","type":"post","link":"https:\/\/dmcsrb.com\/en\/sport\/nikac-porazen-u-drugom-kolu\/","title":{"rendered":"Nika\u010d pora\u017een u drugom kolu"},"content":{"rendered":"<p>Nika\u010d, koji nastupa u timu Svjetske \u0161ahovske federacije osoba sa smetnjama vida (IBCA), upisao je prvi poraz, nakon ju\u010dera\u0161njeg startnog trijumfa na prvoj tabli Egip\u0107anina Magdija Momtaza.<\/p>\n\n\n\n<p>Zlatni sa Paraolimpijade u Beogradu nije uspio da kruni\u0161e dobru partiju i izgubio je potpuno dobijenu poziciju.<\/p>\n\n\n\n<p>\u201eIzgubio sam potpuno dobijenu poziciju, u kojoj sam imao dva lovca i pje\u0161aka za topa. Misle\u0107i da dobijam u dva poteza dao sam lovca d\u017eabe, tako da se isplatila njema\u010dka upornost\u201c, kazao je Nika\u010d.<\/p>\n\n\n\n<p>IBCA tim je, uprkos porazu Nika\u010da, savladao Njema\u010dku 3:1 i upisao drugi trijumf.<\/p>\n\n\n\n<p>U narednom kolu sjutra ih o\u010dekuje duel sa Izraelom, koji ima dva trijumfa na startu \u0161ampionata.<\/p>\n\n\n\n<p>Astana je do 26. oktobra doma\u0107in druge Paraolimpijade, koja je okupila 34 tima iz celog svijeta, sastavljena od igra\u010da sa o\u0161te\u0107enjima vida, sluha i fizi\u010dkim o\u0161te\u0107enjima.<\/p>\n\n\n\n<p>Svaki tim sastoji se od \u010detiri igra\u010da (sa najmanje jednim iz svakog pola), jednog kapitena\/rezerve i jedne prate\u0107e osobe.<\/p>\n\n\n\n<p>Igra\u0107e se \u0161est kola, po \u0161vajcarskom sistemu.<\/p>","protected":false},"excerpt":{"rendered":"<p>Crnogorski \u0161ahista Predrag Nika\u010d pora\u017een je na prvoj tabli od njemna\u010dkog reprezentativca Artura Kevorkova, u drugom kolu \u0160ahovske paraolimpijade za osobe sa invaliditetom u Astani.<\/p>","protected":false},"author":1,"featured_media":946974,"comment_status":"open","ping_status":"open","sticky":false,"template":"","format":"standard","meta":{"_acf_changed":false,"footnotes":""},"categories":[148],"tags":[3788,12158],"naslovna":[],"class_list":["post-959278","post","type-post","status-publish","format-standard","has-post-thumbnail","hentry","category-sport","tag-predrag-nikac","tag-sahovska-paraolimpijada-za-osobe-sa-invaliditetom-u-astani"],"acf":[],"yoast_head":"<!-- This site is optimized with the Yoast SEO plugin v27.4 - https:\/\/yoast.com\/product\/yoast-seo-wordpress\/ -->\n<title>Nika\u010d pora\u017een u drugom kolu - dmcsrb.com<\/title>\n<meta name=\"robots\" content=\"index, follow, max-snippet:-1, max-image-preview:large, max-video-preview:-1\" \/>\n<link rel=\"canonical\" href=\"https:\/\/dmcsrb.com\/en\/sport\/nikac-porazen-u-drugom-kolu\/\" \/>\n<meta property=\"og:locale\" content=\"en_GB\" \/>\n<meta property=\"og:type\" content=\"article\" \/>\n<meta property=\"og:title\" content=\"Nika\u010d pora\u017een u drugom kolu - dmcsrb.com\" \/>\n<meta property=\"og:description\" content=\"Crnogorski \u0161ahista Predrag Nika\u010d pora\u017een je na prvoj tabli od njemna\u010dkog reprezentativca Artura Kevorkova, u drugom kolu \u0160ahovske paraolimpijade za osobe sa invaliditetom u Astani.\" \/>\n<meta property=\"og:url\" content=\"https:\/\/dmcsrb.com\/en\/sport\/nikac-porazen-u-drugom-kolu\/\" \/>\n<meta property=\"og:site_name\" content=\"dmcsrb.com\" \/>\n<meta property=\"article:published_time\" content=\"2025-10-21T16:19:22+00:00\" \/>\n<meta property=\"og:image\" content=\"https:\/\/dmcsrb.com\/wp-content\/uploads\/2026\/01\/Nikac-POK-1.webp\" \/>\n\t<meta property=\"og:image:width\" content=\"1080\" \/>\n\t<meta property=\"og:image:height\" content=\"1016\" \/>\n\t<meta property=\"og:image:type\" content=\"image\/jpeg\" \/>\n<meta name=\"author\" content=\"dmcsrbija.com@gmail.com\" \/>\n<meta name=\"twitter:card\" content=\"summary_large_image\" \/>\n<meta name=\"twitter:label1\" content=\"Written by\" \/>\n\t<meta name=\"twitter:data1\" content=\"dmcsrbija.com@gmail.com\" \/>\n\t<meta name=\"twitter:label2\" content=\"Estimated reading time\" \/>\n\t<meta name=\"twitter:data2\" content=\"1 minute\" \/>\n<script type=\"application\/ld+json\" class=\"yoast-schema-graph\">{\"@context\":\"https:\\\/\\\/schema.org\",\"@graph\":[{\"@type\":\"Article\",\"@id\":\"https:\\\/\\\/dmcsrb.com\\\/sport\\\/nikac-porazen-u-drugom-kolu\\\/#article\",\"isPartOf\":{\"@id\":\"https:\\\/\\\/dmcsrb.com\\\/sport\\\/nikac-porazen-u-drugom-kolu\\\/\"},\"author\":{\"name\":\"dmcsrbija.com@gmail.com\",\"@id\":\"https:\\\/\\\/dmcsrb.com\\\/#\\\/schema\\\/person\\\/5c39170f12db1b8b457732d0b5c854e2\"},\"headline\":\"Nika\u010d pora\u017een u drugom kolu\",\"datePublished\":\"2025-10-21T16:19:22+00:00\",\"mainEntityOfPage\":{\"@id\":\"https:\\\/\\\/dmcsrb.com\\\/sport\\\/nikac-porazen-u-drugom-kolu\\\/\"},\"wordCount\":184,\"commentCount\":0,\"image\":{\"@id\":\"https:\\\/\\\/dmcsrb.com\\\/sport\\\/nikac-porazen-u-drugom-kolu\\\/#primaryimage\"},\"thumbnailUrl\":\"https:\\\/\\\/dmcsrb.com\\\/wp-content\\\/uploads\\\/2026\\\/01\\\/Nikac-POK-1.webp\",\"keywords\":[\"Predrag Nika\u010d\",\"\u0160ahovska paraolimpijada za osobe sa invaliditetom u Astani\"],\"articleSection\":[\"Sport\"],\"inLanguage\":\"en-GB\",\"potentialAction\":[{\"@type\":\"CommentAction\",\"name\":\"Comment\",\"target\":[\"https:\\\/\\\/dmcsrb.com\\\/sport\\\/nikac-porazen-u-drugom-kolu\\\/#respond\"]}]},{\"@type\":\"WebPage\",\"@id\":\"https:\\\/\\\/dmcsrb.com\\\/sport\\\/nikac-porazen-u-drugom-kolu\\\/\",\"url\":\"https:\\\/\\\/dmcsrb.com\\\/sport\\\/nikac-porazen-u-drugom-kolu\\\/\",\"name\":\"Nika\u010d pora\u017een u drugom kolu - dmcsrb.com\",\"isPartOf\":{\"@id\":\"https:\\\/\\\/dmcsrb.com\\\/#website\"},\"primaryImageOfPage\":{\"@id\":\"https:\\\/\\\/dmcsrb.com\\\/sport\\\/nikac-porazen-u-drugom-kolu\\\/#primaryimage\"},\"image\":{\"@id\":\"https:\\\/\\\/dmcsrb.com\\\/sport\\\/nikac-porazen-u-drugom-kolu\\\/#primaryimage\"},\"thumbnailUrl\":\"https:\\\/\\\/dmcsrb.com\\\/wp-content\\\/uploads\\\/2026\\\/01\\\/Nikac-POK-1.webp\",\"datePublished\":\"2025-10-21T16:19:22+00:00\",\"author\":{\"@id\":\"https:\\\/\\\/dmcsrb.com\\\/#\\\/schema\\\/person\\\/5c39170f12db1b8b457732d0b5c854e2\"},\"breadcrumb\":{\"@id\":\"https:\\\/\\\/dmcsrb.com\\\/sport\\\/nikac-porazen-u-drugom-kolu\\\/#breadcrumb\"},\"inLanguage\":\"en-GB\",\"potentialAction\":[{\"@type\":\"ReadAction\",\"target\":[\"https:\\\/\\\/dmcsrb.com\\\/sport\\\/nikac-porazen-u-drugom-kolu\\\/\"]}]},{\"@type\":\"ImageObject\",\"inLanguage\":\"en-GB\",\"@id\":\"https:\\\/\\\/dmcsrb.com\\\/sport\\\/nikac-porazen-u-drugom-kolu\\\/#primaryimage\",\"url\":\"https:\\\/\\\/dmcsrb.com\\\/wp-content\\\/uploads\\\/2026\\\/01\\\/Nikac-POK-1.webp\",\"contentUrl\":\"https:\\\/\\\/dmcsrb.com\\\/wp-content\\\/uploads\\\/2026\\\/01\\\/Nikac-POK-1.webp\",\"width\":1080,\"height\":1016},{\"@type\":\"BreadcrumbList\",\"@id\":\"https:\\\/\\\/dmcsrb.com\\\/sport\\\/nikac-porazen-u-drugom-kolu\\\/#breadcrumb\",\"itemListElement\":[{\"@type\":\"ListItem\",\"position\":1,\"name\":\"Home\",\"item\":\"https:\\\/\\\/dmcsrb.com\\\/\"},{\"@type\":\"ListItem\",\"position\":2,\"name\":\"Nika\u010d pora\u017een u drugom kolu\"}]},{\"@type\":\"WebSite\",\"@id\":\"https:\\\/\\\/dmcsrb.com\\\/#website\",\"url\":\"https:\\\/\\\/dmcsrb.com\\\/\",\"name\":\"dmcsrb.com\",\"description\":\"\",\"potentialAction\":[{\"@type\":\"SearchAction\",\"target\":{\"@type\":\"EntryPoint\",\"urlTemplate\":\"https:\\\/\\\/dmcsrb.com\\\/?s={search_term_string}\"},\"query-input\":{\"@type\":\"PropertyValueSpecification\",\"valueRequired\":true,\"valueName\":\"search_term_string\"}}],\"inLanguage\":\"en-GB\"},{\"@type\":\"Person\",\"@id\":\"https:\\\/\\\/dmcsrb.com\\\/#\\\/schema\\\/person\\\/5c39170f12db1b8b457732d0b5c854e2\",\"name\":\"dmcsrbija.com@gmail.com\",\"image\":{\"@type\":\"ImageObject\",\"inLanguage\":\"en-GB\",\"@id\":\"https:\\\/\\\/secure.gravatar.com\\\/avatar\\\/68592660ad6347fad0fb587f8d5d8f1a7b44961362f56e4f2cd524feb87e9069?s=96&d=mm&r=g\",\"url\":\"https:\\\/\\\/secure.gravatar.com\\\/avatar\\\/68592660ad6347fad0fb587f8d5d8f1a7b44961362f56e4f2cd524feb87e9069?s=96&d=mm&r=g\",\"contentUrl\":\"https:\\\/\\\/secure.gravatar.com\\\/avatar\\\/68592660ad6347fad0fb587f8d5d8f1a7b44961362f56e4f2cd524feb87e9069?s=96&d=mm&r=g\",\"caption\":\"dmcsrbija.com@gmail.com\"},\"sameAs\":[\"https:\\\/\\\/dmcsrb.com\"],\"url\":\"https:\\\/\\\/dmcsrb.com\\\/en\\\/author\\\/dmcsrbija-comgmail-com\\\/\"}]}<\/script>\n<!-- \/ Yoast SEO plugin. -->","yoast_head_json":{"title":"Nika\u010d pora\u017een u drugom kolu - dmcsrb.com","robots":{"index":"index","follow":"follow","max-snippet":"max-snippet:-1","max-image-preview":"max-image-preview:large","max-video-preview":"max-video-preview:-1"},"canonical":"https:\/\/dmcsrb.com\/en\/sport\/nikac-porazen-u-drugom-kolu\/","og_locale":"en_GB","og_type":"article","og_title":"Nika\u010d pora\u017een u drugom kolu - dmcsrb.com","og_description":"Crnogorski \u0161ahista Predrag Nika\u010d pora\u017een je na prvoj tabli od njemna\u010dkog reprezentativca Artura Kevorkova, u drugom kolu \u0160ahovske paraolimpijade za osobe sa invaliditetom u Astani.","og_url":"https:\/\/dmcsrb.com\/en\/sport\/nikac-porazen-u-drugom-kolu\/","og_site_name":"dmcsrb.com","article_published_time":"2025-10-21T16:19:22+00:00","og_image":[{"width":1080,"height":1016,"url":"https:\/\/dmcsrb.com\/wp-content\/uploads\/2026\/01\/Nikac-POK-1.webp","type":"image\/jpeg"}],"author":"dmcsrbija.com@gmail.com","twitter_card":"summary_large_image","twitter_misc":{"Written by":"dmcsrbija.com@gmail.com","Estimated reading time":"1 minute"},"schema":{"@context":"https:\/\/schema.org","@graph":[{"@type":"Article","@id":"https:\/\/dmcsrb.com\/sport\/nikac-porazen-u-drugom-kolu\/#article","isPartOf":{"@id":"https:\/\/dmcsrb.com\/sport\/nikac-porazen-u-drugom-kolu\/"},"author":{"name":"dmcsrbija.com@gmail.com","@id":"https:\/\/dmcsrb.com\/#\/schema\/person\/5c39170f12db1b8b457732d0b5c854e2"},"headline":"Nika\u010d pora\u017een u drugom kolu","datePublished":"2025-10-21T16:19:22+00:00","mainEntityOfPage":{"@id":"https:\/\/dmcsrb.com\/sport\/nikac-porazen-u-drugom-kolu\/"},"wordCount":184,"commentCount":0,"image":{"@id":"https:\/\/dmcsrb.com\/sport\/nikac-porazen-u-drugom-kolu\/#primaryimage"},"thumbnailUrl":"https:\/\/dmcsrb.com\/wp-content\/uploads\/2026\/01\/Nikac-POK-1.webp","keywords":["Predrag Nika\u010d","\u0160ahovska paraolimpijada za osobe sa invaliditetom u Astani"],"articleSection":["Sport"],"inLanguage":"en-GB","potentialAction":[{"@type":"CommentAction","name":"Comment","target":["https:\/\/dmcsrb.com\/sport\/nikac-porazen-u-drugom-kolu\/#respond"]}]},{"@type":"WebPage","@id":"https:\/\/dmcsrb.com\/sport\/nikac-porazen-u-drugom-kolu\/","url":"https:\/\/dmcsrb.com\/sport\/nikac-porazen-u-drugom-kolu\/","name":"Nika\u010d pora\u017een u drugom kolu - dmcsrb.com","isPartOf":{"@id":"https:\/\/dmcsrb.com\/#website"},"primaryImageOfPage":{"@id":"https:\/\/dmcsrb.com\/sport\/nikac-porazen-u-drugom-kolu\/#primaryimage"},"image":{"@id":"https:\/\/dmcsrb.com\/sport\/nikac-porazen-u-drugom-kolu\/#primaryimage"},"thumbnailUrl":"https:\/\/dmcsrb.com\/wp-content\/uploads\/2026\/01\/Nikac-POK-1.webp","datePublished":"2025-10-21T16:19:22+00:00","author":{"@id":"https:\/\/dmcsrb.com\/#\/schema\/person\/5c39170f12db1b8b457732d0b5c854e2"},"breadcrumb":{"@id":"https:\/\/dmcsrb.com\/sport\/nikac-porazen-u-drugom-kolu\/#breadcrumb"},"inLanguage":"en-GB","potentialAction":[{"@type":"ReadAction","target":["https:\/\/dmcsrb.com\/sport\/nikac-porazen-u-drugom-kolu\/"]}]},{"@type":"ImageObject","inLanguage":"en-GB","@id":"https:\/\/dmcsrb.com\/sport\/nikac-porazen-u-drugom-kolu\/#primaryimage","url":"https:\/\/dmcsrb.com\/wp-content\/uploads\/2026\/01\/Nikac-POK-1.webp","contentUrl":"https:\/\/dmcsrb.com\/wp-content\/uploads\/2026\/01\/Nikac-POK-1.webp","width":1080,"height":1016},{"@type":"BreadcrumbList","@id":"https:\/\/dmcsrb.com\/sport\/nikac-porazen-u-drugom-kolu\/#breadcrumb","itemListElement":[{"@type":"ListItem","position":1,"name":"Home","item":"https:\/\/dmcsrb.com\/"},{"@type":"ListItem","position":2,"name":"Nika\u010d pora\u017een u drugom kolu"}]},{"@type":"WebSite","@id":"https:\/\/dmcsrb.com\/#website","url":"https:\/\/dmcsrb.com\/","name":"dmcsrb.com","description":"","potentialAction":[{"@type":"SearchAction","target":{"@type":"EntryPoint","urlTemplate":"https:\/\/dmcsrb.com\/?s={search_term_string}"},"query-input":{"@type":"PropertyValueSpecification","valueRequired":true,"valueName":"search_term_string"}}],"inLanguage":"en-GB"},{"@type":"Person","@id":"https:\/\/dmcsrb.com\/#\/schema\/person\/5c39170f12db1b8b457732d0b5c854e2","name":"dmcsrbija.com@gmail.com","image":{"@type":"ImageObject","inLanguage":"en-GB","@id":"https:\/\/secure.gravatar.com\/avatar\/68592660ad6347fad0fb587f8d5d8f1a7b44961362f56e4f2cd524feb87e9069?s=96&d=mm&r=g","url":"https:\/\/secure.gravatar.com\/avatar\/68592660ad6347fad0fb587f8d5d8f1a7b44961362f56e4f2cd524feb87e9069?s=96&d=mm&r=g","contentUrl":"https:\/\/secure.gravatar.com\/avatar\/68592660ad6347fad0fb587f8d5d8f1a7b44961362f56e4f2cd524feb87e9069?s=96&d=mm&r=g","caption":"dmcsrbija.com@gmail.com"},"sameAs":["https:\/\/dmcsrb.com"],"url":"https:\/\/dmcsrb.com\/en\/author\/dmcsrbija-comgmail-com\/"}]}},"_links":{"self":[{"href":"https:\/\/dmcsrb.com\/en\/wp-json\/wp\/v2\/posts\/959278","targetHints":{"allow":["GET"]}}],"collection":[{"href":"https:\/\/dmcsrb.com\/en\/wp-json\/wp\/v2\/posts"}],"about":[{"href":"https:\/\/dmcsrb.com\/en\/wp-json\/wp\/v2\/types\/post"}],"author":[{"embeddable":true,"href":"https:\/\/dmcsrb.com\/en\/wp-json\/wp\/v2\/users\/1"}],"replies":[{"embeddable":true,"href":"https:\/\/dmcsrb.com\/en\/wp-json\/wp\/v2\/comments?post=959278"}],"version-history":[{"count":0,"href":"https:\/\/dmcsrb.com\/en\/wp-json\/wp\/v2\/posts\/959278\/revisions"}],"wp:featuredmedia":[{"embeddable":true,"href":"https:\/\/dmcsrb.com\/en\/wp-json\/wp\/v2\/media\/946974"}],"wp:attachment":[{"href":"https:\/\/dmcsrb.com\/en\/wp-json\/wp\/v2\/media?parent=959278"}],"wp:term":[{"taxonomy":"category","embeddable":true,"href":"https:\/\/dmcsrb.com\/en\/wp-json\/wp\/v2\/categories?post=959278"},{"taxonomy":"post_tag","embeddable":true,"href":"https:\/\/dmcsrb.com\/en\/wp-json\/wp\/v2\/tags?post=959278"},{"taxonomy":"naslovna","embeddable":true,"href":"https:\/\/dmcsrb.com\/en\/wp-json\/wp\/v2\/naslovna?post=959278"}],"curies":[{"name":"wp","href":"https:\/\/api.w.org\/{rel}","templated":true}]}}