{"id":959266,"date":"2025-10-21T19:45:00","date_gmt":"2025-10-21T17:45:00","guid":{"rendered":"https:\/\/dmcsrb.com\/uncategorized\/afp-tramp-pritiskao-zelenskog-da-preda-donbas\/"},"modified":"2025-10-21T19:45:00","modified_gmt":"2025-10-21T17:45:00","slug":"afp-tramp-pritiskao-zelenskog-da-preda-donbas","status":"publish","type":"post","link":"https:\/\/dmcsrb.com\/en\/svijet\/afp-tramp-pritiskao-zelenskog-da-preda-donbas\/","title":{"rendered":"AFP: Tramp pritiskao Zelenskog da preda Donbas"},"content":{"rendered":"<p><\/p>\n\n\n\n<p>Visoki ukrajinski zvani\u010dnik, koji je \u017eelio da ostane anoniman, rekao je danas Frans presu da je Tramp tra\u017eio povla\u010denje vojske Ukrajine sa teritorija koje su i dalje pod ukrajinskom kontrolom, \u0161to je jedan od glavnih zahtjeva ruskog predsjednika Vladimira Putina.<\/p>\n\n\n\n<p>Sastanak je bio &#8220;napet i te\u017eak&#8221;, ka\u017ee izvor Frans presa, i dodaje da Trampova diplomatija zvani\u010dnom Kijevu ostavlja utisak da se dvije strane &#8220;vrte u krug&#8221;.<\/p>","protected":false},"excerpt":{"rendered":"<p>Predsjednik SAD Donald Tramp je na sastanku pro\u0161log petka pritiskao ukrajinskog predsjednika Volodimira Zelenskog da Ukrajina svoju regiju Donbas preda Rusiji, javlja agencija Frans pres.<\/p>","protected":false},"author":1,"featured_media":916209,"comment_status":"open","ping_status":"open","sticky":false,"template":"","format":"standard","meta":{"_acf_changed":false,"footnotes":""},"categories":[144],"tags":[195,2045,234,1627],"naslovna":[],"class_list":["post-959266","post","type-post","status-publish","format-standard","has-post-thumbnail","hentry","category-svijet","tag-sad","tag-tramp","tag-ukrajina","tag-zelenski"],"acf":[],"yoast_head":"<!-- This site is optimized with the Yoast SEO plugin v27.4 - https:\/\/yoast.com\/product\/yoast-seo-wordpress\/ -->\n<title>AFP: Tramp pritiskao Zelenskog da preda Donbas - dmcsrb.com<\/title>\n<meta name=\"robots\" content=\"index, follow, max-snippet:-1, max-image-preview:large, max-video-preview:-1\" \/>\n<link rel=\"canonical\" href=\"https:\/\/dmcsrb.com\/en\/svijet\/afp-tramp-pritiskao-zelenskog-da-preda-donbas\/\" \/>\n<meta property=\"og:locale\" content=\"en_GB\" \/>\n<meta property=\"og:type\" content=\"article\" \/>\n<meta property=\"og:title\" content=\"AFP: Tramp pritiskao Zelenskog da preda Donbas - dmcsrb.com\" \/>\n<meta property=\"og:description\" content=\"Predsjednik SAD Donald Tramp je na sastanku pro\u0161log petka pritiskao ukrajinskog predsjednika Volodimira Zelenskog da Ukrajina svoju regiju Donbas preda Rusiji, javlja agencija Frans pres.\" \/>\n<meta property=\"og:url\" content=\"https:\/\/dmcsrb.com\/en\/svijet\/afp-tramp-pritiskao-zelenskog-da-preda-donbas\/\" \/>\n<meta property=\"og:site_name\" content=\"dmcsrb.com\" \/>\n<meta property=\"article:published_time\" content=\"2025-10-21T17:45:00+00:00\" \/>\n<meta property=\"og:image\" content=\"https:\/\/dmcsrb.com\/wp-content\/uploads\/2026\/01\/Tramp-i-Zelenski.jpg\" \/>\n\t<meta property=\"og:image:width\" content=\"1536\" \/>\n\t<meta property=\"og:image:height\" content=\"1024\" \/>\n\t<meta property=\"og:image:type\" content=\"image\/jpeg\" \/>\n<meta name=\"author\" content=\"dmcsrbija.com@gmail.com\" \/>\n<meta name=\"twitter:card\" content=\"summary_large_image\" \/>\n<meta name=\"twitter:label1\" content=\"Written by\" \/>\n\t<meta name=\"twitter:data1\" content=\"dmcsrbija.com@gmail.com\" \/>\n<script type=\"application\/ld+json\" class=\"yoast-schema-graph\">{\"@context\":\"https:\\\/\\\/schema.org\",\"@graph\":[{\"@type\":\"Article\",\"@id\":\"https:\\\/\\\/dmcsrb.com\\\/svijet\\\/afp-tramp-pritiskao-zelenskog-da-preda-donbas\\\/#article\",\"isPartOf\":{\"@id\":\"https:\\\/\\\/dmcsrb.com\\\/svijet\\\/afp-tramp-pritiskao-zelenskog-da-preda-donbas\\\/\"},\"author\":{\"name\":\"dmcsrbija.com@gmail.com\",\"@id\":\"https:\\\/\\\/dmcsrb.com\\\/#\\\/schema\\\/person\\\/5c39170f12db1b8b457732d0b5c854e2\"},\"headline\":\"AFP: Tramp pritiskao Zelenskog da preda Donbas\",\"datePublished\":\"2025-10-21T17:45:00+00:00\",\"mainEntityOfPage\":{\"@id\":\"https:\\\/\\\/dmcsrb.com\\\/svijet\\\/afp-tramp-pritiskao-zelenskog-da-preda-donbas\\\/\"},\"wordCount\":79,\"commentCount\":0,\"image\":{\"@id\":\"https:\\\/\\\/dmcsrb.com\\\/svijet\\\/afp-tramp-pritiskao-zelenskog-da-preda-donbas\\\/#primaryimage\"},\"thumbnailUrl\":\"https:\\\/\\\/dmcsrb.com\\\/wp-content\\\/uploads\\\/2026\\\/01\\\/Tramp-i-Zelenski.jpg\",\"keywords\":[\"SAD\",\"Tramp\",\"Ukrajina\",\"Zelenski\"],\"articleSection\":[\"Svijet\"],\"inLanguage\":\"en-GB\",\"potentialAction\":[{\"@type\":\"CommentAction\",\"name\":\"Comment\",\"target\":[\"https:\\\/\\\/dmcsrb.com\\\/svijet\\\/afp-tramp-pritiskao-zelenskog-da-preda-donbas\\\/#respond\"]}]},{\"@type\":\"WebPage\",\"@id\":\"https:\\\/\\\/dmcsrb.com\\\/svijet\\\/afp-tramp-pritiskao-zelenskog-da-preda-donbas\\\/\",\"url\":\"https:\\\/\\\/dmcsrb.com\\\/svijet\\\/afp-tramp-pritiskao-zelenskog-da-preda-donbas\\\/\",\"name\":\"AFP: Tramp pritiskao Zelenskog da preda Donbas - dmcsrb.com\",\"isPartOf\":{\"@id\":\"https:\\\/\\\/dmcsrb.com\\\/#website\"},\"primaryImageOfPage\":{\"@id\":\"https:\\\/\\\/dmcsrb.com\\\/svijet\\\/afp-tramp-pritiskao-zelenskog-da-preda-donbas\\\/#primaryimage\"},\"image\":{\"@id\":\"https:\\\/\\\/dmcsrb.com\\\/svijet\\\/afp-tramp-pritiskao-zelenskog-da-preda-donbas\\\/#primaryimage\"},\"thumbnailUrl\":\"https:\\\/\\\/dmcsrb.com\\\/wp-content\\\/uploads\\\/2026\\\/01\\\/Tramp-i-Zelenski.jpg\",\"datePublished\":\"2025-10-21T17:45:00+00:00\",\"author\":{\"@id\":\"https:\\\/\\\/dmcsrb.com\\\/#\\\/schema\\\/person\\\/5c39170f12db1b8b457732d0b5c854e2\"},\"breadcrumb\":{\"@id\":\"https:\\\/\\\/dmcsrb.com\\\/svijet\\\/afp-tramp-pritiskao-zelenskog-da-preda-donbas\\\/#breadcrumb\"},\"inLanguage\":\"en-GB\",\"potentialAction\":[{\"@type\":\"ReadAction\",\"target\":[\"https:\\\/\\\/dmcsrb.com\\\/svijet\\\/afp-tramp-pritiskao-zelenskog-da-preda-donbas\\\/\"]}]},{\"@type\":\"ImageObject\",\"inLanguage\":\"en-GB\",\"@id\":\"https:\\\/\\\/dmcsrb.com\\\/svijet\\\/afp-tramp-pritiskao-zelenskog-da-preda-donbas\\\/#primaryimage\",\"url\":\"https:\\\/\\\/dmcsrb.com\\\/wp-content\\\/uploads\\\/2026\\\/01\\\/Tramp-i-Zelenski.jpg\",\"contentUrl\":\"https:\\\/\\\/dmcsrb.com\\\/wp-content\\\/uploads\\\/2026\\\/01\\\/Tramp-i-Zelenski.jpg\",\"width\":1536,\"height\":1024},{\"@type\":\"BreadcrumbList\",\"@id\":\"https:\\\/\\\/dmcsrb.com\\\/svijet\\\/afp-tramp-pritiskao-zelenskog-da-preda-donbas\\\/#breadcrumb\",\"itemListElement\":[{\"@type\":\"ListItem\",\"position\":1,\"name\":\"Home\",\"item\":\"https:\\\/\\\/dmcsrb.com\\\/\"},{\"@type\":\"ListItem\",\"position\":2,\"name\":\"AFP: Tramp pritiskao Zelenskog da preda Donbas\"}]},{\"@type\":\"WebSite\",\"@id\":\"https:\\\/\\\/dmcsrb.com\\\/#website\",\"url\":\"https:\\\/\\\/dmcsrb.com\\\/\",\"name\":\"dmcsrb.com\",\"description\":\"\",\"potentialAction\":[{\"@type\":\"SearchAction\",\"target\":{\"@type\":\"EntryPoint\",\"urlTemplate\":\"https:\\\/\\\/dmcsrb.com\\\/?s={search_term_string}\"},\"query-input\":{\"@type\":\"PropertyValueSpecification\",\"valueRequired\":true,\"valueName\":\"search_term_string\"}}],\"inLanguage\":\"en-GB\"},{\"@type\":\"Person\",\"@id\":\"https:\\\/\\\/dmcsrb.com\\\/#\\\/schema\\\/person\\\/5c39170f12db1b8b457732d0b5c854e2\",\"name\":\"dmcsrbija.com@gmail.com\",\"image\":{\"@type\":\"ImageObject\",\"inLanguage\":\"en-GB\",\"@id\":\"https:\\\/\\\/secure.gravatar.com\\\/avatar\\\/68592660ad6347fad0fb587f8d5d8f1a7b44961362f56e4f2cd524feb87e9069?s=96&d=mm&r=g\",\"url\":\"https:\\\/\\\/secure.gravatar.com\\\/avatar\\\/68592660ad6347fad0fb587f8d5d8f1a7b44961362f56e4f2cd524feb87e9069?s=96&d=mm&r=g\",\"contentUrl\":\"https:\\\/\\\/secure.gravatar.com\\\/avatar\\\/68592660ad6347fad0fb587f8d5d8f1a7b44961362f56e4f2cd524feb87e9069?s=96&d=mm&r=g\",\"caption\":\"dmcsrbija.com@gmail.com\"},\"sameAs\":[\"https:\\\/\\\/dmcsrb.com\"],\"url\":\"https:\\\/\\\/dmcsrb.com\\\/en\\\/author\\\/dmcsrbija-comgmail-com\\\/\"}]}<\/script>\n<!-- \/ Yoast SEO plugin. -->","yoast_head_json":{"title":"AFP: Tramp pritiskao Zelenskog da preda Donbas - dmcsrb.com","robots":{"index":"index","follow":"follow","max-snippet":"max-snippet:-1","max-image-preview":"max-image-preview:large","max-video-preview":"max-video-preview:-1"},"canonical":"https:\/\/dmcsrb.com\/en\/svijet\/afp-tramp-pritiskao-zelenskog-da-preda-donbas\/","og_locale":"en_GB","og_type":"article","og_title":"AFP: Tramp pritiskao Zelenskog da preda Donbas - dmcsrb.com","og_description":"Predsjednik SAD Donald Tramp je na sastanku pro\u0161log petka pritiskao ukrajinskog predsjednika Volodimira Zelenskog da Ukrajina svoju regiju Donbas preda Rusiji, javlja agencija Frans pres.","og_url":"https:\/\/dmcsrb.com\/en\/svijet\/afp-tramp-pritiskao-zelenskog-da-preda-donbas\/","og_site_name":"dmcsrb.com","article_published_time":"2025-10-21T17:45:00+00:00","og_image":[{"width":1536,"height":1024,"url":"https:\/\/dmcsrb.com\/wp-content\/uploads\/2026\/01\/Tramp-i-Zelenski.jpg","type":"image\/jpeg"}],"author":"dmcsrbija.com@gmail.com","twitter_card":"summary_large_image","twitter_misc":{"Written by":"dmcsrbija.com@gmail.com"},"schema":{"@context":"https:\/\/schema.org","@graph":[{"@type":"Article","@id":"https:\/\/dmcsrb.com\/svijet\/afp-tramp-pritiskao-zelenskog-da-preda-donbas\/#article","isPartOf":{"@id":"https:\/\/dmcsrb.com\/svijet\/afp-tramp-pritiskao-zelenskog-da-preda-donbas\/"},"author":{"name":"dmcsrbija.com@gmail.com","@id":"https:\/\/dmcsrb.com\/#\/schema\/person\/5c39170f12db1b8b457732d0b5c854e2"},"headline":"AFP: Tramp pritiskao Zelenskog da preda Donbas","datePublished":"2025-10-21T17:45:00+00:00","mainEntityOfPage":{"@id":"https:\/\/dmcsrb.com\/svijet\/afp-tramp-pritiskao-zelenskog-da-preda-donbas\/"},"wordCount":79,"commentCount":0,"image":{"@id":"https:\/\/dmcsrb.com\/svijet\/afp-tramp-pritiskao-zelenskog-da-preda-donbas\/#primaryimage"},"thumbnailUrl":"https:\/\/dmcsrb.com\/wp-content\/uploads\/2026\/01\/Tramp-i-Zelenski.jpg","keywords":["SAD","Tramp","Ukrajina","Zelenski"],"articleSection":["Svijet"],"inLanguage":"en-GB","potentialAction":[{"@type":"CommentAction","name":"Comment","target":["https:\/\/dmcsrb.com\/svijet\/afp-tramp-pritiskao-zelenskog-da-preda-donbas\/#respond"]}]},{"@type":"WebPage","@id":"https:\/\/dmcsrb.com\/svijet\/afp-tramp-pritiskao-zelenskog-da-preda-donbas\/","url":"https:\/\/dmcsrb.com\/svijet\/afp-tramp-pritiskao-zelenskog-da-preda-donbas\/","name":"AFP: Tramp pritiskao Zelenskog da preda Donbas - dmcsrb.com","isPartOf":{"@id":"https:\/\/dmcsrb.com\/#website"},"primaryImageOfPage":{"@id":"https:\/\/dmcsrb.com\/svijet\/afp-tramp-pritiskao-zelenskog-da-preda-donbas\/#primaryimage"},"image":{"@id":"https:\/\/dmcsrb.com\/svijet\/afp-tramp-pritiskao-zelenskog-da-preda-donbas\/#primaryimage"},"thumbnailUrl":"https:\/\/dmcsrb.com\/wp-content\/uploads\/2026\/01\/Tramp-i-Zelenski.jpg","datePublished":"2025-10-21T17:45:00+00:00","author":{"@id":"https:\/\/dmcsrb.com\/#\/schema\/person\/5c39170f12db1b8b457732d0b5c854e2"},"breadcrumb":{"@id":"https:\/\/dmcsrb.com\/svijet\/afp-tramp-pritiskao-zelenskog-da-preda-donbas\/#breadcrumb"},"inLanguage":"en-GB","potentialAction":[{"@type":"ReadAction","target":["https:\/\/dmcsrb.com\/svijet\/afp-tramp-pritiskao-zelenskog-da-preda-donbas\/"]}]},{"@type":"ImageObject","inLanguage":"en-GB","@id":"https:\/\/dmcsrb.com\/svijet\/afp-tramp-pritiskao-zelenskog-da-preda-donbas\/#primaryimage","url":"https:\/\/dmcsrb.com\/wp-content\/uploads\/2026\/01\/Tramp-i-Zelenski.jpg","contentUrl":"https:\/\/dmcsrb.com\/wp-content\/uploads\/2026\/01\/Tramp-i-Zelenski.jpg","width":1536,"height":1024},{"@type":"BreadcrumbList","@id":"https:\/\/dmcsrb.com\/svijet\/afp-tramp-pritiskao-zelenskog-da-preda-donbas\/#breadcrumb","itemListElement":[{"@type":"ListItem","position":1,"name":"Home","item":"https:\/\/dmcsrb.com\/"},{"@type":"ListItem","position":2,"name":"AFP: Tramp pritiskao Zelenskog da preda Donbas"}]},{"@type":"WebSite","@id":"https:\/\/dmcsrb.com\/#website","url":"https:\/\/dmcsrb.com\/","name":"dmcsrb.com","description":"","potentialAction":[{"@type":"SearchAction","target":{"@type":"EntryPoint","urlTemplate":"https:\/\/dmcsrb.com\/?s={search_term_string}"},"query-input":{"@type":"PropertyValueSpecification","valueRequired":true,"valueName":"search_term_string"}}],"inLanguage":"en-GB"},{"@type":"Person","@id":"https:\/\/dmcsrb.com\/#\/schema\/person\/5c39170f12db1b8b457732d0b5c854e2","name":"dmcsrbija.com@gmail.com","image":{"@type":"ImageObject","inLanguage":"en-GB","@id":"https:\/\/secure.gravatar.com\/avatar\/68592660ad6347fad0fb587f8d5d8f1a7b44961362f56e4f2cd524feb87e9069?s=96&d=mm&r=g","url":"https:\/\/secure.gravatar.com\/avatar\/68592660ad6347fad0fb587f8d5d8f1a7b44961362f56e4f2cd524feb87e9069?s=96&d=mm&r=g","contentUrl":"https:\/\/secure.gravatar.com\/avatar\/68592660ad6347fad0fb587f8d5d8f1a7b44961362f56e4f2cd524feb87e9069?s=96&d=mm&r=g","caption":"dmcsrbija.com@gmail.com"},"sameAs":["https:\/\/dmcsrb.com"],"url":"https:\/\/dmcsrb.com\/en\/author\/dmcsrbija-comgmail-com\/"}]}},"_links":{"self":[{"href":"https:\/\/dmcsrb.com\/en\/wp-json\/wp\/v2\/posts\/959266","targetHints":{"allow":["GET"]}}],"collection":[{"href":"https:\/\/dmcsrb.com\/en\/wp-json\/wp\/v2\/posts"}],"about":[{"href":"https:\/\/dmcsrb.com\/en\/wp-json\/wp\/v2\/types\/post"}],"author":[{"embeddable":true,"href":"https:\/\/dmcsrb.com\/en\/wp-json\/wp\/v2\/users\/1"}],"replies":[{"embeddable":true,"href":"https:\/\/dmcsrb.com\/en\/wp-json\/wp\/v2\/comments?post=959266"}],"version-history":[{"count":0,"href":"https:\/\/dmcsrb.com\/en\/wp-json\/wp\/v2\/posts\/959266\/revisions"}],"wp:featuredmedia":[{"embeddable":true,"href":"https:\/\/dmcsrb.com\/en\/wp-json\/wp\/v2\/media\/916209"}],"wp:attachment":[{"href":"https:\/\/dmcsrb.com\/en\/wp-json\/wp\/v2\/media?parent=959266"}],"wp:term":[{"taxonomy":"category","embeddable":true,"href":"https:\/\/dmcsrb.com\/en\/wp-json\/wp\/v2\/categories?post=959266"},{"taxonomy":"post_tag","embeddable":true,"href":"https:\/\/dmcsrb.com\/en\/wp-json\/wp\/v2\/tags?post=959266"},{"taxonomy":"naslovna","embeddable":true,"href":"https:\/\/dmcsrb.com\/en\/wp-json\/wp\/v2\/naslovna?post=959266"}],"curies":[{"name":"wp","href":"https:\/\/api.w.org\/{rel}","templated":true}]}}