{"id":959256,"date":"2025-10-21T16:30:00","date_gmt":"2025-10-21T14:30:00","guid":{"rendered":"https:\/\/dmcsrb.com\/uncategorized\/milatovic-izbor-niksica-za-evropsku-prijestonicu-kulture-potvrdjuje-da-crna-gora-gradi-svoju-buducnost-kroz-kulturu-i-razvoj\/"},"modified":"2025-10-21T16:30:00","modified_gmt":"2025-10-21T14:30:00","slug":"milatovic-izbor-niksica-za-evropsku-prijestonicu-kulture-potvrdjuje-da-crna-gora-gradi-svoju-buducnost-kroz-kulturu-i-razvoj","status":"publish","type":"post","link":"https:\/\/dmcsrb.com\/en\/kultura\/milatovic-izbor-niksica-za-evropsku-prijestonicu-kulture-potvrdjuje-da-crna-gora-gradi-svoju-buducnost-kroz-kulturu-i-razvoj\/","title":{"rendered":"Milatovi\u0107: Izbor Nik\u0161i\u0107a za Evropsku prijestonicu kulture potvr\u0111uje da Crna Gora gradi svoju budu\u0107nost kroz kulturu i razvoj"},"content":{"rendered":"<p><\/p>\n\n\n\n<p>&#8221;Nik\u0161i\u0107 je kroz istoriju dao nemjerljiv doprinos kulturnom i dr\u017eavnom identitetu Crne Gore. Na temeljima kulture gradimo viziju budu\u0107nosti cijele na\u0161e zemlje. Kultura je oduvijek bila pokreta\u010d razvoja i napretka dru\u0161tva. Slijede\u0107i primjer Nik\u0161i\u0107a, cijela Crna Gora mora ubrzati promjene, oslanjaju\u0107i se na na\u0161e ljude i njihov ogroman stvarala\u010dki potencijal&#8221;, kazao je Milatovi\u0107.<\/p>\n\n\n\n<p>Izbor Nik\u0161i\u0107a za Evropsku prijestonicu kulture 2030. godine potvr\u0111uje da Crna Gora gradi svoju budu\u0107nost kroz kulturu i razvoj, zauzimaju\u0107i svoje zaslu\u017eeno mjesto u Evropi. Uvjeren sam da \u0107e ova velika pobjeda Nik\u0161i\u0107a biti sna\u017ean podsticaj daljem kulturnom, dru\u0161tvenom i ekonomskom razvoju, kao i potvrda da je Crna Gora spremna da postane naredna \u010dlanica Evropske unije, naveo je Milatovi\u0107.<\/p>\n\n\n\n<p>&#8221;\u010cestitam Nik\u0161i\u0107u \u2013 Evropskoj prijestonici kulture 2030&#8221;, zaklju\u010duje Milatovi\u0107.<\/p>\n\n\n\n<figure class=\"wp-block-embed is-type-rich is-provider-twitter wp-block-embed-twitter\"><div class=\"wp-block-embed__wrapper\">\n<blockquote class=\"twitter-tweet\" data-width=\"500\" data-dnt=\"true\"><p lang=\"und\" dir=\"ltr\">\u010cestitam gra\u0111ankama i gra\u0111anima Nik\u0161i\u0107a, predsjedniku Op\u0161tine Nik\u0161i\u0107 i njegovom timu, kao i svima koji su doprinijeli da Nik\u0161i\u0107 bude izabran za Evropsku prijestonicu kulture 2030. godine.<br><br>Nik\u0161i\u0107 je kroz istoriju dao nemjerljiv doprinos kulturnom i dr\u017eavnom identitetu Crne Gore.\u2026<\/p>&mdash; Jakov Milatovic \ud83c\uddf2\ud83c\uddea\ud83c\uddea\ud83c\uddfa (@JakovMilatovic) <a href=\"https:\/\/twitter.com\/JakovMilatovic\/status\/1980668261961224565?ref_src=twsrc%5Etfw\">October 21, 2025<\/a><\/blockquote><script async src=\"https:\/\/platform.twitter.com\/widgets.js\" charset=\"utf-8\"><\/script>\n<\/div><\/figure>","protected":false},"excerpt":{"rendered":"<p>\u010cestitam gra\u0111ankama i gra\u0111anima Nik\u0161i\u0107a, predsjedniku Op\u0161tine Nik\u0161i\u0107 i njegovom timu, kao i svima koji su doprinijeli da Nik\u0161i\u0107 bude izabran za Evropsku prijestonicu kulture 2030. godine, saop\u0161tio je na mre\u017ei X crnogorski predsjednik Jakov Milatovi\u0107.<\/p>","protected":false},"author":1,"featured_media":909373,"comment_status":"open","ping_status":"open","sticky":false,"template":"","format":"standard","meta":{"_acf_changed":false,"footnotes":""},"categories":[50],"tags":[95,1751,90,12153,491],"naslovna":[],"class_list":["post-959256","post","type-post","status-publish","format-standard","has-post-thumbnail","hentry","category-kultura","tag-crna-gora","tag-evropska-prestonica-kulture","tag-jakov-milatovic","tag-kultura-i-razvoj","tag-niksic-4"],"acf":[],"yoast_head":"<!-- This site is optimized with the Yoast SEO plugin v27.4 - https:\/\/yoast.com\/product\/yoast-seo-wordpress\/ -->\n<title>Milatovi\u0107: Izbor Nik\u0161i\u0107a za Evropsku prijestonicu kulture potvr\u0111uje da Crna Gora gradi svoju budu\u0107nost kroz kulturu i razvoj - dmcsrb.com<\/title>\n<meta name=\"robots\" content=\"index, follow, max-snippet:-1, max-image-preview:large, max-video-preview:-1\" \/>\n<link rel=\"canonical\" href=\"https:\/\/dmcsrb.com\/en\/kultura\/milatovic-izbor-niksica-za-evropsku-prijestonicu-kulture-potvrdjuje-da-crna-gora-gradi-svoju-buducnost-kroz-kulturu-i-razvoj\/\" \/>\n<meta property=\"og:locale\" content=\"en_GB\" \/>\n<meta property=\"og:type\" content=\"article\" \/>\n<meta property=\"og:title\" content=\"Milatovi\u0107: Izbor Nik\u0161i\u0107a za Evropsku prijestonicu kulture potvr\u0111uje da Crna Gora gradi svoju budu\u0107nost kroz kulturu i razvoj - dmcsrb.com\" \/>\n<meta property=\"og:description\" content=\"\u010cestitam gra\u0111ankama i gra\u0111anima Nik\u0161i\u0107a, predsjedniku Op\u0161tine Nik\u0161i\u0107 i njegovom timu, kao i svima koji su doprinijeli da Nik\u0161i\u0107 bude izabran za Evropsku prijestonicu kulture 2030. godine, saop\u0161tio je na mre\u017ei X crnogorski predsjednik Jakov Milatovi\u0107.\" \/>\n<meta property=\"og:url\" content=\"https:\/\/dmcsrb.com\/en\/kultura\/milatovic-izbor-niksica-za-evropsku-prijestonicu-kulture-potvrdjuje-da-crna-gora-gradi-svoju-buducnost-kroz-kulturu-i-razvoj\/\" \/>\n<meta property=\"og:site_name\" content=\"dmcsrb.com\" \/>\n<meta property=\"article:published_time\" content=\"2025-10-21T14:30:00+00:00\" \/>\n<meta property=\"og:image\" content=\"https:\/\/dmcsrb.com\/wp-content\/uploads\/2026\/01\/milatovic.jpg\" \/>\n\t<meta property=\"og:image:width\" content=\"1320\" \/>\n\t<meta property=\"og:image:height\" content=\"733\" \/>\n\t<meta property=\"og:image:type\" content=\"image\/jpeg\" \/>\n<meta name=\"author\" content=\"dmcsrbija.com@gmail.com\" \/>\n<meta name=\"twitter:card\" content=\"summary_large_image\" \/>\n<meta name=\"twitter:label1\" content=\"Written by\" \/>\n\t<meta name=\"twitter:data1\" content=\"dmcsrbija.com@gmail.com\" \/>\n\t<meta name=\"twitter:label2\" content=\"Estimated reading time\" \/>\n\t<meta name=\"twitter:data2\" content=\"1 minute\" \/>\n<script type=\"application\/ld+json\" class=\"yoast-schema-graph\">{\"@context\":\"https:\\\/\\\/schema.org\",\"@graph\":[{\"@type\":\"Article\",\"@id\":\"https:\\\/\\\/dmcsrb.com\\\/kultura\\\/milatovic-izbor-niksica-za-evropsku-prijestonicu-kulture-potvrdjuje-da-crna-gora-gradi-svoju-buducnost-kroz-kulturu-i-razvoj\\\/#article\",\"isPartOf\":{\"@id\":\"https:\\\/\\\/dmcsrb.com\\\/kultura\\\/milatovic-izbor-niksica-za-evropsku-prijestonicu-kulture-potvrdjuje-da-crna-gora-gradi-svoju-buducnost-kroz-kulturu-i-razvoj\\\/\"},\"author\":{\"name\":\"dmcsrbija.com@gmail.com\",\"@id\":\"https:\\\/\\\/dmcsrb.com\\\/#\\\/schema\\\/person\\\/5c39170f12db1b8b457732d0b5c854e2\"},\"headline\":\"Milatovi\u0107: Izbor Nik\u0161i\u0107a za Evropsku prijestonicu kulture potvr\u0111uje da Crna Gora gradi svoju budu\u0107nost kroz kulturu i razvoj\",\"datePublished\":\"2025-10-21T14:30:00+00:00\",\"mainEntityOfPage\":{\"@id\":\"https:\\\/\\\/dmcsrb.com\\\/kultura\\\/milatovic-izbor-niksica-za-evropsku-prijestonicu-kulture-potvrdjuje-da-crna-gora-gradi-svoju-buducnost-kroz-kulturu-i-razvoj\\\/\"},\"wordCount\":169,\"commentCount\":0,\"image\":{\"@id\":\"https:\\\/\\\/dmcsrb.com\\\/kultura\\\/milatovic-izbor-niksica-za-evropsku-prijestonicu-kulture-potvrdjuje-da-crna-gora-gradi-svoju-buducnost-kroz-kulturu-i-razvoj\\\/#primaryimage\"},\"thumbnailUrl\":\"https:\\\/\\\/dmcsrb.com\\\/wp-content\\\/uploads\\\/2026\\\/01\\\/milatovic.jpg\",\"keywords\":[\"Crna Gora\",\"Evropska prestonica kulture\",\"Jakov Milatovi\u0107\",\"Kultura i razvoj\",\"Niksic\"],\"articleSection\":[\"Kultura\"],\"inLanguage\":\"en-GB\",\"potentialAction\":[{\"@type\":\"CommentAction\",\"name\":\"Comment\",\"target\":[\"https:\\\/\\\/dmcsrb.com\\\/kultura\\\/milatovic-izbor-niksica-za-evropsku-prijestonicu-kulture-potvrdjuje-da-crna-gora-gradi-svoju-buducnost-kroz-kulturu-i-razvoj\\\/#respond\"]}]},{\"@type\":\"WebPage\",\"@id\":\"https:\\\/\\\/dmcsrb.com\\\/kultura\\\/milatovic-izbor-niksica-za-evropsku-prijestonicu-kulture-potvrdjuje-da-crna-gora-gradi-svoju-buducnost-kroz-kulturu-i-razvoj\\\/\",\"url\":\"https:\\\/\\\/dmcsrb.com\\\/kultura\\\/milatovic-izbor-niksica-za-evropsku-prijestonicu-kulture-potvrdjuje-da-crna-gora-gradi-svoju-buducnost-kroz-kulturu-i-razvoj\\\/\",\"name\":\"Milatovi\u0107: Izbor Nik\u0161i\u0107a za Evropsku prijestonicu kulture potvr\u0111uje da Crna Gora gradi svoju budu\u0107nost kroz kulturu i razvoj - dmcsrb.com\",\"isPartOf\":{\"@id\":\"https:\\\/\\\/dmcsrb.com\\\/#website\"},\"primaryImageOfPage\":{\"@id\":\"https:\\\/\\\/dmcsrb.com\\\/kultura\\\/milatovic-izbor-niksica-za-evropsku-prijestonicu-kulture-potvrdjuje-da-crna-gora-gradi-svoju-buducnost-kroz-kulturu-i-razvoj\\\/#primaryimage\"},\"image\":{\"@id\":\"https:\\\/\\\/dmcsrb.com\\\/kultura\\\/milatovic-izbor-niksica-za-evropsku-prijestonicu-kulture-potvrdjuje-da-crna-gora-gradi-svoju-buducnost-kroz-kulturu-i-razvoj\\\/#primaryimage\"},\"thumbnailUrl\":\"https:\\\/\\\/dmcsrb.com\\\/wp-content\\\/uploads\\\/2026\\\/01\\\/milatovic.jpg\",\"datePublished\":\"2025-10-21T14:30:00+00:00\",\"author\":{\"@id\":\"https:\\\/\\\/dmcsrb.com\\\/#\\\/schema\\\/person\\\/5c39170f12db1b8b457732d0b5c854e2\"},\"breadcrumb\":{\"@id\":\"https:\\\/\\\/dmcsrb.com\\\/kultura\\\/milatovic-izbor-niksica-za-evropsku-prijestonicu-kulture-potvrdjuje-da-crna-gora-gradi-svoju-buducnost-kroz-kulturu-i-razvoj\\\/#breadcrumb\"},\"inLanguage\":\"en-GB\",\"potentialAction\":[{\"@type\":\"ReadAction\",\"target\":[\"https:\\\/\\\/dmcsrb.com\\\/kultura\\\/milatovic-izbor-niksica-za-evropsku-prijestonicu-kulture-potvrdjuje-da-crna-gora-gradi-svoju-buducnost-kroz-kulturu-i-razvoj\\\/\"]}]},{\"@type\":\"ImageObject\",\"inLanguage\":\"en-GB\",\"@id\":\"https:\\\/\\\/dmcsrb.com\\\/kultura\\\/milatovic-izbor-niksica-za-evropsku-prijestonicu-kulture-potvrdjuje-da-crna-gora-gradi-svoju-buducnost-kroz-kulturu-i-razvoj\\\/#primaryimage\",\"url\":\"https:\\\/\\\/dmcsrb.com\\\/wp-content\\\/uploads\\\/2026\\\/01\\\/milatovic.jpg\",\"contentUrl\":\"https:\\\/\\\/dmcsrb.com\\\/wp-content\\\/uploads\\\/2026\\\/01\\\/milatovic.jpg\",\"width\":1320,\"height\":733},{\"@type\":\"BreadcrumbList\",\"@id\":\"https:\\\/\\\/dmcsrb.com\\\/kultura\\\/milatovic-izbor-niksica-za-evropsku-prijestonicu-kulture-potvrdjuje-da-crna-gora-gradi-svoju-buducnost-kroz-kulturu-i-razvoj\\\/#breadcrumb\",\"itemListElement\":[{\"@type\":\"ListItem\",\"position\":1,\"name\":\"Home\",\"item\":\"https:\\\/\\\/dmcsrb.com\\\/\"},{\"@type\":\"ListItem\",\"position\":2,\"name\":\"Milatovi\u0107: Izbor Nik\u0161i\u0107a za Evropsku prijestonicu kulture potvr\u0111uje da Crna Gora gradi svoju budu\u0107nost kroz kulturu i razvoj\"}]},{\"@type\":\"WebSite\",\"@id\":\"https:\\\/\\\/dmcsrb.com\\\/#website\",\"url\":\"https:\\\/\\\/dmcsrb.com\\\/\",\"name\":\"dmcsrb.com\",\"description\":\"\",\"potentialAction\":[{\"@type\":\"SearchAction\",\"target\":{\"@type\":\"EntryPoint\",\"urlTemplate\":\"https:\\\/\\\/dmcsrb.com\\\/?s={search_term_string}\"},\"query-input\":{\"@type\":\"PropertyValueSpecification\",\"valueRequired\":true,\"valueName\":\"search_term_string\"}}],\"inLanguage\":\"en-GB\"},{\"@type\":\"Person\",\"@id\":\"https:\\\/\\\/dmcsrb.com\\\/#\\\/schema\\\/person\\\/5c39170f12db1b8b457732d0b5c854e2\",\"name\":\"dmcsrbija.com@gmail.com\",\"image\":{\"@type\":\"ImageObject\",\"inLanguage\":\"en-GB\",\"@id\":\"https:\\\/\\\/secure.gravatar.com\\\/avatar\\\/68592660ad6347fad0fb587f8d5d8f1a7b44961362f56e4f2cd524feb87e9069?s=96&d=mm&r=g\",\"url\":\"https:\\\/\\\/secure.gravatar.com\\\/avatar\\\/68592660ad6347fad0fb587f8d5d8f1a7b44961362f56e4f2cd524feb87e9069?s=96&d=mm&r=g\",\"contentUrl\":\"https:\\\/\\\/secure.gravatar.com\\\/avatar\\\/68592660ad6347fad0fb587f8d5d8f1a7b44961362f56e4f2cd524feb87e9069?s=96&d=mm&r=g\",\"caption\":\"dmcsrbija.com@gmail.com\"},\"sameAs\":[\"https:\\\/\\\/dmcsrb.com\"],\"url\":\"https:\\\/\\\/dmcsrb.com\\\/en\\\/author\\\/dmcsrbija-comgmail-com\\\/\"}]}<\/script>\n<!-- \/ Yoast SEO plugin. -->","yoast_head_json":{"title":"Milatovi\u0107: Izbor Nik\u0161i\u0107a za Evropsku prijestonicu kulture potvr\u0111uje da Crna Gora gradi svoju budu\u0107nost kroz kulturu i razvoj - dmcsrb.com","robots":{"index":"index","follow":"follow","max-snippet":"max-snippet:-1","max-image-preview":"max-image-preview:large","max-video-preview":"max-video-preview:-1"},"canonical":"https:\/\/dmcsrb.com\/en\/kultura\/milatovic-izbor-niksica-za-evropsku-prijestonicu-kulture-potvrdjuje-da-crna-gora-gradi-svoju-buducnost-kroz-kulturu-i-razvoj\/","og_locale":"en_GB","og_type":"article","og_title":"Milatovi\u0107: Izbor Nik\u0161i\u0107a za Evropsku prijestonicu kulture potvr\u0111uje da Crna Gora gradi svoju budu\u0107nost kroz kulturu i razvoj - dmcsrb.com","og_description":"\u010cestitam gra\u0111ankama i gra\u0111anima Nik\u0161i\u0107a, predsjedniku Op\u0161tine Nik\u0161i\u0107 i njegovom timu, kao i svima koji su doprinijeli da Nik\u0161i\u0107 bude izabran za Evropsku prijestonicu kulture 2030. godine, saop\u0161tio je na mre\u017ei X crnogorski predsjednik Jakov Milatovi\u0107.","og_url":"https:\/\/dmcsrb.com\/en\/kultura\/milatovic-izbor-niksica-za-evropsku-prijestonicu-kulture-potvrdjuje-da-crna-gora-gradi-svoju-buducnost-kroz-kulturu-i-razvoj\/","og_site_name":"dmcsrb.com","article_published_time":"2025-10-21T14:30:00+00:00","og_image":[{"width":1320,"height":733,"url":"https:\/\/dmcsrb.com\/wp-content\/uploads\/2026\/01\/milatovic.jpg","type":"image\/jpeg"}],"author":"dmcsrbija.com@gmail.com","twitter_card":"summary_large_image","twitter_misc":{"Written by":"dmcsrbija.com@gmail.com","Estimated reading time":"1 minute"},"schema":{"@context":"https:\/\/schema.org","@graph":[{"@type":"Article","@id":"https:\/\/dmcsrb.com\/kultura\/milatovic-izbor-niksica-za-evropsku-prijestonicu-kulture-potvrdjuje-da-crna-gora-gradi-svoju-buducnost-kroz-kulturu-i-razvoj\/#article","isPartOf":{"@id":"https:\/\/dmcsrb.com\/kultura\/milatovic-izbor-niksica-za-evropsku-prijestonicu-kulture-potvrdjuje-da-crna-gora-gradi-svoju-buducnost-kroz-kulturu-i-razvoj\/"},"author":{"name":"dmcsrbija.com@gmail.com","@id":"https:\/\/dmcsrb.com\/#\/schema\/person\/5c39170f12db1b8b457732d0b5c854e2"},"headline":"Milatovi\u0107: Izbor Nik\u0161i\u0107a za Evropsku prijestonicu kulture potvr\u0111uje da Crna Gora gradi svoju budu\u0107nost kroz kulturu i razvoj","datePublished":"2025-10-21T14:30:00+00:00","mainEntityOfPage":{"@id":"https:\/\/dmcsrb.com\/kultura\/milatovic-izbor-niksica-za-evropsku-prijestonicu-kulture-potvrdjuje-da-crna-gora-gradi-svoju-buducnost-kroz-kulturu-i-razvoj\/"},"wordCount":169,"commentCount":0,"image":{"@id":"https:\/\/dmcsrb.com\/kultura\/milatovic-izbor-niksica-za-evropsku-prijestonicu-kulture-potvrdjuje-da-crna-gora-gradi-svoju-buducnost-kroz-kulturu-i-razvoj\/#primaryimage"},"thumbnailUrl":"https:\/\/dmcsrb.com\/wp-content\/uploads\/2026\/01\/milatovic.jpg","keywords":["Crna Gora","Evropska prestonica kulture","Jakov Milatovi\u0107","Kultura i razvoj","Niksic"],"articleSection":["Kultura"],"inLanguage":"en-GB","potentialAction":[{"@type":"CommentAction","name":"Comment","target":["https:\/\/dmcsrb.com\/kultura\/milatovic-izbor-niksica-za-evropsku-prijestonicu-kulture-potvrdjuje-da-crna-gora-gradi-svoju-buducnost-kroz-kulturu-i-razvoj\/#respond"]}]},{"@type":"WebPage","@id":"https:\/\/dmcsrb.com\/kultura\/milatovic-izbor-niksica-za-evropsku-prijestonicu-kulture-potvrdjuje-da-crna-gora-gradi-svoju-buducnost-kroz-kulturu-i-razvoj\/","url":"https:\/\/dmcsrb.com\/kultura\/milatovic-izbor-niksica-za-evropsku-prijestonicu-kulture-potvrdjuje-da-crna-gora-gradi-svoju-buducnost-kroz-kulturu-i-razvoj\/","name":"Milatovi\u0107: Izbor Nik\u0161i\u0107a za Evropsku prijestonicu kulture potvr\u0111uje da Crna Gora gradi svoju budu\u0107nost kroz kulturu i razvoj - dmcsrb.com","isPartOf":{"@id":"https:\/\/dmcsrb.com\/#website"},"primaryImageOfPage":{"@id":"https:\/\/dmcsrb.com\/kultura\/milatovic-izbor-niksica-za-evropsku-prijestonicu-kulture-potvrdjuje-da-crna-gora-gradi-svoju-buducnost-kroz-kulturu-i-razvoj\/#primaryimage"},"image":{"@id":"https:\/\/dmcsrb.com\/kultura\/milatovic-izbor-niksica-za-evropsku-prijestonicu-kulture-potvrdjuje-da-crna-gora-gradi-svoju-buducnost-kroz-kulturu-i-razvoj\/#primaryimage"},"thumbnailUrl":"https:\/\/dmcsrb.com\/wp-content\/uploads\/2026\/01\/milatovic.jpg","datePublished":"2025-10-21T14:30:00+00:00","author":{"@id":"https:\/\/dmcsrb.com\/#\/schema\/person\/5c39170f12db1b8b457732d0b5c854e2"},"breadcrumb":{"@id":"https:\/\/dmcsrb.com\/kultura\/milatovic-izbor-niksica-za-evropsku-prijestonicu-kulture-potvrdjuje-da-crna-gora-gradi-svoju-buducnost-kroz-kulturu-i-razvoj\/#breadcrumb"},"inLanguage":"en-GB","potentialAction":[{"@type":"ReadAction","target":["https:\/\/dmcsrb.com\/kultura\/milatovic-izbor-niksica-za-evropsku-prijestonicu-kulture-potvrdjuje-da-crna-gora-gradi-svoju-buducnost-kroz-kulturu-i-razvoj\/"]}]},{"@type":"ImageObject","inLanguage":"en-GB","@id":"https:\/\/dmcsrb.com\/kultura\/milatovic-izbor-niksica-za-evropsku-prijestonicu-kulture-potvrdjuje-da-crna-gora-gradi-svoju-buducnost-kroz-kulturu-i-razvoj\/#primaryimage","url":"https:\/\/dmcsrb.com\/wp-content\/uploads\/2026\/01\/milatovic.jpg","contentUrl":"https:\/\/dmcsrb.com\/wp-content\/uploads\/2026\/01\/milatovic.jpg","width":1320,"height":733},{"@type":"BreadcrumbList","@id":"https:\/\/dmcsrb.com\/kultura\/milatovic-izbor-niksica-za-evropsku-prijestonicu-kulture-potvrdjuje-da-crna-gora-gradi-svoju-buducnost-kroz-kulturu-i-razvoj\/#breadcrumb","itemListElement":[{"@type":"ListItem","position":1,"name":"Home","item":"https:\/\/dmcsrb.com\/"},{"@type":"ListItem","position":2,"name":"Milatovi\u0107: Izbor Nik\u0161i\u0107a za Evropsku prijestonicu kulture potvr\u0111uje da Crna Gora gradi svoju budu\u0107nost kroz kulturu i razvoj"}]},{"@type":"WebSite","@id":"https:\/\/dmcsrb.com\/#website","url":"https:\/\/dmcsrb.com\/","name":"dmcsrb.com","description":"","potentialAction":[{"@type":"SearchAction","target":{"@type":"EntryPoint","urlTemplate":"https:\/\/dmcsrb.com\/?s={search_term_string}"},"query-input":{"@type":"PropertyValueSpecification","valueRequired":true,"valueName":"search_term_string"}}],"inLanguage":"en-GB"},{"@type":"Person","@id":"https:\/\/dmcsrb.com\/#\/schema\/person\/5c39170f12db1b8b457732d0b5c854e2","name":"dmcsrbija.com@gmail.com","image":{"@type":"ImageObject","inLanguage":"en-GB","@id":"https:\/\/secure.gravatar.com\/avatar\/68592660ad6347fad0fb587f8d5d8f1a7b44961362f56e4f2cd524feb87e9069?s=96&d=mm&r=g","url":"https:\/\/secure.gravatar.com\/avatar\/68592660ad6347fad0fb587f8d5d8f1a7b44961362f56e4f2cd524feb87e9069?s=96&d=mm&r=g","contentUrl":"https:\/\/secure.gravatar.com\/avatar\/68592660ad6347fad0fb587f8d5d8f1a7b44961362f56e4f2cd524feb87e9069?s=96&d=mm&r=g","caption":"dmcsrbija.com@gmail.com"},"sameAs":["https:\/\/dmcsrb.com"],"url":"https:\/\/dmcsrb.com\/en\/author\/dmcsrbija-comgmail-com\/"}]}},"_links":{"self":[{"href":"https:\/\/dmcsrb.com\/en\/wp-json\/wp\/v2\/posts\/959256","targetHints":{"allow":["GET"]}}],"collection":[{"href":"https:\/\/dmcsrb.com\/en\/wp-json\/wp\/v2\/posts"}],"about":[{"href":"https:\/\/dmcsrb.com\/en\/wp-json\/wp\/v2\/types\/post"}],"author":[{"embeddable":true,"href":"https:\/\/dmcsrb.com\/en\/wp-json\/wp\/v2\/users\/1"}],"replies":[{"embeddable":true,"href":"https:\/\/dmcsrb.com\/en\/wp-json\/wp\/v2\/comments?post=959256"}],"version-history":[{"count":0,"href":"https:\/\/dmcsrb.com\/en\/wp-json\/wp\/v2\/posts\/959256\/revisions"}],"wp:featuredmedia":[{"embeddable":true,"href":"https:\/\/dmcsrb.com\/en\/wp-json\/wp\/v2\/media\/909373"}],"wp:attachment":[{"href":"https:\/\/dmcsrb.com\/en\/wp-json\/wp\/v2\/media?parent=959256"}],"wp:term":[{"taxonomy":"category","embeddable":true,"href":"https:\/\/dmcsrb.com\/en\/wp-json\/wp\/v2\/categories?post=959256"},{"taxonomy":"post_tag","embeddable":true,"href":"https:\/\/dmcsrb.com\/en\/wp-json\/wp\/v2\/tags?post=959256"},{"taxonomy":"naslovna","embeddable":true,"href":"https:\/\/dmcsrb.com\/en\/wp-json\/wp\/v2\/naslovna?post=959256"}],"curies":[{"name":"wp","href":"https:\/\/api.w.org\/{rel}","templated":true}]}}