{"id":959201,"date":"2025-10-21T16:35:00","date_gmt":"2025-10-21T14:35:00","guid":{"rendered":"https:\/\/dmcsrb.com\/uncategorized\/cnp-gidionov-cvor-sjutra-premijerno-na-sceni-studio\/"},"modified":"2025-10-21T16:35:00","modified_gmt":"2025-10-21T14:35:00","slug":"cnp-gidionov-cvor-sjutra-premijerno-na-sceni-studio","status":"publish","type":"post","link":"https:\/\/dmcsrb.com\/en\/kultura\/cnp-gidionov-cvor-sjutra-premijerno-na-sceni-studio\/","title":{"rendered":"CNP: \u201eGidionov \u010dvor\u201c sjutra premijerno na Sceni Studio"},"content":{"rendered":"<p><\/p>\n\n\n\n<p><\/p>\n\n\n\n<p>Duodrama u kojoj uloge tuma\u010de Dubravka Draki\u0107 i Kristina Obradovi\u0107 bavi se aktuelnim pitanjima i problemima koji se odnose na \u0161kolski sistem, slobodu izra\u017eavanja, vr\u0161nja\u010dko nasilje kao i ulogu pojedinca u sistemu. Glas iz off-a Petar Jovovi\u0107.<\/p>\n\n\n\n<p>Prevod i adaptaciju potpisuju Mila Jak\u0161i\u0107 \u0160ajtinac i Uglje\u0161a \u0160ajtinac, dramaturg je Stefan Bo\u0161kovi\u0107, scenografkinja Ivanka Vana Prelevi\u0107, a kostimografkinja Gordana Bulatovi\u0107. Za izbor muzike zadu\u017een je reditelj Ala\u010d, za dizajn tona Mladen Nik\u010devi\u0107, a izvr\u0161na producentkinja je Nela Ota\u0161evi\u0107.<\/p>\n\n\n\n<p>Umjetni\u010dka direktorica Marija Sarap na dana\u0161njoj konferenciji za medije je kazala da ovoj predstavi predvi\u0111a dug \u017eivot.<\/p>\n\n\n\n<p>\u201eImati ovakav tim u Crnogorskom narodnom pozori\u0161tu je privilegija. Ne postoje male i velike predstave, male i velike scene. Gidonov \u010dvor pripada trenutku kojeg \u017eivimo dugo, u posljednje vrijeme se osvr\u0107emo prema toj boli i svemu onome \u0161to se zove realnost odrastanja. Ovo je sna\u017ean tekst koji je na poseban na\u010din adaptirao Stefan Bo\u0161kovi\u0107, koji su Dubravka Draki\u0107 i Kristina Obradovi\u0107 o\u017eivjele jedan na jedan u toj ta\u010dnoj scenografskoj kutiji. Publika \u0107e ovu predstavu do\u017eivjeti, pre\u017eivjeti i \u017eivjeti sa njom\u201c, kazala je Sarap.<\/p>\n\n\n\n<p>Reditelj Ivan Vanja Ala\u010d je rekao da smatra da je ovo dobra i bitna predstava, ali da je jo\u0161 va\u017enije da je vidi \u0161to vi\u0161e roditelja i nastavnika.<\/p>\n\n\n\n<p>\u201eMeni je zaista bilo zadovljstvo da radim sa ovom ekipom. Radili smo na tome da svedemo sredstva: kako gluma\u010dka, tako rediteljka i dramatur\u0161ka. I da to bude minuciozan rad u kome je svaka replika, svaki uzdah na pravom mjestu. Jer, na tako maloj sceni nema prostora ni za \u0161ta \u0161to nije istina, a ja smatram da smo do\u0161li do te istine\u201c, rekao je Ala\u010d.<\/p>\n\n\n\n<figure class=\"wp-block-image size-full\"><img decoding=\"async\" src=\"https:\/\/gradski.me\/wp-content\/uploads\/2025\/10\/gidionov-cvor1.jpg\" alt=\"\" class=\"wp-image-855670\"\/><\/figure>\n\n\n\n<p>Dramaturg Stefan Bo\u0161kovi\u0107 je kazao da je rad na ovom tekstu za njega bilo va\u017eno iskustvo.<\/p>\n\n\n\n<p>\u201ePitanje ovog teksta i ove teme je da svi mi nekako mislimo da znamo kako da brinemo o djeci dok se ne desi neka velika tragedija, a naju\u017easnije u svemu tome je \u0161to se uzrocima bavimo tek kada posljedice budu tu\u201c, rekao je Bo\u0161kovi\u0107.<\/p>\n\n\n\n<p>Glumica Dubravka Draki\u0107 je rekla da je rad na ovoj predstavi za nju bio izlazak iz zone komfora.<\/p>\n\n\n\n<p>\u201ePrvi put igram na maloj sceni Crnogorskog narodnog pozori\u0161ta. Ovaj rad je bio veliki izazov za mene, ne samo u smislu teme koju obra\u0111uje koliko u jednoj svakodnevici u kojoj mi, okru\u017eeni tragedijama, ipak ne \u017eelimo da se bavimo time. Ja sam osjetila da je za mene va\u017eno da budem dio ovog tima i da vidim sama sa sobom jesam li sposobna da u ovom trenutku odgovorim tom zadatku, imam li koncentarciju da se pove\u017eem sa Kristinom u ovom u veoma zgusnutom i zahtjevnom tekstu koji od nas tra\u017ei posebnu vrstu koncentracije\u201c, kazala je Draki\u0107.<\/p>\n\n\n\n<p>Glumica Kristina Obradovi\u0107 je rekla da je ovo jedan od najte\u017eih zadataka koje je imala na profesionalnom planu.<\/p>\n\n\n\n<p>\u201eOvo je ne\u0161to sasvim druga\u010dije. Rad na ovakavom komadu je tra\u017eio od nas dvije da se prvo li\u0161imo li\u010dnih, privatnih sentimenata iz pozicije majki i koliko-toliko osvije\u0161tenih \u010dlanova ovog dru\u0161tva da bismo mogle pri\u0107i ovim ulogama i zadacima \u010disto i temeljno. Ulo\u017eile smo juna\u010dki trud da u poprili\u010dno rekordnom broju dana za rad stignemo do istine\u201c, zaklju\u010dila je Obradovi\u0107.<\/p>\n\n\n\n<p>Ponosni prijatelj CNP-a u 2025. godini je Crnogorska komercijalna banka.<\/p>","protected":false},"excerpt":{"rendered":"<p>Predstava \u201eGidionov \u010dvor\u201c, koju je po tekstu D\u017eone Adams re\u017eirao Ivan Vanja Ala\u010d, premijerno \u0107e biti izvedena sjutra (srijeda, 22. oktobar) na Sceni Studio Crnogorskog narodnog pozori\u0161ta u 20 sati. Predstava je na repertoaru i u \u010detvrtak, 23. oktobra u istom terminu, a sve ulaznice su rasprodate.<\/p>","protected":false},"author":1,"featured_media":959202,"comment_status":"open","ping_status":"open","sticky":false,"template":"","format":"standard","meta":{"_acf_changed":false,"footnotes":""},"categories":[50],"tags":[444,12125,3232],"naslovna":[],"class_list":["post-959201","post","type-post","status-publish","format-standard","has-post-thumbnail","hentry","category-kultura","tag-cnp","tag-gidionov-cvor","tag-premijera"],"acf":[],"yoast_head":"<!-- This site is optimized with the Yoast SEO plugin v27.4 - https:\/\/yoast.com\/product\/yoast-seo-wordpress\/ -->\n<title>CNP: \u201eGidionov \u010dvor\u201c sjutra premijerno na Sceni Studio - dmcsrb.com<\/title>\n<meta name=\"robots\" content=\"index, follow, max-snippet:-1, max-image-preview:large, max-video-preview:-1\" \/>\n<link rel=\"canonical\" href=\"https:\/\/dmcsrb.com\/en\/kultura\/cnp-gidionov-cvor-sjutra-premijerno-na-sceni-studio\/\" \/>\n<meta property=\"og:locale\" content=\"en_GB\" \/>\n<meta property=\"og:type\" content=\"article\" \/>\n<meta property=\"og:title\" content=\"CNP: \u201eGidionov \u010dvor\u201c sjutra premijerno na Sceni Studio - dmcsrb.com\" \/>\n<meta property=\"og:description\" content=\"Predstava \u201eGidionov \u010dvor\u201c, koju je po tekstu D\u017eone Adams re\u017eirao Ivan Vanja Ala\u010d, premijerno \u0107e biti izvedena sjutra (srijeda, 22. oktobar) na Sceni Studio Crnogorskog narodnog pozori\u0161ta u 20 sati. Predstava je na repertoaru i u \u010detvrtak, 23. oktobra u istom terminu, a sve ulaznice su rasprodate.\" \/>\n<meta property=\"og:url\" content=\"https:\/\/dmcsrb.com\/en\/kultura\/cnp-gidionov-cvor-sjutra-premijerno-na-sceni-studio\/\" \/>\n<meta property=\"og:site_name\" content=\"dmcsrb.com\" \/>\n<meta property=\"article:published_time\" content=\"2025-10-21T14:35:00+00:00\" \/>\n<meta property=\"og:image\" content=\"https:\/\/dmcsrb.com\/wp-content\/uploads\/2026\/01\/cnp1-2.webp\" \/>\n\t<meta property=\"og:image:width\" content=\"923\" \/>\n\t<meta property=\"og:image:height\" content=\"605\" \/>\n\t<meta property=\"og:image:type\" content=\"image\/jpeg\" \/>\n<meta name=\"author\" content=\"dmcsrbija.com@gmail.com\" \/>\n<meta name=\"twitter:card\" content=\"summary_large_image\" \/>\n<meta name=\"twitter:label1\" content=\"Written by\" \/>\n\t<meta name=\"twitter:data1\" content=\"dmcsrbija.com@gmail.com\" \/>\n\t<meta name=\"twitter:label2\" content=\"Estimated reading time\" \/>\n\t<meta name=\"twitter:data2\" content=\"3 minutes\" \/>\n<script type=\"application\/ld+json\" class=\"yoast-schema-graph\">{\"@context\":\"https:\\\/\\\/schema.org\",\"@graph\":[{\"@type\":\"Article\",\"@id\":\"https:\\\/\\\/dmcsrb.com\\\/kultura\\\/cnp-gidionov-cvor-sjutra-premijerno-na-sceni-studio\\\/#article\",\"isPartOf\":{\"@id\":\"https:\\\/\\\/dmcsrb.com\\\/kultura\\\/cnp-gidionov-cvor-sjutra-premijerno-na-sceni-studio\\\/\"},\"author\":{\"name\":\"dmcsrbija.com@gmail.com\",\"@id\":\"https:\\\/\\\/dmcsrb.com\\\/#\\\/schema\\\/person\\\/5c39170f12db1b8b457732d0b5c854e2\"},\"headline\":\"CNP: \u201eGidionov \u010dvor\u201c sjutra premijerno na Sceni Studio\",\"datePublished\":\"2025-10-21T14:35:00+00:00\",\"mainEntityOfPage\":{\"@id\":\"https:\\\/\\\/dmcsrb.com\\\/kultura\\\/cnp-gidionov-cvor-sjutra-premijerno-na-sceni-studio\\\/\"},\"wordCount\":587,\"commentCount\":0,\"image\":{\"@id\":\"https:\\\/\\\/dmcsrb.com\\\/kultura\\\/cnp-gidionov-cvor-sjutra-premijerno-na-sceni-studio\\\/#primaryimage\"},\"thumbnailUrl\":\"https:\\\/\\\/dmcsrb.com\\\/wp-content\\\/uploads\\\/2026\\\/01\\\/cnp1-2.webp\",\"keywords\":[\"CNP\",\"Gidionov \u010dvor\",\"premijera\"],\"articleSection\":[\"Kultura\"],\"inLanguage\":\"en-GB\",\"potentialAction\":[{\"@type\":\"CommentAction\",\"name\":\"Comment\",\"target\":[\"https:\\\/\\\/dmcsrb.com\\\/kultura\\\/cnp-gidionov-cvor-sjutra-premijerno-na-sceni-studio\\\/#respond\"]}]},{\"@type\":\"WebPage\",\"@id\":\"https:\\\/\\\/dmcsrb.com\\\/kultura\\\/cnp-gidionov-cvor-sjutra-premijerno-na-sceni-studio\\\/\",\"url\":\"https:\\\/\\\/dmcsrb.com\\\/kultura\\\/cnp-gidionov-cvor-sjutra-premijerno-na-sceni-studio\\\/\",\"name\":\"CNP: \u201eGidionov \u010dvor\u201c sjutra premijerno na Sceni Studio - dmcsrb.com\",\"isPartOf\":{\"@id\":\"https:\\\/\\\/dmcsrb.com\\\/#website\"},\"primaryImageOfPage\":{\"@id\":\"https:\\\/\\\/dmcsrb.com\\\/kultura\\\/cnp-gidionov-cvor-sjutra-premijerno-na-sceni-studio\\\/#primaryimage\"},\"image\":{\"@id\":\"https:\\\/\\\/dmcsrb.com\\\/kultura\\\/cnp-gidionov-cvor-sjutra-premijerno-na-sceni-studio\\\/#primaryimage\"},\"thumbnailUrl\":\"https:\\\/\\\/dmcsrb.com\\\/wp-content\\\/uploads\\\/2026\\\/01\\\/cnp1-2.webp\",\"datePublished\":\"2025-10-21T14:35:00+00:00\",\"author\":{\"@id\":\"https:\\\/\\\/dmcsrb.com\\\/#\\\/schema\\\/person\\\/5c39170f12db1b8b457732d0b5c854e2\"},\"breadcrumb\":{\"@id\":\"https:\\\/\\\/dmcsrb.com\\\/kultura\\\/cnp-gidionov-cvor-sjutra-premijerno-na-sceni-studio\\\/#breadcrumb\"},\"inLanguage\":\"en-GB\",\"potentialAction\":[{\"@type\":\"ReadAction\",\"target\":[\"https:\\\/\\\/dmcsrb.com\\\/kultura\\\/cnp-gidionov-cvor-sjutra-premijerno-na-sceni-studio\\\/\"]}]},{\"@type\":\"ImageObject\",\"inLanguage\":\"en-GB\",\"@id\":\"https:\\\/\\\/dmcsrb.com\\\/kultura\\\/cnp-gidionov-cvor-sjutra-premijerno-na-sceni-studio\\\/#primaryimage\",\"url\":\"https:\\\/\\\/dmcsrb.com\\\/wp-content\\\/uploads\\\/2026\\\/01\\\/cnp1-2.webp\",\"contentUrl\":\"https:\\\/\\\/dmcsrb.com\\\/wp-content\\\/uploads\\\/2026\\\/01\\\/cnp1-2.webp\",\"width\":923,\"height\":605},{\"@type\":\"BreadcrumbList\",\"@id\":\"https:\\\/\\\/dmcsrb.com\\\/kultura\\\/cnp-gidionov-cvor-sjutra-premijerno-na-sceni-studio\\\/#breadcrumb\",\"itemListElement\":[{\"@type\":\"ListItem\",\"position\":1,\"name\":\"Home\",\"item\":\"https:\\\/\\\/dmcsrb.com\\\/\"},{\"@type\":\"ListItem\",\"position\":2,\"name\":\"CNP: \u201eGidionov \u010dvor\u201c sjutra premijerno na Sceni Studio\"}]},{\"@type\":\"WebSite\",\"@id\":\"https:\\\/\\\/dmcsrb.com\\\/#website\",\"url\":\"https:\\\/\\\/dmcsrb.com\\\/\",\"name\":\"dmcsrb.com\",\"description\":\"\",\"potentialAction\":[{\"@type\":\"SearchAction\",\"target\":{\"@type\":\"EntryPoint\",\"urlTemplate\":\"https:\\\/\\\/dmcsrb.com\\\/?s={search_term_string}\"},\"query-input\":{\"@type\":\"PropertyValueSpecification\",\"valueRequired\":true,\"valueName\":\"search_term_string\"}}],\"inLanguage\":\"en-GB\"},{\"@type\":\"Person\",\"@id\":\"https:\\\/\\\/dmcsrb.com\\\/#\\\/schema\\\/person\\\/5c39170f12db1b8b457732d0b5c854e2\",\"name\":\"dmcsrbija.com@gmail.com\",\"image\":{\"@type\":\"ImageObject\",\"inLanguage\":\"en-GB\",\"@id\":\"https:\\\/\\\/secure.gravatar.com\\\/avatar\\\/68592660ad6347fad0fb587f8d5d8f1a7b44961362f56e4f2cd524feb87e9069?s=96&d=mm&r=g\",\"url\":\"https:\\\/\\\/secure.gravatar.com\\\/avatar\\\/68592660ad6347fad0fb587f8d5d8f1a7b44961362f56e4f2cd524feb87e9069?s=96&d=mm&r=g\",\"contentUrl\":\"https:\\\/\\\/secure.gravatar.com\\\/avatar\\\/68592660ad6347fad0fb587f8d5d8f1a7b44961362f56e4f2cd524feb87e9069?s=96&d=mm&r=g\",\"caption\":\"dmcsrbija.com@gmail.com\"},\"sameAs\":[\"https:\\\/\\\/dmcsrb.com\"],\"url\":\"https:\\\/\\\/dmcsrb.com\\\/en\\\/author\\\/dmcsrbija-comgmail-com\\\/\"}]}<\/script>\n<!-- \/ Yoast SEO plugin. -->","yoast_head_json":{"title":"CNP: \u201eGidionov \u010dvor\u201c sjutra premijerno na Sceni Studio - dmcsrb.com","robots":{"index":"index","follow":"follow","max-snippet":"max-snippet:-1","max-image-preview":"max-image-preview:large","max-video-preview":"max-video-preview:-1"},"canonical":"https:\/\/dmcsrb.com\/en\/kultura\/cnp-gidionov-cvor-sjutra-premijerno-na-sceni-studio\/","og_locale":"en_GB","og_type":"article","og_title":"CNP: \u201eGidionov \u010dvor\u201c sjutra premijerno na Sceni Studio - dmcsrb.com","og_description":"Predstava \u201eGidionov \u010dvor\u201c, koju je po tekstu D\u017eone Adams re\u017eirao Ivan Vanja Ala\u010d, premijerno \u0107e biti izvedena sjutra (srijeda, 22. oktobar) na Sceni Studio Crnogorskog narodnog pozori\u0161ta u 20 sati. Predstava je na repertoaru i u \u010detvrtak, 23. oktobra u istom terminu, a sve ulaznice su rasprodate.","og_url":"https:\/\/dmcsrb.com\/en\/kultura\/cnp-gidionov-cvor-sjutra-premijerno-na-sceni-studio\/","og_site_name":"dmcsrb.com","article_published_time":"2025-10-21T14:35:00+00:00","og_image":[{"width":923,"height":605,"url":"https:\/\/dmcsrb.com\/wp-content\/uploads\/2026\/01\/cnp1-2.webp","type":"image\/jpeg"}],"author":"dmcsrbija.com@gmail.com","twitter_card":"summary_large_image","twitter_misc":{"Written by":"dmcsrbija.com@gmail.com","Estimated reading time":"3 minutes"},"schema":{"@context":"https:\/\/schema.org","@graph":[{"@type":"Article","@id":"https:\/\/dmcsrb.com\/kultura\/cnp-gidionov-cvor-sjutra-premijerno-na-sceni-studio\/#article","isPartOf":{"@id":"https:\/\/dmcsrb.com\/kultura\/cnp-gidionov-cvor-sjutra-premijerno-na-sceni-studio\/"},"author":{"name":"dmcsrbija.com@gmail.com","@id":"https:\/\/dmcsrb.com\/#\/schema\/person\/5c39170f12db1b8b457732d0b5c854e2"},"headline":"CNP: \u201eGidionov \u010dvor\u201c sjutra premijerno na Sceni Studio","datePublished":"2025-10-21T14:35:00+00:00","mainEntityOfPage":{"@id":"https:\/\/dmcsrb.com\/kultura\/cnp-gidionov-cvor-sjutra-premijerno-na-sceni-studio\/"},"wordCount":587,"commentCount":0,"image":{"@id":"https:\/\/dmcsrb.com\/kultura\/cnp-gidionov-cvor-sjutra-premijerno-na-sceni-studio\/#primaryimage"},"thumbnailUrl":"https:\/\/dmcsrb.com\/wp-content\/uploads\/2026\/01\/cnp1-2.webp","keywords":["CNP","Gidionov \u010dvor","premijera"],"articleSection":["Kultura"],"inLanguage":"en-GB","potentialAction":[{"@type":"CommentAction","name":"Comment","target":["https:\/\/dmcsrb.com\/kultura\/cnp-gidionov-cvor-sjutra-premijerno-na-sceni-studio\/#respond"]}]},{"@type":"WebPage","@id":"https:\/\/dmcsrb.com\/kultura\/cnp-gidionov-cvor-sjutra-premijerno-na-sceni-studio\/","url":"https:\/\/dmcsrb.com\/kultura\/cnp-gidionov-cvor-sjutra-premijerno-na-sceni-studio\/","name":"CNP: \u201eGidionov \u010dvor\u201c sjutra premijerno na Sceni Studio - dmcsrb.com","isPartOf":{"@id":"https:\/\/dmcsrb.com\/#website"},"primaryImageOfPage":{"@id":"https:\/\/dmcsrb.com\/kultura\/cnp-gidionov-cvor-sjutra-premijerno-na-sceni-studio\/#primaryimage"},"image":{"@id":"https:\/\/dmcsrb.com\/kultura\/cnp-gidionov-cvor-sjutra-premijerno-na-sceni-studio\/#primaryimage"},"thumbnailUrl":"https:\/\/dmcsrb.com\/wp-content\/uploads\/2026\/01\/cnp1-2.webp","datePublished":"2025-10-21T14:35:00+00:00","author":{"@id":"https:\/\/dmcsrb.com\/#\/schema\/person\/5c39170f12db1b8b457732d0b5c854e2"},"breadcrumb":{"@id":"https:\/\/dmcsrb.com\/kultura\/cnp-gidionov-cvor-sjutra-premijerno-na-sceni-studio\/#breadcrumb"},"inLanguage":"en-GB","potentialAction":[{"@type":"ReadAction","target":["https:\/\/dmcsrb.com\/kultura\/cnp-gidionov-cvor-sjutra-premijerno-na-sceni-studio\/"]}]},{"@type":"ImageObject","inLanguage":"en-GB","@id":"https:\/\/dmcsrb.com\/kultura\/cnp-gidionov-cvor-sjutra-premijerno-na-sceni-studio\/#primaryimage","url":"https:\/\/dmcsrb.com\/wp-content\/uploads\/2026\/01\/cnp1-2.webp","contentUrl":"https:\/\/dmcsrb.com\/wp-content\/uploads\/2026\/01\/cnp1-2.webp","width":923,"height":605},{"@type":"BreadcrumbList","@id":"https:\/\/dmcsrb.com\/kultura\/cnp-gidionov-cvor-sjutra-premijerno-na-sceni-studio\/#breadcrumb","itemListElement":[{"@type":"ListItem","position":1,"name":"Home","item":"https:\/\/dmcsrb.com\/"},{"@type":"ListItem","position":2,"name":"CNP: \u201eGidionov \u010dvor\u201c sjutra premijerno na Sceni Studio"}]},{"@type":"WebSite","@id":"https:\/\/dmcsrb.com\/#website","url":"https:\/\/dmcsrb.com\/","name":"dmcsrb.com","description":"","potentialAction":[{"@type":"SearchAction","target":{"@type":"EntryPoint","urlTemplate":"https:\/\/dmcsrb.com\/?s={search_term_string}"},"query-input":{"@type":"PropertyValueSpecification","valueRequired":true,"valueName":"search_term_string"}}],"inLanguage":"en-GB"},{"@type":"Person","@id":"https:\/\/dmcsrb.com\/#\/schema\/person\/5c39170f12db1b8b457732d0b5c854e2","name":"dmcsrbija.com@gmail.com","image":{"@type":"ImageObject","inLanguage":"en-GB","@id":"https:\/\/secure.gravatar.com\/avatar\/68592660ad6347fad0fb587f8d5d8f1a7b44961362f56e4f2cd524feb87e9069?s=96&d=mm&r=g","url":"https:\/\/secure.gravatar.com\/avatar\/68592660ad6347fad0fb587f8d5d8f1a7b44961362f56e4f2cd524feb87e9069?s=96&d=mm&r=g","contentUrl":"https:\/\/secure.gravatar.com\/avatar\/68592660ad6347fad0fb587f8d5d8f1a7b44961362f56e4f2cd524feb87e9069?s=96&d=mm&r=g","caption":"dmcsrbija.com@gmail.com"},"sameAs":["https:\/\/dmcsrb.com"],"url":"https:\/\/dmcsrb.com\/en\/author\/dmcsrbija-comgmail-com\/"}]}},"_links":{"self":[{"href":"https:\/\/dmcsrb.com\/en\/wp-json\/wp\/v2\/posts\/959201","targetHints":{"allow":["GET"]}}],"collection":[{"href":"https:\/\/dmcsrb.com\/en\/wp-json\/wp\/v2\/posts"}],"about":[{"href":"https:\/\/dmcsrb.com\/en\/wp-json\/wp\/v2\/types\/post"}],"author":[{"embeddable":true,"href":"https:\/\/dmcsrb.com\/en\/wp-json\/wp\/v2\/users\/1"}],"replies":[{"embeddable":true,"href":"https:\/\/dmcsrb.com\/en\/wp-json\/wp\/v2\/comments?post=959201"}],"version-history":[{"count":0,"href":"https:\/\/dmcsrb.com\/en\/wp-json\/wp\/v2\/posts\/959201\/revisions"}],"wp:featuredmedia":[{"embeddable":true,"href":"https:\/\/dmcsrb.com\/en\/wp-json\/wp\/v2\/media\/959202"}],"wp:attachment":[{"href":"https:\/\/dmcsrb.com\/en\/wp-json\/wp\/v2\/media?parent=959201"}],"wp:term":[{"taxonomy":"category","embeddable":true,"href":"https:\/\/dmcsrb.com\/en\/wp-json\/wp\/v2\/categories?post=959201"},{"taxonomy":"post_tag","embeddable":true,"href":"https:\/\/dmcsrb.com\/en\/wp-json\/wp\/v2\/tags?post=959201"},{"taxonomy":"naslovna","embeddable":true,"href":"https:\/\/dmcsrb.com\/en\/wp-json\/wp\/v2\/naslovna?post=959201"}],"curies":[{"name":"wp","href":"https:\/\/api.w.org\/{rel}","templated":true}]}}