{"id":959199,"date":"2025-10-21T17:30:00","date_gmt":"2025-10-21T15:30:00","guid":{"rendered":"https:\/\/dmcsrb.com\/uncategorized\/cestitke-niksicu-povodom-osvajanja-titule-evropske-prestonice-kulture\/"},"modified":"2025-10-21T17:30:00","modified_gmt":"2025-10-21T15:30:00","slug":"cestitke-niksicu-povodom-osvajanja-titule-evropske-prestonice-kulture","status":"publish","type":"post","link":"https:\/\/dmcsrb.com\/en\/kultura\/cestitke-niksicu-povodom-osvajanja-titule-evropske-prestonice-kulture\/","title":{"rendered":"\u010cestitke Nik\u0161i\u0107u povodom osvajanja titule Evropske prestonice kulture"},"content":{"rendered":"<p><strong>Koprivica uputio \u010destitke Nik\u0161i\u0107u povodom osvajanja titule Evropske prijestonice kulture za 2030. godinu<\/strong><\/p>\n\n\n\n<p>Potpredsjednik<strong>&nbsp;Koprivica<\/strong>&nbsp;uputio je \u010destitke Nik\u0161i\u0107u povodom osvajanja titule Evropske prijestonice kulture za 2030. godinu<\/p>\n\n\n\n<p>\u201c\u010cast mi je i zadovoljstvo da, povodom izuzetnih vijesti iz Brisela, uputim najiskrenije \u010destitke povodom izuzetnog uspjeha \u2013 osvajanja titule Evropske prijestonice kulture za 2030. godinu, svim gra\u0111ankama i gra\u0111anima Nik\u0161i\u0107a, predsjedniku op\u0161tine i lokalnoj samoupravi koja je predano radila na tom projektu i ministarki kulture koja je sna\u017eno stala sa svojim resorom iza te ideje, uz punu podr\u0161ku Vlade Crne Gore.<\/p>\n\n\n\n<p>Ovo je impozantno priznanje na\u0161em Nik\u0161i\u0107u, ali i potvrda da se predan rad, istrajnost i ljubav prema kulturi prepoznaju i cijene i van granica Crne Gore. Nik\u0161i\u0107 je kroz istoriju bio dom stvaralaca, vizionara i ljudi izuzetnog duha, i danas je pokazao da i dalje \u010duva tu energiju i da je sada spreman da je podijeli s cijelom Evropom.<\/p>\n\n\n\n<p>Ova titula nosi sa sobom ponos, ali i odgovornost da na\u0161 grad, na najbolji mogu\u0107i na\u010din, predstavi sve ono \u0161to ga \u010dini posebnim: bogatu kulturnu tradiciju, savremenu umjetni\u010dku scenu, otvorenost za dijalog i razmjenu ideja, kao i snagu zajednice koja vjeruje u napredak.<\/p>\n\n\n\n<p>Vlada Crne Gore je sna\u017eno stala iza ove inicijative i sva institucionalna podr\u0161ka \u0107e biti usmjerena ka tome da Nik\u0161i\u0107 u potpunosti iskoristi ovu istorijsku priliku. Bi\u0107emo rame uz rame s ljudima koji ve\u0107 godinama vrijedno grade ovu pri\u010du, od kulturnih radnika, lokalne samouprave, umjetnika, do svakog gra\u0111anina koji vjeruje u potencijal na\u0161eg Nik\u0161i\u0107a.<\/p>\n\n\n\n<p>Kao Nik\u0161i\u0107anin, ovo priznanje do\u017eivljavam i sa ponosom \u0161to \u0107e Evropa 2030. godine gledati ka Nik\u0161i\u0107u, tada ve\u0107 gradu EU, kao simbolu kulture, ali i nade, stvarala\u0161tva i zajedni\u0161tva. Ova vijest budi u svima nama emocije koje se rije\u010dima te\u0161ko mogu opisati \u2013 to je spoj ponosa, zahvalnosti i ogromne motivacije da svi zajedno damo doprinos ovom velikom putu koji je pred nama.<\/p>\n\n\n\n<p>Nik\u0161i\u0107u, \u010destitam ti od srca. Vrijeme je da zablista\u0161\u201d, navodi se u saop\u0161tenju Moma Koprivice, potpredsjednika Vlade za politi\u010dki sistem, pravosu\u0111e i antikorupciju.<\/p>\n\n\n\n<p><strong>Milutin Butorovi\u0107, ministar bez portfelja u Vladi Crne Gore povodom izbora Nik\u0161i\u0107a za Evropsku prijestonicu kulture 2030. godine<\/strong><\/p>\n\n\n\n<p>\u201cPovodom vijesti da je Nik\u0161i\u0107 izabran za Evropsku prijestonicu kulture 2030. godine, izra\u017eavam iskreno zadovoljstvo, ponos i duboku zahvalnost svima koji su vjerovali u ovaj projekat i neumorno radili da na\u0161 grad stane rame uz rame sa najzna\u010dajnijim kulturnim centrima Evrope.<\/p>\n\n\n\n<p>Nik\u0161i\u0107 je oduvijek bio vi\u0161e od geografskog prostora \u2013 to je grad duha, stvarala\u0161tva i otvorenosti. Grad koji je kroz decenije dokazivao da iz njegovih ulica, fabrika, \u0161kola i scena ni\u010de snaga, ideja i talenat koji prelaze granice.<\/p>\n\n\n\n<p>Pod sloganom \u201eOtvoreni grad\u201c, Nik\u0161i\u0107 danas simbolizuje ono \u0161to Crna Gora mo\u017ee da ponudi Evropi \u2013 autenti\u010dnost, hrabrost i kulturu dijaloga. Ova titula nije samo priznanje za grad iz kojeg dolazim, ve\u0107 i za cijelu dr\u017eavu koja vjeruje da se kroz kulturu gradi most izme\u0111u tradicije i savremenosti, izme\u0111u lokalnog ponosa i evropskih vrijednosti.<\/p>\n\n\n\n<p>\u201eNik\u0161i\u0107 danas pokazuje da kultura nije samo ukras dru\u0161tva, ve\u0107 njegov pokreta\u010d. Ovo je pobjeda zajedni\u0161tva, vizije i vjere u to da na\u0161 grad mo\u017ee i mora biti prostor inspiracije, susreta i budu\u0107nosti.\u201c<\/p>\n\n\n\n<p>Ovaj uspjeh nas obavezuje da nastavimo da ula\u017eemo u kulturu, u mlade, u prostore stvaranja i u sve one koji svojim radom i energijom \u010dine da Nik\u0161i\u0107 bude prepoznat kao grad otvorenih vrata, kreativnosti i ponosa.<\/p>\n\n\n\n<p>Nik\u0161i\u0107 je bio i ostao grad \u010delika, piva i rokenrola \u2014 ali od danas, on je i grad evropske kulture.<br>Grad koji di\u0161e umjetnost, misli hrabro i stvara s ponosom.<\/p>\n\n\n\n<p>Za Nik\u0161i\u0107. Za kulturu. Za Crnu Goru\u201d, navodi se u saop\u0161tenju&nbsp;<strong>Milutina Butorovi\u0107a<\/strong>, ministra bez portfelja.<\/p>\n\n\n\n<p><strong>\u010cestitka ministarke turizma, Simonide Kordi\u0107<\/strong><\/p>\n\n\n\n<p>\u201cU ime Ministarstva turizma i u svoje ime, sa velikim zadovoljstvom i ponosom izra\u017eavam \u010destitke i punu podr\u0161ku predsjedniku Op\u0161tine&nbsp;<strong>Marku Kova\u010devi\u0107u<\/strong>, gradskoj upravi, kao i svim gra\u0111ankama i gra\u0111anima Nik\u0161i\u0107a povodom izuzetnog priznanja \u2013 izbora Nik\u0161i\u0107a za Evropsku prijestonicu kulture 2030. godine.<\/p>\n\n\n\n<p>Ova titula predstavlja ne samo potvrdu bogate i raznovrsne kulturne ba\u0161tine Nik\u0161i\u0107a, ve\u0107 i zna\u010dajnu priliku za razvoj odr\u017eivog turizma u Crnoj Gori. Kroz bogat kulturni program i projekte koji \u0107e uslijediti, Nik\u0161i\u0107 \u0107e dodatno oja\u010dati svoju me\u0111unarodnu prepoznatljivost i privu\u0107i nove turisti\u010dke profile, \u010dime \u0107e doprinijeti ukupnom razvoju crnogorskog turizma.<\/p>\n\n\n\n<p>Vjerujemo da \u0107ete, uz podr\u0161ku Vlade i Ministarstva turizma, uspje\u0161no iskoristiti ovu jedinstvenu \u0161ansu da predstavite Nik\u0161i\u0107 i Crnu Goru na evropskoj kulturnoj mapi, stvaraju\u0107i nove mogu\u0107nosti za saradnju i ekonomski razvoj.<\/p>\n\n\n\n<p>Crnu Goru, njenu kulturu, privredu i turizam, mo\u017eemo razviti samo zajedni\u010dkim radom i podr\u017eavaju\u0107i jedni druge.<\/p>\n\n\n\n<p>Jo\u0161 jednom izra\u017eavamo zahvalnost i po\u0161tovanje svima koji su dali doprinos ovom zna\u010dajnom uspjehu\u201d, navodi se u saop\u0161tenju ministarke&nbsp;<strong>Kordi\u0107.<\/strong><\/p>\n\n\n\n<p><strong>\u010cestitka Vladimira Jokovi\u0107a&nbsp;<\/strong><\/p>\n\n\n\n<p>\u201cSa posebnim ponosom i rado\u0161\u0107u do\u010dekujem vijest da je Nik\u0161i\u0107 izabran za Evropsku prijestonicu kulture.<br>Ovo je veliko priznanje gradu bogate istorije, sna\u017enog karaktera i nepresu\u0161ne kulturne energije \u2013 gradu koji je uvijek disao umjetno\u0161\u0107u, pjesmom i stvarala\u0161tvom.<\/p>\n\n\n\n<p>Nik\u0161i\u0107 je oduvijek bio srce crnogorske kulture i slobodarskog duha, a danas to srce kuca ja\u010de nego ikada.<\/p>\n\n\n\n<p>\u010cestitam ministarki Ma\u0161i Vujovi\u0107, timu Ministarstva kulture i medija, lokalnoj samoupravi i svim gra\u0111anima Nik\u0161i\u0107a koji su vjerovali u ovaj san i pretvorili ga u stvarnost.<\/p>\n\n\n\n<p>Ovaj uspjeh je ponos cijele Crne Gore, ali i dokaz da kada se zajedni\u010dki vjeruje i radi, rezultati prevazilaze granice.<\/p>\n\n\n\n<p>Nik\u0161i\u0107 je danas vi\u0161e od grada \u2013 on je simbol evropskog duha i kulturne veli\u010dine Crne Gore, simbol snage i zajedni\u0161tva\u201d, navodi se u saop\u0161tenju.<\/p>\n\n\n\n<p><strong>Ministar sporta i mladih i lider Pokreta narodnog povjerenja, Dragoslav \u0160\u0107eki\u0107<\/strong><\/p>\n\n\n\n<p>\u201cPovodom vijesti da je Nik\u0161i\u0107 izabran za Evropsku prijestonicu kulture za 2030. godinu, upu\u0107ujem iskrene \u010destitke svim gra\u0111ankama i gra\u0111anima Nik\u0161i\u0107a, predsjedniku Op\u0161tine Marku Kova\u010devi\u0107u, lokalnoj samoupravi koja je posve\u0107eno i vizionarski radila na ovom va\u017enom projektu, kao i Ministarstvu kulture i medija, koje je pru\u017eilo sna\u017enu podr\u0161ku.<\/p>\n\n\n\n<p>Ova titula otvara nova vrata razvoja i napretka, potvr\u0111uju\u0107i da se trud, predan rad i zajedni\u0161tvo uvijek prepoznaju i nagra\u0111uju. Nik\u0161i\u0107 je jo\u0161 jednom potvrdio da je grad kulture, stvarala\u0161tva i otvorenog duha \u2013 mjesto gdje tradicija i savremenost idu ruku pod ruku.<\/p>\n\n\n\n<p>Posebno raduje \u010dinjenica da \u0107e ova prilika omogu\u0107iti mladima da budu dio evropske kulturne scene, da stvaraju, sara\u0111uju i doprinose ja\u010danju identiteta grada i dr\u017eave.<\/p>\n\n\n\n<p>Uz \u010destitke na ovom velikom uspjehu, \u017eelim da ovaj projekat bude sna\u017ean podsticaj za dalji razvoj kulture, sporta i mladih \u2013 vrijednosti koje zajedno \u010dine temelj napredne Crne Gore.<\/p>\n\n\n\n<p>Vjerujemo i nadamo se da \u0107e i Podgorica uskoro biti prepoznata kao Evropska prijestonica mladih, \u010dime bi Crna Gora dodatno potvrdila svoj potencijal i posve\u0107enost mladima na evropskoj sceni\u201d, navodi se u saop\u0161tenju.<\/p>\n\n\n\n<p><strong>Potpredsjednica Skup\u0161tine Crne Gore, Zdenka Popovi\u0107<\/strong><\/p>\n\n\n\n<p>\u201cUpu\u0107ujem iskrene \u010destitke ministarki kulture i medija, dr Tamari Vujovi\u0107, predsjedniku Op\u0161tine, Marku Kova\u010devi\u0107u i svim gra\u0111ankama i gra\u0111anima Nik\u0161i\u0107a povodom izbora Nik\u0161i\u0107a za Evropsku prijestonicu kulture.<\/p>\n\n\n\n<p>Ova presti\u017ena titula predstavlja priznanje bogatoj kulturnoj tradiciji, stvarala\u0161tvu i duhu Nik\u0161i\u0107a, ali i sna\u017ean podsticaj za dalji razvoj kulture i umjetnosti u Crnoj Gori.<\/p>\n\n\n\n<p>Va\u0161a posve\u0107enost, vizija i predan rad na afirmaciji kulturnih vrijednosti doprinijeli su da Nik\u0161i\u0107 zaslu\u017eeno stane rame uz rame sa najzna\u010dajnijim evropskim centrima kulture. Uvjereni smo da \u0107e ovaj uspjeh biti inspiracija novim generacijama umjetnika i stvaralaca, te dodatno osna\u017eiti kulturni identitet na\u0161e zemlje.<\/p>\n\n\n\n<p>Jo\u0161 jednom, iskrene \u010destitke ministarki dr Tamari Vujovi\u0107, timu Ministarstva kulture i medija, lokalnoj upravi, kulturnim poslenicima i svim gra\u0111ankama i gra\u0111anima Nik\u0161i\u0107a na ovom izuzetnom uspjehu. Uz najbolje \u017eelje za budu\u0107e projekte i godine bogate kulturnim doga\u0111ajima\u201d.<\/p>\n\n\n\n<p><strong>Golovi\u0107<\/strong>: <strong>Progla\u0161enje Nik\u0161i\u0107a za Evropsku prijestonicu kulture veliki uspjeh za grad, na\u0161u kulturu i Crnu Goru<\/strong><\/p>\n\n\n\n<p>,,Dana\u0161nje progla\u0161enje Nik\u0161i\u0107a za Evropsku prijestonicu kulture 2030. godine predstavlja veliki uspjeh ne samo za Nik\u0161i\u0107, ve\u0107 za \u010ditavu Crnu Goru i na\u0161u kulturu. Ovo je jedan od onih dana kada svi moji sugra\u0111ani mogu sa izuzetnim ponosom re\u0107i da su Nik\u0161i\u0107anke i Nik\u0161i\u0107ani&#8221;, saop\u0161tio je politi\u010dki direktor URE Du\u0161an Golovi\u0107.<\/p>\n\n\n\n<p>Golovi\u0107 se zahvalio svima koji su doprinijeli i uvjerili \u017eiri u Ku\u0107i evropske istorije u Briselu da Nik\u0161i\u0107 zaslu\u017euje ovo cijenjeno priznanje. On je istakao da mu to predstavlja posebno zadovoljstvo, jer je upravo nik\u0161i\u0107ka URA dugo godina promovisala ovu ideju.<\/p>\n\n\n\n<p>,,Hvala i svim onim cijenjenim kulturnim radnicima, koji decenijama unazad brendiraju Nik\u0161i\u0107 kao grad kulture, kao grad velikih pjesnika, pisaca, slikara, reditelja, glumaca, muzi\u010dara, kao grad brojnih festivala. I upravo je ovo priznanje i za sve njih i dokaz da Nik\u0161i\u0107 mnogo toga jo\u0161 mo\u017ee da ponudi, ne samo Crnoj Gori, nego u Evropi&#8221;, kazao je Golovi\u0107. On je zaklju\u010dio da su upravo ovakve stvari one koje produkuju pozitivnu energiju i donose Nik\u0161i\u0107u novu vrijednost koja mo\u017ee grad samo gurati naprijed putem prosperiteta, za razliku od produkovanja podjela i mr\u017enje po bilo kom osnovu.<br><\/p>\n\n\n\n<p><strong>Golovi\u0107: Progla\u0161enje Nik\u0161i\u0107a za Evropsku prijestonicu kulture veliki uspjeh za grad, na\u0161u kulturu i Crnu Goru<\/strong><\/p>\n\n\n\n<p>\u00a0,,Dana\u0161nje progla\u0161enje Nik\u0161i\u0107a za Evropsku prijestonicu kulture 2030. godine predstavlja veliki uspjeh ne samo za Nik\u0161i\u0107, ve\u0107 za \u010ditavu Crnu Goru i na\u0161u kulturu. Ovo je jedan od onih dana kada svi moji sugra\u0111ani mogu sa izuzetnim ponosom re\u0107i da su Nik\u0161i\u0107anke i Nik\u0161i\u0107ani&#8221;, saop\u0161tio je politi\u010dki direktor URE Du\u0161an Golovi\u0107.<\/p>\n\n\n\n<p>Golovi\u0107 se zahvalio svima koji su doprinijeli i uvjerili \u017eiri u Ku\u0107i evropske istorije u Briselu da Nik\u0161i\u0107 zaslu\u017euje ovo cijenjeno priznanje. On je istakao da mu to predstavlja posebno zadovoljstvo, jer je upravo nik\u0161i\u0107ka URA dugo godina promovisala ovu ideju.<\/p>\n\n\n\n<p>,,Hvala i svim onim cijenjenim kulturnim radnicima, koji decenijama unazad brendiraju Nik\u0161i\u0107 kao grad kulture, kao grad velikih pjesnika, pisaca, slikara, reditelja, glumaca, muzi\u010dara, kao grad brojnih festivala. I upravo je ovo priznanje i za sve njih i dokaz da Nik\u0161i\u0107 mnogo toga jo\u0161 mo\u017ee da ponudi, ne samo Crnoj Gori, nego u Evropi&#8221;, kazao je Golovi\u0107. On je zaklju\u010dio da su upravo ovakve stvari one koje produkuju pozitivnu energiju i donose Nik\u0161i\u0107u novu vrijednost koja mo\u017ee grad samo gurati naprijed putem prosperiteta, za razliku od produkovanja podjela i mr\u017enje po bilo kom osnovu.<br><\/p>\n\n\n\n<p><\/p>\n\n\n\n<p><\/p>\n\n\n\n<p><\/p>","protected":false},"excerpt":{"rendered":"<p>\u010cestitke Nik\u0161i\u0107u povodom osvajanja titule Evropske prestonice kulture za 2030. godinu<\/p>","protected":false},"author":1,"featured_media":959200,"comment_status":"open","ping_status":"open","sticky":false,"template":"","format":"standard","meta":{"_acf_changed":false,"footnotes":""},"categories":[50],"tags":[12124,1751],"naslovna":[],"class_list":["post-959199","post","type-post","status-publish","format-standard","has-post-thumbnail","hentry","category-kultura","tag-cestitke-niksicu","tag-evropska-prestonica-kulture"],"acf":[],"yoast_head":"<!-- This site is optimized with the Yoast SEO plugin v27.4 - https:\/\/yoast.com\/product\/yoast-seo-wordpress\/ -->\n<title>\u010cestitke Nik\u0161i\u0107u povodom osvajanja titule Evropske prestonice kulture - dmcsrb.com<\/title>\n<meta name=\"robots\" content=\"index, follow, max-snippet:-1, max-image-preview:large, max-video-preview:-1\" \/>\n<link rel=\"canonical\" href=\"https:\/\/dmcsrb.com\/en\/kultura\/cestitke-niksicu-povodom-osvajanja-titule-evropske-prestonice-kulture\/\" \/>\n<meta property=\"og:locale\" content=\"en_GB\" \/>\n<meta property=\"og:type\" content=\"article\" \/>\n<meta property=\"og:title\" content=\"\u010cestitke Nik\u0161i\u0107u povodom osvajanja titule Evropske prestonice kulture - dmcsrb.com\" \/>\n<meta property=\"og:description\" content=\"\u010cestitke Nik\u0161i\u0107u povodom osvajanja titule Evropske prestonice kulture za 2030. godinu\" \/>\n<meta property=\"og:url\" content=\"https:\/\/dmcsrb.com\/en\/kultura\/cestitke-niksicu-povodom-osvajanja-titule-evropske-prestonice-kulture\/\" \/>\n<meta property=\"og:site_name\" content=\"dmcsrb.com\" \/>\n<meta property=\"article:published_time\" content=\"2025-10-21T15:30:00+00:00\" \/>\n<meta property=\"og:image\" content=\"https:\/\/dmcsrb.com\/wp-content\/uploads\/2026\/01\/DM-2-1.webp\" \/>\n\t<meta property=\"og:image:width\" content=\"1417\" \/>\n\t<meta property=\"og:image:height\" content=\"946\" \/>\n\t<meta property=\"og:image:type\" content=\"image\/jpeg\" \/>\n<meta name=\"author\" content=\"dmcsrbija.com@gmail.com\" \/>\n<meta name=\"twitter:card\" content=\"summary_large_image\" \/>\n<meta name=\"twitter:label1\" content=\"Written by\" \/>\n\t<meta name=\"twitter:data1\" content=\"dmcsrbija.com@gmail.com\" \/>\n\t<meta name=\"twitter:label2\" content=\"Estimated reading time\" \/>\n\t<meta name=\"twitter:data2\" content=\"9 minutes\" \/>\n<script type=\"application\/ld+json\" class=\"yoast-schema-graph\">{\"@context\":\"https:\\\/\\\/schema.org\",\"@graph\":[{\"@type\":\"Article\",\"@id\":\"https:\\\/\\\/dmcsrb.com\\\/kultura\\\/cestitke-niksicu-povodom-osvajanja-titule-evropske-prestonice-kulture\\\/#article\",\"isPartOf\":{\"@id\":\"https:\\\/\\\/dmcsrb.com\\\/kultura\\\/cestitke-niksicu-povodom-osvajanja-titule-evropske-prestonice-kulture\\\/\"},\"author\":{\"name\":\"dmcsrbija.com@gmail.com\",\"@id\":\"https:\\\/\\\/dmcsrb.com\\\/#\\\/schema\\\/person\\\/5c39170f12db1b8b457732d0b5c854e2\"},\"headline\":\"\u010cestitke Nik\u0161i\u0107u povodom osvajanja titule Evropske prestonice kulture\",\"datePublished\":\"2025-10-21T15:30:00+00:00\",\"mainEntityOfPage\":{\"@id\":\"https:\\\/\\\/dmcsrb.com\\\/kultura\\\/cestitke-niksicu-povodom-osvajanja-titule-evropske-prestonice-kulture\\\/\"},\"wordCount\":1868,\"commentCount\":0,\"image\":{\"@id\":\"https:\\\/\\\/dmcsrb.com\\\/kultura\\\/cestitke-niksicu-povodom-osvajanja-titule-evropske-prestonice-kulture\\\/#primaryimage\"},\"thumbnailUrl\":\"https:\\\/\\\/dmcsrb.com\\\/wp-content\\\/uploads\\\/2026\\\/01\\\/DM-2-1.webp\",\"keywords\":[\"\u010cestitke Nik\u0161i\u0107u\",\"Evropska prestonica kulture\"],\"articleSection\":[\"Kultura\"],\"inLanguage\":\"en-GB\",\"potentialAction\":[{\"@type\":\"CommentAction\",\"name\":\"Comment\",\"target\":[\"https:\\\/\\\/dmcsrb.com\\\/kultura\\\/cestitke-niksicu-povodom-osvajanja-titule-evropske-prestonice-kulture\\\/#respond\"]}]},{\"@type\":\"WebPage\",\"@id\":\"https:\\\/\\\/dmcsrb.com\\\/kultura\\\/cestitke-niksicu-povodom-osvajanja-titule-evropske-prestonice-kulture\\\/\",\"url\":\"https:\\\/\\\/dmcsrb.com\\\/kultura\\\/cestitke-niksicu-povodom-osvajanja-titule-evropske-prestonice-kulture\\\/\",\"name\":\"\u010cestitke Nik\u0161i\u0107u povodom osvajanja titule Evropske prestonice kulture - dmcsrb.com\",\"isPartOf\":{\"@id\":\"https:\\\/\\\/dmcsrb.com\\\/#website\"},\"primaryImageOfPage\":{\"@id\":\"https:\\\/\\\/dmcsrb.com\\\/kultura\\\/cestitke-niksicu-povodom-osvajanja-titule-evropske-prestonice-kulture\\\/#primaryimage\"},\"image\":{\"@id\":\"https:\\\/\\\/dmcsrb.com\\\/kultura\\\/cestitke-niksicu-povodom-osvajanja-titule-evropske-prestonice-kulture\\\/#primaryimage\"},\"thumbnailUrl\":\"https:\\\/\\\/dmcsrb.com\\\/wp-content\\\/uploads\\\/2026\\\/01\\\/DM-2-1.webp\",\"datePublished\":\"2025-10-21T15:30:00+00:00\",\"author\":{\"@id\":\"https:\\\/\\\/dmcsrb.com\\\/#\\\/schema\\\/person\\\/5c39170f12db1b8b457732d0b5c854e2\"},\"breadcrumb\":{\"@id\":\"https:\\\/\\\/dmcsrb.com\\\/kultura\\\/cestitke-niksicu-povodom-osvajanja-titule-evropske-prestonice-kulture\\\/#breadcrumb\"},\"inLanguage\":\"en-GB\",\"potentialAction\":[{\"@type\":\"ReadAction\",\"target\":[\"https:\\\/\\\/dmcsrb.com\\\/kultura\\\/cestitke-niksicu-povodom-osvajanja-titule-evropske-prestonice-kulture\\\/\"]}]},{\"@type\":\"ImageObject\",\"inLanguage\":\"en-GB\",\"@id\":\"https:\\\/\\\/dmcsrb.com\\\/kultura\\\/cestitke-niksicu-povodom-osvajanja-titule-evropske-prestonice-kulture\\\/#primaryimage\",\"url\":\"https:\\\/\\\/dmcsrb.com\\\/wp-content\\\/uploads\\\/2026\\\/01\\\/DM-2-1.webp\",\"contentUrl\":\"https:\\\/\\\/dmcsrb.com\\\/wp-content\\\/uploads\\\/2026\\\/01\\\/DM-2-1.webp\",\"width\":1417,\"height\":946},{\"@type\":\"BreadcrumbList\",\"@id\":\"https:\\\/\\\/dmcsrb.com\\\/kultura\\\/cestitke-niksicu-povodom-osvajanja-titule-evropske-prestonice-kulture\\\/#breadcrumb\",\"itemListElement\":[{\"@type\":\"ListItem\",\"position\":1,\"name\":\"Home\",\"item\":\"https:\\\/\\\/dmcsrb.com\\\/\"},{\"@type\":\"ListItem\",\"position\":2,\"name\":\"\u010cestitke Nik\u0161i\u0107u povodom osvajanja titule Evropske prestonice kulture\"}]},{\"@type\":\"WebSite\",\"@id\":\"https:\\\/\\\/dmcsrb.com\\\/#website\",\"url\":\"https:\\\/\\\/dmcsrb.com\\\/\",\"name\":\"dmcsrb.com\",\"description\":\"\",\"potentialAction\":[{\"@type\":\"SearchAction\",\"target\":{\"@type\":\"EntryPoint\",\"urlTemplate\":\"https:\\\/\\\/dmcsrb.com\\\/?s={search_term_string}\"},\"query-input\":{\"@type\":\"PropertyValueSpecification\",\"valueRequired\":true,\"valueName\":\"search_term_string\"}}],\"inLanguage\":\"en-GB\"},{\"@type\":\"Person\",\"@id\":\"https:\\\/\\\/dmcsrb.com\\\/#\\\/schema\\\/person\\\/5c39170f12db1b8b457732d0b5c854e2\",\"name\":\"dmcsrbija.com@gmail.com\",\"image\":{\"@type\":\"ImageObject\",\"inLanguage\":\"en-GB\",\"@id\":\"https:\\\/\\\/secure.gravatar.com\\\/avatar\\\/68592660ad6347fad0fb587f8d5d8f1a7b44961362f56e4f2cd524feb87e9069?s=96&d=mm&r=g\",\"url\":\"https:\\\/\\\/secure.gravatar.com\\\/avatar\\\/68592660ad6347fad0fb587f8d5d8f1a7b44961362f56e4f2cd524feb87e9069?s=96&d=mm&r=g\",\"contentUrl\":\"https:\\\/\\\/secure.gravatar.com\\\/avatar\\\/68592660ad6347fad0fb587f8d5d8f1a7b44961362f56e4f2cd524feb87e9069?s=96&d=mm&r=g\",\"caption\":\"dmcsrbija.com@gmail.com\"},\"sameAs\":[\"https:\\\/\\\/dmcsrb.com\"],\"url\":\"https:\\\/\\\/dmcsrb.com\\\/en\\\/author\\\/dmcsrbija-comgmail-com\\\/\"}]}<\/script>\n<!-- \/ Yoast SEO plugin. -->","yoast_head_json":{"title":"\u010cestitke Nik\u0161i\u0107u povodom osvajanja titule Evropske prestonice kulture - dmcsrb.com","robots":{"index":"index","follow":"follow","max-snippet":"max-snippet:-1","max-image-preview":"max-image-preview:large","max-video-preview":"max-video-preview:-1"},"canonical":"https:\/\/dmcsrb.com\/en\/kultura\/cestitke-niksicu-povodom-osvajanja-titule-evropske-prestonice-kulture\/","og_locale":"en_GB","og_type":"article","og_title":"\u010cestitke Nik\u0161i\u0107u povodom osvajanja titule Evropske prestonice kulture - dmcsrb.com","og_description":"\u010cestitke Nik\u0161i\u0107u povodom osvajanja titule Evropske prestonice kulture za 2030. godinu","og_url":"https:\/\/dmcsrb.com\/en\/kultura\/cestitke-niksicu-povodom-osvajanja-titule-evropske-prestonice-kulture\/","og_site_name":"dmcsrb.com","article_published_time":"2025-10-21T15:30:00+00:00","og_image":[{"width":1417,"height":946,"url":"https:\/\/dmcsrb.com\/wp-content\/uploads\/2026\/01\/DM-2-1.webp","type":"image\/jpeg"}],"author":"dmcsrbija.com@gmail.com","twitter_card":"summary_large_image","twitter_misc":{"Written by":"dmcsrbija.com@gmail.com","Estimated reading time":"9 minutes"},"schema":{"@context":"https:\/\/schema.org","@graph":[{"@type":"Article","@id":"https:\/\/dmcsrb.com\/kultura\/cestitke-niksicu-povodom-osvajanja-titule-evropske-prestonice-kulture\/#article","isPartOf":{"@id":"https:\/\/dmcsrb.com\/kultura\/cestitke-niksicu-povodom-osvajanja-titule-evropske-prestonice-kulture\/"},"author":{"name":"dmcsrbija.com@gmail.com","@id":"https:\/\/dmcsrb.com\/#\/schema\/person\/5c39170f12db1b8b457732d0b5c854e2"},"headline":"\u010cestitke Nik\u0161i\u0107u povodom osvajanja titule Evropske prestonice kulture","datePublished":"2025-10-21T15:30:00+00:00","mainEntityOfPage":{"@id":"https:\/\/dmcsrb.com\/kultura\/cestitke-niksicu-povodom-osvajanja-titule-evropske-prestonice-kulture\/"},"wordCount":1868,"commentCount":0,"image":{"@id":"https:\/\/dmcsrb.com\/kultura\/cestitke-niksicu-povodom-osvajanja-titule-evropske-prestonice-kulture\/#primaryimage"},"thumbnailUrl":"https:\/\/dmcsrb.com\/wp-content\/uploads\/2026\/01\/DM-2-1.webp","keywords":["\u010cestitke Nik\u0161i\u0107u","Evropska prestonica kulture"],"articleSection":["Kultura"],"inLanguage":"en-GB","potentialAction":[{"@type":"CommentAction","name":"Comment","target":["https:\/\/dmcsrb.com\/kultura\/cestitke-niksicu-povodom-osvajanja-titule-evropske-prestonice-kulture\/#respond"]}]},{"@type":"WebPage","@id":"https:\/\/dmcsrb.com\/kultura\/cestitke-niksicu-povodom-osvajanja-titule-evropske-prestonice-kulture\/","url":"https:\/\/dmcsrb.com\/kultura\/cestitke-niksicu-povodom-osvajanja-titule-evropske-prestonice-kulture\/","name":"\u010cestitke Nik\u0161i\u0107u povodom osvajanja titule Evropske prestonice kulture - dmcsrb.com","isPartOf":{"@id":"https:\/\/dmcsrb.com\/#website"},"primaryImageOfPage":{"@id":"https:\/\/dmcsrb.com\/kultura\/cestitke-niksicu-povodom-osvajanja-titule-evropske-prestonice-kulture\/#primaryimage"},"image":{"@id":"https:\/\/dmcsrb.com\/kultura\/cestitke-niksicu-povodom-osvajanja-titule-evropske-prestonice-kulture\/#primaryimage"},"thumbnailUrl":"https:\/\/dmcsrb.com\/wp-content\/uploads\/2026\/01\/DM-2-1.webp","datePublished":"2025-10-21T15:30:00+00:00","author":{"@id":"https:\/\/dmcsrb.com\/#\/schema\/person\/5c39170f12db1b8b457732d0b5c854e2"},"breadcrumb":{"@id":"https:\/\/dmcsrb.com\/kultura\/cestitke-niksicu-povodom-osvajanja-titule-evropske-prestonice-kulture\/#breadcrumb"},"inLanguage":"en-GB","potentialAction":[{"@type":"ReadAction","target":["https:\/\/dmcsrb.com\/kultura\/cestitke-niksicu-povodom-osvajanja-titule-evropske-prestonice-kulture\/"]}]},{"@type":"ImageObject","inLanguage":"en-GB","@id":"https:\/\/dmcsrb.com\/kultura\/cestitke-niksicu-povodom-osvajanja-titule-evropske-prestonice-kulture\/#primaryimage","url":"https:\/\/dmcsrb.com\/wp-content\/uploads\/2026\/01\/DM-2-1.webp","contentUrl":"https:\/\/dmcsrb.com\/wp-content\/uploads\/2026\/01\/DM-2-1.webp","width":1417,"height":946},{"@type":"BreadcrumbList","@id":"https:\/\/dmcsrb.com\/kultura\/cestitke-niksicu-povodom-osvajanja-titule-evropske-prestonice-kulture\/#breadcrumb","itemListElement":[{"@type":"ListItem","position":1,"name":"Home","item":"https:\/\/dmcsrb.com\/"},{"@type":"ListItem","position":2,"name":"\u010cestitke Nik\u0161i\u0107u povodom osvajanja titule Evropske prestonice kulture"}]},{"@type":"WebSite","@id":"https:\/\/dmcsrb.com\/#website","url":"https:\/\/dmcsrb.com\/","name":"dmcsrb.com","description":"","potentialAction":[{"@type":"SearchAction","target":{"@type":"EntryPoint","urlTemplate":"https:\/\/dmcsrb.com\/?s={search_term_string}"},"query-input":{"@type":"PropertyValueSpecification","valueRequired":true,"valueName":"search_term_string"}}],"inLanguage":"en-GB"},{"@type":"Person","@id":"https:\/\/dmcsrb.com\/#\/schema\/person\/5c39170f12db1b8b457732d0b5c854e2","name":"dmcsrbija.com@gmail.com","image":{"@type":"ImageObject","inLanguage":"en-GB","@id":"https:\/\/secure.gravatar.com\/avatar\/68592660ad6347fad0fb587f8d5d8f1a7b44961362f56e4f2cd524feb87e9069?s=96&d=mm&r=g","url":"https:\/\/secure.gravatar.com\/avatar\/68592660ad6347fad0fb587f8d5d8f1a7b44961362f56e4f2cd524feb87e9069?s=96&d=mm&r=g","contentUrl":"https:\/\/secure.gravatar.com\/avatar\/68592660ad6347fad0fb587f8d5d8f1a7b44961362f56e4f2cd524feb87e9069?s=96&d=mm&r=g","caption":"dmcsrbija.com@gmail.com"},"sameAs":["https:\/\/dmcsrb.com"],"url":"https:\/\/dmcsrb.com\/en\/author\/dmcsrbija-comgmail-com\/"}]}},"_links":{"self":[{"href":"https:\/\/dmcsrb.com\/en\/wp-json\/wp\/v2\/posts\/959199","targetHints":{"allow":["GET"]}}],"collection":[{"href":"https:\/\/dmcsrb.com\/en\/wp-json\/wp\/v2\/posts"}],"about":[{"href":"https:\/\/dmcsrb.com\/en\/wp-json\/wp\/v2\/types\/post"}],"author":[{"embeddable":true,"href":"https:\/\/dmcsrb.com\/en\/wp-json\/wp\/v2\/users\/1"}],"replies":[{"embeddable":true,"href":"https:\/\/dmcsrb.com\/en\/wp-json\/wp\/v2\/comments?post=959199"}],"version-history":[{"count":0,"href":"https:\/\/dmcsrb.com\/en\/wp-json\/wp\/v2\/posts\/959199\/revisions"}],"wp:featuredmedia":[{"embeddable":true,"href":"https:\/\/dmcsrb.com\/en\/wp-json\/wp\/v2\/media\/959200"}],"wp:attachment":[{"href":"https:\/\/dmcsrb.com\/en\/wp-json\/wp\/v2\/media?parent=959199"}],"wp:term":[{"taxonomy":"category","embeddable":true,"href":"https:\/\/dmcsrb.com\/en\/wp-json\/wp\/v2\/categories?post=959199"},{"taxonomy":"post_tag","embeddable":true,"href":"https:\/\/dmcsrb.com\/en\/wp-json\/wp\/v2\/tags?post=959199"},{"taxonomy":"naslovna","embeddable":true,"href":"https:\/\/dmcsrb.com\/en\/wp-json\/wp\/v2\/naslovna?post=959199"}],"curies":[{"name":"wp","href":"https:\/\/api.w.org\/{rel}","templated":true}]}}