{"id":959194,"date":"2025-10-21T16:23:00","date_gmt":"2025-10-21T14:23:00","guid":{"rendered":"https:\/\/dmcsrb.com\/uncategorized\/svecano-uruceni-sertifikati-menadzerima-drustvenih-mreza\/"},"modified":"2025-10-21T16:23:00","modified_gmt":"2025-10-21T14:23:00","slug":"svecano-uruceni-sertifikati-menadzerima-drustvenih-mreza","status":"publish","type":"post","link":"https:\/\/dmcsrb.com\/en\/drustvo\/svecano-uruceni-sertifikati-menadzerima-drustvenih-mreza\/","title":{"rendered":"Sve\u010dano uru\u010deni sertifikati menad\u017eerima dru\u0161tvenih mre\u017ea"},"content":{"rendered":"<p><\/p>\n\n\n\n<p>Sertifikat su zavrijedili: Irena Rogo\u0161i\u0107, Jelena Pejovi\u0107, Klara Drobnjak, Bal\u0161a Baki\u0107, Manja Boji\u0107, Iva \u0110or\u0111evi\u0107, Vlado Pavi\u0107evi\u0107, Ana Vuk\u010devi\u0107, Sofija Stankovi\u0107, Aleksandra Pei\u010di\u0107, Maja Pavi\u0107evi\u0107 Aleksi\u0107, Dragana Kosti\u0107, Tina Mijovi\u0107, Milica Bogi\u0107evi\u0107, Dragana Jankovi\u0107, Lidija Vu\u010dini\u0107, Jovan Da\u0161i\u0107, Nada \u0110urovi\u0107, Bogdan Lazarevi\u0107, Hristina Bojovi\u0107, Jadranka \u0110urkovi\u0107 i Mladen Radanovi\u0107.<\/p>\n\n\n\n<p>\u201eOva obuka pokazuje koliko je va\u017eno ulagati u nova znanja i digitalne vje\u0161tine \u2013 jer upravo one predstavljaju klju\u010d uspjeha u modernom poslovanju, komunikaciji i promociji. Menad\u017eeri dru\u0161tvenih mre\u017ea danas nisu samo osobe koje objavljuju sadr\u017eaj \u2013 oni su kreatori digitalne reputacije, graditelji zajednice i most izme\u0111u brendova i ljudi\u201c, kazao je direktor Sektora za obrazovanje i kvalitet u Privrednoj komori Crne Gore prof. dr Mladen Perazi\u0107. Prema njegovim rije\u010dima, znanje koje su polaznici stekli tokom obuke predstavlja \u010dvrst temelj za profesionalan rad u oblasti upravljanja dru\u0161tvenim mre\u017eama \u2013 oblasti koja zahtijeva kreativnost, strate\u0161ko razmi\u0161ljanje i stalno pra\u0107enje novih trendova. On je najavio da Komora u saradnji sa obrazovnim institucijama nastavlja sa akreditovanim programima obuka, te da je u planu da naredne godine one budu realizovane za zanimanja bravar, kondukter, vozovo\u0111a, mehani\u010dar i instruktor motornih vozila, vilju\u0161kar, moler i konfekcionar.<\/p>\n\n\n\n<p>Jadranka \u0110urkovi\u0107, Lingva Mont, izrazila je posebnu zahvalnost Privrednoj komori Crne Gore na podr\u0161ci i omogu\u0107avanju realizacije ovog programa. Istakla je i predava\u010dice na programu, An\u0111elu \u0110oki\u0107 i Aleksandru \u0110urkovi\u0107, koje su nesebi\u010dno podijelile svoje znanje iz oblasti digitalnog marketinga. \u201ePored stru\u010dnog usavr\u0161avanja, u\u010desnici su imali priliku za umre\u017eavanje, \u0161to omogu\u0107ava stvaranje zajednice i me\u0111usobne podr\u0161ke koja \u0107e biti va\u017ena u budu\u0107im projektima i poslovnim inicijativama. Digitalne promjene neminovno dolaze i \u0161ire se velikom brzinom, zato je va\u017eno da kontinuirano ula\u017eemo u svoje znanje i pratimo nove trendove kako bismo ostali konkurentni i spremni za budu\u0107e izazove\u201c, poru\u010dila je \u0110urkovi\u0107.<\/p>\n\n\n\n<p>U\u010desnica obuke Sofija Stankovi\u0107 pohvalila je inicijativu Privredne komore koja je omogu\u0107ila besplatan kurs, isti\u010du\u0107i da je ovo posebno zna\u010dajno imaju\u0107i u vidu da su cijene ovakvih kurseva izuzetno visoke. \u201ePosebno mi se dopalo \u0161to je kurs okupio u\u010desnike razli\u010ditih starosnih struktura i vlasnike malih biznisa, a predava\u010di su nesebi\u010dno dijelili svoje znanje i inspirisali nas tokom grupnih radova. Ovo mi u poslovnom smislu zna\u010di mnogo jer sam nau\u010dila puno stvari koje \u0107u primijeniti u marketing kampanjama na dru\u0161tvenim mre\u017eama\u201c, kazala je Stankovi\u0107.<\/p>\n\n\n\n<p>Jovan Da\u0161i\u0107, u\u010desnik obuke, ocijenio je u\u010de\u0161\u0107e na ovoj obuci vi\u0161estruko korisnim. Prema njegovim rije\u010dima, dana\u0161nja tr\u017ei\u0161ta se brzo razvijaju i javljaju se nove pozicije: \u201eSve su to radne pozicije za koje ne postoji formalno akademsko ili srednjo\u0161kolsko obrazovanje i zato je ova obuka zna\u010dajna jer doprinosi konkurentnosti po\u0161to sti\u010dete znanje koje je odmah primjenljivo. Savladali smo osnove digitalnih marketing strategija, SEO optimizaciju, digitalnu analitiku, digitalno planiranje koraka na dru\u0161tvenim mre\u017eama, i bilo je mnogo ljudi iz privatnog biznisa i mladih koji tek stupaju na tr\u017ei\u0161te rada. Svi oni mogu da ka\u017eu poslodavcima da su stekli znanje i vje\u0161tine koje se danas tra\u017ee\u201c, rekao je Da\u0161i\u0107.<\/p>","protected":false},"excerpt":{"rendered":"<p>Sertifikati o uspje\u0161no zavr\u0161enoj obuci za menad\u017eera dru\u0161tvenih mre\u017ea sve\u010dano su uru\u010deni na Pravnom fakultetu Univerziteta Crne Gore. Rije\u010d je o obuci koju je organizovala Privredna komora Crne Gore u saradnji sa Lingva Mont, a u cilju rje\u0161avanja problema nedostatka kadrova na tr\u017ei\u0161tu rada.<\/p>","protected":false},"author":1,"featured_media":959195,"comment_status":"open","ping_status":"open","sticky":false,"template":"","format":"standard","meta":{"_acf_changed":false,"footnotes":""},"categories":[2],"tags":[12117,3774,12118],"naslovna":[],"class_list":["post-959194","post","type-post","status-publish","format-standard","has-post-thumbnail","hentry","category-drustvo","tag-menadzeri-drustvenih-mreza","tag-svecanost","tag-uruceni-sertifikati"],"acf":[],"yoast_head":"<!-- This site is optimized with the Yoast SEO plugin v27.0 - https:\/\/yoast.com\/product\/yoast-seo-wordpress\/ -->\n<title>Sve\u010dano uru\u010deni sertifikati menad\u017eerima dru\u0161tvenih mre\u017ea - dmcsrb.com<\/title>\n<meta name=\"robots\" content=\"index, follow, max-snippet:-1, max-image-preview:large, max-video-preview:-1\" \/>\n<link rel=\"canonical\" href=\"https:\/\/dmcsrb.com\/en\/drustvo\/svecano-uruceni-sertifikati-menadzerima-drustvenih-mreza\/\" \/>\n<meta property=\"og:locale\" content=\"en_GB\" \/>\n<meta property=\"og:type\" content=\"article\" \/>\n<meta property=\"og:title\" content=\"Sve\u010dano uru\u010deni sertifikati menad\u017eerima dru\u0161tvenih mre\u017ea - dmcsrb.com\" \/>\n<meta property=\"og:description\" content=\"Sertifikati o uspje\u0161no zavr\u0161enoj obuci za menad\u017eera dru\u0161tvenih mre\u017ea sve\u010dano su uru\u010deni na Pravnom fakultetu Univerziteta Crne Gore. Rije\u010d je o obuci koju je organizovala Privredna komora Crne Gore u saradnji sa Lingva Mont, a u cilju rje\u0161avanja problema nedostatka kadrova na tr\u017ei\u0161tu rada.\" \/>\n<meta property=\"og:url\" content=\"https:\/\/dmcsrb.com\/en\/drustvo\/svecano-uruceni-sertifikati-menadzerima-drustvenih-mreza\/\" \/>\n<meta property=\"og:site_name\" content=\"dmcsrb.com\" \/>\n<meta property=\"article:published_time\" content=\"2025-10-21T14:23:00+00:00\" \/>\n<meta property=\"og:image\" content=\"https:\/\/dmcsrb.com\/wp-content\/uploads\/2026\/01\/DM-2.webp\" \/>\n\t<meta property=\"og:image:width\" content=\"1417\" \/>\n\t<meta property=\"og:image:height\" content=\"946\" \/>\n\t<meta property=\"og:image:type\" content=\"image\/jpeg\" \/>\n<meta name=\"author\" content=\"dmcsrbija.com@gmail.com\" \/>\n<meta name=\"twitter:card\" content=\"summary_large_image\" \/>\n<meta name=\"twitter:label1\" content=\"Written by\" \/>\n\t<meta name=\"twitter:data1\" content=\"dmcsrbija.com@gmail.com\" \/>\n\t<meta name=\"twitter:label2\" content=\"Estimated reading time\" \/>\n\t<meta name=\"twitter:data2\" content=\"3 minutes\" \/>\n<script type=\"application\/ld+json\" class=\"yoast-schema-graph\">{\"@context\":\"https:\/\/schema.org\",\"@graph\":[{\"@type\":\"Article\",\"@id\":\"https:\/\/dmcsrb.com\/drustvo\/svecano-uruceni-sertifikati-menadzerima-drustvenih-mreza\/#article\",\"isPartOf\":{\"@id\":\"https:\/\/dmcsrb.com\/drustvo\/svecano-uruceni-sertifikati-menadzerima-drustvenih-mreza\/\"},\"author\":{\"name\":\"dmcsrbija.com@gmail.com\",\"@id\":\"https:\/\/dmcsrb.com\/#\/schema\/person\/5c39170f12db1b8b457732d0b5c854e2\"},\"headline\":\"Sve\u010dano uru\u010deni sertifikati menad\u017eerima dru\u0161tvenih mre\u017ea\",\"datePublished\":\"2025-10-21T14:23:00+00:00\",\"mainEntityOfPage\":{\"@id\":\"https:\/\/dmcsrb.com\/drustvo\/svecano-uruceni-sertifikati-menadzerima-drustvenih-mreza\/\"},\"wordCount\":565,\"commentCount\":0,\"image\":{\"@id\":\"https:\/\/dmcsrb.com\/drustvo\/svecano-uruceni-sertifikati-menadzerima-drustvenih-mreza\/#primaryimage\"},\"thumbnailUrl\":\"https:\/\/dmcsrb.com\/wp-content\/uploads\/2026\/01\/DM-2.webp\",\"keywords\":[\"Menad\u017eeri dru\u0161tvenih mre\u017ea\",\"Sve\u010danost\",\"Uru\u010deni sertifikati\"],\"articleSection\":[\"Dru\u0161tvo\"],\"inLanguage\":\"en-GB\",\"potentialAction\":[{\"@type\":\"CommentAction\",\"name\":\"Comment\",\"target\":[\"https:\/\/dmcsrb.com\/drustvo\/svecano-uruceni-sertifikati-menadzerima-drustvenih-mreza\/#respond\"]}]},{\"@type\":\"WebPage\",\"@id\":\"https:\/\/dmcsrb.com\/drustvo\/svecano-uruceni-sertifikati-menadzerima-drustvenih-mreza\/\",\"url\":\"https:\/\/dmcsrb.com\/drustvo\/svecano-uruceni-sertifikati-menadzerima-drustvenih-mreza\/\",\"name\":\"Sve\u010dano uru\u010deni sertifikati menad\u017eerima dru\u0161tvenih mre\u017ea - dmcsrb.com\",\"isPartOf\":{\"@id\":\"https:\/\/dmcsrb.com\/#website\"},\"primaryImageOfPage\":{\"@id\":\"https:\/\/dmcsrb.com\/drustvo\/svecano-uruceni-sertifikati-menadzerima-drustvenih-mreza\/#primaryimage\"},\"image\":{\"@id\":\"https:\/\/dmcsrb.com\/drustvo\/svecano-uruceni-sertifikati-menadzerima-drustvenih-mreza\/#primaryimage\"},\"thumbnailUrl\":\"https:\/\/dmcsrb.com\/wp-content\/uploads\/2026\/01\/DM-2.webp\",\"datePublished\":\"2025-10-21T14:23:00+00:00\",\"author\":{\"@id\":\"https:\/\/dmcsrb.com\/#\/schema\/person\/5c39170f12db1b8b457732d0b5c854e2\"},\"breadcrumb\":{\"@id\":\"https:\/\/dmcsrb.com\/drustvo\/svecano-uruceni-sertifikati-menadzerima-drustvenih-mreza\/#breadcrumb\"},\"inLanguage\":\"en-GB\",\"potentialAction\":[{\"@type\":\"ReadAction\",\"target\":[\"https:\/\/dmcsrb.com\/drustvo\/svecano-uruceni-sertifikati-menadzerima-drustvenih-mreza\/\"]}]},{\"@type\":\"ImageObject\",\"inLanguage\":\"en-GB\",\"@id\":\"https:\/\/dmcsrb.com\/drustvo\/svecano-uruceni-sertifikati-menadzerima-drustvenih-mreza\/#primaryimage\",\"url\":\"https:\/\/dmcsrb.com\/wp-content\/uploads\/2026\/01\/DM-2.webp\",\"contentUrl\":\"https:\/\/dmcsrb.com\/wp-content\/uploads\/2026\/01\/DM-2.webp\",\"width\":1417,\"height\":946},{\"@type\":\"BreadcrumbList\",\"@id\":\"https:\/\/dmcsrb.com\/drustvo\/svecano-uruceni-sertifikati-menadzerima-drustvenih-mreza\/#breadcrumb\",\"itemListElement\":[{\"@type\":\"ListItem\",\"position\":1,\"name\":\"Home\",\"item\":\"https:\/\/dmcsrb.com\/\"},{\"@type\":\"ListItem\",\"position\":2,\"name\":\"Sve\u010dano uru\u010deni sertifikati menad\u017eerima dru\u0161tvenih mre\u017ea\"}]},{\"@type\":\"WebSite\",\"@id\":\"https:\/\/dmcsrb.com\/#website\",\"url\":\"https:\/\/dmcsrb.com\/\",\"name\":\"dmcsrb.com\",\"description\":\"\",\"potentialAction\":[{\"@type\":\"SearchAction\",\"target\":{\"@type\":\"EntryPoint\",\"urlTemplate\":\"https:\/\/dmcsrb.com\/?s={search_term_string}\"},\"query-input\":{\"@type\":\"PropertyValueSpecification\",\"valueRequired\":true,\"valueName\":\"search_term_string\"}}],\"inLanguage\":\"en-GB\"},{\"@type\":\"Person\",\"@id\":\"https:\/\/dmcsrb.com\/#\/schema\/person\/5c39170f12db1b8b457732d0b5c854e2\",\"name\":\"dmcsrbija.com@gmail.com\",\"image\":{\"@type\":\"ImageObject\",\"inLanguage\":\"en-GB\",\"@id\":\"https:\/\/dmcsrb.com\/#\/schema\/person\/image\/\",\"url\":\"https:\/\/secure.gravatar.com\/avatar\/68592660ad6347fad0fb587f8d5d8f1a7b44961362f56e4f2cd524feb87e9069?s=96&d=mm&r=g\",\"contentUrl\":\"https:\/\/secure.gravatar.com\/avatar\/68592660ad6347fad0fb587f8d5d8f1a7b44961362f56e4f2cd524feb87e9069?s=96&d=mm&r=g\",\"caption\":\"dmcsrbija.com@gmail.com\"},\"sameAs\":[\"https:\/\/dmcsrb.com\"],\"url\":\"https:\/\/dmcsrb.com\/en\/author\/dmcsrbija-comgmail-com\/\"}]}<\/script>\n<!-- \/ Yoast SEO plugin. -->","yoast_head_json":{"title":"Sve\u010dano uru\u010deni sertifikati menad\u017eerima dru\u0161tvenih mre\u017ea - dmcsrb.com","robots":{"index":"index","follow":"follow","max-snippet":"max-snippet:-1","max-image-preview":"max-image-preview:large","max-video-preview":"max-video-preview:-1"},"canonical":"https:\/\/dmcsrb.com\/en\/drustvo\/svecano-uruceni-sertifikati-menadzerima-drustvenih-mreza\/","og_locale":"en_GB","og_type":"article","og_title":"Sve\u010dano uru\u010deni sertifikati menad\u017eerima dru\u0161tvenih mre\u017ea - dmcsrb.com","og_description":"Sertifikati o uspje\u0161no zavr\u0161enoj obuci za menad\u017eera dru\u0161tvenih mre\u017ea sve\u010dano su uru\u010deni na Pravnom fakultetu Univerziteta Crne Gore. Rije\u010d je o obuci koju je organizovala Privredna komora Crne Gore u saradnji sa Lingva Mont, a u cilju rje\u0161avanja problema nedostatka kadrova na tr\u017ei\u0161tu rada.","og_url":"https:\/\/dmcsrb.com\/en\/drustvo\/svecano-uruceni-sertifikati-menadzerima-drustvenih-mreza\/","og_site_name":"dmcsrb.com","article_published_time":"2025-10-21T14:23:00+00:00","og_image":[{"width":1417,"height":946,"url":"https:\/\/dmcsrb.com\/wp-content\/uploads\/2026\/01\/DM-2.webp","type":"image\/jpeg"}],"author":"dmcsrbija.com@gmail.com","twitter_card":"summary_large_image","twitter_misc":{"Written by":"dmcsrbija.com@gmail.com","Estimated reading time":"3 minutes"},"schema":{"@context":"https:\/\/schema.org","@graph":[{"@type":"Article","@id":"https:\/\/dmcsrb.com\/drustvo\/svecano-uruceni-sertifikati-menadzerima-drustvenih-mreza\/#article","isPartOf":{"@id":"https:\/\/dmcsrb.com\/drustvo\/svecano-uruceni-sertifikati-menadzerima-drustvenih-mreza\/"},"author":{"name":"dmcsrbija.com@gmail.com","@id":"https:\/\/dmcsrb.com\/#\/schema\/person\/5c39170f12db1b8b457732d0b5c854e2"},"headline":"Sve\u010dano uru\u010deni sertifikati menad\u017eerima dru\u0161tvenih mre\u017ea","datePublished":"2025-10-21T14:23:00+00:00","mainEntityOfPage":{"@id":"https:\/\/dmcsrb.com\/drustvo\/svecano-uruceni-sertifikati-menadzerima-drustvenih-mreza\/"},"wordCount":565,"commentCount":0,"image":{"@id":"https:\/\/dmcsrb.com\/drustvo\/svecano-uruceni-sertifikati-menadzerima-drustvenih-mreza\/#primaryimage"},"thumbnailUrl":"https:\/\/dmcsrb.com\/wp-content\/uploads\/2026\/01\/DM-2.webp","keywords":["Menad\u017eeri dru\u0161tvenih mre\u017ea","Sve\u010danost","Uru\u010deni sertifikati"],"articleSection":["Dru\u0161tvo"],"inLanguage":"en-GB","potentialAction":[{"@type":"CommentAction","name":"Comment","target":["https:\/\/dmcsrb.com\/drustvo\/svecano-uruceni-sertifikati-menadzerima-drustvenih-mreza\/#respond"]}]},{"@type":"WebPage","@id":"https:\/\/dmcsrb.com\/drustvo\/svecano-uruceni-sertifikati-menadzerima-drustvenih-mreza\/","url":"https:\/\/dmcsrb.com\/drustvo\/svecano-uruceni-sertifikati-menadzerima-drustvenih-mreza\/","name":"Sve\u010dano uru\u010deni sertifikati menad\u017eerima dru\u0161tvenih mre\u017ea - dmcsrb.com","isPartOf":{"@id":"https:\/\/dmcsrb.com\/#website"},"primaryImageOfPage":{"@id":"https:\/\/dmcsrb.com\/drustvo\/svecano-uruceni-sertifikati-menadzerima-drustvenih-mreza\/#primaryimage"},"image":{"@id":"https:\/\/dmcsrb.com\/drustvo\/svecano-uruceni-sertifikati-menadzerima-drustvenih-mreza\/#primaryimage"},"thumbnailUrl":"https:\/\/dmcsrb.com\/wp-content\/uploads\/2026\/01\/DM-2.webp","datePublished":"2025-10-21T14:23:00+00:00","author":{"@id":"https:\/\/dmcsrb.com\/#\/schema\/person\/5c39170f12db1b8b457732d0b5c854e2"},"breadcrumb":{"@id":"https:\/\/dmcsrb.com\/drustvo\/svecano-uruceni-sertifikati-menadzerima-drustvenih-mreza\/#breadcrumb"},"inLanguage":"en-GB","potentialAction":[{"@type":"ReadAction","target":["https:\/\/dmcsrb.com\/drustvo\/svecano-uruceni-sertifikati-menadzerima-drustvenih-mreza\/"]}]},{"@type":"ImageObject","inLanguage":"en-GB","@id":"https:\/\/dmcsrb.com\/drustvo\/svecano-uruceni-sertifikati-menadzerima-drustvenih-mreza\/#primaryimage","url":"https:\/\/dmcsrb.com\/wp-content\/uploads\/2026\/01\/DM-2.webp","contentUrl":"https:\/\/dmcsrb.com\/wp-content\/uploads\/2026\/01\/DM-2.webp","width":1417,"height":946},{"@type":"BreadcrumbList","@id":"https:\/\/dmcsrb.com\/drustvo\/svecano-uruceni-sertifikati-menadzerima-drustvenih-mreza\/#breadcrumb","itemListElement":[{"@type":"ListItem","position":1,"name":"Home","item":"https:\/\/dmcsrb.com\/"},{"@type":"ListItem","position":2,"name":"Sve\u010dano uru\u010deni sertifikati menad\u017eerima dru\u0161tvenih mre\u017ea"}]},{"@type":"WebSite","@id":"https:\/\/dmcsrb.com\/#website","url":"https:\/\/dmcsrb.com\/","name":"dmcsrb.com","description":"","potentialAction":[{"@type":"SearchAction","target":{"@type":"EntryPoint","urlTemplate":"https:\/\/dmcsrb.com\/?s={search_term_string}"},"query-input":{"@type":"PropertyValueSpecification","valueRequired":true,"valueName":"search_term_string"}}],"inLanguage":"en-GB"},{"@type":"Person","@id":"https:\/\/dmcsrb.com\/#\/schema\/person\/5c39170f12db1b8b457732d0b5c854e2","name":"dmcsrbija.com@gmail.com","image":{"@type":"ImageObject","inLanguage":"en-GB","@id":"https:\/\/dmcsrb.com\/#\/schema\/person\/image\/","url":"https:\/\/secure.gravatar.com\/avatar\/68592660ad6347fad0fb587f8d5d8f1a7b44961362f56e4f2cd524feb87e9069?s=96&d=mm&r=g","contentUrl":"https:\/\/secure.gravatar.com\/avatar\/68592660ad6347fad0fb587f8d5d8f1a7b44961362f56e4f2cd524feb87e9069?s=96&d=mm&r=g","caption":"dmcsrbija.com@gmail.com"},"sameAs":["https:\/\/dmcsrb.com"],"url":"https:\/\/dmcsrb.com\/en\/author\/dmcsrbija-comgmail-com\/"}]}},"_links":{"self":[{"href":"https:\/\/dmcsrb.com\/en\/wp-json\/wp\/v2\/posts\/959194","targetHints":{"allow":["GET"]}}],"collection":[{"href":"https:\/\/dmcsrb.com\/en\/wp-json\/wp\/v2\/posts"}],"about":[{"href":"https:\/\/dmcsrb.com\/en\/wp-json\/wp\/v2\/types\/post"}],"author":[{"embeddable":true,"href":"https:\/\/dmcsrb.com\/en\/wp-json\/wp\/v2\/users\/1"}],"replies":[{"embeddable":true,"href":"https:\/\/dmcsrb.com\/en\/wp-json\/wp\/v2\/comments?post=959194"}],"version-history":[{"count":0,"href":"https:\/\/dmcsrb.com\/en\/wp-json\/wp\/v2\/posts\/959194\/revisions"}],"wp:featuredmedia":[{"embeddable":true,"href":"https:\/\/dmcsrb.com\/en\/wp-json\/wp\/v2\/media\/959195"}],"wp:attachment":[{"href":"https:\/\/dmcsrb.com\/en\/wp-json\/wp\/v2\/media?parent=959194"}],"wp:term":[{"taxonomy":"category","embeddable":true,"href":"https:\/\/dmcsrb.com\/en\/wp-json\/wp\/v2\/categories?post=959194"},{"taxonomy":"post_tag","embeddable":true,"href":"https:\/\/dmcsrb.com\/en\/wp-json\/wp\/v2\/tags?post=959194"},{"taxonomy":"naslovna","embeddable":true,"href":"https:\/\/dmcsrb.com\/en\/wp-json\/wp\/v2\/naslovna?post=959194"}],"curies":[{"name":"wp","href":"https:\/\/api.w.org\/{rel}","templated":true}]}}