{"id":959014,"date":"2025-10-20T14:54:32","date_gmt":"2025-10-20T12:54:32","guid":{"rendered":"https:\/\/dmcsrb.com\/uncategorized\/tomasevic-i-roganovic-kadic-zakljucivao-ugovore-sa-zdravstvenom-ustanovom-bez-prethodno-pribavljene-saglasnosti-ministarstva-zdravlja\/"},"modified":"2025-10-20T14:54:32","modified_gmt":"2025-10-20T12:54:32","slug":"tomasevic-i-roganovic-kadic-zakljucivao-ugovore-sa-zdravstvenom-ustanovom-bez-prethodno-pribavljene-saglasnosti-ministarstva-zdravlja","status":"publish","type":"post","link":"https:\/\/dmcsrb.com\/en\/drustvo\/tomasevic-i-roganovic-kadic-zakljucivao-ugovore-sa-zdravstvenom-ustanovom-bez-prethodno-pribavljene-saglasnosti-ministarstva-zdravlja\/","title":{"rendered":"Toma\u0161evi\u0107 i Roganovi\u0107: Kadi\u0107 zaklju\u010divao ugovore sa zdravstvenom ustanovom bez prethodno pribavljene saglasnosti Ministarstva zdravlja"},"content":{"rendered":"<p><\/p>\n\n\n\n<p>Oni navode da Kadi\u0107 iznosi neosnovane i neta\u010dne optu\u017ebe na njihov ra\u010dun.<\/p>\n\n\n\n<p>&#8220;Upravni odbor Fonda za zdravstveno osiguranje Crne Gore, u skladu sa Zakonom o obaveznom zdravstvenom osiguranju i Statutom Fonda, jedini je organ nadle\u017ean da imenuje, nadzire i razrje\u0161ava direktora Fonda, te da cijeni njegov rad i odlu\u010duje o zakonitosti postupanja. Ovaj organ \u010dine predstavnici Ministarstva zdravlja, Ministarstva finansija, sindikata, poslodavaca i zaposlenih u Fondu, \u0161to garantuje institucionalnu ravnote\u017eu, stru\u010dnost i nezavisnost u odlu\u010divanju. Upravni odbor Fonda za zdravstveno osiguranje Crne Gore najo\u0161trije odbacuje neosnovane, neistinite i neprimjerene optu\u017ebe direktora Fonda, Vuka Kadi\u0107a, kojima poku\u0161ava da diskredituje \u010dlanove Upravnog odbora i ospori zakonito sprovo\u0111enje postupka koji je u toku&#8221;, navodi se u zajedni\u010dkom saop\u0161tenju.<\/p>\n\n\n\n<figure class=\"wp-block-embed is-type-wp-embed is-provider-gradski-portal wp-block-embed-gradski-portal\"><div class=\"wp-block-embed__wrapper\">\nhttps:\/\/gradski.me\/kadic-nezakonit-pokusaj-moje-smjene-cilj-destabliziacija-fonda\/\n<\/div><\/figure>\n\n\n\n<p>Upravni odbor, kako ka\u017eu, postupa isklju\u010divo u skladu sa zakonom i svojim nadle\u017enostima, definisanim \u010dlanom 69 Zakona o obaveznom zdravstvenom osiguranju, kojim je jasno propisano da Upravni odbor imenuje i razrje\u0161ava direktora Fonda.<\/p>\n\n\n\n<p>&#8220;Svi postupci koji se preduzimaju zasnovani su na \u010dinjenicama i va\u017ee\u0107im propisima, a ne na bilo kakvim li\u010dnim ili politi\u010dkim motivima. U toku vr\u0161enja du\u017enosti direktora Fonda, utvr\u0111eno je da je direktor postupao suprotno \u010dlanu 77 Zakona o zdravstvenom osiguranju Crne Gore, koji propisuje: \u201eZa zdravstvene usluge koje ne mogu da obezbijede davaoci zdravstvenih usluga u Crnoj Gori sa kojima Fond ima potpisan ugovor, Fond neposredno zaklju\u010duje ugovor sa zdravstvenom ustanovom van Crne Gore, uz saglasnost Ministarstva.\u201c Suprotno ovoj zakonskoj obavezi, direktor je u vi\u0161e navrata zaklju\u010divao ugovore sa zdravstvenim ustanovama izvan Crne Gore bez prethodno pribavljene saglasnosti Ministarstva zdravlja, \u010dime je: postupao protivno izri\u010ditoj zakonskoj normi, prekora\u010dio svoja ovla\u0161\u0107enja, doveo Fond u pravnu i finansijsku nesigurnost, umanjio pravnu sigurnost osiguranih lica, potencijalno izlo\u017eio Fond finansijskoj i reputacionoj \u0161teti&#8221;, kazali su oni.<\/p>\n\n\n\n<p>Ova postupanja, kako navode, predstavljaju ozbiljno kr\u0161enje zakonskih obaveza direktora, kao lica odgovornog za zakonitost rada Fonda.<\/p>\n\n\n\n<p>&#8220;Upravni odbor je, u skladu sa statutarnim ovla\u0161\u0107enjima i na\u010delima zakonitosti, du\u017ean da reaguje radi o\u010duvanja zakonitog funkcionisanja Fonda i za\u0161tite interesa osiguranika i javnih sredstava. Direktor je na sjednici odr\u017eanoj 17. oktobra 2025. godine imao priliku da se izjasni o svim pitanjima koja su bila predmet razmatranja. Tvrdnje o \u201cpoku\u0161aju nezakonite smjene\u201d predstavljaju svjestan poku\u0161aj obmanjivanja javnosti i skretanja pa\u017enje sa utvr\u0111enih nepravilnosti. Upravni odbor smatra nedopustivim i krajnje neprimjerenim javne napade direktora na predsjednika, zamjenicu predsjednika i druge \u010dlanove Upravnog odbora, kao i prijetnje krivi\u010dnim prijavama, koje predstavljaju vid pritiska na organ koji je du\u017ean da kontroli\u0161e njegov rad. Takvo pona\u0161anje je u potpunoj suprotnosti sa principima profesionalnosti, odgovornosti i institucionalne saradnje. Upravni odbor ne\u0107e dozvoliti da se autoritet institucije uru\u0161ava li\u010dnim istupima i poku\u0161ajima zastra\u0161ivanja. Postupak \u0107e biti sproveden do kraja, u potpunosti u skladu sa zakonom, a javnost \u0107e o svim odlukama biti blagovremeno obavije\u0161tena. Fond za zdravstveno osiguranje Crne Gore je institucija od javnog interesa i njegov integritet bi\u0107e za\u0161ti\u0107en od svake vrste politi\u010dkih, li\u010dnih ili medijskih pritisaka&#8221;, navode Toma\u0161evi\u0107 i Roganovi\u0107 u zajedni\u010dkom saop\u0161tenju.<\/p>","protected":false},"excerpt":{"rendered":"<p>Direktor Fonda za zdravstveno osiguranje Crne Gore, Vuk Kadi\u0107, u vi\u0161e navrata zaklju\u010divao je ugovore sa zdravstvenom ustanovom van Crne Gore bez bez prethodno pribavljene saglasnosti Ministarstva zdravlja, \u010dime je: postupao protivno izri\u010ditoj zakonskoj normi, prekora\u010dio svoja ovla\u0161\u0107enja i doveo Fond u pravnu i finansijsku nesigurnost, navodi se u saop\u0161tenju predsjednika Upravnog odbora Fonda za zdravstveno osiguranje Crne Gore, Marka Toma\u0161evi\u0107a i zamjenice predsjednika Upravnog odbora Fonda, Milene Roganovi\u0107 dostavljenom Portalu RTV Podgorica.<\/p>","protected":false},"author":1,"featured_media":959015,"comment_status":"open","ping_status":"open","sticky":false,"template":"","format":"standard","meta":{"_acf_changed":false,"footnotes":""},"categories":[2],"tags":[7182,443],"naslovna":[],"class_list":["post-959014","post","type-post","status-publish","format-standard","has-post-thumbnail","hentry","category-drustvo","tag-fond-za-zdravstveno-osiguranje","tag-vuk-kadic"],"acf":[],"yoast_head":"<!-- This site is optimized with the Yoast SEO plugin v27.0 - https:\/\/yoast.com\/product\/yoast-seo-wordpress\/ -->\n<title>Toma\u0161evi\u0107 i Roganovi\u0107: Kadi\u0107 zaklju\u010divao ugovore sa zdravstvenom ustanovom bez prethodno pribavljene saglasnosti Ministarstva zdravlja - dmcsrb.com<\/title>\n<meta name=\"robots\" content=\"index, follow, max-snippet:-1, max-image-preview:large, max-video-preview:-1\" \/>\n<link rel=\"canonical\" href=\"https:\/\/dmcsrb.com\/en\/drustvo\/tomasevic-i-roganovic-kadic-zakljucivao-ugovore-sa-zdravstvenom-ustanovom-bez-prethodno-pribavljene-saglasnosti-ministarstva-zdravlja\/\" \/>\n<meta property=\"og:locale\" content=\"en_GB\" \/>\n<meta property=\"og:type\" content=\"article\" \/>\n<meta property=\"og:title\" content=\"Toma\u0161evi\u0107 i Roganovi\u0107: Kadi\u0107 zaklju\u010divao ugovore sa zdravstvenom ustanovom bez prethodno pribavljene saglasnosti Ministarstva zdravlja - dmcsrb.com\" \/>\n<meta property=\"og:description\" content=\"Direktor Fonda za zdravstveno osiguranje Crne Gore, Vuk Kadi\u0107, u vi\u0161e navrata zaklju\u010divao je ugovore sa zdravstvenom ustanovom van Crne Gore bez bez prethodno pribavljene saglasnosti Ministarstva zdravlja, \u010dime je: postupao protivno izri\u010ditoj zakonskoj normi, prekora\u010dio svoja ovla\u0161\u0107enja i doveo Fond u pravnu i finansijsku nesigurnost, navodi se u saop\u0161tenju predsjednika Upravnog odbora Fonda za zdravstveno osiguranje Crne Gore, Marka Toma\u0161evi\u0107a i zamjenice predsjednika Upravnog odbora Fonda, Milene Roganovi\u0107 dostavljenom Portalu RTV Podgorica.\" \/>\n<meta property=\"og:url\" content=\"https:\/\/dmcsrb.com\/en\/drustvo\/tomasevic-i-roganovic-kadic-zakljucivao-ugovore-sa-zdravstvenom-ustanovom-bez-prethodno-pribavljene-saglasnosti-ministarstva-zdravlja\/\" \/>\n<meta property=\"og:site_name\" content=\"dmcsrb.com\" \/>\n<meta property=\"article:published_time\" content=\"2025-10-20T12:54:32+00:00\" \/>\n<meta property=\"og:image\" content=\"https:\/\/dmcsrb.com\/wp-content\/uploads\/2026\/01\/FZOOOO_675x900.webp\" \/>\n\t<meta property=\"og:image:width\" content=\"900\" \/>\n\t<meta property=\"og:image:height\" content=\"675\" \/>\n\t<meta property=\"og:image:type\" content=\"image\/jpeg\" \/>\n<meta name=\"author\" content=\"dmcsrbija.com@gmail.com\" \/>\n<meta name=\"twitter:card\" content=\"summary_large_image\" \/>\n<meta name=\"twitter:label1\" content=\"Written by\" \/>\n\t<meta name=\"twitter:data1\" content=\"dmcsrbija.com@gmail.com\" \/>\n\t<meta name=\"twitter:label2\" content=\"Estimated reading time\" \/>\n\t<meta name=\"twitter:data2\" content=\"3 minutes\" \/>\n<script type=\"application\/ld+json\" class=\"yoast-schema-graph\">{\"@context\":\"https:\/\/schema.org\",\"@graph\":[{\"@type\":\"Article\",\"@id\":\"https:\/\/dmcsrb.com\/drustvo\/tomasevic-i-roganovic-kadic-zakljucivao-ugovore-sa-zdravstvenom-ustanovom-bez-prethodno-pribavljene-saglasnosti-ministarstva-zdravlja\/#article\",\"isPartOf\":{\"@id\":\"https:\/\/dmcsrb.com\/drustvo\/tomasevic-i-roganovic-kadic-zakljucivao-ugovore-sa-zdravstvenom-ustanovom-bez-prethodno-pribavljene-saglasnosti-ministarstva-zdravlja\/\"},\"author\":{\"name\":\"dmcsrbija.com@gmail.com\",\"@id\":\"https:\/\/dmcsrb.com\/#\/schema\/person\/5c39170f12db1b8b457732d0b5c854e2\"},\"headline\":\"Toma\u0161evi\u0107 i Roganovi\u0107: Kadi\u0107 zaklju\u010divao ugovore sa zdravstvenom ustanovom bez prethodno pribavljene saglasnosti Ministarstva zdravlja\",\"datePublished\":\"2025-10-20T12:54:32+00:00\",\"mainEntityOfPage\":{\"@id\":\"https:\/\/dmcsrb.com\/drustvo\/tomasevic-i-roganovic-kadic-zakljucivao-ugovore-sa-zdravstvenom-ustanovom-bez-prethodno-pribavljene-saglasnosti-ministarstva-zdravlja\/\"},\"wordCount\":557,\"commentCount\":0,\"image\":{\"@id\":\"https:\/\/dmcsrb.com\/drustvo\/tomasevic-i-roganovic-kadic-zakljucivao-ugovore-sa-zdravstvenom-ustanovom-bez-prethodno-pribavljene-saglasnosti-ministarstva-zdravlja\/#primaryimage\"},\"thumbnailUrl\":\"https:\/\/dmcsrb.com\/wp-content\/uploads\/2026\/01\/FZOOOO_675x900.webp\",\"keywords\":[\"Fond za zdravstveno osiguranje\",\"Vuk Kadi\u0107\"],\"articleSection\":[\"Dru\u0161tvo\"],\"inLanguage\":\"en-GB\",\"potentialAction\":[{\"@type\":\"CommentAction\",\"name\":\"Comment\",\"target\":[\"https:\/\/dmcsrb.com\/drustvo\/tomasevic-i-roganovic-kadic-zakljucivao-ugovore-sa-zdravstvenom-ustanovom-bez-prethodno-pribavljene-saglasnosti-ministarstva-zdravlja\/#respond\"]}]},{\"@type\":\"WebPage\",\"@id\":\"https:\/\/dmcsrb.com\/drustvo\/tomasevic-i-roganovic-kadic-zakljucivao-ugovore-sa-zdravstvenom-ustanovom-bez-prethodno-pribavljene-saglasnosti-ministarstva-zdravlja\/\",\"url\":\"https:\/\/dmcsrb.com\/drustvo\/tomasevic-i-roganovic-kadic-zakljucivao-ugovore-sa-zdravstvenom-ustanovom-bez-prethodno-pribavljene-saglasnosti-ministarstva-zdravlja\/\",\"name\":\"Toma\u0161evi\u0107 i Roganovi\u0107: Kadi\u0107 zaklju\u010divao ugovore sa zdravstvenom ustanovom bez prethodno pribavljene saglasnosti Ministarstva zdravlja - dmcsrb.com\",\"isPartOf\":{\"@id\":\"https:\/\/dmcsrb.com\/#website\"},\"primaryImageOfPage\":{\"@id\":\"https:\/\/dmcsrb.com\/drustvo\/tomasevic-i-roganovic-kadic-zakljucivao-ugovore-sa-zdravstvenom-ustanovom-bez-prethodno-pribavljene-saglasnosti-ministarstva-zdravlja\/#primaryimage\"},\"image\":{\"@id\":\"https:\/\/dmcsrb.com\/drustvo\/tomasevic-i-roganovic-kadic-zakljucivao-ugovore-sa-zdravstvenom-ustanovom-bez-prethodno-pribavljene-saglasnosti-ministarstva-zdravlja\/#primaryimage\"},\"thumbnailUrl\":\"https:\/\/dmcsrb.com\/wp-content\/uploads\/2026\/01\/FZOOOO_675x900.webp\",\"datePublished\":\"2025-10-20T12:54:32+00:00\",\"author\":{\"@id\":\"https:\/\/dmcsrb.com\/#\/schema\/person\/5c39170f12db1b8b457732d0b5c854e2\"},\"breadcrumb\":{\"@id\":\"https:\/\/dmcsrb.com\/drustvo\/tomasevic-i-roganovic-kadic-zakljucivao-ugovore-sa-zdravstvenom-ustanovom-bez-prethodno-pribavljene-saglasnosti-ministarstva-zdravlja\/#breadcrumb\"},\"inLanguage\":\"en-GB\",\"potentialAction\":[{\"@type\":\"ReadAction\",\"target\":[\"https:\/\/dmcsrb.com\/drustvo\/tomasevic-i-roganovic-kadic-zakljucivao-ugovore-sa-zdravstvenom-ustanovom-bez-prethodno-pribavljene-saglasnosti-ministarstva-zdravlja\/\"]}]},{\"@type\":\"ImageObject\",\"inLanguage\":\"en-GB\",\"@id\":\"https:\/\/dmcsrb.com\/drustvo\/tomasevic-i-roganovic-kadic-zakljucivao-ugovore-sa-zdravstvenom-ustanovom-bez-prethodno-pribavljene-saglasnosti-ministarstva-zdravlja\/#primaryimage\",\"url\":\"https:\/\/dmcsrb.com\/wp-content\/uploads\/2026\/01\/FZOOOO_675x900.webp\",\"contentUrl\":\"https:\/\/dmcsrb.com\/wp-content\/uploads\/2026\/01\/FZOOOO_675x900.webp\",\"width\":900,\"height\":675},{\"@type\":\"BreadcrumbList\",\"@id\":\"https:\/\/dmcsrb.com\/drustvo\/tomasevic-i-roganovic-kadic-zakljucivao-ugovore-sa-zdravstvenom-ustanovom-bez-prethodno-pribavljene-saglasnosti-ministarstva-zdravlja\/#breadcrumb\",\"itemListElement\":[{\"@type\":\"ListItem\",\"position\":1,\"name\":\"Home\",\"item\":\"https:\/\/dmcsrb.com\/\"},{\"@type\":\"ListItem\",\"position\":2,\"name\":\"Toma\u0161evi\u0107 i Roganovi\u0107: Kadi\u0107 zaklju\u010divao ugovore sa zdravstvenom ustanovom bez prethodno pribavljene saglasnosti Ministarstva zdravlja\"}]},{\"@type\":\"WebSite\",\"@id\":\"https:\/\/dmcsrb.com\/#website\",\"url\":\"https:\/\/dmcsrb.com\/\",\"name\":\"dmcsrb.com\",\"description\":\"\",\"potentialAction\":[{\"@type\":\"SearchAction\",\"target\":{\"@type\":\"EntryPoint\",\"urlTemplate\":\"https:\/\/dmcsrb.com\/?s={search_term_string}\"},\"query-input\":{\"@type\":\"PropertyValueSpecification\",\"valueRequired\":true,\"valueName\":\"search_term_string\"}}],\"inLanguage\":\"en-GB\"},{\"@type\":\"Person\",\"@id\":\"https:\/\/dmcsrb.com\/#\/schema\/person\/5c39170f12db1b8b457732d0b5c854e2\",\"name\":\"dmcsrbija.com@gmail.com\",\"image\":{\"@type\":\"ImageObject\",\"inLanguage\":\"en-GB\",\"@id\":\"https:\/\/dmcsrb.com\/#\/schema\/person\/image\/\",\"url\":\"https:\/\/secure.gravatar.com\/avatar\/68592660ad6347fad0fb587f8d5d8f1a7b44961362f56e4f2cd524feb87e9069?s=96&d=mm&r=g\",\"contentUrl\":\"https:\/\/secure.gravatar.com\/avatar\/68592660ad6347fad0fb587f8d5d8f1a7b44961362f56e4f2cd524feb87e9069?s=96&d=mm&r=g\",\"caption\":\"dmcsrbija.com@gmail.com\"},\"sameAs\":[\"https:\/\/dmcsrb.com\"],\"url\":\"https:\/\/dmcsrb.com\/en\/author\/dmcsrbija-comgmail-com\/\"}]}<\/script>\n<!-- \/ Yoast SEO plugin. -->","yoast_head_json":{"title":"Toma\u0161evi\u0107 i Roganovi\u0107: Kadi\u0107 zaklju\u010divao ugovore sa zdravstvenom ustanovom bez prethodno pribavljene saglasnosti Ministarstva zdravlja - dmcsrb.com","robots":{"index":"index","follow":"follow","max-snippet":"max-snippet:-1","max-image-preview":"max-image-preview:large","max-video-preview":"max-video-preview:-1"},"canonical":"https:\/\/dmcsrb.com\/en\/drustvo\/tomasevic-i-roganovic-kadic-zakljucivao-ugovore-sa-zdravstvenom-ustanovom-bez-prethodno-pribavljene-saglasnosti-ministarstva-zdravlja\/","og_locale":"en_GB","og_type":"article","og_title":"Toma\u0161evi\u0107 i Roganovi\u0107: Kadi\u0107 zaklju\u010divao ugovore sa zdravstvenom ustanovom bez prethodno pribavljene saglasnosti Ministarstva zdravlja - dmcsrb.com","og_description":"Direktor Fonda za zdravstveno osiguranje Crne Gore, Vuk Kadi\u0107, u vi\u0161e navrata zaklju\u010divao je ugovore sa zdravstvenom ustanovom van Crne Gore bez bez prethodno pribavljene saglasnosti Ministarstva zdravlja, \u010dime je: postupao protivno izri\u010ditoj zakonskoj normi, prekora\u010dio svoja ovla\u0161\u0107enja i doveo Fond u pravnu i finansijsku nesigurnost, navodi se u saop\u0161tenju predsjednika Upravnog odbora Fonda za zdravstveno osiguranje Crne Gore, Marka Toma\u0161evi\u0107a i zamjenice predsjednika Upravnog odbora Fonda, Milene Roganovi\u0107 dostavljenom Portalu RTV Podgorica.","og_url":"https:\/\/dmcsrb.com\/en\/drustvo\/tomasevic-i-roganovic-kadic-zakljucivao-ugovore-sa-zdravstvenom-ustanovom-bez-prethodno-pribavljene-saglasnosti-ministarstva-zdravlja\/","og_site_name":"dmcsrb.com","article_published_time":"2025-10-20T12:54:32+00:00","og_image":[{"width":900,"height":675,"url":"https:\/\/dmcsrb.com\/wp-content\/uploads\/2026\/01\/FZOOOO_675x900.webp","type":"image\/jpeg"}],"author":"dmcsrbija.com@gmail.com","twitter_card":"summary_large_image","twitter_misc":{"Written by":"dmcsrbija.com@gmail.com","Estimated reading time":"3 minutes"},"schema":{"@context":"https:\/\/schema.org","@graph":[{"@type":"Article","@id":"https:\/\/dmcsrb.com\/drustvo\/tomasevic-i-roganovic-kadic-zakljucivao-ugovore-sa-zdravstvenom-ustanovom-bez-prethodno-pribavljene-saglasnosti-ministarstva-zdravlja\/#article","isPartOf":{"@id":"https:\/\/dmcsrb.com\/drustvo\/tomasevic-i-roganovic-kadic-zakljucivao-ugovore-sa-zdravstvenom-ustanovom-bez-prethodno-pribavljene-saglasnosti-ministarstva-zdravlja\/"},"author":{"name":"dmcsrbija.com@gmail.com","@id":"https:\/\/dmcsrb.com\/#\/schema\/person\/5c39170f12db1b8b457732d0b5c854e2"},"headline":"Toma\u0161evi\u0107 i Roganovi\u0107: Kadi\u0107 zaklju\u010divao ugovore sa zdravstvenom ustanovom bez prethodno pribavljene saglasnosti Ministarstva zdravlja","datePublished":"2025-10-20T12:54:32+00:00","mainEntityOfPage":{"@id":"https:\/\/dmcsrb.com\/drustvo\/tomasevic-i-roganovic-kadic-zakljucivao-ugovore-sa-zdravstvenom-ustanovom-bez-prethodno-pribavljene-saglasnosti-ministarstva-zdravlja\/"},"wordCount":557,"commentCount":0,"image":{"@id":"https:\/\/dmcsrb.com\/drustvo\/tomasevic-i-roganovic-kadic-zakljucivao-ugovore-sa-zdravstvenom-ustanovom-bez-prethodno-pribavljene-saglasnosti-ministarstva-zdravlja\/#primaryimage"},"thumbnailUrl":"https:\/\/dmcsrb.com\/wp-content\/uploads\/2026\/01\/FZOOOO_675x900.webp","keywords":["Fond za zdravstveno osiguranje","Vuk Kadi\u0107"],"articleSection":["Dru\u0161tvo"],"inLanguage":"en-GB","potentialAction":[{"@type":"CommentAction","name":"Comment","target":["https:\/\/dmcsrb.com\/drustvo\/tomasevic-i-roganovic-kadic-zakljucivao-ugovore-sa-zdravstvenom-ustanovom-bez-prethodno-pribavljene-saglasnosti-ministarstva-zdravlja\/#respond"]}]},{"@type":"WebPage","@id":"https:\/\/dmcsrb.com\/drustvo\/tomasevic-i-roganovic-kadic-zakljucivao-ugovore-sa-zdravstvenom-ustanovom-bez-prethodno-pribavljene-saglasnosti-ministarstva-zdravlja\/","url":"https:\/\/dmcsrb.com\/drustvo\/tomasevic-i-roganovic-kadic-zakljucivao-ugovore-sa-zdravstvenom-ustanovom-bez-prethodno-pribavljene-saglasnosti-ministarstva-zdravlja\/","name":"Toma\u0161evi\u0107 i Roganovi\u0107: Kadi\u0107 zaklju\u010divao ugovore sa zdravstvenom ustanovom bez prethodno pribavljene saglasnosti Ministarstva zdravlja - dmcsrb.com","isPartOf":{"@id":"https:\/\/dmcsrb.com\/#website"},"primaryImageOfPage":{"@id":"https:\/\/dmcsrb.com\/drustvo\/tomasevic-i-roganovic-kadic-zakljucivao-ugovore-sa-zdravstvenom-ustanovom-bez-prethodno-pribavljene-saglasnosti-ministarstva-zdravlja\/#primaryimage"},"image":{"@id":"https:\/\/dmcsrb.com\/drustvo\/tomasevic-i-roganovic-kadic-zakljucivao-ugovore-sa-zdravstvenom-ustanovom-bez-prethodno-pribavljene-saglasnosti-ministarstva-zdravlja\/#primaryimage"},"thumbnailUrl":"https:\/\/dmcsrb.com\/wp-content\/uploads\/2026\/01\/FZOOOO_675x900.webp","datePublished":"2025-10-20T12:54:32+00:00","author":{"@id":"https:\/\/dmcsrb.com\/#\/schema\/person\/5c39170f12db1b8b457732d0b5c854e2"},"breadcrumb":{"@id":"https:\/\/dmcsrb.com\/drustvo\/tomasevic-i-roganovic-kadic-zakljucivao-ugovore-sa-zdravstvenom-ustanovom-bez-prethodno-pribavljene-saglasnosti-ministarstva-zdravlja\/#breadcrumb"},"inLanguage":"en-GB","potentialAction":[{"@type":"ReadAction","target":["https:\/\/dmcsrb.com\/drustvo\/tomasevic-i-roganovic-kadic-zakljucivao-ugovore-sa-zdravstvenom-ustanovom-bez-prethodno-pribavljene-saglasnosti-ministarstva-zdravlja\/"]}]},{"@type":"ImageObject","inLanguage":"en-GB","@id":"https:\/\/dmcsrb.com\/drustvo\/tomasevic-i-roganovic-kadic-zakljucivao-ugovore-sa-zdravstvenom-ustanovom-bez-prethodno-pribavljene-saglasnosti-ministarstva-zdravlja\/#primaryimage","url":"https:\/\/dmcsrb.com\/wp-content\/uploads\/2026\/01\/FZOOOO_675x900.webp","contentUrl":"https:\/\/dmcsrb.com\/wp-content\/uploads\/2026\/01\/FZOOOO_675x900.webp","width":900,"height":675},{"@type":"BreadcrumbList","@id":"https:\/\/dmcsrb.com\/drustvo\/tomasevic-i-roganovic-kadic-zakljucivao-ugovore-sa-zdravstvenom-ustanovom-bez-prethodno-pribavljene-saglasnosti-ministarstva-zdravlja\/#breadcrumb","itemListElement":[{"@type":"ListItem","position":1,"name":"Home","item":"https:\/\/dmcsrb.com\/"},{"@type":"ListItem","position":2,"name":"Toma\u0161evi\u0107 i Roganovi\u0107: Kadi\u0107 zaklju\u010divao ugovore sa zdravstvenom ustanovom bez prethodno pribavljene saglasnosti Ministarstva zdravlja"}]},{"@type":"WebSite","@id":"https:\/\/dmcsrb.com\/#website","url":"https:\/\/dmcsrb.com\/","name":"dmcsrb.com","description":"","potentialAction":[{"@type":"SearchAction","target":{"@type":"EntryPoint","urlTemplate":"https:\/\/dmcsrb.com\/?s={search_term_string}"},"query-input":{"@type":"PropertyValueSpecification","valueRequired":true,"valueName":"search_term_string"}}],"inLanguage":"en-GB"},{"@type":"Person","@id":"https:\/\/dmcsrb.com\/#\/schema\/person\/5c39170f12db1b8b457732d0b5c854e2","name":"dmcsrbija.com@gmail.com","image":{"@type":"ImageObject","inLanguage":"en-GB","@id":"https:\/\/dmcsrb.com\/#\/schema\/person\/image\/","url":"https:\/\/secure.gravatar.com\/avatar\/68592660ad6347fad0fb587f8d5d8f1a7b44961362f56e4f2cd524feb87e9069?s=96&d=mm&r=g","contentUrl":"https:\/\/secure.gravatar.com\/avatar\/68592660ad6347fad0fb587f8d5d8f1a7b44961362f56e4f2cd524feb87e9069?s=96&d=mm&r=g","caption":"dmcsrbija.com@gmail.com"},"sameAs":["https:\/\/dmcsrb.com"],"url":"https:\/\/dmcsrb.com\/en\/author\/dmcsrbija-comgmail-com\/"}]}},"_links":{"self":[{"href":"https:\/\/dmcsrb.com\/en\/wp-json\/wp\/v2\/posts\/959014","targetHints":{"allow":["GET"]}}],"collection":[{"href":"https:\/\/dmcsrb.com\/en\/wp-json\/wp\/v2\/posts"}],"about":[{"href":"https:\/\/dmcsrb.com\/en\/wp-json\/wp\/v2\/types\/post"}],"author":[{"embeddable":true,"href":"https:\/\/dmcsrb.com\/en\/wp-json\/wp\/v2\/users\/1"}],"replies":[{"embeddable":true,"href":"https:\/\/dmcsrb.com\/en\/wp-json\/wp\/v2\/comments?post=959014"}],"version-history":[{"count":0,"href":"https:\/\/dmcsrb.com\/en\/wp-json\/wp\/v2\/posts\/959014\/revisions"}],"wp:featuredmedia":[{"embeddable":true,"href":"https:\/\/dmcsrb.com\/en\/wp-json\/wp\/v2\/media\/959015"}],"wp:attachment":[{"href":"https:\/\/dmcsrb.com\/en\/wp-json\/wp\/v2\/media?parent=959014"}],"wp:term":[{"taxonomy":"category","embeddable":true,"href":"https:\/\/dmcsrb.com\/en\/wp-json\/wp\/v2\/categories?post=959014"},{"taxonomy":"post_tag","embeddable":true,"href":"https:\/\/dmcsrb.com\/en\/wp-json\/wp\/v2\/tags?post=959014"},{"taxonomy":"naslovna","embeddable":true,"href":"https:\/\/dmcsrb.com\/en\/wp-json\/wp\/v2\/naslovna?post=959014"}],"curies":[{"name":"wp","href":"https:\/\/api.w.org\/{rel}","templated":true}]}}