{"id":958981,"date":"2025-10-20T12:31:08","date_gmt":"2025-10-20T10:31:08","guid":{"rendered":"https:\/\/dmcsrb.com\/uncategorized\/milatovic-kristerson-crna-gora-i-svedska-otvaraju-novu-stranicu-odnosa\/"},"modified":"2025-10-20T12:31:08","modified_gmt":"2025-10-20T10:31:08","slug":"milatovic-kristerson-crna-gora-i-svedska-otvaraju-novu-stranicu-odnosa","status":"publish","type":"post","link":"https:\/\/dmcsrb.com\/en\/politika\/milatovic-kristerson-crna-gora-i-svedska-otvaraju-novu-stranicu-odnosa\/","title":{"rendered":"Milatovi\u0107 \u2013 Kristerson: Crna Gora i \u0160vedska otvaraju novu stranicu odnosa"},"content":{"rendered":"<p><\/p>\n\n\n\n<p><\/p>\n\n\n\n<p>Milatovi\u0107 je zapo\u010deo zvani\u010dnu posjetu \u0160vedskoj. Kako je saop\u0161teno, rije\u010d je o prvoj posjeti jednog crnogorskog predsjednika toj zemlji od obnove nezavisnosti Crne Gore.<\/p>\n\n\n\n<p>On se u \u0160tokholmu sastao sa Kristersonom, a sastanku je prisustvovala i ministarka za EU poslove&nbsp;<strong>D\u017eesika Rozenkranc.<\/strong><\/p>\n\n\n\n<p>Razgovor je potvrdio da su odnosi Crne Gore i \u0160vedske prijateljski i savezni\u010dki, uz obostranu spremnost da se podignu na vi\u0161i nivo kroz konkretnu politi\u010dku i ekonomsku saradnju.<\/p>\n\n\n\n<p>Milatovi\u0107 je rekao da je ovo istorijska posjeta.<\/p>\n\n\n\n<p>\u201cImao sam veoma konstruktivan razgovor sa \u0161vedskim premijerom. Znate kolika je va\u017enost \u0160vedske u Evropskoj uniji, ona je zna\u010dajan kontributor u smislu bud\u017eeta EU, tako da je njihova podr\u0161ka na\u0161em evropskom putu od izuzetne va\u017enosti. Danas smo otvorili novu stranicu u na\u0161im bilateralnim odnosima. Ovo je bila dobra prilika da ponovim poruku koju stalno isti\u010dem, da je Crna Gora spremna da bude 28. dr\u017eava \u010dlanica EU 2028. godine. Vjerujem da od danas, nakon razgovora koji sam imao sa premijerom \u0160vedske, imamo jo\u0161 sna\u017eniju podr\u0161ku ove zemlje kada je Crna Gora u pitanju\u201d, poru\u010dio je Milatovi\u0107.<\/p>\n\n\n\n<p>On je kazao da je potrebno zavr\u0161iti zapo\u010dete reforme u Crnoj Gori i pozvao sve politi\u010dke aktere u zemlji da \u201czaista ozbiljno pristupe procesu, da intenziviraju reforme i da Evropi poka\u017eu da nam je mjesto u Evropskoj uniji\u201d.<\/p>\n\n\n\n<p>Sagovornici su ocijenili da postoji zna\u010dajan prostor za ja\u010danje ekonomske saradnje.<\/p>\n\n\n\n<p>Crna Gora je, dodaje se u saop\u0161tenju Kancelarije za odnose sa javno\u0161\u0107u Predsjednika, zainteresovana za pove\u0107anje \u0161vedskih investicija i razvoj zajedni\u010dkih projekata u oblastima energetske tranzicije, obnovljivih izvora i digitalnih rje\u0161enja, koji spajaju energiju i znanje i donose nova radna mjesta i ve\u0107u konkurentnost privrede.<\/p>\n\n\n\n<p>\u201cKada je rije\u010d o zna\u010daju \u0161vedske ekonomije, na\u0161e veze su nedovoljno razvijene. Trgovina, investicije, \u010dak i broj turista iz \u0160vedske nijesu na zadovoljavaju\u0107em nivou. Zato moramo raditi znatno vi\u0161e kako bismo \u0160vedsku sna\u017enije povezali sa Crnom Gorom\u201d, istakao je Milatovi\u0107.<\/p>\n\n\n\n<p>On je podsjetio i na zna\u010daj savezni\u010dke saradnje u okviru NATO alijanse, kojoj je \u0160vedska pristupila pro\u0161le godine.<\/p>\n\n\n\n<p>Kristerson je kazao da Crna Gora mo\u017ee da ra\u010duna na punu podr\u0161ku \u0160vedske u nastavku procesa evropskih integracija i istakao da ta zemlja pozdravlja pristup koji se zasniva na ispunjavanju reformi na evropskom putu.<\/p>\n\n\n\n<p>\u201cSastanak je zavr\u0161en uz zajedni\u010dku ocjenu da politi\u010dki dijalog na najvi\u0161em nivou i konkretni ekonomski projekti predstavljaju najbr\u017ei put ka sna\u017enijim odnosima, ve\u0107im investicijama i napretku na\u0161e zemlje ka \u010dlanstvu u EU do 2028. godine\u201d, navodi se u saop\u0161tenju.<\/p>\n\n\n\n<p>Milatovi\u0107 \u0107e se u nastavku posjete sastati sa kraljem \u0160vedske<strong>&nbsp;Karlom XVI Gustavom<\/strong>&nbsp;i predsjednikom Parlamenta&nbsp;<strong>Andreasom Norlenom.<\/strong><\/p>","protected":false},"excerpt":{"rendered":"<p>Politi\u010dki dijalog je na najvi\u0161em nivou i konkretni ekonomski projekti predstavljaju najbr\u017ei put ka sna\u017enijim odnosima, ocijenjeno je u razgovoru predsjednika Crne Gore\u00a0Jakova Milatovi\u0107a\u00a0sa predsjednikom Vlade \u0160vedske\u00a0Ulfom Kristersonom.<\/p>","protected":false},"author":1,"featured_media":958982,"comment_status":"open","ping_status":"open","sticky":false,"template":"","format":"standard","meta":{"_acf_changed":false,"footnotes":""},"categories":[12],"tags":[12020,1054,2823],"naslovna":[],"class_list":["post-958981","post","type-post","status-publish","format-standard","has-post-thumbnail","hentry","category-politika","tag-kriserson","tag-milatovic-2","tag-svedska-2"],"acf":[],"yoast_head":"<!-- This site is optimized with the Yoast SEO plugin v27.4 - https:\/\/yoast.com\/product\/yoast-seo-wordpress\/ -->\n<title>Milatovi\u0107 \u2013 Kristerson: Crna Gora i \u0160vedska otvaraju novu stranicu odnosa - dmcsrb.com<\/title>\n<meta name=\"robots\" content=\"index, follow, max-snippet:-1, max-image-preview:large, max-video-preview:-1\" \/>\n<link rel=\"canonical\" href=\"https:\/\/dmcsrb.com\/en\/politika\/milatovic-kristerson-crna-gora-i-svedska-otvaraju-novu-stranicu-odnosa\/\" \/>\n<meta property=\"og:locale\" content=\"en_GB\" \/>\n<meta property=\"og:type\" content=\"article\" \/>\n<meta property=\"og:title\" content=\"Milatovi\u0107 \u2013 Kristerson: Crna Gora i \u0160vedska otvaraju novu stranicu odnosa - dmcsrb.com\" \/>\n<meta property=\"og:description\" content=\"Politi\u010dki dijalog je na najvi\u0161em nivou i konkretni ekonomski projekti predstavljaju najbr\u017ei put ka sna\u017enijim odnosima, ocijenjeno je u razgovoru predsjednika Crne Gore\u00a0Jakova Milatovi\u0107a\u00a0sa predsjednikom Vlade \u0160vedske\u00a0Ulfom Kristersonom.\" \/>\n<meta property=\"og:url\" content=\"https:\/\/dmcsrb.com\/en\/politika\/milatovic-kristerson-crna-gora-i-svedska-otvaraju-novu-stranicu-odnosa\/\" \/>\n<meta property=\"og:site_name\" content=\"dmcsrb.com\" \/>\n<meta property=\"article:published_time\" content=\"2025-10-20T10:31:08+00:00\" \/>\n<meta property=\"og:image\" content=\"https:\/\/dmcsrb.com\/wp-content\/uploads\/2026\/01\/Sa-premijerom-Svedske-Ulfom-Kristerssonom-1000x555-1.webp\" \/>\n\t<meta property=\"og:image:width\" content=\"1000\" \/>\n\t<meta property=\"og:image:height\" content=\"555\" \/>\n\t<meta property=\"og:image:type\" content=\"image\/jpeg\" \/>\n<meta name=\"author\" content=\"dmcsrbija.com@gmail.com\" \/>\n<meta name=\"twitter:card\" content=\"summary_large_image\" \/>\n<meta name=\"twitter:label1\" content=\"Written by\" \/>\n\t<meta name=\"twitter:data1\" content=\"dmcsrbija.com@gmail.com\" \/>\n\t<meta name=\"twitter:label2\" content=\"Estimated reading time\" \/>\n\t<meta name=\"twitter:data2\" content=\"2 minutes\" \/>\n<script type=\"application\/ld+json\" class=\"yoast-schema-graph\">{\"@context\":\"https:\\\/\\\/schema.org\",\"@graph\":[{\"@type\":\"Article\",\"@id\":\"https:\\\/\\\/dmcsrb.com\\\/politika\\\/milatovic-kristerson-crna-gora-i-svedska-otvaraju-novu-stranicu-odnosa\\\/#article\",\"isPartOf\":{\"@id\":\"https:\\\/\\\/dmcsrb.com\\\/politika\\\/milatovic-kristerson-crna-gora-i-svedska-otvaraju-novu-stranicu-odnosa\\\/\"},\"author\":{\"name\":\"dmcsrbija.com@gmail.com\",\"@id\":\"https:\\\/\\\/dmcsrb.com\\\/#\\\/schema\\\/person\\\/5c39170f12db1b8b457732d0b5c854e2\"},\"headline\":\"Milatovi\u0107 \u2013 Kristerson: Crna Gora i \u0160vedska otvaraju novu stranicu odnosa\",\"datePublished\":\"2025-10-20T10:31:08+00:00\",\"mainEntityOfPage\":{\"@id\":\"https:\\\/\\\/dmcsrb.com\\\/politika\\\/milatovic-kristerson-crna-gora-i-svedska-otvaraju-novu-stranicu-odnosa\\\/\"},\"wordCount\":478,\"commentCount\":0,\"image\":{\"@id\":\"https:\\\/\\\/dmcsrb.com\\\/politika\\\/milatovic-kristerson-crna-gora-i-svedska-otvaraju-novu-stranicu-odnosa\\\/#primaryimage\"},\"thumbnailUrl\":\"https:\\\/\\\/dmcsrb.com\\\/wp-content\\\/uploads\\\/2026\\\/01\\\/Sa-premijerom-Svedske-Ulfom-Kristerssonom-1000x555-1.webp\",\"keywords\":[\"kriserson\",\"Milatovi\u0107\",\"\u0160vedska\"],\"articleSection\":[\"Politika\"],\"inLanguage\":\"en-GB\",\"potentialAction\":[{\"@type\":\"CommentAction\",\"name\":\"Comment\",\"target\":[\"https:\\\/\\\/dmcsrb.com\\\/politika\\\/milatovic-kristerson-crna-gora-i-svedska-otvaraju-novu-stranicu-odnosa\\\/#respond\"]}]},{\"@type\":\"WebPage\",\"@id\":\"https:\\\/\\\/dmcsrb.com\\\/politika\\\/milatovic-kristerson-crna-gora-i-svedska-otvaraju-novu-stranicu-odnosa\\\/\",\"url\":\"https:\\\/\\\/dmcsrb.com\\\/politika\\\/milatovic-kristerson-crna-gora-i-svedska-otvaraju-novu-stranicu-odnosa\\\/\",\"name\":\"Milatovi\u0107 \u2013 Kristerson: Crna Gora i \u0160vedska otvaraju novu stranicu odnosa - dmcsrb.com\",\"isPartOf\":{\"@id\":\"https:\\\/\\\/dmcsrb.com\\\/#website\"},\"primaryImageOfPage\":{\"@id\":\"https:\\\/\\\/dmcsrb.com\\\/politika\\\/milatovic-kristerson-crna-gora-i-svedska-otvaraju-novu-stranicu-odnosa\\\/#primaryimage\"},\"image\":{\"@id\":\"https:\\\/\\\/dmcsrb.com\\\/politika\\\/milatovic-kristerson-crna-gora-i-svedska-otvaraju-novu-stranicu-odnosa\\\/#primaryimage\"},\"thumbnailUrl\":\"https:\\\/\\\/dmcsrb.com\\\/wp-content\\\/uploads\\\/2026\\\/01\\\/Sa-premijerom-Svedske-Ulfom-Kristerssonom-1000x555-1.webp\",\"datePublished\":\"2025-10-20T10:31:08+00:00\",\"author\":{\"@id\":\"https:\\\/\\\/dmcsrb.com\\\/#\\\/schema\\\/person\\\/5c39170f12db1b8b457732d0b5c854e2\"},\"breadcrumb\":{\"@id\":\"https:\\\/\\\/dmcsrb.com\\\/politika\\\/milatovic-kristerson-crna-gora-i-svedska-otvaraju-novu-stranicu-odnosa\\\/#breadcrumb\"},\"inLanguage\":\"en-GB\",\"potentialAction\":[{\"@type\":\"ReadAction\",\"target\":[\"https:\\\/\\\/dmcsrb.com\\\/politika\\\/milatovic-kristerson-crna-gora-i-svedska-otvaraju-novu-stranicu-odnosa\\\/\"]}]},{\"@type\":\"ImageObject\",\"inLanguage\":\"en-GB\",\"@id\":\"https:\\\/\\\/dmcsrb.com\\\/politika\\\/milatovic-kristerson-crna-gora-i-svedska-otvaraju-novu-stranicu-odnosa\\\/#primaryimage\",\"url\":\"https:\\\/\\\/dmcsrb.com\\\/wp-content\\\/uploads\\\/2026\\\/01\\\/Sa-premijerom-Svedske-Ulfom-Kristerssonom-1000x555-1.webp\",\"contentUrl\":\"https:\\\/\\\/dmcsrb.com\\\/wp-content\\\/uploads\\\/2026\\\/01\\\/Sa-premijerom-Svedske-Ulfom-Kristerssonom-1000x555-1.webp\",\"width\":1000,\"height\":555},{\"@type\":\"BreadcrumbList\",\"@id\":\"https:\\\/\\\/dmcsrb.com\\\/politika\\\/milatovic-kristerson-crna-gora-i-svedska-otvaraju-novu-stranicu-odnosa\\\/#breadcrumb\",\"itemListElement\":[{\"@type\":\"ListItem\",\"position\":1,\"name\":\"Home\",\"item\":\"https:\\\/\\\/dmcsrb.com\\\/\"},{\"@type\":\"ListItem\",\"position\":2,\"name\":\"Milatovi\u0107 \u2013 Kristerson: Crna Gora i \u0160vedska otvaraju novu stranicu odnosa\"}]},{\"@type\":\"WebSite\",\"@id\":\"https:\\\/\\\/dmcsrb.com\\\/#website\",\"url\":\"https:\\\/\\\/dmcsrb.com\\\/\",\"name\":\"dmcsrb.com\",\"description\":\"\",\"potentialAction\":[{\"@type\":\"SearchAction\",\"target\":{\"@type\":\"EntryPoint\",\"urlTemplate\":\"https:\\\/\\\/dmcsrb.com\\\/?s={search_term_string}\"},\"query-input\":{\"@type\":\"PropertyValueSpecification\",\"valueRequired\":true,\"valueName\":\"search_term_string\"}}],\"inLanguage\":\"en-GB\"},{\"@type\":\"Person\",\"@id\":\"https:\\\/\\\/dmcsrb.com\\\/#\\\/schema\\\/person\\\/5c39170f12db1b8b457732d0b5c854e2\",\"name\":\"dmcsrbija.com@gmail.com\",\"image\":{\"@type\":\"ImageObject\",\"inLanguage\":\"en-GB\",\"@id\":\"https:\\\/\\\/secure.gravatar.com\\\/avatar\\\/68592660ad6347fad0fb587f8d5d8f1a7b44961362f56e4f2cd524feb87e9069?s=96&d=mm&r=g\",\"url\":\"https:\\\/\\\/secure.gravatar.com\\\/avatar\\\/68592660ad6347fad0fb587f8d5d8f1a7b44961362f56e4f2cd524feb87e9069?s=96&d=mm&r=g\",\"contentUrl\":\"https:\\\/\\\/secure.gravatar.com\\\/avatar\\\/68592660ad6347fad0fb587f8d5d8f1a7b44961362f56e4f2cd524feb87e9069?s=96&d=mm&r=g\",\"caption\":\"dmcsrbija.com@gmail.com\"},\"sameAs\":[\"https:\\\/\\\/dmcsrb.com\"],\"url\":\"https:\\\/\\\/dmcsrb.com\\\/en\\\/author\\\/dmcsrbija-comgmail-com\\\/\"}]}<\/script>\n<!-- \/ Yoast SEO plugin. -->","yoast_head_json":{"title":"Milatovi\u0107 \u2013 Kristerson: Crna Gora i \u0160vedska otvaraju novu stranicu odnosa - dmcsrb.com","robots":{"index":"index","follow":"follow","max-snippet":"max-snippet:-1","max-image-preview":"max-image-preview:large","max-video-preview":"max-video-preview:-1"},"canonical":"https:\/\/dmcsrb.com\/en\/politika\/milatovic-kristerson-crna-gora-i-svedska-otvaraju-novu-stranicu-odnosa\/","og_locale":"en_GB","og_type":"article","og_title":"Milatovi\u0107 \u2013 Kristerson: Crna Gora i \u0160vedska otvaraju novu stranicu odnosa - dmcsrb.com","og_description":"Politi\u010dki dijalog je na najvi\u0161em nivou i konkretni ekonomski projekti predstavljaju najbr\u017ei put ka sna\u017enijim odnosima, ocijenjeno je u razgovoru predsjednika Crne Gore\u00a0Jakova Milatovi\u0107a\u00a0sa predsjednikom Vlade \u0160vedske\u00a0Ulfom Kristersonom.","og_url":"https:\/\/dmcsrb.com\/en\/politika\/milatovic-kristerson-crna-gora-i-svedska-otvaraju-novu-stranicu-odnosa\/","og_site_name":"dmcsrb.com","article_published_time":"2025-10-20T10:31:08+00:00","og_image":[{"width":1000,"height":555,"url":"https:\/\/dmcsrb.com\/wp-content\/uploads\/2026\/01\/Sa-premijerom-Svedske-Ulfom-Kristerssonom-1000x555-1.webp","type":"image\/jpeg"}],"author":"dmcsrbija.com@gmail.com","twitter_card":"summary_large_image","twitter_misc":{"Written by":"dmcsrbija.com@gmail.com","Estimated reading time":"2 minutes"},"schema":{"@context":"https:\/\/schema.org","@graph":[{"@type":"Article","@id":"https:\/\/dmcsrb.com\/politika\/milatovic-kristerson-crna-gora-i-svedska-otvaraju-novu-stranicu-odnosa\/#article","isPartOf":{"@id":"https:\/\/dmcsrb.com\/politika\/milatovic-kristerson-crna-gora-i-svedska-otvaraju-novu-stranicu-odnosa\/"},"author":{"name":"dmcsrbija.com@gmail.com","@id":"https:\/\/dmcsrb.com\/#\/schema\/person\/5c39170f12db1b8b457732d0b5c854e2"},"headline":"Milatovi\u0107 \u2013 Kristerson: Crna Gora i \u0160vedska otvaraju novu stranicu odnosa","datePublished":"2025-10-20T10:31:08+00:00","mainEntityOfPage":{"@id":"https:\/\/dmcsrb.com\/politika\/milatovic-kristerson-crna-gora-i-svedska-otvaraju-novu-stranicu-odnosa\/"},"wordCount":478,"commentCount":0,"image":{"@id":"https:\/\/dmcsrb.com\/politika\/milatovic-kristerson-crna-gora-i-svedska-otvaraju-novu-stranicu-odnosa\/#primaryimage"},"thumbnailUrl":"https:\/\/dmcsrb.com\/wp-content\/uploads\/2026\/01\/Sa-premijerom-Svedske-Ulfom-Kristerssonom-1000x555-1.webp","keywords":["kriserson","Milatovi\u0107","\u0160vedska"],"articleSection":["Politika"],"inLanguage":"en-GB","potentialAction":[{"@type":"CommentAction","name":"Comment","target":["https:\/\/dmcsrb.com\/politika\/milatovic-kristerson-crna-gora-i-svedska-otvaraju-novu-stranicu-odnosa\/#respond"]}]},{"@type":"WebPage","@id":"https:\/\/dmcsrb.com\/politika\/milatovic-kristerson-crna-gora-i-svedska-otvaraju-novu-stranicu-odnosa\/","url":"https:\/\/dmcsrb.com\/politika\/milatovic-kristerson-crna-gora-i-svedska-otvaraju-novu-stranicu-odnosa\/","name":"Milatovi\u0107 \u2013 Kristerson: Crna Gora i \u0160vedska otvaraju novu stranicu odnosa - dmcsrb.com","isPartOf":{"@id":"https:\/\/dmcsrb.com\/#website"},"primaryImageOfPage":{"@id":"https:\/\/dmcsrb.com\/politika\/milatovic-kristerson-crna-gora-i-svedska-otvaraju-novu-stranicu-odnosa\/#primaryimage"},"image":{"@id":"https:\/\/dmcsrb.com\/politika\/milatovic-kristerson-crna-gora-i-svedska-otvaraju-novu-stranicu-odnosa\/#primaryimage"},"thumbnailUrl":"https:\/\/dmcsrb.com\/wp-content\/uploads\/2026\/01\/Sa-premijerom-Svedske-Ulfom-Kristerssonom-1000x555-1.webp","datePublished":"2025-10-20T10:31:08+00:00","author":{"@id":"https:\/\/dmcsrb.com\/#\/schema\/person\/5c39170f12db1b8b457732d0b5c854e2"},"breadcrumb":{"@id":"https:\/\/dmcsrb.com\/politika\/milatovic-kristerson-crna-gora-i-svedska-otvaraju-novu-stranicu-odnosa\/#breadcrumb"},"inLanguage":"en-GB","potentialAction":[{"@type":"ReadAction","target":["https:\/\/dmcsrb.com\/politika\/milatovic-kristerson-crna-gora-i-svedska-otvaraju-novu-stranicu-odnosa\/"]}]},{"@type":"ImageObject","inLanguage":"en-GB","@id":"https:\/\/dmcsrb.com\/politika\/milatovic-kristerson-crna-gora-i-svedska-otvaraju-novu-stranicu-odnosa\/#primaryimage","url":"https:\/\/dmcsrb.com\/wp-content\/uploads\/2026\/01\/Sa-premijerom-Svedske-Ulfom-Kristerssonom-1000x555-1.webp","contentUrl":"https:\/\/dmcsrb.com\/wp-content\/uploads\/2026\/01\/Sa-premijerom-Svedske-Ulfom-Kristerssonom-1000x555-1.webp","width":1000,"height":555},{"@type":"BreadcrumbList","@id":"https:\/\/dmcsrb.com\/politika\/milatovic-kristerson-crna-gora-i-svedska-otvaraju-novu-stranicu-odnosa\/#breadcrumb","itemListElement":[{"@type":"ListItem","position":1,"name":"Home","item":"https:\/\/dmcsrb.com\/"},{"@type":"ListItem","position":2,"name":"Milatovi\u0107 \u2013 Kristerson: Crna Gora i \u0160vedska otvaraju novu stranicu odnosa"}]},{"@type":"WebSite","@id":"https:\/\/dmcsrb.com\/#website","url":"https:\/\/dmcsrb.com\/","name":"dmcsrb.com","description":"","potentialAction":[{"@type":"SearchAction","target":{"@type":"EntryPoint","urlTemplate":"https:\/\/dmcsrb.com\/?s={search_term_string}"},"query-input":{"@type":"PropertyValueSpecification","valueRequired":true,"valueName":"search_term_string"}}],"inLanguage":"en-GB"},{"@type":"Person","@id":"https:\/\/dmcsrb.com\/#\/schema\/person\/5c39170f12db1b8b457732d0b5c854e2","name":"dmcsrbija.com@gmail.com","image":{"@type":"ImageObject","inLanguage":"en-GB","@id":"https:\/\/secure.gravatar.com\/avatar\/68592660ad6347fad0fb587f8d5d8f1a7b44961362f56e4f2cd524feb87e9069?s=96&d=mm&r=g","url":"https:\/\/secure.gravatar.com\/avatar\/68592660ad6347fad0fb587f8d5d8f1a7b44961362f56e4f2cd524feb87e9069?s=96&d=mm&r=g","contentUrl":"https:\/\/secure.gravatar.com\/avatar\/68592660ad6347fad0fb587f8d5d8f1a7b44961362f56e4f2cd524feb87e9069?s=96&d=mm&r=g","caption":"dmcsrbija.com@gmail.com"},"sameAs":["https:\/\/dmcsrb.com"],"url":"https:\/\/dmcsrb.com\/en\/author\/dmcsrbija-comgmail-com\/"}]}},"_links":{"self":[{"href":"https:\/\/dmcsrb.com\/en\/wp-json\/wp\/v2\/posts\/958981","targetHints":{"allow":["GET"]}}],"collection":[{"href":"https:\/\/dmcsrb.com\/en\/wp-json\/wp\/v2\/posts"}],"about":[{"href":"https:\/\/dmcsrb.com\/en\/wp-json\/wp\/v2\/types\/post"}],"author":[{"embeddable":true,"href":"https:\/\/dmcsrb.com\/en\/wp-json\/wp\/v2\/users\/1"}],"replies":[{"embeddable":true,"href":"https:\/\/dmcsrb.com\/en\/wp-json\/wp\/v2\/comments?post=958981"}],"version-history":[{"count":0,"href":"https:\/\/dmcsrb.com\/en\/wp-json\/wp\/v2\/posts\/958981\/revisions"}],"wp:featuredmedia":[{"embeddable":true,"href":"https:\/\/dmcsrb.com\/en\/wp-json\/wp\/v2\/media\/958982"}],"wp:attachment":[{"href":"https:\/\/dmcsrb.com\/en\/wp-json\/wp\/v2\/media?parent=958981"}],"wp:term":[{"taxonomy":"category","embeddable":true,"href":"https:\/\/dmcsrb.com\/en\/wp-json\/wp\/v2\/categories?post=958981"},{"taxonomy":"post_tag","embeddable":true,"href":"https:\/\/dmcsrb.com\/en\/wp-json\/wp\/v2\/tags?post=958981"},{"taxonomy":"naslovna","embeddable":true,"href":"https:\/\/dmcsrb.com\/en\/wp-json\/wp\/v2\/naslovna?post=958981"}],"curies":[{"name":"wp","href":"https:\/\/api.w.org\/{rel}","templated":true}]}}