{"id":958968,"date":"2025-10-20T11:06:00","date_gmt":"2025-10-20T09:06:00","guid":{"rendered":"https:\/\/dmcsrb.com\/uncategorized\/vdt-slucaj-telekom-jos-nije-okoncan\/"},"modified":"2025-10-20T11:06:00","modified_gmt":"2025-10-20T09:06:00","slug":"vdt-slucaj-telekom-jos-nije-okoncan","status":"publish","type":"post","link":"https:\/\/dmcsrb.com\/en\/drustvo\/vdt-slucaj-telekom-jos-nije-okoncan\/","title":{"rendered":"VDT: Slu\u010daj &#8221;Telekom&#8221; jo\u0161 nije okon\u010dan"},"content":{"rendered":"<p>Predstavnici tu\u017eila\u0161tva nijesu danas do\u0161li na sjednicu skup\u0161tinskog Odbora za politi\u010dki sistem, pravosu\u0111e i upravu, na \u010dijem je dnevnom redu kontrolno salu\u0161anje o &#8220;Telekomu&#8221;.<\/p>\n\n\n\n<p>Tim povodom, oglasili su se iz Vrhovnog dr\u017eavnog tu\u017eila\u0161tva.<\/p>\n\n\n\n<p>&#8220;Neta\u010dni su navodi Vladislava Bojovi\u0107a, predsjednika Odbora za politi\u010dki sistem, pravosu\u0111e i upravu da Skup\u0161tini nije dostavljen dopis od strane predstavnika tu\u017eila\u010dke organizacije u vezi sa kontrolnim saslu\u0161anjem na temu \u201eAktivnosti tu\u017eila\u0161tva koje su dovele do odbacivanja krivi\u010dne prijave za zloupotrebu slu\u017ebenog polo\u017eaja, primanje mita i stvaranje kriminalne organizacije tokom prodaje biv\u0161eg dr\u017eavnog preduze\u0107a Telekom\u201c&#8221;, ka\u017eu iz VDT-a.<\/p>\n\n\n\n<p>Poja\u0161njavaju da je dopis zaprimljen u pisarnici Skup\u0161tine Crne Gore 15.10. 2025. godine (zaveden pod brojem TU br. 434\/25), a radi potpunog upoznavanja javnosti dopis koji su potpisali vrhovni dr\u017eavni tu\u017eilac Milorad Markovi\u0107, glavni specijalni tu\u017eilac Vladimir Novovi\u0107 i specijalna tu\u017eiteljka Ana Perovi\u0107 Vojinovi\u0107 dostavili su integralno.<\/p>\n\n\n\n<p>&#8220;Odlukom, broj 00-63-4\/25-44\/1 od 3. oktobra 2025. godine, koju je donio Odbor za politi\u010dki sistem, pravosu\u0111e i upravu Skup\u0161tine Crne Gore, utvr\u0111eno je kontrolno saslu\u0161anje vrhovnog dr\u017eavnog tu\u017eioca Crne Gore Milorada Markovi\u0107a, glavnog specijalnog tu\u017eioca Vladimira Novovi\u0107a i specijalne tu\u017eiteljke u Specijalnom dr\u017eavnom tu\u017eila\u0161tvu Ane Perovi\u0107 Vojinovi\u0107, na temu: \u201eAktivnosti tu\u017eila\u0161tva koje su dovele do odbacivanja krivi\u010dne prijave za zloupotrebu slu\u017ebenog polo\u017eaja, primanje mita i stvaranje kriminalne organizacije tokom prodaje biv\u0161eg dr\u017eavnog preduze\u0107a Telekom\u201c.<\/p>\n\n\n\n<p>Iz samog naziva, kao i iz sadr\u017eine navedene Odluke, proizlazi da je taj akt donijet radi sprovo\u0111enja kontrolnog saslu\u0161anja vrhovnog dr\u017eavnog tu\u017eioca, glavnog specijalnog tu\u017eioca i specijalne tu\u017eiteljke, koje se odnosi na postupanje Dr\u017eavnog tu\u017eila\u0161tva Crne Gore u konkretnom predmetu, poznatom u javnosti po nazivu \u201cTelekom\u201d.<a href=\"https:\/\/rtcg.me\/vijesti\/politika\/768746\/slucaj-telekom-markovic-i-novovic-nijesu-dosli-na-kontrolno-saslusanje.html\"><\/a><\/p>\n\n\n\n<p><br>&#8220;Me\u0111utim, polaze\u0107i od ustavnih i zakonskih principa o samostalnosti i nezavisnosti u radu tu\u017eila\u0161tva, odnosno njegovog posebnog, ustavom utvr\u0111enog polo\u017eaja, ukazujemo na razloge zbog kojih ne mo\u017eemo uzeti u\u010de\u0161\u0107e u zakazanom kontrolnom saslu\u0161anju. Naime, odrebama \u010dlana 11 Ustava Gore utvr\u0111en je princip o podjeli vlasti na zakonodavnu, izvr\u0161nu i sudsku (\u010dlan 1) i propisano da zakonodavnu vlast vr\u0161i Skup\u0161tina, izvr\u0161nu vlast vr\u0161i Vlada, a sudsku sud (\u010dlan 2). Prema odredbi \u010dlana 134 Ustava Crne Gore, Dr\u017eavno tu\u017eila\u0161tvo je jedinstven i samostalan dr\u017eavni organ koji vr\u0161i poslove gonjenja u\u010dinilaca krivi\u010dnih djela i drugih ka\u017enjivih djela koja se gone po slu\u017ebenoj du\u017enosti. Odredbama \u010dlana 147 Zakona o Dr\u017eavnom tu\u017eila\u0161tvu, utvr\u0111eno je da: \u201cna zahtjev Skup\u0161tine ili radnih tijela Skup\u0161tine nadle\u017enih za pravosu\u0111e, antikorupciju i bezbjednost, vrhovni dr\u017eavni tu\u017eilac i glavni specijalni tu\u017eilac du\u017eni su da dostave posebne, odnosno periodi\u010dne izvje\u0161taje o svom radu, u roku koji odredi Skup\u0161tina ili nadle\u017eno radno tijelo, osim ako se radi o okolnostima pojedina\u010dnih predmeta\u201d (stav 5) i da: \u201cslu\u010daju iz stava 5 ovog \u010dlana, vrhovni dr\u017eavni tu\u017eilac i glavni specijalni tu\u017eilac du\u017eni su da u\u010destvuju u radu sjednice na poziv Skup\u0161tine, anketnog odbora i radnih tijela Skup\u0161tine nadle\u017enih za pravosu\u0111e, antikorupciju i bezbjednost\u201d (stav 6)&#8221;, pi\u0161e u reagovanju.<\/p>\n\n\n\n<p>Na taj na\u010din, zakonodavac je uredio pitanja kruga lica &#8211; predstavnika tu\u017eila\u0161tva koji su u obavezi da prisustvuju sjednicama Skup\u0161tine, anketnog odbora i njenih radnih tijela (\u201cvrhovni dr\u017eavni tu\u017eilac\u201d i \u201cglavni specijalni tu\u017eilac\u201d), kao i slu\u010dajeve u kojima ta obaveza postoji (\u201cnakon dostavljanja posebnih, odnosno periodi\u010dnih izvje\u0161taja o svom radu\u201d i \u201cukoliko se ne radi o okolnostima pojedina\u010dnih predmeta\u201d).<\/p>\n\n\n\n<p>&#8220;U tom smislu, ukazujemo da bi primjena Odluke Skup\u0161tine Crne Gore, broj 00-63-4\/25-44\/1, na na\u010din i u slu\u010daju koji su utvr\u0111eni tom odlukom, zna\u010dila povredu navedenih ustavnih principa i odredaba zakona jer bi, pored ostalog, omogu\u0107ila \u201cjavnu raspravu\u201d o postupanju tu\u017eila\u0161tva u konkretnom predmetu i potencijalni vanpravni uticaj na njegov rad, nezavisno od \u010dinjenice da li je postupak pred tu\u017eila\u0161tvom okon\u010dan ili ne. Na ovakvo tuma\u010denje posljedica primjene akta koje je Skup\u0161tina Crne Gore uputila predstavnicima Dr\u017eavnog tu\u017eila\u0161tva i utvrdila kontrolno saslu\u0161anje, pored navedenog, obavezuju nas i me\u0111unarodna i konvencijska pravila o nezavisnosti tu\u017eila\u0161tva i pravosu\u0111a uop\u0161te&#8221;, poru\u010duju iz VDT-a.&nbsp;<\/p>\n\n\n\n<p>Pri tome, ka\u017eu u VDT-u, ukazuju da je u navedenom konkretnom slu\u010daju Dr\u017eavno tu\u017eila\u0161tvo, preko Specijalnog dr\u017eavnog tu\u017eila\u0161tva, postupalo u skladu sa Zakonom o krivi\u010dnom postupku i Krivi\u010dnim zakonikom Crne Gore, kao i da su stru\u010dna i lai\u010dka javnost imale uvid u na\u010din postupanja tu\u017eila\u0161tva i relevantne \u010dinjenice, kroz saop\u0161tenja Dr\u017eavnog tu\u017eila\u0161tva i izjavu portparola Specijalnog Dr\u017eavnog tu\u017eila\u0161tva, datih u zakonom propisanom postupku i obimu.<\/p>\n\n\n\n<p>&#8220;Shodno navedenom, nije mogu\u0107e uzeti u\u010de\u0161\u0107e u radu Odbora povodom predmetnog kontrolnog saslu\u0161anja. O predmetu pred Dr\u017eavnim tu\u017eila\u0161tvom, poznatom u javnosti po nazivu \u201cTelekom\u201d, a koji jo\u0161 nije pravno okon\u010dan usljed podno\u0161enja nove krivi\u010dne prijave i aktiviranja novih procesnih radnji, tu\u017eila\u0161tvo \u0107e, u skladu sa svojim ustavnim i zakonskim ovla\u0161\u0107enjima, informisati zainteresovanu javnost&#8221;, saop\u0161tili su iz VDT-a.&nbsp;<\/p>\n\n\n\n<p>Podsjetimo, Specijalno dr\u017eavno tu\u017eila\u0161tvo Crne Gore, po\u010detkom avgusta, zbog zastare odbacilo je krivi\u010dnu prijavu protiv biv\u0161eg predsjednika dr\u017eave Mila \u0110ukanovi\u0107a, njegove sestre Ane i vi\u0161e drugih osoba, koji su bili osumnji\u010deni za korupciju u privatizaciji Telekoma. Vrhovno dr\u017eavno tu\u017eila\u0161tvo je 23. septembra saop\u0161tilo da je ova odluka pravilna i zakonita.<\/p>\n\n\n\n<p>Potpredsjednik Vlade za politi\u010dki sistem, pravosu\u0111e i antikorupciju Momo Koprivica rekao je pro\u0161le sedmice u emisiji &#8220;Budimo budni \u2013 pitajte Vladu\u201c na TVCG da je raniji glavni specijalni tu\u017eilac Milivoje Katni\u0107 \u010detiri godine prevodio dokumentaciju o ovom slu\u010daju koja je stigla iz SAD.<\/p>\n\n\n\n<p>On je rekao da je takvo postupanje biv\u0161eg tu\u017eioca nedopustivo, i da ga treba detaljno ispitati.<\/p>\n\n\n\n<p>Ameri\u010dka Komisija za hartije od vrijednosti, prije 14 godina je saop\u0161tila da ima dokaze da je prilikom prodaje Telekoma bilo podmi\u0107ivanja u Crnoj Gori.<\/p>\n\n\n\n<p>Spisi iz SAD su Crnoj Gori dostavljeni prije deset godina.<\/p>\n\n\n\n<p>Kupac crnogorskog Telekoma, kompanija Ma\u0111ar Telekom koja je dio Doj\u010de Telekom grupe, u decembru 2011. platila je kaznu od 95 miliona dolara kako bi izbjegla su\u0111enje za korupciju.<\/p>\n\n\n\n<p>Toliko su platili poravnanje sa ameri\u010dkom Komisijom za hartije od vrijednosti i berzu koja je ih je optu\u017eivala da su podmitili zvani\u010dnike u Sjevernoj Makedoniji i Crnoj Gori kako bi dobili posao.<\/p>\n\n\n\n<p>Glavni specijalni tu\u017eilac Vladimir Novovi\u0107 od Tu\u017eila\u010dkog savjeta je zatra\u017eio da se utvrdi disciplinska odgovornost tu\u017eioca Sa\u0161e \u010ca\u0111enovi\u0107a koji, kako smatra, u ovoj aferi nije postupao u zakonskim rokovima zbog \u010dega je nastupila zastara.<\/p>","protected":false},"excerpt":{"rendered":"<p>Neta\u010dni su navodi Vladislava Bojovi\u0107a, predsjednika Odbora za politi\u010dki sistem, pravosu\u0111e i upravu da Skup\u0161tini nije dostavljen dopis od strane predstavnika tu\u017eila\u010dke organizacije\u00a0 u vezi sa kontrolnim saslu\u0161anjem na\u00a0 temu \u201eAktivnosti tu\u017eila\u0161tva koje su dovele do odbacivanja krivi\u010dne prijave za zloupotrebu slu\u017ebenog polo\u017eaja, primanje mita i stvaranje kriminalne organizacije tokom prodaje biv\u0161eg dr\u017eavnog preduze\u0107a Telekom\u201c, saop\u0161tili su iz Vrhovnog dr\u017eavnog tu\u017eila\u0161tva.<\/p>","protected":false},"author":1,"featured_media":958969,"comment_status":"open","ping_status":"open","sticky":false,"template":"","format":"standard","meta":{"_acf_changed":false,"footnotes":""},"categories":[2],"tags":[9613,12009,12010,9056,492],"naslovna":[],"class_list":["post-958968","post","type-post","status-publish","format-standard","has-post-thumbnail","hentry","category-drustvo","tag-odbor-za-politicki-sistem","tag-predstavnici-tuzilastva","tag-razlozi-nedolaska","tag-slucaj-telekom","tag-vdt"],"acf":[],"yoast_head":"<!-- This site is optimized with the Yoast SEO plugin v27.4 - https:\/\/yoast.com\/product\/yoast-seo-wordpress\/ -->\n<title>VDT: Slu\u010daj &#039;&#039;Telekom&#039;&#039; jo\u0161 nije okon\u010dan - dmcsrb.com<\/title>\n<meta name=\"robots\" content=\"index, follow, max-snippet:-1, max-image-preview:large, max-video-preview:-1\" \/>\n<link rel=\"canonical\" href=\"https:\/\/dmcsrb.com\/en\/drustvo\/vdt-slucaj-telekom-jos-nije-okoncan\/\" \/>\n<meta property=\"og:locale\" content=\"en_GB\" \/>\n<meta property=\"og:type\" content=\"article\" \/>\n<meta property=\"og:title\" content=\"VDT: Slu\u010daj &#039;&#039;Telekom&#039;&#039; jo\u0161 nije okon\u010dan - dmcsrb.com\" \/>\n<meta property=\"og:description\" content=\"Neta\u010dni su navodi Vladislava Bojovi\u0107a, predsjednika Odbora za politi\u010dki sistem, pravosu\u0111e i upravu da Skup\u0161tini nije dostavljen dopis od strane predstavnika tu\u017eila\u010dke organizacije\u00a0 u vezi sa kontrolnim saslu\u0161anjem na\u00a0 temu \u201eAktivnosti tu\u017eila\u0161tva koje su dovele do odbacivanja krivi\u010dne prijave za zloupotrebu slu\u017ebenog polo\u017eaja, primanje mita i stvaranje kriminalne organizacije tokom prodaje biv\u0161eg dr\u017eavnog preduze\u0107a Telekom\u201c, saop\u0161tili su iz Vrhovnog dr\u017eavnog tu\u017eila\u0161tva.\" \/>\n<meta property=\"og:url\" content=\"https:\/\/dmcsrb.com\/en\/drustvo\/vdt-slucaj-telekom-jos-nije-okoncan\/\" \/>\n<meta property=\"og:site_name\" content=\"dmcsrb.com\" \/>\n<meta property=\"article:published_time\" content=\"2025-10-20T09:06:00+00:00\" \/>\n<meta property=\"og:image\" content=\"https:\/\/dmcsrb.com\/wp-content\/uploads\/2026\/01\/54392405778_9bce1ab6f9_o.webp\" \/>\n\t<meta property=\"og:image:width\" content=\"2500\" \/>\n\t<meta property=\"og:image:height\" content=\"1661\" \/>\n\t<meta property=\"og:image:type\" content=\"image\/jpeg\" \/>\n<meta name=\"author\" content=\"dmcsrbija.com@gmail.com\" \/>\n<meta name=\"twitter:card\" content=\"summary_large_image\" \/>\n<meta name=\"twitter:label1\" content=\"Written by\" \/>\n\t<meta name=\"twitter:data1\" content=\"dmcsrbija.com@gmail.com\" \/>\n\t<meta name=\"twitter:label2\" content=\"Estimated reading time\" \/>\n\t<meta name=\"twitter:data2\" content=\"6 minutes\" \/>\n<script type=\"application\/ld+json\" class=\"yoast-schema-graph\">{\"@context\":\"https:\\\/\\\/schema.org\",\"@graph\":[{\"@type\":\"Article\",\"@id\":\"https:\\\/\\\/dmcsrb.com\\\/drustvo\\\/vdt-slucaj-telekom-jos-nije-okoncan\\\/#article\",\"isPartOf\":{\"@id\":\"https:\\\/\\\/dmcsrb.com\\\/drustvo\\\/vdt-slucaj-telekom-jos-nije-okoncan\\\/\"},\"author\":{\"name\":\"dmcsrbija.com@gmail.com\",\"@id\":\"https:\\\/\\\/dmcsrb.com\\\/#\\\/schema\\\/person\\\/5c39170f12db1b8b457732d0b5c854e2\"},\"headline\":\"VDT: Slu\u010daj &#8221;Telekom&#8221; jo\u0161 nije okon\u010dan\",\"datePublished\":\"2025-10-20T09:06:00+00:00\",\"mainEntityOfPage\":{\"@id\":\"https:\\\/\\\/dmcsrb.com\\\/drustvo\\\/vdt-slucaj-telekom-jos-nije-okoncan\\\/\"},\"wordCount\":1201,\"commentCount\":0,\"image\":{\"@id\":\"https:\\\/\\\/dmcsrb.com\\\/drustvo\\\/vdt-slucaj-telekom-jos-nije-okoncan\\\/#primaryimage\"},\"thumbnailUrl\":\"https:\\\/\\\/dmcsrb.com\\\/wp-content\\\/uploads\\\/2026\\\/01\\\/54392405778_9bce1ab6f9_o.webp\",\"keywords\":[\"Odbor za politi\u010dki sistem\",\"Predstavnici Tu\u017eila\u0161tva\",\"Razlozi nedolaska\",\"Slu\u010daj Telekom\",\"VDT\"],\"articleSection\":[\"Dru\u0161tvo\"],\"inLanguage\":\"en-GB\",\"potentialAction\":[{\"@type\":\"CommentAction\",\"name\":\"Comment\",\"target\":[\"https:\\\/\\\/dmcsrb.com\\\/drustvo\\\/vdt-slucaj-telekom-jos-nije-okoncan\\\/#respond\"]}]},{\"@type\":\"WebPage\",\"@id\":\"https:\\\/\\\/dmcsrb.com\\\/drustvo\\\/vdt-slucaj-telekom-jos-nije-okoncan\\\/\",\"url\":\"https:\\\/\\\/dmcsrb.com\\\/drustvo\\\/vdt-slucaj-telekom-jos-nije-okoncan\\\/\",\"name\":\"VDT: Slu\u010daj ''Telekom'' jo\u0161 nije okon\u010dan - dmcsrb.com\",\"isPartOf\":{\"@id\":\"https:\\\/\\\/dmcsrb.com\\\/#website\"},\"primaryImageOfPage\":{\"@id\":\"https:\\\/\\\/dmcsrb.com\\\/drustvo\\\/vdt-slucaj-telekom-jos-nije-okoncan\\\/#primaryimage\"},\"image\":{\"@id\":\"https:\\\/\\\/dmcsrb.com\\\/drustvo\\\/vdt-slucaj-telekom-jos-nije-okoncan\\\/#primaryimage\"},\"thumbnailUrl\":\"https:\\\/\\\/dmcsrb.com\\\/wp-content\\\/uploads\\\/2026\\\/01\\\/54392405778_9bce1ab6f9_o.webp\",\"datePublished\":\"2025-10-20T09:06:00+00:00\",\"author\":{\"@id\":\"https:\\\/\\\/dmcsrb.com\\\/#\\\/schema\\\/person\\\/5c39170f12db1b8b457732d0b5c854e2\"},\"breadcrumb\":{\"@id\":\"https:\\\/\\\/dmcsrb.com\\\/drustvo\\\/vdt-slucaj-telekom-jos-nije-okoncan\\\/#breadcrumb\"},\"inLanguage\":\"en-GB\",\"potentialAction\":[{\"@type\":\"ReadAction\",\"target\":[\"https:\\\/\\\/dmcsrb.com\\\/drustvo\\\/vdt-slucaj-telekom-jos-nije-okoncan\\\/\"]}]},{\"@type\":\"ImageObject\",\"inLanguage\":\"en-GB\",\"@id\":\"https:\\\/\\\/dmcsrb.com\\\/drustvo\\\/vdt-slucaj-telekom-jos-nije-okoncan\\\/#primaryimage\",\"url\":\"https:\\\/\\\/dmcsrb.com\\\/wp-content\\\/uploads\\\/2026\\\/01\\\/54392405778_9bce1ab6f9_o.webp\",\"contentUrl\":\"https:\\\/\\\/dmcsrb.com\\\/wp-content\\\/uploads\\\/2026\\\/01\\\/54392405778_9bce1ab6f9_o.webp\",\"width\":2500,\"height\":1661},{\"@type\":\"BreadcrumbList\",\"@id\":\"https:\\\/\\\/dmcsrb.com\\\/drustvo\\\/vdt-slucaj-telekom-jos-nije-okoncan\\\/#breadcrumb\",\"itemListElement\":[{\"@type\":\"ListItem\",\"position\":1,\"name\":\"Home\",\"item\":\"https:\\\/\\\/dmcsrb.com\\\/\"},{\"@type\":\"ListItem\",\"position\":2,\"name\":\"VDT: Slu\u010daj &#8221;Telekom&#8221; jo\u0161 nije okon\u010dan\"}]},{\"@type\":\"WebSite\",\"@id\":\"https:\\\/\\\/dmcsrb.com\\\/#website\",\"url\":\"https:\\\/\\\/dmcsrb.com\\\/\",\"name\":\"dmcsrb.com\",\"description\":\"\",\"potentialAction\":[{\"@type\":\"SearchAction\",\"target\":{\"@type\":\"EntryPoint\",\"urlTemplate\":\"https:\\\/\\\/dmcsrb.com\\\/?s={search_term_string}\"},\"query-input\":{\"@type\":\"PropertyValueSpecification\",\"valueRequired\":true,\"valueName\":\"search_term_string\"}}],\"inLanguage\":\"en-GB\"},{\"@type\":\"Person\",\"@id\":\"https:\\\/\\\/dmcsrb.com\\\/#\\\/schema\\\/person\\\/5c39170f12db1b8b457732d0b5c854e2\",\"name\":\"dmcsrbija.com@gmail.com\",\"image\":{\"@type\":\"ImageObject\",\"inLanguage\":\"en-GB\",\"@id\":\"https:\\\/\\\/secure.gravatar.com\\\/avatar\\\/68592660ad6347fad0fb587f8d5d8f1a7b44961362f56e4f2cd524feb87e9069?s=96&d=mm&r=g\",\"url\":\"https:\\\/\\\/secure.gravatar.com\\\/avatar\\\/68592660ad6347fad0fb587f8d5d8f1a7b44961362f56e4f2cd524feb87e9069?s=96&d=mm&r=g\",\"contentUrl\":\"https:\\\/\\\/secure.gravatar.com\\\/avatar\\\/68592660ad6347fad0fb587f8d5d8f1a7b44961362f56e4f2cd524feb87e9069?s=96&d=mm&r=g\",\"caption\":\"dmcsrbija.com@gmail.com\"},\"sameAs\":[\"https:\\\/\\\/dmcsrb.com\"],\"url\":\"https:\\\/\\\/dmcsrb.com\\\/en\\\/author\\\/dmcsrbija-comgmail-com\\\/\"}]}<\/script>\n<!-- \/ Yoast SEO plugin. -->","yoast_head_json":{"title":"VDT: Slu\u010daj ''Telekom'' jo\u0161 nije okon\u010dan - dmcsrb.com","robots":{"index":"index","follow":"follow","max-snippet":"max-snippet:-1","max-image-preview":"max-image-preview:large","max-video-preview":"max-video-preview:-1"},"canonical":"https:\/\/dmcsrb.com\/en\/drustvo\/vdt-slucaj-telekom-jos-nije-okoncan\/","og_locale":"en_GB","og_type":"article","og_title":"VDT: Slu\u010daj ''Telekom'' jo\u0161 nije okon\u010dan - dmcsrb.com","og_description":"Neta\u010dni su navodi Vladislava Bojovi\u0107a, predsjednika Odbora za politi\u010dki sistem, pravosu\u0111e i upravu da Skup\u0161tini nije dostavljen dopis od strane predstavnika tu\u017eila\u010dke organizacije\u00a0 u vezi sa kontrolnim saslu\u0161anjem na\u00a0 temu \u201eAktivnosti tu\u017eila\u0161tva koje su dovele do odbacivanja krivi\u010dne prijave za zloupotrebu slu\u017ebenog polo\u017eaja, primanje mita i stvaranje kriminalne organizacije tokom prodaje biv\u0161eg dr\u017eavnog preduze\u0107a Telekom\u201c, saop\u0161tili su iz Vrhovnog dr\u017eavnog tu\u017eila\u0161tva.","og_url":"https:\/\/dmcsrb.com\/en\/drustvo\/vdt-slucaj-telekom-jos-nije-okoncan\/","og_site_name":"dmcsrb.com","article_published_time":"2025-10-20T09:06:00+00:00","og_image":[{"width":2500,"height":1661,"url":"https:\/\/dmcsrb.com\/wp-content\/uploads\/2026\/01\/54392405778_9bce1ab6f9_o.webp","type":"image\/jpeg"}],"author":"dmcsrbija.com@gmail.com","twitter_card":"summary_large_image","twitter_misc":{"Written by":"dmcsrbija.com@gmail.com","Estimated reading time":"6 minutes"},"schema":{"@context":"https:\/\/schema.org","@graph":[{"@type":"Article","@id":"https:\/\/dmcsrb.com\/drustvo\/vdt-slucaj-telekom-jos-nije-okoncan\/#article","isPartOf":{"@id":"https:\/\/dmcsrb.com\/drustvo\/vdt-slucaj-telekom-jos-nije-okoncan\/"},"author":{"name":"dmcsrbija.com@gmail.com","@id":"https:\/\/dmcsrb.com\/#\/schema\/person\/5c39170f12db1b8b457732d0b5c854e2"},"headline":"VDT: Slu\u010daj &#8221;Telekom&#8221; jo\u0161 nije okon\u010dan","datePublished":"2025-10-20T09:06:00+00:00","mainEntityOfPage":{"@id":"https:\/\/dmcsrb.com\/drustvo\/vdt-slucaj-telekom-jos-nije-okoncan\/"},"wordCount":1201,"commentCount":0,"image":{"@id":"https:\/\/dmcsrb.com\/drustvo\/vdt-slucaj-telekom-jos-nije-okoncan\/#primaryimage"},"thumbnailUrl":"https:\/\/dmcsrb.com\/wp-content\/uploads\/2026\/01\/54392405778_9bce1ab6f9_o.webp","keywords":["Odbor za politi\u010dki sistem","Predstavnici Tu\u017eila\u0161tva","Razlozi nedolaska","Slu\u010daj Telekom","VDT"],"articleSection":["Dru\u0161tvo"],"inLanguage":"en-GB","potentialAction":[{"@type":"CommentAction","name":"Comment","target":["https:\/\/dmcsrb.com\/drustvo\/vdt-slucaj-telekom-jos-nije-okoncan\/#respond"]}]},{"@type":"WebPage","@id":"https:\/\/dmcsrb.com\/drustvo\/vdt-slucaj-telekom-jos-nije-okoncan\/","url":"https:\/\/dmcsrb.com\/drustvo\/vdt-slucaj-telekom-jos-nije-okoncan\/","name":"VDT: Slu\u010daj ''Telekom'' jo\u0161 nije okon\u010dan - dmcsrb.com","isPartOf":{"@id":"https:\/\/dmcsrb.com\/#website"},"primaryImageOfPage":{"@id":"https:\/\/dmcsrb.com\/drustvo\/vdt-slucaj-telekom-jos-nije-okoncan\/#primaryimage"},"image":{"@id":"https:\/\/dmcsrb.com\/drustvo\/vdt-slucaj-telekom-jos-nije-okoncan\/#primaryimage"},"thumbnailUrl":"https:\/\/dmcsrb.com\/wp-content\/uploads\/2026\/01\/54392405778_9bce1ab6f9_o.webp","datePublished":"2025-10-20T09:06:00+00:00","author":{"@id":"https:\/\/dmcsrb.com\/#\/schema\/person\/5c39170f12db1b8b457732d0b5c854e2"},"breadcrumb":{"@id":"https:\/\/dmcsrb.com\/drustvo\/vdt-slucaj-telekom-jos-nije-okoncan\/#breadcrumb"},"inLanguage":"en-GB","potentialAction":[{"@type":"ReadAction","target":["https:\/\/dmcsrb.com\/drustvo\/vdt-slucaj-telekom-jos-nije-okoncan\/"]}]},{"@type":"ImageObject","inLanguage":"en-GB","@id":"https:\/\/dmcsrb.com\/drustvo\/vdt-slucaj-telekom-jos-nije-okoncan\/#primaryimage","url":"https:\/\/dmcsrb.com\/wp-content\/uploads\/2026\/01\/54392405778_9bce1ab6f9_o.webp","contentUrl":"https:\/\/dmcsrb.com\/wp-content\/uploads\/2026\/01\/54392405778_9bce1ab6f9_o.webp","width":2500,"height":1661},{"@type":"BreadcrumbList","@id":"https:\/\/dmcsrb.com\/drustvo\/vdt-slucaj-telekom-jos-nije-okoncan\/#breadcrumb","itemListElement":[{"@type":"ListItem","position":1,"name":"Home","item":"https:\/\/dmcsrb.com\/"},{"@type":"ListItem","position":2,"name":"VDT: Slu\u010daj &#8221;Telekom&#8221; jo\u0161 nije okon\u010dan"}]},{"@type":"WebSite","@id":"https:\/\/dmcsrb.com\/#website","url":"https:\/\/dmcsrb.com\/","name":"dmcsrb.com","description":"","potentialAction":[{"@type":"SearchAction","target":{"@type":"EntryPoint","urlTemplate":"https:\/\/dmcsrb.com\/?s={search_term_string}"},"query-input":{"@type":"PropertyValueSpecification","valueRequired":true,"valueName":"search_term_string"}}],"inLanguage":"en-GB"},{"@type":"Person","@id":"https:\/\/dmcsrb.com\/#\/schema\/person\/5c39170f12db1b8b457732d0b5c854e2","name":"dmcsrbija.com@gmail.com","image":{"@type":"ImageObject","inLanguage":"en-GB","@id":"https:\/\/secure.gravatar.com\/avatar\/68592660ad6347fad0fb587f8d5d8f1a7b44961362f56e4f2cd524feb87e9069?s=96&d=mm&r=g","url":"https:\/\/secure.gravatar.com\/avatar\/68592660ad6347fad0fb587f8d5d8f1a7b44961362f56e4f2cd524feb87e9069?s=96&d=mm&r=g","contentUrl":"https:\/\/secure.gravatar.com\/avatar\/68592660ad6347fad0fb587f8d5d8f1a7b44961362f56e4f2cd524feb87e9069?s=96&d=mm&r=g","caption":"dmcsrbija.com@gmail.com"},"sameAs":["https:\/\/dmcsrb.com"],"url":"https:\/\/dmcsrb.com\/en\/author\/dmcsrbija-comgmail-com\/"}]}},"_links":{"self":[{"href":"https:\/\/dmcsrb.com\/en\/wp-json\/wp\/v2\/posts\/958968","targetHints":{"allow":["GET"]}}],"collection":[{"href":"https:\/\/dmcsrb.com\/en\/wp-json\/wp\/v2\/posts"}],"about":[{"href":"https:\/\/dmcsrb.com\/en\/wp-json\/wp\/v2\/types\/post"}],"author":[{"embeddable":true,"href":"https:\/\/dmcsrb.com\/en\/wp-json\/wp\/v2\/users\/1"}],"replies":[{"embeddable":true,"href":"https:\/\/dmcsrb.com\/en\/wp-json\/wp\/v2\/comments?post=958968"}],"version-history":[{"count":0,"href":"https:\/\/dmcsrb.com\/en\/wp-json\/wp\/v2\/posts\/958968\/revisions"}],"wp:featuredmedia":[{"embeddable":true,"href":"https:\/\/dmcsrb.com\/en\/wp-json\/wp\/v2\/media\/958969"}],"wp:attachment":[{"href":"https:\/\/dmcsrb.com\/en\/wp-json\/wp\/v2\/media?parent=958968"}],"wp:term":[{"taxonomy":"category","embeddable":true,"href":"https:\/\/dmcsrb.com\/en\/wp-json\/wp\/v2\/categories?post=958968"},{"taxonomy":"post_tag","embeddable":true,"href":"https:\/\/dmcsrb.com\/en\/wp-json\/wp\/v2\/tags?post=958968"},{"taxonomy":"naslovna","embeddable":true,"href":"https:\/\/dmcsrb.com\/en\/wp-json\/wp\/v2\/naslovna?post=958968"}],"curies":[{"name":"wp","href":"https:\/\/api.w.org\/{rel}","templated":true}]}}