{"id":958918,"date":"2025-10-20T09:16:00","date_gmt":"2025-10-20T07:16:00","guid":{"rendered":"https:\/\/dmcsrb.com\/uncategorized\/novinari-iz-spanije-crna-gora-je-jos-ljepsa-nego-sto-smo-zamisljali\/"},"modified":"2025-10-20T09:16:00","modified_gmt":"2025-10-20T07:16:00","slug":"novinari-iz-spanije-crna-gora-je-jos-ljepsa-nego-sto-smo-zamisljali","status":"publish","type":"post","link":"https:\/\/dmcsrb.com\/en\/drustvo\/novinari-iz-spanije-crna-gora-je-jos-ljepsa-nego-sto-smo-zamisljali\/","title":{"rendered":"Novinari iz \u0160panije: \u201eCrna Gora je jo\u0161 ljep\u0161a nego \u0161to smo zami\u0161ljali\u201d"},"content":{"rendered":"<p>&#8220;Rije\u010d je o jednim od zna\u010dajnijih \u0161panskih medija, me\u0111u kojima su <strong>Viajar Magazine<\/strong> sa oko 580 hiljada \u010ditalaca mjese\u010dno i 3,1 milion online korisnika, <strong>MIA Magazine<\/strong> sa 190.000 \u010ditalaca, <strong>Ruta en Familia<\/strong> koji broji oko 1 milion online korisnika, <strong>20 Minutos<\/strong> \u00a0sa 18,7 miliona digitalnih korisnika i 281 hiljada \u010ditalaca \u0161tampanog izdanja, te <strong>La Vanguardia<\/strong> \u010diji portal mjese\u010dno posjeti oko 14 miliona korisnika&#8221;, stoji u saop\u0161tenju.<\/p>\n\n\n\n<p>Kako ka\u017eu, tokom petodnevnog boravka novinari su obi\u0161li najatraktivnije destinacije Crne Gore, od luksuznih kompleksa u Tivtu pa sve do obilaska Herceg Novog, Kotora, Perasta, Budve, Cetinja i Kola\u0161ina. Novinari iz \u0160panije isti\u010du da im je boravak u Crnoj Gori pru\u017eio priliku da upoznaju njenu raznovrsnu ponudu i da se pove\u0107anjem broja direktnih letova otvara nova mogu\u0107nost da \u0161panski turisti u\u017eivaju u jo\u0161 jednoj autenti\u010dnoj evropskoj zemlji.<\/p>\n\n\n\n<p>\u201cUtisak koji nosim odavde je da Crna Gora obiluje skrivenim uvalama i za\u0161ti\u0107enim morskim podru\u010djima, \u0161to je \u010dini izuzetno privla\u010dnom za plovidbu i razli\u010dite morske sportove poput kajaka ili jedrenja na dasci. Pomalo me podsje\u0107a na obalu sjeveroisto\u010dne \u0160panije, na Kosta Bravu koja dijeli sli\u010dan pejza\u017e: \u0161ume koje se spu\u0161taju sve do mora, male uvale i skrovite pla\u017ee koje izranjaju iz prirode, stvaraju\u0107i prizor pravog, skrivenog raja. Poseban utisak ostavlja Cetinje, grad koji odi\u0161e istorijom i kulturom, pravi muzej na otvorenom, gdje se na svakom koraku osje\u0107a duh stare Crne Gore\u201d, istakao je <strong>Jose Maria Palau<\/strong> iz magazina <em>Viajar<\/em>.<\/p>\n\n\n\n<p><strong>Beatriz P\u00e9rez Rodr\u00edguez<\/strong> iz magazina <em>20 minutos<\/em> podijelila je svoje utiske o Crnoj Gori, isti\u010du\u0107i da je zemlja nadma\u0161ila sva njena o\u010dekivanja.<\/p>\n\n\n\n<p>\u201cPrije dolaska sam malo istra\u017eivala o Crnoj Gori, gledala sam reporta\u017ee, slike i \u010ditala utiske, pa sam imala velika o\u010dekivanja. Kada sam stigla, mogu re\u0107i da su ta o\u010dekivanja ne samo ispunjena, ve\u0107 i nadma\u0161ena. Crna Gora je jo\u0161 ljep\u0161a nego \u0161to sam zami\u0161ljala. Sada, kada je Crna Gora dobro povezana sa \u0160panijom, sigurno \u0107u svima preporu\u010diti da je posjete\u201d, poru\u010dila je Beatriz P\u00e9rez Rodr\u00edguez.<\/p>\n\n\n\n<p>Podr\u0161ku u organizaciji ove studijske posjete dale su turisti\u010dka organizacija Kola\u0161ina, Herceg Novog, Kotora, Tivta, Budve i Cetinja, kao i aviokompanija Vueling.<\/p>","protected":false},"excerpt":{"rendered":"<p>Nacionalna turisti\u010dka organizacija Crne Gore je u periodu od 14. do 18. oktobra ugostila predstavnike medija iz \u0160panije koji su imali priliku da se upoznaju sa turisti\u010dkom ponudom Crne Gore, saop\u0161teno je iz Nacionalne turisti\u010dke organizacija Crne Gore.<\/p>","protected":false},"author":1,"featured_media":958919,"comment_status":"open","ping_status":"open","sticky":false,"template":"","format":"standard","meta":{"_acf_changed":false,"footnotes":""},"categories":[2],"tags":[95,11977,1486,1498,1160,979],"naslovna":[],"class_list":["post-958918","post","type-post","status-publish","format-standard","has-post-thumbnail","hentry","category-drustvo","tag-crna-gora","tag-magazine","tag-novinari","tag-nto","tag-spanija-2","tag-turizam"],"acf":[],"yoast_head":"<!-- This site is optimized with the Yoast SEO plugin v27.0 - https:\/\/yoast.com\/product\/yoast-seo-wordpress\/ -->\n<title>Novinari iz \u0160panije: \u201eCrna Gora je jo\u0161 ljep\u0161a nego \u0161to smo zami\u0161ljali\u201d - dmcsrb.com<\/title>\n<meta name=\"robots\" content=\"index, follow, max-snippet:-1, max-image-preview:large, max-video-preview:-1\" \/>\n<link rel=\"canonical\" href=\"https:\/\/dmcsrb.com\/en\/drustvo\/novinari-iz-spanije-crna-gora-je-jos-ljepsa-nego-sto-smo-zamisljali\/\" \/>\n<meta property=\"og:locale\" content=\"en_GB\" \/>\n<meta property=\"og:type\" content=\"article\" \/>\n<meta property=\"og:title\" content=\"Novinari iz \u0160panije: \u201eCrna Gora je jo\u0161 ljep\u0161a nego \u0161to smo zami\u0161ljali\u201d - dmcsrb.com\" \/>\n<meta property=\"og:description\" content=\"Nacionalna turisti\u010dka organizacija Crne Gore je u periodu od 14. do 18. oktobra ugostila predstavnike medija iz \u0160panije koji su imali priliku da se upoznaju sa turisti\u010dkom ponudom Crne Gore, saop\u0161teno je iz Nacionalne turisti\u010dke organizacija Crne Gore.\" \/>\n<meta property=\"og:url\" content=\"https:\/\/dmcsrb.com\/en\/drustvo\/novinari-iz-spanije-crna-gora-je-jos-ljepsa-nego-sto-smo-zamisljali\/\" \/>\n<meta property=\"og:site_name\" content=\"dmcsrb.com\" \/>\n<meta property=\"article:published_time\" content=\"2025-10-20T07:16:00+00:00\" \/>\n<meta property=\"og:image\" content=\"https:\/\/dmcsrb.com\/wp-content\/uploads\/2026\/01\/naslovna-2-2.webp\" \/>\n\t<meta property=\"og:image:width\" content=\"1200\" \/>\n\t<meta property=\"og:image:height\" content=\"1600\" \/>\n\t<meta property=\"og:image:type\" content=\"image\/jpeg\" \/>\n<meta name=\"author\" content=\"dmcsrbija.com@gmail.com\" \/>\n<meta name=\"twitter:card\" content=\"summary_large_image\" \/>\n<meta name=\"twitter:label1\" content=\"Written by\" \/>\n\t<meta name=\"twitter:data1\" content=\"dmcsrbija.com@gmail.com\" \/>\n\t<meta name=\"twitter:label2\" content=\"Estimated reading time\" \/>\n\t<meta name=\"twitter:data2\" content=\"2 minutes\" \/>\n<script type=\"application\/ld+json\" class=\"yoast-schema-graph\">{\"@context\":\"https:\/\/schema.org\",\"@graph\":[{\"@type\":\"Article\",\"@id\":\"https:\/\/dmcsrb.com\/en\/drustvo\/novinari-iz-spanije-crna-gora-je-jos-ljepsa-nego-sto-smo-zamisljali\/#article\",\"isPartOf\":{\"@id\":\"https:\/\/dmcsrb.com\/en\/drustvo\/novinari-iz-spanije-crna-gora-je-jos-ljepsa-nego-sto-smo-zamisljali\/\"},\"author\":{\"name\":\"dmcsrbija.com@gmail.com\",\"@id\":\"https:\/\/dmcsrb.com\/#\/schema\/person\/5c39170f12db1b8b457732d0b5c854e2\"},\"headline\":\"Novinari iz \u0160panije: \u201eCrna Gora je jo\u0161 ljep\u0161a nego \u0161to smo zami\u0161ljali\u201d\",\"datePublished\":\"2025-10-20T07:16:00+00:00\",\"mainEntityOfPage\":{\"@id\":\"https:\/\/dmcsrb.com\/en\/drustvo\/novinari-iz-spanije-crna-gora-je-jos-ljepsa-nego-sto-smo-zamisljali\/\"},\"wordCount\":394,\"commentCount\":0,\"image\":{\"@id\":\"https:\/\/dmcsrb.com\/en\/drustvo\/novinari-iz-spanije-crna-gora-je-jos-ljepsa-nego-sto-smo-zamisljali\/#primaryimage\"},\"thumbnailUrl\":\"https:\/\/dmcsrb.com\/wp-content\/uploads\/2026\/01\/naslovna-2-2.webp\",\"keywords\":[\"Crna Gora\",\"magazine\",\"novinari\",\"NTO\",\"\u0160panija\",\"turizam\"],\"articleSection\":[\"Dru\u0161tvo\"],\"inLanguage\":\"en-GB\",\"potentialAction\":[{\"@type\":\"CommentAction\",\"name\":\"Comment\",\"target\":[\"https:\/\/dmcsrb.com\/en\/drustvo\/novinari-iz-spanije-crna-gora-je-jos-ljepsa-nego-sto-smo-zamisljali\/#respond\"]}]},{\"@type\":\"WebPage\",\"@id\":\"https:\/\/dmcsrb.com\/en\/drustvo\/novinari-iz-spanije-crna-gora-je-jos-ljepsa-nego-sto-smo-zamisljali\/\",\"url\":\"https:\/\/dmcsrb.com\/en\/drustvo\/novinari-iz-spanije-crna-gora-je-jos-ljepsa-nego-sto-smo-zamisljali\/\",\"name\":\"Novinari iz \u0160panije: \u201eCrna Gora je jo\u0161 ljep\u0161a nego \u0161to smo zami\u0161ljali\u201d - dmcsrb.com\",\"isPartOf\":{\"@id\":\"https:\/\/dmcsrb.com\/#website\"},\"primaryImageOfPage\":{\"@id\":\"https:\/\/dmcsrb.com\/en\/drustvo\/novinari-iz-spanije-crna-gora-je-jos-ljepsa-nego-sto-smo-zamisljali\/#primaryimage\"},\"image\":{\"@id\":\"https:\/\/dmcsrb.com\/en\/drustvo\/novinari-iz-spanije-crna-gora-je-jos-ljepsa-nego-sto-smo-zamisljali\/#primaryimage\"},\"thumbnailUrl\":\"https:\/\/dmcsrb.com\/wp-content\/uploads\/2026\/01\/naslovna-2-2.webp\",\"datePublished\":\"2025-10-20T07:16:00+00:00\",\"author\":{\"@id\":\"https:\/\/dmcsrb.com\/#\/schema\/person\/5c39170f12db1b8b457732d0b5c854e2\"},\"breadcrumb\":{\"@id\":\"https:\/\/dmcsrb.com\/en\/drustvo\/novinari-iz-spanije-crna-gora-je-jos-ljepsa-nego-sto-smo-zamisljali\/#breadcrumb\"},\"inLanguage\":\"en-GB\",\"potentialAction\":[{\"@type\":\"ReadAction\",\"target\":[\"https:\/\/dmcsrb.com\/en\/drustvo\/novinari-iz-spanije-crna-gora-je-jos-ljepsa-nego-sto-smo-zamisljali\/\"]}]},{\"@type\":\"ImageObject\",\"inLanguage\":\"en-GB\",\"@id\":\"https:\/\/dmcsrb.com\/en\/drustvo\/novinari-iz-spanije-crna-gora-je-jos-ljepsa-nego-sto-smo-zamisljali\/#primaryimage\",\"url\":\"https:\/\/dmcsrb.com\/wp-content\/uploads\/2026\/01\/naslovna-2-2.webp\",\"contentUrl\":\"https:\/\/dmcsrb.com\/wp-content\/uploads\/2026\/01\/naslovna-2-2.webp\",\"width\":1200,\"height\":1600},{\"@type\":\"BreadcrumbList\",\"@id\":\"https:\/\/dmcsrb.com\/en\/drustvo\/novinari-iz-spanije-crna-gora-je-jos-ljepsa-nego-sto-smo-zamisljali\/#breadcrumb\",\"itemListElement\":[{\"@type\":\"ListItem\",\"position\":1,\"name\":\"Home\",\"item\":\"https:\/\/dmcsrb.com\/\"},{\"@type\":\"ListItem\",\"position\":2,\"name\":\"Novinari iz \u0160panije: \u201eCrna Gora je jo\u0161 ljep\u0161a nego \u0161to smo zami\u0161ljali\u201d\"}]},{\"@type\":\"WebSite\",\"@id\":\"https:\/\/dmcsrb.com\/#website\",\"url\":\"https:\/\/dmcsrb.com\/\",\"name\":\"dmcsrb.com\",\"description\":\"\",\"potentialAction\":[{\"@type\":\"SearchAction\",\"target\":{\"@type\":\"EntryPoint\",\"urlTemplate\":\"https:\/\/dmcsrb.com\/?s={search_term_string}\"},\"query-input\":{\"@type\":\"PropertyValueSpecification\",\"valueRequired\":true,\"valueName\":\"search_term_string\"}}],\"inLanguage\":\"en-GB\"},{\"@type\":\"Person\",\"@id\":\"https:\/\/dmcsrb.com\/#\/schema\/person\/5c39170f12db1b8b457732d0b5c854e2\",\"name\":\"dmcsrbija.com@gmail.com\",\"image\":{\"@type\":\"ImageObject\",\"inLanguage\":\"en-GB\",\"@id\":\"https:\/\/dmcsrb.com\/#\/schema\/person\/image\/\",\"url\":\"https:\/\/secure.gravatar.com\/avatar\/68592660ad6347fad0fb587f8d5d8f1a7b44961362f56e4f2cd524feb87e9069?s=96&d=mm&r=g\",\"contentUrl\":\"https:\/\/secure.gravatar.com\/avatar\/68592660ad6347fad0fb587f8d5d8f1a7b44961362f56e4f2cd524feb87e9069?s=96&d=mm&r=g\",\"caption\":\"dmcsrbija.com@gmail.com\"},\"sameAs\":[\"https:\/\/dmcsrb.com\"],\"url\":\"https:\/\/dmcsrb.com\/en\/author\/dmcsrbija-comgmail-com\/\"}]}<\/script>\n<!-- \/ Yoast SEO plugin. -->","yoast_head_json":{"title":"Novinari iz \u0160panije: \u201eCrna Gora je jo\u0161 ljep\u0161a nego \u0161to smo zami\u0161ljali\u201d - dmcsrb.com","robots":{"index":"index","follow":"follow","max-snippet":"max-snippet:-1","max-image-preview":"max-image-preview:large","max-video-preview":"max-video-preview:-1"},"canonical":"https:\/\/dmcsrb.com\/en\/drustvo\/novinari-iz-spanije-crna-gora-je-jos-ljepsa-nego-sto-smo-zamisljali\/","og_locale":"en_GB","og_type":"article","og_title":"Novinari iz \u0160panije: \u201eCrna Gora je jo\u0161 ljep\u0161a nego \u0161to smo zami\u0161ljali\u201d - dmcsrb.com","og_description":"Nacionalna turisti\u010dka organizacija Crne Gore je u periodu od 14. do 18. oktobra ugostila predstavnike medija iz \u0160panije koji su imali priliku da se upoznaju sa turisti\u010dkom ponudom Crne Gore, saop\u0161teno je iz Nacionalne turisti\u010dke organizacija Crne Gore.","og_url":"https:\/\/dmcsrb.com\/en\/drustvo\/novinari-iz-spanije-crna-gora-je-jos-ljepsa-nego-sto-smo-zamisljali\/","og_site_name":"dmcsrb.com","article_published_time":"2025-10-20T07:16:00+00:00","og_image":[{"width":1200,"height":1600,"url":"https:\/\/dmcsrb.com\/wp-content\/uploads\/2026\/01\/naslovna-2-2.webp","type":"image\/jpeg"}],"author":"dmcsrbija.com@gmail.com","twitter_card":"summary_large_image","twitter_misc":{"Written by":"dmcsrbija.com@gmail.com","Estimated reading time":"2 minutes"},"schema":{"@context":"https:\/\/schema.org","@graph":[{"@type":"Article","@id":"https:\/\/dmcsrb.com\/en\/drustvo\/novinari-iz-spanije-crna-gora-je-jos-ljepsa-nego-sto-smo-zamisljali\/#article","isPartOf":{"@id":"https:\/\/dmcsrb.com\/en\/drustvo\/novinari-iz-spanije-crna-gora-je-jos-ljepsa-nego-sto-smo-zamisljali\/"},"author":{"name":"dmcsrbija.com@gmail.com","@id":"https:\/\/dmcsrb.com\/#\/schema\/person\/5c39170f12db1b8b457732d0b5c854e2"},"headline":"Novinari iz \u0160panije: \u201eCrna Gora je jo\u0161 ljep\u0161a nego \u0161to smo zami\u0161ljali\u201d","datePublished":"2025-10-20T07:16:00+00:00","mainEntityOfPage":{"@id":"https:\/\/dmcsrb.com\/en\/drustvo\/novinari-iz-spanije-crna-gora-je-jos-ljepsa-nego-sto-smo-zamisljali\/"},"wordCount":394,"commentCount":0,"image":{"@id":"https:\/\/dmcsrb.com\/en\/drustvo\/novinari-iz-spanije-crna-gora-je-jos-ljepsa-nego-sto-smo-zamisljali\/#primaryimage"},"thumbnailUrl":"https:\/\/dmcsrb.com\/wp-content\/uploads\/2026\/01\/naslovna-2-2.webp","keywords":["Crna Gora","magazine","novinari","NTO","\u0160panija","turizam"],"articleSection":["Dru\u0161tvo"],"inLanguage":"en-GB","potentialAction":[{"@type":"CommentAction","name":"Comment","target":["https:\/\/dmcsrb.com\/en\/drustvo\/novinari-iz-spanije-crna-gora-je-jos-ljepsa-nego-sto-smo-zamisljali\/#respond"]}]},{"@type":"WebPage","@id":"https:\/\/dmcsrb.com\/en\/drustvo\/novinari-iz-spanije-crna-gora-je-jos-ljepsa-nego-sto-smo-zamisljali\/","url":"https:\/\/dmcsrb.com\/en\/drustvo\/novinari-iz-spanije-crna-gora-je-jos-ljepsa-nego-sto-smo-zamisljali\/","name":"Novinari iz \u0160panije: \u201eCrna Gora je jo\u0161 ljep\u0161a nego \u0161to smo zami\u0161ljali\u201d - dmcsrb.com","isPartOf":{"@id":"https:\/\/dmcsrb.com\/#website"},"primaryImageOfPage":{"@id":"https:\/\/dmcsrb.com\/en\/drustvo\/novinari-iz-spanije-crna-gora-je-jos-ljepsa-nego-sto-smo-zamisljali\/#primaryimage"},"image":{"@id":"https:\/\/dmcsrb.com\/en\/drustvo\/novinari-iz-spanije-crna-gora-je-jos-ljepsa-nego-sto-smo-zamisljali\/#primaryimage"},"thumbnailUrl":"https:\/\/dmcsrb.com\/wp-content\/uploads\/2026\/01\/naslovna-2-2.webp","datePublished":"2025-10-20T07:16:00+00:00","author":{"@id":"https:\/\/dmcsrb.com\/#\/schema\/person\/5c39170f12db1b8b457732d0b5c854e2"},"breadcrumb":{"@id":"https:\/\/dmcsrb.com\/en\/drustvo\/novinari-iz-spanije-crna-gora-je-jos-ljepsa-nego-sto-smo-zamisljali\/#breadcrumb"},"inLanguage":"en-GB","potentialAction":[{"@type":"ReadAction","target":["https:\/\/dmcsrb.com\/en\/drustvo\/novinari-iz-spanije-crna-gora-je-jos-ljepsa-nego-sto-smo-zamisljali\/"]}]},{"@type":"ImageObject","inLanguage":"en-GB","@id":"https:\/\/dmcsrb.com\/en\/drustvo\/novinari-iz-spanije-crna-gora-je-jos-ljepsa-nego-sto-smo-zamisljali\/#primaryimage","url":"https:\/\/dmcsrb.com\/wp-content\/uploads\/2026\/01\/naslovna-2-2.webp","contentUrl":"https:\/\/dmcsrb.com\/wp-content\/uploads\/2026\/01\/naslovna-2-2.webp","width":1200,"height":1600},{"@type":"BreadcrumbList","@id":"https:\/\/dmcsrb.com\/en\/drustvo\/novinari-iz-spanije-crna-gora-je-jos-ljepsa-nego-sto-smo-zamisljali\/#breadcrumb","itemListElement":[{"@type":"ListItem","position":1,"name":"Home","item":"https:\/\/dmcsrb.com\/"},{"@type":"ListItem","position":2,"name":"Novinari iz \u0160panije: \u201eCrna Gora je jo\u0161 ljep\u0161a nego \u0161to smo zami\u0161ljali\u201d"}]},{"@type":"WebSite","@id":"https:\/\/dmcsrb.com\/#website","url":"https:\/\/dmcsrb.com\/","name":"dmcsrb.com","description":"","potentialAction":[{"@type":"SearchAction","target":{"@type":"EntryPoint","urlTemplate":"https:\/\/dmcsrb.com\/?s={search_term_string}"},"query-input":{"@type":"PropertyValueSpecification","valueRequired":true,"valueName":"search_term_string"}}],"inLanguage":"en-GB"},{"@type":"Person","@id":"https:\/\/dmcsrb.com\/#\/schema\/person\/5c39170f12db1b8b457732d0b5c854e2","name":"dmcsrbija.com@gmail.com","image":{"@type":"ImageObject","inLanguage":"en-GB","@id":"https:\/\/dmcsrb.com\/#\/schema\/person\/image\/","url":"https:\/\/secure.gravatar.com\/avatar\/68592660ad6347fad0fb587f8d5d8f1a7b44961362f56e4f2cd524feb87e9069?s=96&d=mm&r=g","contentUrl":"https:\/\/secure.gravatar.com\/avatar\/68592660ad6347fad0fb587f8d5d8f1a7b44961362f56e4f2cd524feb87e9069?s=96&d=mm&r=g","caption":"dmcsrbija.com@gmail.com"},"sameAs":["https:\/\/dmcsrb.com"],"url":"https:\/\/dmcsrb.com\/en\/author\/dmcsrbija-comgmail-com\/"}]}},"_links":{"self":[{"href":"https:\/\/dmcsrb.com\/en\/wp-json\/wp\/v2\/posts\/958918","targetHints":{"allow":["GET"]}}],"collection":[{"href":"https:\/\/dmcsrb.com\/en\/wp-json\/wp\/v2\/posts"}],"about":[{"href":"https:\/\/dmcsrb.com\/en\/wp-json\/wp\/v2\/types\/post"}],"author":[{"embeddable":true,"href":"https:\/\/dmcsrb.com\/en\/wp-json\/wp\/v2\/users\/1"}],"replies":[{"embeddable":true,"href":"https:\/\/dmcsrb.com\/en\/wp-json\/wp\/v2\/comments?post=958918"}],"version-history":[{"count":0,"href":"https:\/\/dmcsrb.com\/en\/wp-json\/wp\/v2\/posts\/958918\/revisions"}],"wp:featuredmedia":[{"embeddable":true,"href":"https:\/\/dmcsrb.com\/en\/wp-json\/wp\/v2\/media\/958919"}],"wp:attachment":[{"href":"https:\/\/dmcsrb.com\/en\/wp-json\/wp\/v2\/media?parent=958918"}],"wp:term":[{"taxonomy":"category","embeddable":true,"href":"https:\/\/dmcsrb.com\/en\/wp-json\/wp\/v2\/categories?post=958918"},{"taxonomy":"post_tag","embeddable":true,"href":"https:\/\/dmcsrb.com\/en\/wp-json\/wp\/v2\/tags?post=958918"},{"taxonomy":"naslovna","embeddable":true,"href":"https:\/\/dmcsrb.com\/en\/wp-json\/wp\/v2\/naslovna?post=958918"}],"curies":[{"name":"wp","href":"https:\/\/api.w.org\/{rel}","templated":true}]}}