{"id":958897,"date":"2025-10-20T06:05:12","date_gmt":"2025-10-20T04:05:12","guid":{"rendered":"https:\/\/dmcsrb.com\/uncategorized\/crna-gora-u-novoj-fazi-investicija-iz-evropske-unije\/"},"modified":"2025-10-20T06:05:12","modified_gmt":"2025-10-20T04:05:12","slug":"crna-gora-u-novoj-fazi-investicija-iz-evropske-unije","status":"publish","type":"post","link":"https:\/\/dmcsrb.com\/en\/ekonomija\/crna-gora-u-novoj-fazi-investicija-iz-evropske-unije\/","title":{"rendered":"Crna Gora u novoj fazi investicija iz Evropske unije"},"content":{"rendered":"<p>Sa razgovora o potencijalu pre\u0161lo se na pri\u010du o konkretnim ulaganjima u Crnu Goru. To je pokazala konferencija &#8220;Pametan rast, zelena budu\u0107nost, pribli\u017eavanje investicija, ocijenila je vr\u0161ilac du\u017enosti direktora Agencije za investicije Mirjana Koji\u0107.<\/p>\n\n\n\n<p>&#8220;Sigurno da Crna Gora ulazi u novu fazu kada je rije\u010d o privla\u010denju investicija&#8221;, kazala je ona.<\/p>\n\n\n\n<p>Crna Gora je od ove sedmice bogatija za devet memoranduma o saradnji izme\u0111u doma\u0107ih i evropskih kompanija. Tako\u0111er dobila je i investicionu deklaraciju, te \u010detiri strate\u0161ka projekta, navela je Koji\u0107.<\/p>\n\n\n\n<p>&#8220;Koja potvr\u0111uje zajedni\u010dku posve\u0107enost odr\u017eivom razvoju i evropskom putu Crne Gore&#8221;, kazala je ona-<\/p>\n\n\n\n<p>Poziv predsjednice Evropske komisije Ursule von der Leyen da se u Crnu Goru ula\u017ee sada, potvrda je, ocjenjuje na\u0161a sagovornica, da smo pouzdan partner.<\/p>\n\n\n\n<p>&#8220;Jeste poruka koja je i tekako zna\u010dajna, posebno u ovom trenutku, i politi\u010dki i ekonomski. Jednostavno je potvrda da se Crna Gora prepoznaje kao pouzdan i ozbiljan partner unutar Evropske zajednice dr\u017eava&#8221;, rekla je Koji\u0107.<\/p>\n\n\n\n<p>Zvani\u010dna statistika pokazuje, tvrdi Koji\u0107, da ulaganja iz dr\u017eava \u010dlanica Evropske unije iz godine u godinu rastu.<\/p>\n\n\n\n<p>&#8220;Tako da danas investicije iz Evropske unije zauzimaju sve zna\u010dajnije mjesto i predstavljaju osnov ekonomskog rasta Crne Gore. Samo u 2024. priliv stranih direktnih investicija iz 27 zemalja \u010dlanica EU iznosio je 249 miliona eura, \u0161to je gotovo 28% ukupnih ulaganja u godini. A ako pogledamo i \u0161iri period 2020. i 2024. ukupne investicije iz EU su 1,39 milijardi eura, \u0161to se \u010dini vi\u0161e od 31% svih stranih direktnih investicija u tom periodu&#8221;, kazala je ona.<\/p>\n\n\n\n<p>Poslovni ambijent kod nas je, kako nagla\u0161ava vr\u0161ilac du\u017enosti direktora Agencije za investicije, unaprije\u0111en, liberalan i oslikava, kako ka\u017ee, strate\u0161ki pravac i institucionalnu podr\u0161ku investitorima. Tako da imamo jednostavan poreski okvir, slobodu kretanja kapitala, jednak tretman za doma\u0107e i strane investitore, \u0161to nije slu\u010daj samo u Crnoj Gori, nego i mnogim zemljama u regionu.<br>Tokom konferencije u Lu\u0161tici potpisani su memorandumi o realizaciji konkretnih projekata u energetici, digitalnoj infrastrukturi, agrobiznisu i odr\u017eivom transportu.<\/p>","protected":false},"excerpt":{"rendered":"<p>Crna Gora je u novoj fazi investicija u energetiku, digitalnu infrastrukturu, agrobiznis i transport, ocijenila je za Radio Crne Gore vr\u0161iteljka du\u017enosti direktora Agencije za investicije Mirjana Koji\u0107. I poziv zvani\u010dnika EU da se ula\u017ee sada potvrda je, isti\u010de da smo pouzdan partner posve\u0107en odr\u017eivom razvoju i evropskom putu. Statistika pokazuje da ulaganja \u010dlanica EU iz godine u godinu rastu, pa su za pola decenije prema\u0161ila milijardu eura. Za investiranje, kako je istakla, nas preporu\u010duje i liberalna investicione politika te konkurentne poreske stope.<\/p>","protected":false},"author":1,"featured_media":910457,"comment_status":"open","ping_status":"open","sticky":false,"template":"","format":"standard","meta":{"_acf_changed":false,"footnotes":""},"categories":[27],"tags":[95,10,4327],"naslovna":[],"class_list":["post-958897","post","type-post","status-publish","format-standard","has-post-thumbnail","hentry","category-ekonomija","tag-crna-gora","tag-eu","tag-investicije"],"acf":[],"yoast_head":"<!-- This site is optimized with the Yoast SEO plugin v27.4 - https:\/\/yoast.com\/product\/yoast-seo-wordpress\/ -->\n<title>Crna Gora u novoj fazi investicija iz Evropske unije - dmcsrb.com<\/title>\n<meta name=\"robots\" content=\"index, follow, max-snippet:-1, max-image-preview:large, max-video-preview:-1\" \/>\n<link rel=\"canonical\" href=\"https:\/\/dmcsrb.com\/en\/ekonomija\/crna-gora-u-novoj-fazi-investicija-iz-evropske-unije\/\" \/>\n<meta property=\"og:locale\" content=\"en_GB\" \/>\n<meta property=\"og:type\" content=\"article\" \/>\n<meta property=\"og:title\" content=\"Crna Gora u novoj fazi investicija iz Evropske unije - dmcsrb.com\" \/>\n<meta property=\"og:description\" content=\"Crna Gora je u novoj fazi investicija u energetiku, digitalnu infrastrukturu, agrobiznis i transport, ocijenila je za Radio Crne Gore vr\u0161iteljka du\u017enosti direktora Agencije za investicije Mirjana Koji\u0107. I poziv zvani\u010dnika EU da se ula\u017ee sada potvrda je, isti\u010de da smo pouzdan partner posve\u0107en odr\u017eivom razvoju i evropskom putu. Statistika pokazuje da ulaganja \u010dlanica EU iz godine u godinu rastu, pa su za pola decenije prema\u0161ila milijardu eura. Za investiranje, kako je istakla, nas preporu\u010duje i liberalna investicione politika te konkurentne poreske stope.\" \/>\n<meta property=\"og:url\" content=\"https:\/\/dmcsrb.com\/en\/ekonomija\/crna-gora-u-novoj-fazi-investicija-iz-evropske-unije\/\" \/>\n<meta property=\"og:site_name\" content=\"dmcsrb.com\" \/>\n<meta property=\"article:published_time\" content=\"2025-10-20T04:05:12+00:00\" \/>\n<meta property=\"og:image\" content=\"https:\/\/dmcsrb.com\/wp-content\/uploads\/2026\/01\/Crna-Gora-EU-zastave-foto-vlada-cg.jpg\" \/>\n\t<meta property=\"og:image:width\" content=\"814\" \/>\n\t<meta property=\"og:image:height\" content=\"469\" \/>\n\t<meta property=\"og:image:type\" content=\"image\/jpeg\" \/>\n<meta name=\"author\" content=\"dmcsrbija.com@gmail.com\" \/>\n<meta name=\"twitter:card\" content=\"summary_large_image\" \/>\n<meta name=\"twitter:label1\" content=\"Written by\" \/>\n\t<meta name=\"twitter:data1\" content=\"dmcsrbija.com@gmail.com\" \/>\n\t<meta name=\"twitter:label2\" content=\"Estimated reading time\" \/>\n\t<meta name=\"twitter:data2\" content=\"2 minutes\" \/>\n<script type=\"application\/ld+json\" class=\"yoast-schema-graph\">{\"@context\":\"https:\\\/\\\/schema.org\",\"@graph\":[{\"@type\":\"Article\",\"@id\":\"https:\\\/\\\/dmcsrb.com\\\/ekonomija\\\/crna-gora-u-novoj-fazi-investicija-iz-evropske-unije\\\/#article\",\"isPartOf\":{\"@id\":\"https:\\\/\\\/dmcsrb.com\\\/ekonomija\\\/crna-gora-u-novoj-fazi-investicija-iz-evropske-unije\\\/\"},\"author\":{\"name\":\"dmcsrbija.com@gmail.com\",\"@id\":\"https:\\\/\\\/dmcsrb.com\\\/#\\\/schema\\\/person\\\/5c39170f12db1b8b457732d0b5c854e2\"},\"headline\":\"Crna Gora u novoj fazi investicija iz Evropske unije\",\"datePublished\":\"2025-10-20T04:05:12+00:00\",\"mainEntityOfPage\":{\"@id\":\"https:\\\/\\\/dmcsrb.com\\\/ekonomija\\\/crna-gora-u-novoj-fazi-investicija-iz-evropske-unije\\\/\"},\"wordCount\":356,\"commentCount\":0,\"image\":{\"@id\":\"https:\\\/\\\/dmcsrb.com\\\/ekonomija\\\/crna-gora-u-novoj-fazi-investicija-iz-evropske-unije\\\/#primaryimage\"},\"thumbnailUrl\":\"https:\\\/\\\/dmcsrb.com\\\/wp-content\\\/uploads\\\/2026\\\/01\\\/Crna-Gora-EU-zastave-foto-vlada-cg.jpg\",\"keywords\":[\"Crna Gora\",\"EU\",\"Investicije\"],\"articleSection\":[\"Ekonomija\"],\"inLanguage\":\"en-GB\",\"potentialAction\":[{\"@type\":\"CommentAction\",\"name\":\"Comment\",\"target\":[\"https:\\\/\\\/dmcsrb.com\\\/ekonomija\\\/crna-gora-u-novoj-fazi-investicija-iz-evropske-unije\\\/#respond\"]}]},{\"@type\":\"WebPage\",\"@id\":\"https:\\\/\\\/dmcsrb.com\\\/ekonomija\\\/crna-gora-u-novoj-fazi-investicija-iz-evropske-unije\\\/\",\"url\":\"https:\\\/\\\/dmcsrb.com\\\/ekonomija\\\/crna-gora-u-novoj-fazi-investicija-iz-evropske-unije\\\/\",\"name\":\"Crna Gora u novoj fazi investicija iz Evropske unije - dmcsrb.com\",\"isPartOf\":{\"@id\":\"https:\\\/\\\/dmcsrb.com\\\/#website\"},\"primaryImageOfPage\":{\"@id\":\"https:\\\/\\\/dmcsrb.com\\\/ekonomija\\\/crna-gora-u-novoj-fazi-investicija-iz-evropske-unije\\\/#primaryimage\"},\"image\":{\"@id\":\"https:\\\/\\\/dmcsrb.com\\\/ekonomija\\\/crna-gora-u-novoj-fazi-investicija-iz-evropske-unije\\\/#primaryimage\"},\"thumbnailUrl\":\"https:\\\/\\\/dmcsrb.com\\\/wp-content\\\/uploads\\\/2026\\\/01\\\/Crna-Gora-EU-zastave-foto-vlada-cg.jpg\",\"datePublished\":\"2025-10-20T04:05:12+00:00\",\"author\":{\"@id\":\"https:\\\/\\\/dmcsrb.com\\\/#\\\/schema\\\/person\\\/5c39170f12db1b8b457732d0b5c854e2\"},\"breadcrumb\":{\"@id\":\"https:\\\/\\\/dmcsrb.com\\\/ekonomija\\\/crna-gora-u-novoj-fazi-investicija-iz-evropske-unije\\\/#breadcrumb\"},\"inLanguage\":\"en-GB\",\"potentialAction\":[{\"@type\":\"ReadAction\",\"target\":[\"https:\\\/\\\/dmcsrb.com\\\/ekonomija\\\/crna-gora-u-novoj-fazi-investicija-iz-evropske-unije\\\/\"]}]},{\"@type\":\"ImageObject\",\"inLanguage\":\"en-GB\",\"@id\":\"https:\\\/\\\/dmcsrb.com\\\/ekonomija\\\/crna-gora-u-novoj-fazi-investicija-iz-evropske-unije\\\/#primaryimage\",\"url\":\"https:\\\/\\\/dmcsrb.com\\\/wp-content\\\/uploads\\\/2026\\\/01\\\/Crna-Gora-EU-zastave-foto-vlada-cg.jpg\",\"contentUrl\":\"https:\\\/\\\/dmcsrb.com\\\/wp-content\\\/uploads\\\/2026\\\/01\\\/Crna-Gora-EU-zastave-foto-vlada-cg.jpg\",\"width\":814,\"height\":469},{\"@type\":\"BreadcrumbList\",\"@id\":\"https:\\\/\\\/dmcsrb.com\\\/ekonomija\\\/crna-gora-u-novoj-fazi-investicija-iz-evropske-unije\\\/#breadcrumb\",\"itemListElement\":[{\"@type\":\"ListItem\",\"position\":1,\"name\":\"Home\",\"item\":\"https:\\\/\\\/dmcsrb.com\\\/\"},{\"@type\":\"ListItem\",\"position\":2,\"name\":\"Crna Gora u novoj fazi investicija iz Evropske unije\"}]},{\"@type\":\"WebSite\",\"@id\":\"https:\\\/\\\/dmcsrb.com\\\/#website\",\"url\":\"https:\\\/\\\/dmcsrb.com\\\/\",\"name\":\"dmcsrb.com\",\"description\":\"\",\"potentialAction\":[{\"@type\":\"SearchAction\",\"target\":{\"@type\":\"EntryPoint\",\"urlTemplate\":\"https:\\\/\\\/dmcsrb.com\\\/?s={search_term_string}\"},\"query-input\":{\"@type\":\"PropertyValueSpecification\",\"valueRequired\":true,\"valueName\":\"search_term_string\"}}],\"inLanguage\":\"en-GB\"},{\"@type\":\"Person\",\"@id\":\"https:\\\/\\\/dmcsrb.com\\\/#\\\/schema\\\/person\\\/5c39170f12db1b8b457732d0b5c854e2\",\"name\":\"dmcsrbija.com@gmail.com\",\"image\":{\"@type\":\"ImageObject\",\"inLanguage\":\"en-GB\",\"@id\":\"https:\\\/\\\/secure.gravatar.com\\\/avatar\\\/68592660ad6347fad0fb587f8d5d8f1a7b44961362f56e4f2cd524feb87e9069?s=96&d=mm&r=g\",\"url\":\"https:\\\/\\\/secure.gravatar.com\\\/avatar\\\/68592660ad6347fad0fb587f8d5d8f1a7b44961362f56e4f2cd524feb87e9069?s=96&d=mm&r=g\",\"contentUrl\":\"https:\\\/\\\/secure.gravatar.com\\\/avatar\\\/68592660ad6347fad0fb587f8d5d8f1a7b44961362f56e4f2cd524feb87e9069?s=96&d=mm&r=g\",\"caption\":\"dmcsrbija.com@gmail.com\"},\"sameAs\":[\"https:\\\/\\\/dmcsrb.com\"],\"url\":\"https:\\\/\\\/dmcsrb.com\\\/en\\\/author\\\/dmcsrbija-comgmail-com\\\/\"}]}<\/script>\n<!-- \/ Yoast SEO plugin. -->","yoast_head_json":{"title":"Crna Gora u novoj fazi investicija iz Evropske unije - dmcsrb.com","robots":{"index":"index","follow":"follow","max-snippet":"max-snippet:-1","max-image-preview":"max-image-preview:large","max-video-preview":"max-video-preview:-1"},"canonical":"https:\/\/dmcsrb.com\/en\/ekonomija\/crna-gora-u-novoj-fazi-investicija-iz-evropske-unije\/","og_locale":"en_GB","og_type":"article","og_title":"Crna Gora u novoj fazi investicija iz Evropske unije - dmcsrb.com","og_description":"Crna Gora je u novoj fazi investicija u energetiku, digitalnu infrastrukturu, agrobiznis i transport, ocijenila je za Radio Crne Gore vr\u0161iteljka du\u017enosti direktora Agencije za investicije Mirjana Koji\u0107. I poziv zvani\u010dnika EU da se ula\u017ee sada potvrda je, isti\u010de da smo pouzdan partner posve\u0107en odr\u017eivom razvoju i evropskom putu. Statistika pokazuje da ulaganja \u010dlanica EU iz godine u godinu rastu, pa su za pola decenije prema\u0161ila milijardu eura. Za investiranje, kako je istakla, nas preporu\u010duje i liberalna investicione politika te konkurentne poreske stope.","og_url":"https:\/\/dmcsrb.com\/en\/ekonomija\/crna-gora-u-novoj-fazi-investicija-iz-evropske-unije\/","og_site_name":"dmcsrb.com","article_published_time":"2025-10-20T04:05:12+00:00","og_image":[{"width":814,"height":469,"url":"https:\/\/dmcsrb.com\/wp-content\/uploads\/2026\/01\/Crna-Gora-EU-zastave-foto-vlada-cg.jpg","type":"image\/jpeg"}],"author":"dmcsrbija.com@gmail.com","twitter_card":"summary_large_image","twitter_misc":{"Written by":"dmcsrbija.com@gmail.com","Estimated reading time":"2 minutes"},"schema":{"@context":"https:\/\/schema.org","@graph":[{"@type":"Article","@id":"https:\/\/dmcsrb.com\/ekonomija\/crna-gora-u-novoj-fazi-investicija-iz-evropske-unije\/#article","isPartOf":{"@id":"https:\/\/dmcsrb.com\/ekonomija\/crna-gora-u-novoj-fazi-investicija-iz-evropske-unije\/"},"author":{"name":"dmcsrbija.com@gmail.com","@id":"https:\/\/dmcsrb.com\/#\/schema\/person\/5c39170f12db1b8b457732d0b5c854e2"},"headline":"Crna Gora u novoj fazi investicija iz Evropske unije","datePublished":"2025-10-20T04:05:12+00:00","mainEntityOfPage":{"@id":"https:\/\/dmcsrb.com\/ekonomija\/crna-gora-u-novoj-fazi-investicija-iz-evropske-unije\/"},"wordCount":356,"commentCount":0,"image":{"@id":"https:\/\/dmcsrb.com\/ekonomija\/crna-gora-u-novoj-fazi-investicija-iz-evropske-unije\/#primaryimage"},"thumbnailUrl":"https:\/\/dmcsrb.com\/wp-content\/uploads\/2026\/01\/Crna-Gora-EU-zastave-foto-vlada-cg.jpg","keywords":["Crna Gora","EU","Investicije"],"articleSection":["Ekonomija"],"inLanguage":"en-GB","potentialAction":[{"@type":"CommentAction","name":"Comment","target":["https:\/\/dmcsrb.com\/ekonomija\/crna-gora-u-novoj-fazi-investicija-iz-evropske-unije\/#respond"]}]},{"@type":"WebPage","@id":"https:\/\/dmcsrb.com\/ekonomija\/crna-gora-u-novoj-fazi-investicija-iz-evropske-unije\/","url":"https:\/\/dmcsrb.com\/ekonomija\/crna-gora-u-novoj-fazi-investicija-iz-evropske-unije\/","name":"Crna Gora u novoj fazi investicija iz Evropske unije - dmcsrb.com","isPartOf":{"@id":"https:\/\/dmcsrb.com\/#website"},"primaryImageOfPage":{"@id":"https:\/\/dmcsrb.com\/ekonomija\/crna-gora-u-novoj-fazi-investicija-iz-evropske-unije\/#primaryimage"},"image":{"@id":"https:\/\/dmcsrb.com\/ekonomija\/crna-gora-u-novoj-fazi-investicija-iz-evropske-unije\/#primaryimage"},"thumbnailUrl":"https:\/\/dmcsrb.com\/wp-content\/uploads\/2026\/01\/Crna-Gora-EU-zastave-foto-vlada-cg.jpg","datePublished":"2025-10-20T04:05:12+00:00","author":{"@id":"https:\/\/dmcsrb.com\/#\/schema\/person\/5c39170f12db1b8b457732d0b5c854e2"},"breadcrumb":{"@id":"https:\/\/dmcsrb.com\/ekonomija\/crna-gora-u-novoj-fazi-investicija-iz-evropske-unije\/#breadcrumb"},"inLanguage":"en-GB","potentialAction":[{"@type":"ReadAction","target":["https:\/\/dmcsrb.com\/ekonomija\/crna-gora-u-novoj-fazi-investicija-iz-evropske-unije\/"]}]},{"@type":"ImageObject","inLanguage":"en-GB","@id":"https:\/\/dmcsrb.com\/ekonomija\/crna-gora-u-novoj-fazi-investicija-iz-evropske-unije\/#primaryimage","url":"https:\/\/dmcsrb.com\/wp-content\/uploads\/2026\/01\/Crna-Gora-EU-zastave-foto-vlada-cg.jpg","contentUrl":"https:\/\/dmcsrb.com\/wp-content\/uploads\/2026\/01\/Crna-Gora-EU-zastave-foto-vlada-cg.jpg","width":814,"height":469},{"@type":"BreadcrumbList","@id":"https:\/\/dmcsrb.com\/ekonomija\/crna-gora-u-novoj-fazi-investicija-iz-evropske-unije\/#breadcrumb","itemListElement":[{"@type":"ListItem","position":1,"name":"Home","item":"https:\/\/dmcsrb.com\/"},{"@type":"ListItem","position":2,"name":"Crna Gora u novoj fazi investicija iz Evropske unije"}]},{"@type":"WebSite","@id":"https:\/\/dmcsrb.com\/#website","url":"https:\/\/dmcsrb.com\/","name":"dmcsrb.com","description":"","potentialAction":[{"@type":"SearchAction","target":{"@type":"EntryPoint","urlTemplate":"https:\/\/dmcsrb.com\/?s={search_term_string}"},"query-input":{"@type":"PropertyValueSpecification","valueRequired":true,"valueName":"search_term_string"}}],"inLanguage":"en-GB"},{"@type":"Person","@id":"https:\/\/dmcsrb.com\/#\/schema\/person\/5c39170f12db1b8b457732d0b5c854e2","name":"dmcsrbija.com@gmail.com","image":{"@type":"ImageObject","inLanguage":"en-GB","@id":"https:\/\/secure.gravatar.com\/avatar\/68592660ad6347fad0fb587f8d5d8f1a7b44961362f56e4f2cd524feb87e9069?s=96&d=mm&r=g","url":"https:\/\/secure.gravatar.com\/avatar\/68592660ad6347fad0fb587f8d5d8f1a7b44961362f56e4f2cd524feb87e9069?s=96&d=mm&r=g","contentUrl":"https:\/\/secure.gravatar.com\/avatar\/68592660ad6347fad0fb587f8d5d8f1a7b44961362f56e4f2cd524feb87e9069?s=96&d=mm&r=g","caption":"dmcsrbija.com@gmail.com"},"sameAs":["https:\/\/dmcsrb.com"],"url":"https:\/\/dmcsrb.com\/en\/author\/dmcsrbija-comgmail-com\/"}]}},"_links":{"self":[{"href":"https:\/\/dmcsrb.com\/en\/wp-json\/wp\/v2\/posts\/958897","targetHints":{"allow":["GET"]}}],"collection":[{"href":"https:\/\/dmcsrb.com\/en\/wp-json\/wp\/v2\/posts"}],"about":[{"href":"https:\/\/dmcsrb.com\/en\/wp-json\/wp\/v2\/types\/post"}],"author":[{"embeddable":true,"href":"https:\/\/dmcsrb.com\/en\/wp-json\/wp\/v2\/users\/1"}],"replies":[{"embeddable":true,"href":"https:\/\/dmcsrb.com\/en\/wp-json\/wp\/v2\/comments?post=958897"}],"version-history":[{"count":0,"href":"https:\/\/dmcsrb.com\/en\/wp-json\/wp\/v2\/posts\/958897\/revisions"}],"wp:featuredmedia":[{"embeddable":true,"href":"https:\/\/dmcsrb.com\/en\/wp-json\/wp\/v2\/media\/910457"}],"wp:attachment":[{"href":"https:\/\/dmcsrb.com\/en\/wp-json\/wp\/v2\/media?parent=958897"}],"wp:term":[{"taxonomy":"category","embeddable":true,"href":"https:\/\/dmcsrb.com\/en\/wp-json\/wp\/v2\/categories?post=958897"},{"taxonomy":"post_tag","embeddable":true,"href":"https:\/\/dmcsrb.com\/en\/wp-json\/wp\/v2\/tags?post=958897"},{"taxonomy":"naslovna","embeddable":true,"href":"https:\/\/dmcsrb.com\/en\/wp-json\/wp\/v2\/naslovna?post=958897"}],"curies":[{"name":"wp","href":"https:\/\/api.w.org\/{rel}","templated":true}]}}