{"id":958892,"date":"2025-10-20T05:30:00","date_gmt":"2025-10-20T03:30:00","guid":{"rendered":"https:\/\/dmcsrb.com\/uncategorized\/vilders-vodi-najneobicniju-stranku-u-evropi-on-je-jedini-clan-s-medijima-nema-komunikacije\/"},"modified":"2025-10-20T05:30:00","modified_gmt":"2025-10-20T03:30:00","slug":"vilders-vodi-najneobicniju-stranku-u-evropi-on-je-jedini-clan-s-medijima-nema-komunikacije","status":"publish","type":"post","link":"https:\/\/dmcsrb.com\/en\/svijet\/vilders-vodi-najneobicniju-stranku-u-evropi-on-je-jedini-clan-s-medijima-nema-komunikacije\/","title":{"rendered":"Vilders vodi najneobi\u010dniju stranku u Evropi: On je jedini \u010dlan, s medijima nema komunikacije"},"content":{"rendered":"<p><\/p>\n\n\n\n<p>Kako pi\u0161e Politico, Vilders je 2006. godine osnovao stranku PVV, a kako nizozemski zakon zahtijeva da jedna stranka ima minimalno dva \u010dlana, Vilders je prijavio sebe i Fondaciju Gert Vilders, \u010dije je on tako\u0111e bio jedini \u010dlan.<\/p>\n\n\n\n<p>Tako je ostalo i do danas, iako je PVV prethodne izbore ostvarila najbolji rezultat u Nizozemskoj i osvojila 37 mjesta. Vilders je i dalje jedini \u010dlan, a druge osobe koje predstavljaju PVV u parlamentu i drugim tijelima su njihovi pratioci, ali ne i \u010dlanovi partije.<\/p>\n\n\n\n<p>Osim toga, Vildersov PVV nema kongres i nema mlado krilo, ve\u0107 je to, kao i prilikom osnivanja, organizacija jednog lica.<\/p>\n\n\n\n<p>Vildersu to daje snagu da vodi stranku poprili\u010dno apsolutisti\u010dki, \u0161to i koristi. Bilo koje odstupanje od nametnutih pravila, \u010demu svjedo\u010de biv\u0161i saradnici, vodi do gubitka pozicija.<\/p>\n\n\n\n<p>Tako je Hero Brinkman, danas veliki kriti\u010dar Vildersa a nekada\u0161nji parlamentarac iz PVV-a, poku\u0161ao tra\u017eiti vi\u0161e demokratije unutar same stranke, ali je za to dobio nagradu u vidu toga da je na strana\u010dkoj listi pao s 4. na 13. mjesto.<\/p>\n\n\n\n<p>Osim toga, kada je napustio stranku, parlamentarci i simpatizeri PVV-a koji u\u010destvuju u radu stranke su dobili eksplicitnu zabranu komuniciranja sa svojim biv\u0161im kolegom.<\/p>\n\n\n\n<p>Ovakva pri\u010da nije jedina. Jedan biv\u0161i parlamentarac iz PVV-a je &#8220;nestao&#8221; s liste ove stranke zbog toga \u0161ta je objavio na svojim dru\u0161tvenim mre\u017eama. Zvani\u010dno obja\u0161njenje bilo je da je &#8220;previ\u0161e aktivan.&#8221;<\/p>\n\n\n\n<p>Vilders ima jako mali krug svojih saradnika, a van tog kruga se sastaje samo jednom sedmi\u010dno sa parlamentarnom grupom PVV-a, a i taj sastanak \u010desto propu\u0161ta.<\/p>\n\n\n\n<p>Jedna od stvari koja se posebno nagla\u0161ava simpatizerima PVV-a je apsolutni manjak komunikacije s medijima, koje Vilders naziva &#8220;olo\u0161em zemlje.&#8221;<\/p>\n\n\n\n<p>Razlog za to, prema pisanju Politica, je i \u0161to su nizozemski mediji otkrili brojne afere ove stranke. Me\u0111u njima su optu\u017ebe za seksualno zlostavljanje, pozivanje na nasilje, kori\u0161\u0107enje narkotika i prevare. Jedan politi\u010dar, povezan s PVV-om, je \u010dak izgubio bezbjednosnu propusnicu zbog veza sa stranom silom.<\/p>\n\n\n\n<p>Uz to, kako je potvrdio Brinkman, za Vildersa postoje tri stvari koje se ne diraju: Izrael, islam i imigracija. Kritike Izraelu, kao i bilo koja podr\u0161ka za imigraciju ili pozitivna poruka o islamu je razlog za brzo isklju\u010denje iz bilo koje funkcije u PVV-u.<\/p>\n\n\n\n<p>Bez obzira na sve okolnosti, Vilders i njegov PVV su i dalje najpopularnija stranka u Nizozemskoj, te \u0107e vjerovatno biti predvodnici nove vlade, nakon \u0161to su prethodnu, tako\u0111e kao najve\u0107a stranka u vlasti, sru\u0161ili.<\/p>","protected":false},"excerpt":{"rendered":"<p>Gert Vilders je vo\u0111a stranke PVV, odnosno Stranke za slobodu, koja ima naj\u010dudniju organizaciju jedne politi\u010dke partije u Evropi.<\/p>","protected":false},"author":1,"featured_media":958893,"comment_status":"open","ping_status":"open","sticky":false,"template":"","format":"standard","meta":{"_acf_changed":false,"footnotes":""},"categories":[144],"tags":[708,11967,11968,2610,503,11969],"naslovna":[],"class_list":["post-958892","post","type-post","status-publish","format-standard","has-post-thumbnail","hentry","category-svijet","tag-evropa","tag-gert-vilders","tag-jedini-clan","tag-komunikacija","tag-mediji","tag-najneobicnija-stranka"],"acf":[],"yoast_head":"<!-- This site is optimized with the Yoast SEO plugin v27.4 - https:\/\/yoast.com\/product\/yoast-seo-wordpress\/ -->\n<title>Vilders vodi najneobi\u010dniju stranku u Evropi: On je jedini \u010dlan, s medijima nema komunikacije - dmcsrb.com<\/title>\n<meta name=\"robots\" content=\"index, follow, max-snippet:-1, max-image-preview:large, max-video-preview:-1\" \/>\n<link rel=\"canonical\" href=\"https:\/\/dmcsrb.com\/en\/svijet\/vilders-vodi-najneobicniju-stranku-u-evropi-on-je-jedini-clan-s-medijima-nema-komunikacije\/\" \/>\n<meta property=\"og:locale\" content=\"en_GB\" \/>\n<meta property=\"og:type\" content=\"article\" \/>\n<meta property=\"og:title\" content=\"Vilders vodi najneobi\u010dniju stranku u Evropi: On je jedini \u010dlan, s medijima nema komunikacije - dmcsrb.com\" \/>\n<meta property=\"og:description\" content=\"Gert Vilders je vo\u0111a stranke PVV, odnosno Stranke za slobodu, koja ima naj\u010dudniju organizaciju jedne politi\u010dke partije u Evropi.\" \/>\n<meta property=\"og:url\" content=\"https:\/\/dmcsrb.com\/en\/svijet\/vilders-vodi-najneobicniju-stranku-u-evropi-on-je-jedini-clan-s-medijima-nema-komunikacije\/\" \/>\n<meta property=\"og:site_name\" content=\"dmcsrb.com\" \/>\n<meta property=\"article:published_time\" content=\"2025-10-20T03:30:00+00:00\" \/>\n<meta property=\"og:image\" content=\"https:\/\/dmcsrb.com\/wp-content\/uploads\/2026\/01\/1080x720_cmsv2_61cb50d4-3d04-53c0-8028-738294a90785-9313211.webp\" \/>\n\t<meta property=\"og:image:width\" content=\"1080\" \/>\n\t<meta property=\"og:image:height\" content=\"720\" \/>\n\t<meta property=\"og:image:type\" content=\"image\/webp\" \/>\n<meta name=\"author\" content=\"dmcsrbija.com@gmail.com\" \/>\n<meta name=\"twitter:card\" content=\"summary_large_image\" \/>\n<meta name=\"twitter:label1\" content=\"Written by\" \/>\n\t<meta name=\"twitter:data1\" content=\"dmcsrbija.com@gmail.com\" \/>\n\t<meta name=\"twitter:label2\" content=\"Estimated reading time\" \/>\n\t<meta name=\"twitter:data2\" content=\"2 minutes\" \/>\n<script type=\"application\/ld+json\" class=\"yoast-schema-graph\">{\"@context\":\"https:\\\/\\\/schema.org\",\"@graph\":[{\"@type\":\"Article\",\"@id\":\"https:\\\/\\\/dmcsrb.com\\\/svijet\\\/vilders-vodi-najneobicniju-stranku-u-evropi-on-je-jedini-clan-s-medijima-nema-komunikacije\\\/#article\",\"isPartOf\":{\"@id\":\"https:\\\/\\\/dmcsrb.com\\\/svijet\\\/vilders-vodi-najneobicniju-stranku-u-evropi-on-je-jedini-clan-s-medijima-nema-komunikacije\\\/\"},\"author\":{\"name\":\"dmcsrbija.com@gmail.com\",\"@id\":\"https:\\\/\\\/dmcsrb.com\\\/#\\\/schema\\\/person\\\/5c39170f12db1b8b457732d0b5c854e2\"},\"headline\":\"Vilders vodi najneobi\u010dniju stranku u Evropi: On je jedini \u010dlan, s medijima nema komunikacije\",\"datePublished\":\"2025-10-20T03:30:00+00:00\",\"mainEntityOfPage\":{\"@id\":\"https:\\\/\\\/dmcsrb.com\\\/svijet\\\/vilders-vodi-najneobicniju-stranku-u-evropi-on-je-jedini-clan-s-medijima-nema-komunikacije\\\/\"},\"wordCount\":439,\"commentCount\":0,\"image\":{\"@id\":\"https:\\\/\\\/dmcsrb.com\\\/svijet\\\/vilders-vodi-najneobicniju-stranku-u-evropi-on-je-jedini-clan-s-medijima-nema-komunikacije\\\/#primaryimage\"},\"thumbnailUrl\":\"https:\\\/\\\/dmcsrb.com\\\/wp-content\\\/uploads\\\/2026\\\/01\\\/1080x720_cmsv2_61cb50d4-3d04-53c0-8028-738294a90785-9313211.webp\",\"keywords\":[\"Evropa\",\"Gert Vilders\",\"Jedini \u010dlan\",\"komunikacija\",\"mediji\",\"Najneobi\u010dnija stranka\"],\"articleSection\":[\"Svijet\"],\"inLanguage\":\"en-GB\",\"potentialAction\":[{\"@type\":\"CommentAction\",\"name\":\"Comment\",\"target\":[\"https:\\\/\\\/dmcsrb.com\\\/svijet\\\/vilders-vodi-najneobicniju-stranku-u-evropi-on-je-jedini-clan-s-medijima-nema-komunikacije\\\/#respond\"]}]},{\"@type\":\"WebPage\",\"@id\":\"https:\\\/\\\/dmcsrb.com\\\/svijet\\\/vilders-vodi-najneobicniju-stranku-u-evropi-on-je-jedini-clan-s-medijima-nema-komunikacije\\\/\",\"url\":\"https:\\\/\\\/dmcsrb.com\\\/svijet\\\/vilders-vodi-najneobicniju-stranku-u-evropi-on-je-jedini-clan-s-medijima-nema-komunikacije\\\/\",\"name\":\"Vilders vodi najneobi\u010dniju stranku u Evropi: On je jedini \u010dlan, s medijima nema komunikacije - dmcsrb.com\",\"isPartOf\":{\"@id\":\"https:\\\/\\\/dmcsrb.com\\\/#website\"},\"primaryImageOfPage\":{\"@id\":\"https:\\\/\\\/dmcsrb.com\\\/svijet\\\/vilders-vodi-najneobicniju-stranku-u-evropi-on-je-jedini-clan-s-medijima-nema-komunikacije\\\/#primaryimage\"},\"image\":{\"@id\":\"https:\\\/\\\/dmcsrb.com\\\/svijet\\\/vilders-vodi-najneobicniju-stranku-u-evropi-on-je-jedini-clan-s-medijima-nema-komunikacije\\\/#primaryimage\"},\"thumbnailUrl\":\"https:\\\/\\\/dmcsrb.com\\\/wp-content\\\/uploads\\\/2026\\\/01\\\/1080x720_cmsv2_61cb50d4-3d04-53c0-8028-738294a90785-9313211.webp\",\"datePublished\":\"2025-10-20T03:30:00+00:00\",\"author\":{\"@id\":\"https:\\\/\\\/dmcsrb.com\\\/#\\\/schema\\\/person\\\/5c39170f12db1b8b457732d0b5c854e2\"},\"breadcrumb\":{\"@id\":\"https:\\\/\\\/dmcsrb.com\\\/svijet\\\/vilders-vodi-najneobicniju-stranku-u-evropi-on-je-jedini-clan-s-medijima-nema-komunikacije\\\/#breadcrumb\"},\"inLanguage\":\"en-GB\",\"potentialAction\":[{\"@type\":\"ReadAction\",\"target\":[\"https:\\\/\\\/dmcsrb.com\\\/svijet\\\/vilders-vodi-najneobicniju-stranku-u-evropi-on-je-jedini-clan-s-medijima-nema-komunikacije\\\/\"]}]},{\"@type\":\"ImageObject\",\"inLanguage\":\"en-GB\",\"@id\":\"https:\\\/\\\/dmcsrb.com\\\/svijet\\\/vilders-vodi-najneobicniju-stranku-u-evropi-on-je-jedini-clan-s-medijima-nema-komunikacije\\\/#primaryimage\",\"url\":\"https:\\\/\\\/dmcsrb.com\\\/wp-content\\\/uploads\\\/2026\\\/01\\\/1080x720_cmsv2_61cb50d4-3d04-53c0-8028-738294a90785-9313211.webp\",\"contentUrl\":\"https:\\\/\\\/dmcsrb.com\\\/wp-content\\\/uploads\\\/2026\\\/01\\\/1080x720_cmsv2_61cb50d4-3d04-53c0-8028-738294a90785-9313211.webp\",\"width\":1080,\"height\":720},{\"@type\":\"BreadcrumbList\",\"@id\":\"https:\\\/\\\/dmcsrb.com\\\/svijet\\\/vilders-vodi-najneobicniju-stranku-u-evropi-on-je-jedini-clan-s-medijima-nema-komunikacije\\\/#breadcrumb\",\"itemListElement\":[{\"@type\":\"ListItem\",\"position\":1,\"name\":\"Home\",\"item\":\"https:\\\/\\\/dmcsrb.com\\\/\"},{\"@type\":\"ListItem\",\"position\":2,\"name\":\"Vilders vodi najneobi\u010dniju stranku u Evropi: On je jedini \u010dlan, s medijima nema komunikacije\"}]},{\"@type\":\"WebSite\",\"@id\":\"https:\\\/\\\/dmcsrb.com\\\/#website\",\"url\":\"https:\\\/\\\/dmcsrb.com\\\/\",\"name\":\"dmcsrb.com\",\"description\":\"\",\"potentialAction\":[{\"@type\":\"SearchAction\",\"target\":{\"@type\":\"EntryPoint\",\"urlTemplate\":\"https:\\\/\\\/dmcsrb.com\\\/?s={search_term_string}\"},\"query-input\":{\"@type\":\"PropertyValueSpecification\",\"valueRequired\":true,\"valueName\":\"search_term_string\"}}],\"inLanguage\":\"en-GB\"},{\"@type\":\"Person\",\"@id\":\"https:\\\/\\\/dmcsrb.com\\\/#\\\/schema\\\/person\\\/5c39170f12db1b8b457732d0b5c854e2\",\"name\":\"dmcsrbija.com@gmail.com\",\"image\":{\"@type\":\"ImageObject\",\"inLanguage\":\"en-GB\",\"@id\":\"https:\\\/\\\/secure.gravatar.com\\\/avatar\\\/68592660ad6347fad0fb587f8d5d8f1a7b44961362f56e4f2cd524feb87e9069?s=96&d=mm&r=g\",\"url\":\"https:\\\/\\\/secure.gravatar.com\\\/avatar\\\/68592660ad6347fad0fb587f8d5d8f1a7b44961362f56e4f2cd524feb87e9069?s=96&d=mm&r=g\",\"contentUrl\":\"https:\\\/\\\/secure.gravatar.com\\\/avatar\\\/68592660ad6347fad0fb587f8d5d8f1a7b44961362f56e4f2cd524feb87e9069?s=96&d=mm&r=g\",\"caption\":\"dmcsrbija.com@gmail.com\"},\"sameAs\":[\"https:\\\/\\\/dmcsrb.com\"],\"url\":\"https:\\\/\\\/dmcsrb.com\\\/en\\\/author\\\/dmcsrbija-comgmail-com\\\/\"}]}<\/script>\n<!-- \/ Yoast SEO plugin. -->","yoast_head_json":{"title":"Vilders vodi najneobi\u010dniju stranku u Evropi: On je jedini \u010dlan, s medijima nema komunikacije - dmcsrb.com","robots":{"index":"index","follow":"follow","max-snippet":"max-snippet:-1","max-image-preview":"max-image-preview:large","max-video-preview":"max-video-preview:-1"},"canonical":"https:\/\/dmcsrb.com\/en\/svijet\/vilders-vodi-najneobicniju-stranku-u-evropi-on-je-jedini-clan-s-medijima-nema-komunikacije\/","og_locale":"en_GB","og_type":"article","og_title":"Vilders vodi najneobi\u010dniju stranku u Evropi: On je jedini \u010dlan, s medijima nema komunikacije - dmcsrb.com","og_description":"Gert Vilders je vo\u0111a stranke PVV, odnosno Stranke za slobodu, koja ima naj\u010dudniju organizaciju jedne politi\u010dke partije u Evropi.","og_url":"https:\/\/dmcsrb.com\/en\/svijet\/vilders-vodi-najneobicniju-stranku-u-evropi-on-je-jedini-clan-s-medijima-nema-komunikacije\/","og_site_name":"dmcsrb.com","article_published_time":"2025-10-20T03:30:00+00:00","og_image":[{"width":1080,"height":720,"url":"https:\/\/dmcsrb.com\/wp-content\/uploads\/2026\/01\/1080x720_cmsv2_61cb50d4-3d04-53c0-8028-738294a90785-9313211.webp","type":"image\/webp"}],"author":"dmcsrbija.com@gmail.com","twitter_card":"summary_large_image","twitter_misc":{"Written by":"dmcsrbija.com@gmail.com","Estimated reading time":"2 minutes"},"schema":{"@context":"https:\/\/schema.org","@graph":[{"@type":"Article","@id":"https:\/\/dmcsrb.com\/svijet\/vilders-vodi-najneobicniju-stranku-u-evropi-on-je-jedini-clan-s-medijima-nema-komunikacije\/#article","isPartOf":{"@id":"https:\/\/dmcsrb.com\/svijet\/vilders-vodi-najneobicniju-stranku-u-evropi-on-je-jedini-clan-s-medijima-nema-komunikacije\/"},"author":{"name":"dmcsrbija.com@gmail.com","@id":"https:\/\/dmcsrb.com\/#\/schema\/person\/5c39170f12db1b8b457732d0b5c854e2"},"headline":"Vilders vodi najneobi\u010dniju stranku u Evropi: On je jedini \u010dlan, s medijima nema komunikacije","datePublished":"2025-10-20T03:30:00+00:00","mainEntityOfPage":{"@id":"https:\/\/dmcsrb.com\/svijet\/vilders-vodi-najneobicniju-stranku-u-evropi-on-je-jedini-clan-s-medijima-nema-komunikacije\/"},"wordCount":439,"commentCount":0,"image":{"@id":"https:\/\/dmcsrb.com\/svijet\/vilders-vodi-najneobicniju-stranku-u-evropi-on-je-jedini-clan-s-medijima-nema-komunikacije\/#primaryimage"},"thumbnailUrl":"https:\/\/dmcsrb.com\/wp-content\/uploads\/2026\/01\/1080x720_cmsv2_61cb50d4-3d04-53c0-8028-738294a90785-9313211.webp","keywords":["Evropa","Gert Vilders","Jedini \u010dlan","komunikacija","mediji","Najneobi\u010dnija stranka"],"articleSection":["Svijet"],"inLanguage":"en-GB","potentialAction":[{"@type":"CommentAction","name":"Comment","target":["https:\/\/dmcsrb.com\/svijet\/vilders-vodi-najneobicniju-stranku-u-evropi-on-je-jedini-clan-s-medijima-nema-komunikacije\/#respond"]}]},{"@type":"WebPage","@id":"https:\/\/dmcsrb.com\/svijet\/vilders-vodi-najneobicniju-stranku-u-evropi-on-je-jedini-clan-s-medijima-nema-komunikacije\/","url":"https:\/\/dmcsrb.com\/svijet\/vilders-vodi-najneobicniju-stranku-u-evropi-on-je-jedini-clan-s-medijima-nema-komunikacije\/","name":"Vilders vodi najneobi\u010dniju stranku u Evropi: On je jedini \u010dlan, s medijima nema komunikacije - dmcsrb.com","isPartOf":{"@id":"https:\/\/dmcsrb.com\/#website"},"primaryImageOfPage":{"@id":"https:\/\/dmcsrb.com\/svijet\/vilders-vodi-najneobicniju-stranku-u-evropi-on-je-jedini-clan-s-medijima-nema-komunikacije\/#primaryimage"},"image":{"@id":"https:\/\/dmcsrb.com\/svijet\/vilders-vodi-najneobicniju-stranku-u-evropi-on-je-jedini-clan-s-medijima-nema-komunikacije\/#primaryimage"},"thumbnailUrl":"https:\/\/dmcsrb.com\/wp-content\/uploads\/2026\/01\/1080x720_cmsv2_61cb50d4-3d04-53c0-8028-738294a90785-9313211.webp","datePublished":"2025-10-20T03:30:00+00:00","author":{"@id":"https:\/\/dmcsrb.com\/#\/schema\/person\/5c39170f12db1b8b457732d0b5c854e2"},"breadcrumb":{"@id":"https:\/\/dmcsrb.com\/svijet\/vilders-vodi-najneobicniju-stranku-u-evropi-on-je-jedini-clan-s-medijima-nema-komunikacije\/#breadcrumb"},"inLanguage":"en-GB","potentialAction":[{"@type":"ReadAction","target":["https:\/\/dmcsrb.com\/svijet\/vilders-vodi-najneobicniju-stranku-u-evropi-on-je-jedini-clan-s-medijima-nema-komunikacije\/"]}]},{"@type":"ImageObject","inLanguage":"en-GB","@id":"https:\/\/dmcsrb.com\/svijet\/vilders-vodi-najneobicniju-stranku-u-evropi-on-je-jedini-clan-s-medijima-nema-komunikacije\/#primaryimage","url":"https:\/\/dmcsrb.com\/wp-content\/uploads\/2026\/01\/1080x720_cmsv2_61cb50d4-3d04-53c0-8028-738294a90785-9313211.webp","contentUrl":"https:\/\/dmcsrb.com\/wp-content\/uploads\/2026\/01\/1080x720_cmsv2_61cb50d4-3d04-53c0-8028-738294a90785-9313211.webp","width":1080,"height":720},{"@type":"BreadcrumbList","@id":"https:\/\/dmcsrb.com\/svijet\/vilders-vodi-najneobicniju-stranku-u-evropi-on-je-jedini-clan-s-medijima-nema-komunikacije\/#breadcrumb","itemListElement":[{"@type":"ListItem","position":1,"name":"Home","item":"https:\/\/dmcsrb.com\/"},{"@type":"ListItem","position":2,"name":"Vilders vodi najneobi\u010dniju stranku u Evropi: On je jedini \u010dlan, s medijima nema komunikacije"}]},{"@type":"WebSite","@id":"https:\/\/dmcsrb.com\/#website","url":"https:\/\/dmcsrb.com\/","name":"dmcsrb.com","description":"","potentialAction":[{"@type":"SearchAction","target":{"@type":"EntryPoint","urlTemplate":"https:\/\/dmcsrb.com\/?s={search_term_string}"},"query-input":{"@type":"PropertyValueSpecification","valueRequired":true,"valueName":"search_term_string"}}],"inLanguage":"en-GB"},{"@type":"Person","@id":"https:\/\/dmcsrb.com\/#\/schema\/person\/5c39170f12db1b8b457732d0b5c854e2","name":"dmcsrbija.com@gmail.com","image":{"@type":"ImageObject","inLanguage":"en-GB","@id":"https:\/\/secure.gravatar.com\/avatar\/68592660ad6347fad0fb587f8d5d8f1a7b44961362f56e4f2cd524feb87e9069?s=96&d=mm&r=g","url":"https:\/\/secure.gravatar.com\/avatar\/68592660ad6347fad0fb587f8d5d8f1a7b44961362f56e4f2cd524feb87e9069?s=96&d=mm&r=g","contentUrl":"https:\/\/secure.gravatar.com\/avatar\/68592660ad6347fad0fb587f8d5d8f1a7b44961362f56e4f2cd524feb87e9069?s=96&d=mm&r=g","caption":"dmcsrbija.com@gmail.com"},"sameAs":["https:\/\/dmcsrb.com"],"url":"https:\/\/dmcsrb.com\/en\/author\/dmcsrbija-comgmail-com\/"}]}},"_links":{"self":[{"href":"https:\/\/dmcsrb.com\/en\/wp-json\/wp\/v2\/posts\/958892","targetHints":{"allow":["GET"]}}],"collection":[{"href":"https:\/\/dmcsrb.com\/en\/wp-json\/wp\/v2\/posts"}],"about":[{"href":"https:\/\/dmcsrb.com\/en\/wp-json\/wp\/v2\/types\/post"}],"author":[{"embeddable":true,"href":"https:\/\/dmcsrb.com\/en\/wp-json\/wp\/v2\/users\/1"}],"replies":[{"embeddable":true,"href":"https:\/\/dmcsrb.com\/en\/wp-json\/wp\/v2\/comments?post=958892"}],"version-history":[{"count":0,"href":"https:\/\/dmcsrb.com\/en\/wp-json\/wp\/v2\/posts\/958892\/revisions"}],"wp:featuredmedia":[{"embeddable":true,"href":"https:\/\/dmcsrb.com\/en\/wp-json\/wp\/v2\/media\/958893"}],"wp:attachment":[{"href":"https:\/\/dmcsrb.com\/en\/wp-json\/wp\/v2\/media?parent=958892"}],"wp:term":[{"taxonomy":"category","embeddable":true,"href":"https:\/\/dmcsrb.com\/en\/wp-json\/wp\/v2\/categories?post=958892"},{"taxonomy":"post_tag","embeddable":true,"href":"https:\/\/dmcsrb.com\/en\/wp-json\/wp\/v2\/tags?post=958892"},{"taxonomy":"naslovna","embeddable":true,"href":"https:\/\/dmcsrb.com\/en\/wp-json\/wp\/v2\/naslovna?post=958892"}],"curies":[{"name":"wp","href":"https:\/\/api.w.org\/{rel}","templated":true}]}}