{"id":958824,"date":"2025-10-19T15:40:00","date_gmt":"2025-10-19T13:40:00","guid":{"rendered":"https:\/\/dmcsrb.com\/uncategorized\/vujovic-clanstvo-crne-gore-u-evropskoj-uniji-ocistice-nasa-drustva-od-fasizma-i-kriminala\/"},"modified":"2025-10-19T15:40:00","modified_gmt":"2025-10-19T13:40:00","slug":"vujovic-clanstvo-crne-gore-u-evropskoj-uniji-ocistice-nasa-drustva-od-fasizma-i-kriminala","status":"publish","type":"post","link":"https:\/\/dmcsrb.com\/en\/politika\/vujovic-clanstvo-crne-gore-u-evropskoj-uniji-ocistice-nasa-drustva-od-fasizma-i-kriminala\/","title":{"rendered":"Vujovi\u0107: \u010clanstvo Crne Gore u Evropskoj uniji o\u0107isti\u0107e na\u0161a dru\u0161tva od fa\u0161izma i kriminala"},"content":{"rendered":"<p><\/p>\n\n\n\n<p>Kongres se odr\u017eao pod sloganom &#8220;Progresivna mobilizacija u Evropi i na \u0161irem prostoru&#8221;. Dosada\u0161nji lider evropskih socijalista Stefen Lofven izabran je na novi mandat na toj funkciji, a izabrano je i novo rukovodstvo PES-a i usvojeno 14 programskih rezolucija. Diskusije na Kongresu su obuhvatile klju\u010dne prioritete progresivnih snaga \u2014 od pravi\u010dnog oporezivanja i socijalne pravde do zapo\u0161ljavanja, jednakosti i demokratije.<\/p>\n\n\n\n<p>&#8221;U\u010de\u0161\u0107e na Kongresu druge najja\u010de politi\u010dke asocijacije u Evropskoj uniji bila je prilika da se promovi\u0161e politika SDP-a i Evropskog saveza, potencira imperativ brzog puta Crne Gore u EU, kao i da se realizuju brojni susreti sa poslanicima Evropskog parlamenta iz redova socijalista i demokrata, kao i sa drugim va\u017enim predstavnicima evropske politike i dokazanim prijateljima njenog puta ka EU&#8221;, navode iz Evropskog saveza.<\/p>\n\n\n\n<p>Predsjednik SDP-a i jedan od lidera Evropskog saveza Ivan Vujovi\u0107 je u svim razgovorima u Amsterdamu potencirao brzo \u010dlanstvo na\u0161e zemlje u EU kao klju\u010dni prioritet i iskazao zahvalnost zbog sna\u017ene podr\u0161ke tom procesu, koja dolazi sa evropskih adresa, a posebno sa adresa predstavnika socijaldemokratske politike, isti\u010du iz Evropskog saveza.<\/p>\n\n\n\n<p>\u201cPolitika pro\u0161irenja je bila jedna od najuspje\u0161nijih politika Unije u prethodnim decenijama i zato raduje obnovljeni entuzijazam i nikada sna\u017enija podr\u0161ka zemljama kandidatima od posljednjeg talasa pro\u0161irenja. \u010clanstvo Crne Gore u Evropskoj uniji o\u010disti\u0107e na\u0161a dru\u0161tva od fa\u0161izma i kriminala. U nekim zemljama, na\u017ealost i kod nas u CG, na vlasti su ljudi koji pripadaju pro\u0161losti i \u010dija je politika, a i oni personalno, bila sinonim za sve lo\u0161e sto nam se de\u0161avalo u proteklim decenijama. Ti akteri koriste temu EU integracija da se zaogrnu pla\u0161tom la\u017enog evropejstva, dok svojim konkretnim \u010dinjenima i nacionalisti\u010dkim politikama razaraju na\u0161a dru\u0161tva, predstavljaju\u0107i time najve\u0107i izazov na evropskom putu\u201d, naglasio je Vujovi\u0107.<\/p>","protected":false},"excerpt":{"rendered":"<p>Predsjednik SDP i jedan od lidera Evropskog saveza Ivan Vujovi\u0107 i generalni sekretar SDP Adis Balota u\u010destvovali su u radu Kongresa Partije evropskih socijalista, koji je odr\u017ean u Amsterdamu od 16. do 18. oktobra, saop\u0161teno je iz Evropskog saveza.<\/p>","protected":false},"author":1,"featured_media":958825,"comment_status":"open","ping_status":"open","sticky":false,"template":"","format":"standard","meta":{"_acf_changed":false,"footnotes":""},"categories":[12],"tags":[11912,4095,4862,1834,11913],"naslovna":[],"class_list":["post-958824","post","type-post","status-publish","format-standard","has-post-thumbnail","hentry","category-politika","tag-ciscenje-drustva","tag-clanstvo-crne-gore","tag-evropska-unija","tag-evropski-savez","tag-fasizam-i-kriminal"],"acf":[],"yoast_head":"<!-- This site is optimized with the Yoast SEO plugin v27.4 - https:\/\/yoast.com\/product\/yoast-seo-wordpress\/ -->\n<title>Vujovi\u0107: \u010clanstvo Crne Gore u Evropskoj uniji o\u0107isti\u0107e na\u0161a dru\u0161tva od fa\u0161izma i kriminala - dmcsrb.com<\/title>\n<meta name=\"robots\" content=\"index, follow, max-snippet:-1, max-image-preview:large, max-video-preview:-1\" \/>\n<link rel=\"canonical\" href=\"https:\/\/dmcsrb.com\/en\/politika\/vujovic-clanstvo-crne-gore-u-evropskoj-uniji-ocistice-nasa-drustva-od-fasizma-i-kriminala\/\" \/>\n<meta property=\"og:locale\" content=\"en_GB\" \/>\n<meta property=\"og:type\" content=\"article\" \/>\n<meta property=\"og:title\" content=\"Vujovi\u0107: \u010clanstvo Crne Gore u Evropskoj uniji o\u0107isti\u0107e na\u0161a dru\u0161tva od fa\u0161izma i kriminala - dmcsrb.com\" \/>\n<meta property=\"og:description\" content=\"Predsjednik SDP i jedan od lidera Evropskog saveza Ivan Vujovi\u0107 i generalni sekretar SDP Adis Balota u\u010destvovali su u radu Kongresa Partije evropskih socijalista, koji je odr\u017ean u Amsterdamu od 16. do 18. oktobra, saop\u0161teno je iz Evropskog saveza.\" \/>\n<meta property=\"og:url\" content=\"https:\/\/dmcsrb.com\/en\/politika\/vujovic-clanstvo-crne-gore-u-evropskoj-uniji-ocistice-nasa-drustva-od-fasizma-i-kriminala\/\" \/>\n<meta property=\"og:site_name\" content=\"dmcsrb.com\" \/>\n<meta property=\"article:published_time\" content=\"2025-10-19T13:40:00+00:00\" \/>\n<meta property=\"og:image\" content=\"https:\/\/dmcsrb.com\/wp-content\/uploads\/2026\/01\/IMG_7903.webp\" \/>\n\t<meta property=\"og:image:width\" content=\"1600\" \/>\n\t<meta property=\"og:image:height\" content=\"1200\" \/>\n\t<meta property=\"og:image:type\" content=\"image\/jpeg\" \/>\n<meta name=\"author\" content=\"dmcsrbija.com@gmail.com\" \/>\n<meta name=\"twitter:card\" content=\"summary_large_image\" \/>\n<meta name=\"twitter:label1\" content=\"Written by\" \/>\n\t<meta name=\"twitter:data1\" content=\"dmcsrbija.com@gmail.com\" \/>\n\t<meta name=\"twitter:label2\" content=\"Estimated reading time\" \/>\n\t<meta name=\"twitter:data2\" content=\"2 minutes\" \/>\n<script type=\"application\/ld+json\" class=\"yoast-schema-graph\">{\"@context\":\"https:\\\/\\\/schema.org\",\"@graph\":[{\"@type\":\"Article\",\"@id\":\"https:\\\/\\\/dmcsrb.com\\\/politika\\\/vujovic-clanstvo-crne-gore-u-evropskoj-uniji-ocistice-nasa-drustva-od-fasizma-i-kriminala\\\/#article\",\"isPartOf\":{\"@id\":\"https:\\\/\\\/dmcsrb.com\\\/politika\\\/vujovic-clanstvo-crne-gore-u-evropskoj-uniji-ocistice-nasa-drustva-od-fasizma-i-kriminala\\\/\"},\"author\":{\"name\":\"dmcsrbija.com@gmail.com\",\"@id\":\"https:\\\/\\\/dmcsrb.com\\\/#\\\/schema\\\/person\\\/5c39170f12db1b8b457732d0b5c854e2\"},\"headline\":\"Vujovi\u0107: \u010clanstvo Crne Gore u Evropskoj uniji o\u0107isti\u0107e na\u0161a dru\u0161tva od fa\u0161izma i kriminala\",\"datePublished\":\"2025-10-19T13:40:00+00:00\",\"mainEntityOfPage\":{\"@id\":\"https:\\\/\\\/dmcsrb.com\\\/politika\\\/vujovic-clanstvo-crne-gore-u-evropskoj-uniji-ocistice-nasa-drustva-od-fasizma-i-kriminala\\\/\"},\"wordCount\":336,\"commentCount\":0,\"image\":{\"@id\":\"https:\\\/\\\/dmcsrb.com\\\/politika\\\/vujovic-clanstvo-crne-gore-u-evropskoj-uniji-ocistice-nasa-drustva-od-fasizma-i-kriminala\\\/#primaryimage\"},\"thumbnailUrl\":\"https:\\\/\\\/dmcsrb.com\\\/wp-content\\\/uploads\\\/2026\\\/01\\\/IMG_7903.webp\",\"keywords\":[\"\u010ci\u0161\u0107enje dru\u0161tva\",\"\u010clanstvo Crne Gore\",\"Evropska Unija\",\"Evropski savez\",\"Fa\u0161izam i kriminal\"],\"articleSection\":[\"Politika\"],\"inLanguage\":\"en-GB\",\"potentialAction\":[{\"@type\":\"CommentAction\",\"name\":\"Comment\",\"target\":[\"https:\\\/\\\/dmcsrb.com\\\/politika\\\/vujovic-clanstvo-crne-gore-u-evropskoj-uniji-ocistice-nasa-drustva-od-fasizma-i-kriminala\\\/#respond\"]}]},{\"@type\":\"WebPage\",\"@id\":\"https:\\\/\\\/dmcsrb.com\\\/politika\\\/vujovic-clanstvo-crne-gore-u-evropskoj-uniji-ocistice-nasa-drustva-od-fasizma-i-kriminala\\\/\",\"url\":\"https:\\\/\\\/dmcsrb.com\\\/politika\\\/vujovic-clanstvo-crne-gore-u-evropskoj-uniji-ocistice-nasa-drustva-od-fasizma-i-kriminala\\\/\",\"name\":\"Vujovi\u0107: \u010clanstvo Crne Gore u Evropskoj uniji o\u0107isti\u0107e na\u0161a dru\u0161tva od fa\u0161izma i kriminala - dmcsrb.com\",\"isPartOf\":{\"@id\":\"https:\\\/\\\/dmcsrb.com\\\/#website\"},\"primaryImageOfPage\":{\"@id\":\"https:\\\/\\\/dmcsrb.com\\\/politika\\\/vujovic-clanstvo-crne-gore-u-evropskoj-uniji-ocistice-nasa-drustva-od-fasizma-i-kriminala\\\/#primaryimage\"},\"image\":{\"@id\":\"https:\\\/\\\/dmcsrb.com\\\/politika\\\/vujovic-clanstvo-crne-gore-u-evropskoj-uniji-ocistice-nasa-drustva-od-fasizma-i-kriminala\\\/#primaryimage\"},\"thumbnailUrl\":\"https:\\\/\\\/dmcsrb.com\\\/wp-content\\\/uploads\\\/2026\\\/01\\\/IMG_7903.webp\",\"datePublished\":\"2025-10-19T13:40:00+00:00\",\"author\":{\"@id\":\"https:\\\/\\\/dmcsrb.com\\\/#\\\/schema\\\/person\\\/5c39170f12db1b8b457732d0b5c854e2\"},\"breadcrumb\":{\"@id\":\"https:\\\/\\\/dmcsrb.com\\\/politika\\\/vujovic-clanstvo-crne-gore-u-evropskoj-uniji-ocistice-nasa-drustva-od-fasizma-i-kriminala\\\/#breadcrumb\"},\"inLanguage\":\"en-GB\",\"potentialAction\":[{\"@type\":\"ReadAction\",\"target\":[\"https:\\\/\\\/dmcsrb.com\\\/politika\\\/vujovic-clanstvo-crne-gore-u-evropskoj-uniji-ocistice-nasa-drustva-od-fasizma-i-kriminala\\\/\"]}]},{\"@type\":\"ImageObject\",\"inLanguage\":\"en-GB\",\"@id\":\"https:\\\/\\\/dmcsrb.com\\\/politika\\\/vujovic-clanstvo-crne-gore-u-evropskoj-uniji-ocistice-nasa-drustva-od-fasizma-i-kriminala\\\/#primaryimage\",\"url\":\"https:\\\/\\\/dmcsrb.com\\\/wp-content\\\/uploads\\\/2026\\\/01\\\/IMG_7903.webp\",\"contentUrl\":\"https:\\\/\\\/dmcsrb.com\\\/wp-content\\\/uploads\\\/2026\\\/01\\\/IMG_7903.webp\",\"width\":1600,\"height\":1200},{\"@type\":\"BreadcrumbList\",\"@id\":\"https:\\\/\\\/dmcsrb.com\\\/politika\\\/vujovic-clanstvo-crne-gore-u-evropskoj-uniji-ocistice-nasa-drustva-od-fasizma-i-kriminala\\\/#breadcrumb\",\"itemListElement\":[{\"@type\":\"ListItem\",\"position\":1,\"name\":\"Home\",\"item\":\"https:\\\/\\\/dmcsrb.com\\\/\"},{\"@type\":\"ListItem\",\"position\":2,\"name\":\"Vujovi\u0107: \u010clanstvo Crne Gore u Evropskoj uniji o\u0107isti\u0107e na\u0161a dru\u0161tva od fa\u0161izma i kriminala\"}]},{\"@type\":\"WebSite\",\"@id\":\"https:\\\/\\\/dmcsrb.com\\\/#website\",\"url\":\"https:\\\/\\\/dmcsrb.com\\\/\",\"name\":\"dmcsrb.com\",\"description\":\"\",\"potentialAction\":[{\"@type\":\"SearchAction\",\"target\":{\"@type\":\"EntryPoint\",\"urlTemplate\":\"https:\\\/\\\/dmcsrb.com\\\/?s={search_term_string}\"},\"query-input\":{\"@type\":\"PropertyValueSpecification\",\"valueRequired\":true,\"valueName\":\"search_term_string\"}}],\"inLanguage\":\"en-GB\"},{\"@type\":\"Person\",\"@id\":\"https:\\\/\\\/dmcsrb.com\\\/#\\\/schema\\\/person\\\/5c39170f12db1b8b457732d0b5c854e2\",\"name\":\"dmcsrbija.com@gmail.com\",\"image\":{\"@type\":\"ImageObject\",\"inLanguage\":\"en-GB\",\"@id\":\"https:\\\/\\\/secure.gravatar.com\\\/avatar\\\/68592660ad6347fad0fb587f8d5d8f1a7b44961362f56e4f2cd524feb87e9069?s=96&d=mm&r=g\",\"url\":\"https:\\\/\\\/secure.gravatar.com\\\/avatar\\\/68592660ad6347fad0fb587f8d5d8f1a7b44961362f56e4f2cd524feb87e9069?s=96&d=mm&r=g\",\"contentUrl\":\"https:\\\/\\\/secure.gravatar.com\\\/avatar\\\/68592660ad6347fad0fb587f8d5d8f1a7b44961362f56e4f2cd524feb87e9069?s=96&d=mm&r=g\",\"caption\":\"dmcsrbija.com@gmail.com\"},\"sameAs\":[\"https:\\\/\\\/dmcsrb.com\"],\"url\":\"https:\\\/\\\/dmcsrb.com\\\/en\\\/author\\\/dmcsrbija-comgmail-com\\\/\"}]}<\/script>\n<!-- \/ Yoast SEO plugin. -->","yoast_head_json":{"title":"Vujovi\u0107: \u010clanstvo Crne Gore u Evropskoj uniji o\u0107isti\u0107e na\u0161a dru\u0161tva od fa\u0161izma i kriminala - dmcsrb.com","robots":{"index":"index","follow":"follow","max-snippet":"max-snippet:-1","max-image-preview":"max-image-preview:large","max-video-preview":"max-video-preview:-1"},"canonical":"https:\/\/dmcsrb.com\/en\/politika\/vujovic-clanstvo-crne-gore-u-evropskoj-uniji-ocistice-nasa-drustva-od-fasizma-i-kriminala\/","og_locale":"en_GB","og_type":"article","og_title":"Vujovi\u0107: \u010clanstvo Crne Gore u Evropskoj uniji o\u0107isti\u0107e na\u0161a dru\u0161tva od fa\u0161izma i kriminala - dmcsrb.com","og_description":"Predsjednik SDP i jedan od lidera Evropskog saveza Ivan Vujovi\u0107 i generalni sekretar SDP Adis Balota u\u010destvovali su u radu Kongresa Partije evropskih socijalista, koji je odr\u017ean u Amsterdamu od 16. do 18. oktobra, saop\u0161teno je iz Evropskog saveza.","og_url":"https:\/\/dmcsrb.com\/en\/politika\/vujovic-clanstvo-crne-gore-u-evropskoj-uniji-ocistice-nasa-drustva-od-fasizma-i-kriminala\/","og_site_name":"dmcsrb.com","article_published_time":"2025-10-19T13:40:00+00:00","og_image":[{"width":1600,"height":1200,"url":"https:\/\/dmcsrb.com\/wp-content\/uploads\/2026\/01\/IMG_7903.webp","type":"image\/jpeg"}],"author":"dmcsrbija.com@gmail.com","twitter_card":"summary_large_image","twitter_misc":{"Written by":"dmcsrbija.com@gmail.com","Estimated reading time":"2 minutes"},"schema":{"@context":"https:\/\/schema.org","@graph":[{"@type":"Article","@id":"https:\/\/dmcsrb.com\/politika\/vujovic-clanstvo-crne-gore-u-evropskoj-uniji-ocistice-nasa-drustva-od-fasizma-i-kriminala\/#article","isPartOf":{"@id":"https:\/\/dmcsrb.com\/politika\/vujovic-clanstvo-crne-gore-u-evropskoj-uniji-ocistice-nasa-drustva-od-fasizma-i-kriminala\/"},"author":{"name":"dmcsrbija.com@gmail.com","@id":"https:\/\/dmcsrb.com\/#\/schema\/person\/5c39170f12db1b8b457732d0b5c854e2"},"headline":"Vujovi\u0107: \u010clanstvo Crne Gore u Evropskoj uniji o\u0107isti\u0107e na\u0161a dru\u0161tva od fa\u0161izma i kriminala","datePublished":"2025-10-19T13:40:00+00:00","mainEntityOfPage":{"@id":"https:\/\/dmcsrb.com\/politika\/vujovic-clanstvo-crne-gore-u-evropskoj-uniji-ocistice-nasa-drustva-od-fasizma-i-kriminala\/"},"wordCount":336,"commentCount":0,"image":{"@id":"https:\/\/dmcsrb.com\/politika\/vujovic-clanstvo-crne-gore-u-evropskoj-uniji-ocistice-nasa-drustva-od-fasizma-i-kriminala\/#primaryimage"},"thumbnailUrl":"https:\/\/dmcsrb.com\/wp-content\/uploads\/2026\/01\/IMG_7903.webp","keywords":["\u010ci\u0161\u0107enje dru\u0161tva","\u010clanstvo Crne Gore","Evropska Unija","Evropski savez","Fa\u0161izam i kriminal"],"articleSection":["Politika"],"inLanguage":"en-GB","potentialAction":[{"@type":"CommentAction","name":"Comment","target":["https:\/\/dmcsrb.com\/politika\/vujovic-clanstvo-crne-gore-u-evropskoj-uniji-ocistice-nasa-drustva-od-fasizma-i-kriminala\/#respond"]}]},{"@type":"WebPage","@id":"https:\/\/dmcsrb.com\/politika\/vujovic-clanstvo-crne-gore-u-evropskoj-uniji-ocistice-nasa-drustva-od-fasizma-i-kriminala\/","url":"https:\/\/dmcsrb.com\/politika\/vujovic-clanstvo-crne-gore-u-evropskoj-uniji-ocistice-nasa-drustva-od-fasizma-i-kriminala\/","name":"Vujovi\u0107: \u010clanstvo Crne Gore u Evropskoj uniji o\u0107isti\u0107e na\u0161a dru\u0161tva od fa\u0161izma i kriminala - dmcsrb.com","isPartOf":{"@id":"https:\/\/dmcsrb.com\/#website"},"primaryImageOfPage":{"@id":"https:\/\/dmcsrb.com\/politika\/vujovic-clanstvo-crne-gore-u-evropskoj-uniji-ocistice-nasa-drustva-od-fasizma-i-kriminala\/#primaryimage"},"image":{"@id":"https:\/\/dmcsrb.com\/politika\/vujovic-clanstvo-crne-gore-u-evropskoj-uniji-ocistice-nasa-drustva-od-fasizma-i-kriminala\/#primaryimage"},"thumbnailUrl":"https:\/\/dmcsrb.com\/wp-content\/uploads\/2026\/01\/IMG_7903.webp","datePublished":"2025-10-19T13:40:00+00:00","author":{"@id":"https:\/\/dmcsrb.com\/#\/schema\/person\/5c39170f12db1b8b457732d0b5c854e2"},"breadcrumb":{"@id":"https:\/\/dmcsrb.com\/politika\/vujovic-clanstvo-crne-gore-u-evropskoj-uniji-ocistice-nasa-drustva-od-fasizma-i-kriminala\/#breadcrumb"},"inLanguage":"en-GB","potentialAction":[{"@type":"ReadAction","target":["https:\/\/dmcsrb.com\/politika\/vujovic-clanstvo-crne-gore-u-evropskoj-uniji-ocistice-nasa-drustva-od-fasizma-i-kriminala\/"]}]},{"@type":"ImageObject","inLanguage":"en-GB","@id":"https:\/\/dmcsrb.com\/politika\/vujovic-clanstvo-crne-gore-u-evropskoj-uniji-ocistice-nasa-drustva-od-fasizma-i-kriminala\/#primaryimage","url":"https:\/\/dmcsrb.com\/wp-content\/uploads\/2026\/01\/IMG_7903.webp","contentUrl":"https:\/\/dmcsrb.com\/wp-content\/uploads\/2026\/01\/IMG_7903.webp","width":1600,"height":1200},{"@type":"BreadcrumbList","@id":"https:\/\/dmcsrb.com\/politika\/vujovic-clanstvo-crne-gore-u-evropskoj-uniji-ocistice-nasa-drustva-od-fasizma-i-kriminala\/#breadcrumb","itemListElement":[{"@type":"ListItem","position":1,"name":"Home","item":"https:\/\/dmcsrb.com\/"},{"@type":"ListItem","position":2,"name":"Vujovi\u0107: \u010clanstvo Crne Gore u Evropskoj uniji o\u0107isti\u0107e na\u0161a dru\u0161tva od fa\u0161izma i kriminala"}]},{"@type":"WebSite","@id":"https:\/\/dmcsrb.com\/#website","url":"https:\/\/dmcsrb.com\/","name":"dmcsrb.com","description":"","potentialAction":[{"@type":"SearchAction","target":{"@type":"EntryPoint","urlTemplate":"https:\/\/dmcsrb.com\/?s={search_term_string}"},"query-input":{"@type":"PropertyValueSpecification","valueRequired":true,"valueName":"search_term_string"}}],"inLanguage":"en-GB"},{"@type":"Person","@id":"https:\/\/dmcsrb.com\/#\/schema\/person\/5c39170f12db1b8b457732d0b5c854e2","name":"dmcsrbija.com@gmail.com","image":{"@type":"ImageObject","inLanguage":"en-GB","@id":"https:\/\/secure.gravatar.com\/avatar\/68592660ad6347fad0fb587f8d5d8f1a7b44961362f56e4f2cd524feb87e9069?s=96&d=mm&r=g","url":"https:\/\/secure.gravatar.com\/avatar\/68592660ad6347fad0fb587f8d5d8f1a7b44961362f56e4f2cd524feb87e9069?s=96&d=mm&r=g","contentUrl":"https:\/\/secure.gravatar.com\/avatar\/68592660ad6347fad0fb587f8d5d8f1a7b44961362f56e4f2cd524feb87e9069?s=96&d=mm&r=g","caption":"dmcsrbija.com@gmail.com"},"sameAs":["https:\/\/dmcsrb.com"],"url":"https:\/\/dmcsrb.com\/en\/author\/dmcsrbija-comgmail-com\/"}]}},"_links":{"self":[{"href":"https:\/\/dmcsrb.com\/en\/wp-json\/wp\/v2\/posts\/958824","targetHints":{"allow":["GET"]}}],"collection":[{"href":"https:\/\/dmcsrb.com\/en\/wp-json\/wp\/v2\/posts"}],"about":[{"href":"https:\/\/dmcsrb.com\/en\/wp-json\/wp\/v2\/types\/post"}],"author":[{"embeddable":true,"href":"https:\/\/dmcsrb.com\/en\/wp-json\/wp\/v2\/users\/1"}],"replies":[{"embeddable":true,"href":"https:\/\/dmcsrb.com\/en\/wp-json\/wp\/v2\/comments?post=958824"}],"version-history":[{"count":0,"href":"https:\/\/dmcsrb.com\/en\/wp-json\/wp\/v2\/posts\/958824\/revisions"}],"wp:featuredmedia":[{"embeddable":true,"href":"https:\/\/dmcsrb.com\/en\/wp-json\/wp\/v2\/media\/958825"}],"wp:attachment":[{"href":"https:\/\/dmcsrb.com\/en\/wp-json\/wp\/v2\/media?parent=958824"}],"wp:term":[{"taxonomy":"category","embeddable":true,"href":"https:\/\/dmcsrb.com\/en\/wp-json\/wp\/v2\/categories?post=958824"},{"taxonomy":"post_tag","embeddable":true,"href":"https:\/\/dmcsrb.com\/en\/wp-json\/wp\/v2\/tags?post=958824"},{"taxonomy":"naslovna","embeddable":true,"href":"https:\/\/dmcsrb.com\/en\/wp-json\/wp\/v2\/naslovna?post=958824"}],"curies":[{"name":"wp","href":"https:\/\/api.w.org\/{rel}","templated":true}]}}