{"id":958808,"date":"2025-10-19T14:30:00","date_gmt":"2025-10-19T12:30:00","guid":{"rendered":"https:\/\/dmcsrb.com\/uncategorized\/milatovic-u-istorijskoj-posjeti-kraljevini-svedskoj-nova-stranica-u-odnosima-crne-gore-i-svedske-za-clanstvo-u-eu-do-2028\/"},"modified":"2025-10-19T14:30:00","modified_gmt":"2025-10-19T12:30:00","slug":"milatovic-u-istorijskoj-posjeti-kraljevini-svedskoj-nova-stranica-u-odnosima-crne-gore-i-svedske-za-clanstvo-u-eu-do-2028","status":"publish","type":"post","link":"https:\/\/dmcsrb.com\/en\/politika\/milatovic-u-istorijskoj-posjeti-kraljevini-svedskoj-nova-stranica-u-odnosima-crne-gore-i-svedske-za-clanstvo-u-eu-do-2028\/","title":{"rendered":"Milatovi\u0107 u istorijskoj posjeti Kraljevini \u0160vedskoj: Nova stranica u odnosima Crne Gore i \u0160vedske &#8211; za \u010dlanstvo u EU do 2028."},"content":{"rendered":"<p><\/p>\n\n\n\n<p>On \u0107e se sastati sa kraljem Karlom XVI Gustavom, sa kojim \u0107e razgovarati o sna\u017enijoj podr\u0161ci \u0160vedske evropskom putu na\u0161e zemlje, sa ciljem da postane 28. punopravna \u010dlanica Evropske unije do 2028. godine.<\/p>\n\n\n\n<p>\u201eOvim otvaramo novu stranicu u istoriji bilateralnih odnosa na\u0161ih zemalja. Crna Gora i \u0160vedska su prijateljske zemlje i saveznice. Ulazak u EU je na\u0161a istorijska \u0161ansa i moramo iskoristiti povoljan ambijent i podr\u0161ku zemalja \u010dlanica poput \u0160vedske politici pro\u0161irenja. Evropska unija je na\u0161a radna akcija, snaga koja nas vodi do \u010dlanstva i uspjeh koji se mjeri reformama\u201d, poru\u010dio je predsjednik Milatovi\u0107.<\/p>\n\n\n\n<p>On \u0107e u okviru posjete razgovarati i sa premijerom \u0160vedske Ulfom Kristersonom, predsjednikom Parlamenta Andreasom Norlenom i ministarkama vanjskih i EU poslova Marijom Malmer Stenergard i D\u017eesikom Rozenkranc.<\/p>\n\n\n\n<p>Predsjednik \u0107e u\u010destvovati i na panel diskusiji u Institutu za me\u0111unarodne poslove na temu \u201cPut Zapadnog Balkana ka \u010dlanstvu u Evropskoj uniji\u201d, gdje \u0107e govoriti o glavnom spoljnopoliti\u010dkom prioritetu zemlje, ulasku u EU do 2028. godine.<\/p>\n\n\n\n<p>U okviru procesa pristupanja Crne Gore EU, \u0160vedska aktivno podr\u017eava na\u0161u zemlju u oblastima vezanim za pobolj\u0161anje kvaliteta vazduha, energetsku efikasnost i obnovljive izvore energije. U tom kontekstu, predsjednik Milatovi\u0107 \u0107e posjetiti Kraljevsku morsku luku u Stokholmu &#8211; jedan od najambicioznijih svjetskih projekata urbanog razvoja, poznat po fokusu na odr\u017eivost, inovacije i sklad s prirodom.\u00a0\u00a0\u00a0\u00a0\u00a0\u00a0\u00a0\u00a0\u00a0\u00a0\u00a0\u00a0\u00a0\u00a0\u00a0<\/p>\n\n\n\n<p>U kontekstu daljeg ja\u010danja ekonomske saradnje, posebno kroz privla\u010denje investicija iz \u0160vedske, predsjednik Milatovi\u0107 \u0107e posjetiti i renomiranu kompaniju Ericsson i razgovarati sa njenim menad\u017ementom.<\/p>\n\n\n\n<p>&#8221;Ovom posjetom predsjednik Milatovi\u0107 nastavlja intenzivnu diplomatsku kampanju prema Skandinavskim zemljama sa ciljem ja\u010danja podr\u0161ke evropskim integracijama Crne Gore. On je u okviru te kampanje ve\u0107 posjetio Finsku i u\u010destvovao na Samitu Evropske politi\u010dke zajednice u Danskoj&#8221;, zaklju\u010duju iz Milatovi\u0107eve Kancelarije za odnose s javno\u0161\u0107u.<\/p>","protected":false},"excerpt":{"rendered":"<p>Predsjednik Jakov Milatovi\u0107 boravi\u0107e u zvani\u010dnoj posjeti Kraljevini \u0160vedskoj 20. i 21. oktobra. Rije\u010d je o prvoj posjeti jednog crnogorskog predsjednika toj zemlji od obnove nezavisnosti Crne Gore, \u010dime se intenzivira politi\u010dki dijalog na najvi\u0161em nivou i otvara prostor za unaprje\u0111enje sveukupne saradnje dvije dr\u017eave, saop\u0161teno je iz Milatovi\u0107eve Kancelarije za odnose s javno\u0161\u0107u.<\/p>","protected":false},"author":1,"featured_media":948782,"comment_status":"open","ping_status":"open","sticky":false,"template":"","format":"standard","meta":{"_acf_changed":false,"footnotes":""},"categories":[12],"tags":[9782,11896,90,11897,2028,11898],"naslovna":[],"class_list":["post-958808","post","type-post","status-publish","format-standard","has-post-thumbnail","hentry","category-politika","tag-clanstvo-u-eu","tag-istorijska-posjeta","tag-jakov-milatovic","tag-kraljevina-svedska","tag-nikola-rovcanin-2","tag-odnosi-crna-gora-svedska"],"acf":[],"yoast_head":"<!-- This site is optimized with the Yoast SEO plugin v27.4 - https:\/\/yoast.com\/product\/yoast-seo-wordpress\/ -->\n<title>Milatovi\u0107 u istorijskoj posjeti Kraljevini \u0160vedskoj: Nova stranica u odnosima Crne Gore i \u0160vedske - za \u010dlanstvo u EU do 2028. - dmcsrb.com<\/title>\n<meta name=\"robots\" content=\"index, follow, max-snippet:-1, max-image-preview:large, max-video-preview:-1\" \/>\n<link rel=\"canonical\" href=\"https:\/\/dmcsrb.com\/en\/politika\/milatovic-u-istorijskoj-posjeti-kraljevini-svedskoj-nova-stranica-u-odnosima-crne-gore-i-svedske-za-clanstvo-u-eu-do-2028\/\" \/>\n<meta property=\"og:locale\" content=\"en_GB\" \/>\n<meta property=\"og:type\" content=\"article\" \/>\n<meta property=\"og:title\" content=\"Milatovi\u0107 u istorijskoj posjeti Kraljevini \u0160vedskoj: Nova stranica u odnosima Crne Gore i \u0160vedske - za \u010dlanstvo u EU do 2028. - dmcsrb.com\" \/>\n<meta property=\"og:description\" content=\"Predsjednik Jakov Milatovi\u0107 boravi\u0107e u zvani\u010dnoj posjeti Kraljevini \u0160vedskoj 20. i 21. oktobra. Rije\u010d je o prvoj posjeti jednog crnogorskog predsjednika toj zemlji od obnove nezavisnosti Crne Gore, \u010dime se intenzivira politi\u010dki dijalog na najvi\u0161em nivou i otvara prostor za unaprje\u0111enje sveukupne saradnje dvije dr\u017eave, saop\u0161teno je iz Milatovi\u0107eve Kancelarije za odnose s javno\u0161\u0107u.\" \/>\n<meta property=\"og:url\" content=\"https:\/\/dmcsrb.com\/en\/politika\/milatovic-u-istorijskoj-posjeti-kraljevini-svedskoj-nova-stranica-u-odnosima-crne-gore-i-svedske-za-clanstvo-u-eu-do-2028\/\" \/>\n<meta property=\"og:site_name\" content=\"dmcsrb.com\" \/>\n<meta property=\"article:published_time\" content=\"2025-10-19T12:30:00+00:00\" \/>\n<meta property=\"og:image\" content=\"https:\/\/dmcsrb.com\/wp-content\/uploads\/2026\/01\/m5-1000x555-1.webp\" \/>\n\t<meta property=\"og:image:width\" content=\"1000\" \/>\n\t<meta property=\"og:image:height\" content=\"555\" \/>\n\t<meta property=\"og:image:type\" content=\"image\/jpeg\" \/>\n<meta name=\"author\" content=\"dmcsrbija.com@gmail.com\" \/>\n<meta name=\"twitter:card\" content=\"summary_large_image\" \/>\n<meta name=\"twitter:label1\" content=\"Written by\" \/>\n\t<meta name=\"twitter:data1\" content=\"dmcsrbija.com@gmail.com\" \/>\n\t<meta name=\"twitter:label2\" content=\"Estimated reading time\" \/>\n\t<meta name=\"twitter:data2\" content=\"2 minutes\" \/>\n<script type=\"application\/ld+json\" class=\"yoast-schema-graph\">{\"@context\":\"https:\\\/\\\/schema.org\",\"@graph\":[{\"@type\":\"Article\",\"@id\":\"https:\\\/\\\/dmcsrb.com\\\/politika\\\/milatovic-u-istorijskoj-posjeti-kraljevini-svedskoj-nova-stranica-u-odnosima-crne-gore-i-svedske-za-clanstvo-u-eu-do-2028\\\/#article\",\"isPartOf\":{\"@id\":\"https:\\\/\\\/dmcsrb.com\\\/politika\\\/milatovic-u-istorijskoj-posjeti-kraljevini-svedskoj-nova-stranica-u-odnosima-crne-gore-i-svedske-za-clanstvo-u-eu-do-2028\\\/\"},\"author\":{\"name\":\"dmcsrbija.com@gmail.com\",\"@id\":\"https:\\\/\\\/dmcsrb.com\\\/#\\\/schema\\\/person\\\/5c39170f12db1b8b457732d0b5c854e2\"},\"headline\":\"Milatovi\u0107 u istorijskoj posjeti Kraljevini \u0160vedskoj: Nova stranica u odnosima Crne Gore i \u0160vedske &#8211; za \u010dlanstvo u EU do 2028.\",\"datePublished\":\"2025-10-19T12:30:00+00:00\",\"mainEntityOfPage\":{\"@id\":\"https:\\\/\\\/dmcsrb.com\\\/politika\\\/milatovic-u-istorijskoj-posjeti-kraljevini-svedskoj-nova-stranica-u-odnosima-crne-gore-i-svedske-za-clanstvo-u-eu-do-2028\\\/\"},\"wordCount\":327,\"commentCount\":0,\"image\":{\"@id\":\"https:\\\/\\\/dmcsrb.com\\\/politika\\\/milatovic-u-istorijskoj-posjeti-kraljevini-svedskoj-nova-stranica-u-odnosima-crne-gore-i-svedske-za-clanstvo-u-eu-do-2028\\\/#primaryimage\"},\"thumbnailUrl\":\"https:\\\/\\\/dmcsrb.com\\\/wp-content\\\/uploads\\\/2026\\\/01\\\/m5-1000x555-1.webp\",\"keywords\":[\"\u010clanstvo u EU\",\"Istorijska posjeta\",\"Jakov Milatovi\u0107\",\"Kraljevina \u0160vedska\",\"Nikola Rov\u010danin\",\"Odnosi Crna Gora-\u0160vedska\"],\"articleSection\":[\"Politika\"],\"inLanguage\":\"en-GB\",\"potentialAction\":[{\"@type\":\"CommentAction\",\"name\":\"Comment\",\"target\":[\"https:\\\/\\\/dmcsrb.com\\\/politika\\\/milatovic-u-istorijskoj-posjeti-kraljevini-svedskoj-nova-stranica-u-odnosima-crne-gore-i-svedske-za-clanstvo-u-eu-do-2028\\\/#respond\"]}]},{\"@type\":\"WebPage\",\"@id\":\"https:\\\/\\\/dmcsrb.com\\\/politika\\\/milatovic-u-istorijskoj-posjeti-kraljevini-svedskoj-nova-stranica-u-odnosima-crne-gore-i-svedske-za-clanstvo-u-eu-do-2028\\\/\",\"url\":\"https:\\\/\\\/dmcsrb.com\\\/politika\\\/milatovic-u-istorijskoj-posjeti-kraljevini-svedskoj-nova-stranica-u-odnosima-crne-gore-i-svedske-za-clanstvo-u-eu-do-2028\\\/\",\"name\":\"Milatovi\u0107 u istorijskoj posjeti Kraljevini \u0160vedskoj: Nova stranica u odnosima Crne Gore i \u0160vedske - za \u010dlanstvo u EU do 2028. - dmcsrb.com\",\"isPartOf\":{\"@id\":\"https:\\\/\\\/dmcsrb.com\\\/#website\"},\"primaryImageOfPage\":{\"@id\":\"https:\\\/\\\/dmcsrb.com\\\/politika\\\/milatovic-u-istorijskoj-posjeti-kraljevini-svedskoj-nova-stranica-u-odnosima-crne-gore-i-svedske-za-clanstvo-u-eu-do-2028\\\/#primaryimage\"},\"image\":{\"@id\":\"https:\\\/\\\/dmcsrb.com\\\/politika\\\/milatovic-u-istorijskoj-posjeti-kraljevini-svedskoj-nova-stranica-u-odnosima-crne-gore-i-svedske-za-clanstvo-u-eu-do-2028\\\/#primaryimage\"},\"thumbnailUrl\":\"https:\\\/\\\/dmcsrb.com\\\/wp-content\\\/uploads\\\/2026\\\/01\\\/m5-1000x555-1.webp\",\"datePublished\":\"2025-10-19T12:30:00+00:00\",\"author\":{\"@id\":\"https:\\\/\\\/dmcsrb.com\\\/#\\\/schema\\\/person\\\/5c39170f12db1b8b457732d0b5c854e2\"},\"breadcrumb\":{\"@id\":\"https:\\\/\\\/dmcsrb.com\\\/politika\\\/milatovic-u-istorijskoj-posjeti-kraljevini-svedskoj-nova-stranica-u-odnosima-crne-gore-i-svedske-za-clanstvo-u-eu-do-2028\\\/#breadcrumb\"},\"inLanguage\":\"en-GB\",\"potentialAction\":[{\"@type\":\"ReadAction\",\"target\":[\"https:\\\/\\\/dmcsrb.com\\\/politika\\\/milatovic-u-istorijskoj-posjeti-kraljevini-svedskoj-nova-stranica-u-odnosima-crne-gore-i-svedske-za-clanstvo-u-eu-do-2028\\\/\"]}]},{\"@type\":\"ImageObject\",\"inLanguage\":\"en-GB\",\"@id\":\"https:\\\/\\\/dmcsrb.com\\\/politika\\\/milatovic-u-istorijskoj-posjeti-kraljevini-svedskoj-nova-stranica-u-odnosima-crne-gore-i-svedske-za-clanstvo-u-eu-do-2028\\\/#primaryimage\",\"url\":\"https:\\\/\\\/dmcsrb.com\\\/wp-content\\\/uploads\\\/2026\\\/01\\\/m5-1000x555-1.webp\",\"contentUrl\":\"https:\\\/\\\/dmcsrb.com\\\/wp-content\\\/uploads\\\/2026\\\/01\\\/m5-1000x555-1.webp\",\"width\":1000,\"height\":555},{\"@type\":\"BreadcrumbList\",\"@id\":\"https:\\\/\\\/dmcsrb.com\\\/politika\\\/milatovic-u-istorijskoj-posjeti-kraljevini-svedskoj-nova-stranica-u-odnosima-crne-gore-i-svedske-za-clanstvo-u-eu-do-2028\\\/#breadcrumb\",\"itemListElement\":[{\"@type\":\"ListItem\",\"position\":1,\"name\":\"Home\",\"item\":\"https:\\\/\\\/dmcsrb.com\\\/\"},{\"@type\":\"ListItem\",\"position\":2,\"name\":\"Milatovi\u0107 u istorijskoj posjeti Kraljevini \u0160vedskoj: Nova stranica u odnosima Crne Gore i \u0160vedske &#8211; za \u010dlanstvo u EU do 2028.\"}]},{\"@type\":\"WebSite\",\"@id\":\"https:\\\/\\\/dmcsrb.com\\\/#website\",\"url\":\"https:\\\/\\\/dmcsrb.com\\\/\",\"name\":\"dmcsrb.com\",\"description\":\"\",\"potentialAction\":[{\"@type\":\"SearchAction\",\"target\":{\"@type\":\"EntryPoint\",\"urlTemplate\":\"https:\\\/\\\/dmcsrb.com\\\/?s={search_term_string}\"},\"query-input\":{\"@type\":\"PropertyValueSpecification\",\"valueRequired\":true,\"valueName\":\"search_term_string\"}}],\"inLanguage\":\"en-GB\"},{\"@type\":\"Person\",\"@id\":\"https:\\\/\\\/dmcsrb.com\\\/#\\\/schema\\\/person\\\/5c39170f12db1b8b457732d0b5c854e2\",\"name\":\"dmcsrbija.com@gmail.com\",\"image\":{\"@type\":\"ImageObject\",\"inLanguage\":\"en-GB\",\"@id\":\"https:\\\/\\\/secure.gravatar.com\\\/avatar\\\/68592660ad6347fad0fb587f8d5d8f1a7b44961362f56e4f2cd524feb87e9069?s=96&d=mm&r=g\",\"url\":\"https:\\\/\\\/secure.gravatar.com\\\/avatar\\\/68592660ad6347fad0fb587f8d5d8f1a7b44961362f56e4f2cd524feb87e9069?s=96&d=mm&r=g\",\"contentUrl\":\"https:\\\/\\\/secure.gravatar.com\\\/avatar\\\/68592660ad6347fad0fb587f8d5d8f1a7b44961362f56e4f2cd524feb87e9069?s=96&d=mm&r=g\",\"caption\":\"dmcsrbija.com@gmail.com\"},\"sameAs\":[\"https:\\\/\\\/dmcsrb.com\"],\"url\":\"https:\\\/\\\/dmcsrb.com\\\/en\\\/author\\\/dmcsrbija-comgmail-com\\\/\"}]}<\/script>\n<!-- \/ Yoast SEO plugin. -->","yoast_head_json":{"title":"Milatovi\u0107 u istorijskoj posjeti Kraljevini \u0160vedskoj: Nova stranica u odnosima Crne Gore i \u0160vedske - za \u010dlanstvo u EU do 2028. - dmcsrb.com","robots":{"index":"index","follow":"follow","max-snippet":"max-snippet:-1","max-image-preview":"max-image-preview:large","max-video-preview":"max-video-preview:-1"},"canonical":"https:\/\/dmcsrb.com\/en\/politika\/milatovic-u-istorijskoj-posjeti-kraljevini-svedskoj-nova-stranica-u-odnosima-crne-gore-i-svedske-za-clanstvo-u-eu-do-2028\/","og_locale":"en_GB","og_type":"article","og_title":"Milatovi\u0107 u istorijskoj posjeti Kraljevini \u0160vedskoj: Nova stranica u odnosima Crne Gore i \u0160vedske - za \u010dlanstvo u EU do 2028. - dmcsrb.com","og_description":"Predsjednik Jakov Milatovi\u0107 boravi\u0107e u zvani\u010dnoj posjeti Kraljevini \u0160vedskoj 20. i 21. oktobra. Rije\u010d je o prvoj posjeti jednog crnogorskog predsjednika toj zemlji od obnove nezavisnosti Crne Gore, \u010dime se intenzivira politi\u010dki dijalog na najvi\u0161em nivou i otvara prostor za unaprje\u0111enje sveukupne saradnje dvije dr\u017eave, saop\u0161teno je iz Milatovi\u0107eve Kancelarije za odnose s javno\u0161\u0107u.","og_url":"https:\/\/dmcsrb.com\/en\/politika\/milatovic-u-istorijskoj-posjeti-kraljevini-svedskoj-nova-stranica-u-odnosima-crne-gore-i-svedske-za-clanstvo-u-eu-do-2028\/","og_site_name":"dmcsrb.com","article_published_time":"2025-10-19T12:30:00+00:00","og_image":[{"width":1000,"height":555,"url":"https:\/\/dmcsrb.com\/wp-content\/uploads\/2026\/01\/m5-1000x555-1.webp","type":"image\/jpeg"}],"author":"dmcsrbija.com@gmail.com","twitter_card":"summary_large_image","twitter_misc":{"Written by":"dmcsrbija.com@gmail.com","Estimated reading time":"2 minutes"},"schema":{"@context":"https:\/\/schema.org","@graph":[{"@type":"Article","@id":"https:\/\/dmcsrb.com\/politika\/milatovic-u-istorijskoj-posjeti-kraljevini-svedskoj-nova-stranica-u-odnosima-crne-gore-i-svedske-za-clanstvo-u-eu-do-2028\/#article","isPartOf":{"@id":"https:\/\/dmcsrb.com\/politika\/milatovic-u-istorijskoj-posjeti-kraljevini-svedskoj-nova-stranica-u-odnosima-crne-gore-i-svedske-za-clanstvo-u-eu-do-2028\/"},"author":{"name":"dmcsrbija.com@gmail.com","@id":"https:\/\/dmcsrb.com\/#\/schema\/person\/5c39170f12db1b8b457732d0b5c854e2"},"headline":"Milatovi\u0107 u istorijskoj posjeti Kraljevini \u0160vedskoj: Nova stranica u odnosima Crne Gore i \u0160vedske &#8211; za \u010dlanstvo u EU do 2028.","datePublished":"2025-10-19T12:30:00+00:00","mainEntityOfPage":{"@id":"https:\/\/dmcsrb.com\/politika\/milatovic-u-istorijskoj-posjeti-kraljevini-svedskoj-nova-stranica-u-odnosima-crne-gore-i-svedske-za-clanstvo-u-eu-do-2028\/"},"wordCount":327,"commentCount":0,"image":{"@id":"https:\/\/dmcsrb.com\/politika\/milatovic-u-istorijskoj-posjeti-kraljevini-svedskoj-nova-stranica-u-odnosima-crne-gore-i-svedske-za-clanstvo-u-eu-do-2028\/#primaryimage"},"thumbnailUrl":"https:\/\/dmcsrb.com\/wp-content\/uploads\/2026\/01\/m5-1000x555-1.webp","keywords":["\u010clanstvo u EU","Istorijska posjeta","Jakov Milatovi\u0107","Kraljevina \u0160vedska","Nikola Rov\u010danin","Odnosi Crna Gora-\u0160vedska"],"articleSection":["Politika"],"inLanguage":"en-GB","potentialAction":[{"@type":"CommentAction","name":"Comment","target":["https:\/\/dmcsrb.com\/politika\/milatovic-u-istorijskoj-posjeti-kraljevini-svedskoj-nova-stranica-u-odnosima-crne-gore-i-svedske-za-clanstvo-u-eu-do-2028\/#respond"]}]},{"@type":"WebPage","@id":"https:\/\/dmcsrb.com\/politika\/milatovic-u-istorijskoj-posjeti-kraljevini-svedskoj-nova-stranica-u-odnosima-crne-gore-i-svedske-za-clanstvo-u-eu-do-2028\/","url":"https:\/\/dmcsrb.com\/politika\/milatovic-u-istorijskoj-posjeti-kraljevini-svedskoj-nova-stranica-u-odnosima-crne-gore-i-svedske-za-clanstvo-u-eu-do-2028\/","name":"Milatovi\u0107 u istorijskoj posjeti Kraljevini \u0160vedskoj: Nova stranica u odnosima Crne Gore i \u0160vedske - za \u010dlanstvo u EU do 2028. - dmcsrb.com","isPartOf":{"@id":"https:\/\/dmcsrb.com\/#website"},"primaryImageOfPage":{"@id":"https:\/\/dmcsrb.com\/politika\/milatovic-u-istorijskoj-posjeti-kraljevini-svedskoj-nova-stranica-u-odnosima-crne-gore-i-svedske-za-clanstvo-u-eu-do-2028\/#primaryimage"},"image":{"@id":"https:\/\/dmcsrb.com\/politika\/milatovic-u-istorijskoj-posjeti-kraljevini-svedskoj-nova-stranica-u-odnosima-crne-gore-i-svedske-za-clanstvo-u-eu-do-2028\/#primaryimage"},"thumbnailUrl":"https:\/\/dmcsrb.com\/wp-content\/uploads\/2026\/01\/m5-1000x555-1.webp","datePublished":"2025-10-19T12:30:00+00:00","author":{"@id":"https:\/\/dmcsrb.com\/#\/schema\/person\/5c39170f12db1b8b457732d0b5c854e2"},"breadcrumb":{"@id":"https:\/\/dmcsrb.com\/politika\/milatovic-u-istorijskoj-posjeti-kraljevini-svedskoj-nova-stranica-u-odnosima-crne-gore-i-svedske-za-clanstvo-u-eu-do-2028\/#breadcrumb"},"inLanguage":"en-GB","potentialAction":[{"@type":"ReadAction","target":["https:\/\/dmcsrb.com\/politika\/milatovic-u-istorijskoj-posjeti-kraljevini-svedskoj-nova-stranica-u-odnosima-crne-gore-i-svedske-za-clanstvo-u-eu-do-2028\/"]}]},{"@type":"ImageObject","inLanguage":"en-GB","@id":"https:\/\/dmcsrb.com\/politika\/milatovic-u-istorijskoj-posjeti-kraljevini-svedskoj-nova-stranica-u-odnosima-crne-gore-i-svedske-za-clanstvo-u-eu-do-2028\/#primaryimage","url":"https:\/\/dmcsrb.com\/wp-content\/uploads\/2026\/01\/m5-1000x555-1.webp","contentUrl":"https:\/\/dmcsrb.com\/wp-content\/uploads\/2026\/01\/m5-1000x555-1.webp","width":1000,"height":555},{"@type":"BreadcrumbList","@id":"https:\/\/dmcsrb.com\/politika\/milatovic-u-istorijskoj-posjeti-kraljevini-svedskoj-nova-stranica-u-odnosima-crne-gore-i-svedske-za-clanstvo-u-eu-do-2028\/#breadcrumb","itemListElement":[{"@type":"ListItem","position":1,"name":"Home","item":"https:\/\/dmcsrb.com\/"},{"@type":"ListItem","position":2,"name":"Milatovi\u0107 u istorijskoj posjeti Kraljevini \u0160vedskoj: Nova stranica u odnosima Crne Gore i \u0160vedske &#8211; za \u010dlanstvo u EU do 2028."}]},{"@type":"WebSite","@id":"https:\/\/dmcsrb.com\/#website","url":"https:\/\/dmcsrb.com\/","name":"dmcsrb.com","description":"","potentialAction":[{"@type":"SearchAction","target":{"@type":"EntryPoint","urlTemplate":"https:\/\/dmcsrb.com\/?s={search_term_string}"},"query-input":{"@type":"PropertyValueSpecification","valueRequired":true,"valueName":"search_term_string"}}],"inLanguage":"en-GB"},{"@type":"Person","@id":"https:\/\/dmcsrb.com\/#\/schema\/person\/5c39170f12db1b8b457732d0b5c854e2","name":"dmcsrbija.com@gmail.com","image":{"@type":"ImageObject","inLanguage":"en-GB","@id":"https:\/\/secure.gravatar.com\/avatar\/68592660ad6347fad0fb587f8d5d8f1a7b44961362f56e4f2cd524feb87e9069?s=96&d=mm&r=g","url":"https:\/\/secure.gravatar.com\/avatar\/68592660ad6347fad0fb587f8d5d8f1a7b44961362f56e4f2cd524feb87e9069?s=96&d=mm&r=g","contentUrl":"https:\/\/secure.gravatar.com\/avatar\/68592660ad6347fad0fb587f8d5d8f1a7b44961362f56e4f2cd524feb87e9069?s=96&d=mm&r=g","caption":"dmcsrbija.com@gmail.com"},"sameAs":["https:\/\/dmcsrb.com"],"url":"https:\/\/dmcsrb.com\/en\/author\/dmcsrbija-comgmail-com\/"}]}},"_links":{"self":[{"href":"https:\/\/dmcsrb.com\/en\/wp-json\/wp\/v2\/posts\/958808","targetHints":{"allow":["GET"]}}],"collection":[{"href":"https:\/\/dmcsrb.com\/en\/wp-json\/wp\/v2\/posts"}],"about":[{"href":"https:\/\/dmcsrb.com\/en\/wp-json\/wp\/v2\/types\/post"}],"author":[{"embeddable":true,"href":"https:\/\/dmcsrb.com\/en\/wp-json\/wp\/v2\/users\/1"}],"replies":[{"embeddable":true,"href":"https:\/\/dmcsrb.com\/en\/wp-json\/wp\/v2\/comments?post=958808"}],"version-history":[{"count":0,"href":"https:\/\/dmcsrb.com\/en\/wp-json\/wp\/v2\/posts\/958808\/revisions"}],"wp:featuredmedia":[{"embeddable":true,"href":"https:\/\/dmcsrb.com\/en\/wp-json\/wp\/v2\/media\/948782"}],"wp:attachment":[{"href":"https:\/\/dmcsrb.com\/en\/wp-json\/wp\/v2\/media?parent=958808"}],"wp:term":[{"taxonomy":"category","embeddable":true,"href":"https:\/\/dmcsrb.com\/en\/wp-json\/wp\/v2\/categories?post=958808"},{"taxonomy":"post_tag","embeddable":true,"href":"https:\/\/dmcsrb.com\/en\/wp-json\/wp\/v2\/tags?post=958808"},{"taxonomy":"naslovna","embeddable":true,"href":"https:\/\/dmcsrb.com\/en\/wp-json\/wp\/v2\/naslovna?post=958808"}],"curies":[{"name":"wp","href":"https:\/\/api.w.org\/{rel}","templated":true}]}}