{"id":958803,"date":"2025-10-19T14:39:00","date_gmt":"2025-10-19T12:39:00","guid":{"rendered":"https:\/\/dmcsrb.com\/uncategorized\/netanjahu-ce-se-ponovo-kandidovati-za-premijera-izraela\/"},"modified":"2025-10-19T14:39:00","modified_gmt":"2025-10-19T12:39:00","slug":"netanjahu-ce-se-ponovo-kandidovati-za-premijera-izraela","status":"publish","type":"post","link":"https:\/\/dmcsrb.com\/en\/svijet\/netanjahu-ce-se-ponovo-kandidovati-za-premijera-izraela\/","title":{"rendered":"Netanjahu \u0107e se ponovo kandidovati za premijera Izraela"},"content":{"rendered":"<p><\/p>\n\n\n\n<p>Netanjahu, koji je i lider Likuda, najve\u0107e desni\u010darske partije u Izraelu, potvrdno je odgovorio na pitanje novinara izraelske televizije Kanal 14, gdje je gostovao, namjerava li da se ponovo kandiduje.&nbsp;<\/p>\n\n\n\n<p>Netanjahu je kazao da \u0107e se kandidovati za premijera na izborima koji \u0107e biti odr\u017eani u novembru 2026. i da o\u010dekuje pobjedu, prenosi&nbsp;<a href=\"https:\/\/www.france24.com\/en\/video\/20251019-israel-s-netanyahu-says-will-run-again-for-pm-in-2026-elections\" rel=\"noreferrer noopener\" target=\"_blank\">France 24<\/a>.<\/p>\n\n\n\n<p>Netanjahu obavlja funkciju premijera od 1996. godine uz prekide.<\/p>\n\n\n\n<p>Njegov premijerski mandat koji traje vi\u0161e od 18 godina najdu\u017ei je u dosada\u0161njoj istoriji Izraela, prenose<a href=\"https:\/\/www.vijesti.me\/svijet\/globus\/779556\/netanjahu-ce-se-ponovo-kandidovati-za-premijera-izraela\" rel=\"noreferrer noopener\" target=\"_blank\">&nbsp;&#8220;Vijesti&#8221;<\/a>.<\/p>\n\n\n\n<p>Netanjahuov sada\u0161nji mandat po\u010deo je kontroverznim planom reforme pravosu\u0111a koji je izazvao vi\u0161emjese\u010dne masovne proteste, sa desetinama hiljada Izraelaca koji su gotovo svakodnevno izlazili na ulice, prenosi&nbsp;<a href=\"https:\/\/www.straitstimes.com\/world\/middle-east\/israels-netanyahu-says-will-run-for-pm-in-next-years-election\" rel=\"noreferrer noopener\" target=\"_blank\">&#8220;Straits Times&#8221;<\/a>.<\/p>\n\n\n\n<p>Od po\u010detka rata u Gazi, koji je izbio nakon smrtonosnog napada Hamasa na Izrael 7. oktobra 2023., Netanjahu se tako\u0111e suo\u010dava sa sve ve\u0107im kritikama porodica talaca zbog na\u010dina na koji je vodio rat, pi\u0161e AFP.<\/p>","protected":false},"excerpt":{"rendered":"<p>Izraelski premijer Benjamin Netanjahu ponovo \u0107e se kandidovati za tu funkciju i na predstoje\u0107im izborima.<\/p>","protected":false},"author":1,"featured_media":908795,"comment_status":"open","ping_status":"open","sticky":false,"template":"","format":"standard","meta":{"_acf_changed":false,"footnotes":""},"categories":[144],"tags":[5520,11890,11891],"naslovna":[],"class_list":["post-958803","post","type-post","status-publish","format-standard","has-post-thumbnail","hentry","category-svijet","tag-netanjahu","tag-ponovna-kandidatura","tag-premijer-izraela"],"acf":[],"yoast_head":"<!-- This site is optimized with the Yoast SEO plugin v27.4 - https:\/\/yoast.com\/product\/yoast-seo-wordpress\/ -->\n<title>Netanjahu \u0107e se ponovo kandidovati za premijera Izraela - dmcsrb.com<\/title>\n<meta name=\"robots\" content=\"index, follow, max-snippet:-1, max-image-preview:large, max-video-preview:-1\" \/>\n<link rel=\"canonical\" href=\"https:\/\/dmcsrb.com\/en\/svijet\/netanjahu-ce-se-ponovo-kandidovati-za-premijera-izraela\/\" \/>\n<meta property=\"og:locale\" content=\"en_GB\" \/>\n<meta property=\"og:type\" content=\"article\" \/>\n<meta property=\"og:title\" content=\"Netanjahu \u0107e se ponovo kandidovati za premijera Izraela - dmcsrb.com\" \/>\n<meta property=\"og:description\" content=\"Izraelski premijer Benjamin Netanjahu ponovo \u0107e se kandidovati za tu funkciju i na predstoje\u0107im izborima.\" \/>\n<meta property=\"og:url\" content=\"https:\/\/dmcsrb.com\/en\/svijet\/netanjahu-ce-se-ponovo-kandidovati-za-premijera-izraela\/\" \/>\n<meta property=\"og:site_name\" content=\"dmcsrb.com\" \/>\n<meta property=\"article:published_time\" content=\"2025-10-19T12:39:00+00:00\" \/>\n<meta property=\"og:image\" content=\"https:\/\/dmcsrb.com\/wp-content\/uploads\/2026\/01\/Netanjahu.jpg\" \/>\n\t<meta property=\"og:image:width\" content=\"1320\" \/>\n\t<meta property=\"og:image:height\" content=\"880\" \/>\n\t<meta property=\"og:image:type\" content=\"image\/jpeg\" \/>\n<meta name=\"author\" content=\"dmcsrbija.com@gmail.com\" \/>\n<meta name=\"twitter:card\" content=\"summary_large_image\" \/>\n<meta name=\"twitter:label1\" content=\"Written by\" \/>\n\t<meta name=\"twitter:data1\" content=\"dmcsrbija.com@gmail.com\" \/>\n\t<meta name=\"twitter:label2\" content=\"Estimated reading time\" \/>\n\t<meta name=\"twitter:data2\" content=\"1 minute\" \/>\n<script type=\"application\/ld+json\" class=\"yoast-schema-graph\">{\"@context\":\"https:\\\/\\\/schema.org\",\"@graph\":[{\"@type\":\"Article\",\"@id\":\"https:\\\/\\\/dmcsrb.com\\\/svijet\\\/netanjahu-ce-se-ponovo-kandidovati-za-premijera-izraela\\\/#article\",\"isPartOf\":{\"@id\":\"https:\\\/\\\/dmcsrb.com\\\/svijet\\\/netanjahu-ce-se-ponovo-kandidovati-za-premijera-izraela\\\/\"},\"author\":{\"name\":\"dmcsrbija.com@gmail.com\",\"@id\":\"https:\\\/\\\/dmcsrb.com\\\/#\\\/schema\\\/person\\\/5c39170f12db1b8b457732d0b5c854e2\"},\"headline\":\"Netanjahu \u0107e se ponovo kandidovati za premijera Izraela\",\"datePublished\":\"2025-10-19T12:39:00+00:00\",\"mainEntityOfPage\":{\"@id\":\"https:\\\/\\\/dmcsrb.com\\\/svijet\\\/netanjahu-ce-se-ponovo-kandidovati-za-premijera-izraela\\\/\"},\"wordCount\":169,\"commentCount\":0,\"image\":{\"@id\":\"https:\\\/\\\/dmcsrb.com\\\/svijet\\\/netanjahu-ce-se-ponovo-kandidovati-za-premijera-izraela\\\/#primaryimage\"},\"thumbnailUrl\":\"https:\\\/\\\/dmcsrb.com\\\/wp-content\\\/uploads\\\/2026\\\/01\\\/Netanjahu.jpg\",\"keywords\":[\"Netanjahu\",\"Ponovna kandidatura\",\"Premijer Izraela\"],\"articleSection\":[\"Svijet\"],\"inLanguage\":\"en-GB\",\"potentialAction\":[{\"@type\":\"CommentAction\",\"name\":\"Comment\",\"target\":[\"https:\\\/\\\/dmcsrb.com\\\/svijet\\\/netanjahu-ce-se-ponovo-kandidovati-za-premijera-izraela\\\/#respond\"]}]},{\"@type\":\"WebPage\",\"@id\":\"https:\\\/\\\/dmcsrb.com\\\/svijet\\\/netanjahu-ce-se-ponovo-kandidovati-za-premijera-izraela\\\/\",\"url\":\"https:\\\/\\\/dmcsrb.com\\\/svijet\\\/netanjahu-ce-se-ponovo-kandidovati-za-premijera-izraela\\\/\",\"name\":\"Netanjahu \u0107e se ponovo kandidovati za premijera Izraela - dmcsrb.com\",\"isPartOf\":{\"@id\":\"https:\\\/\\\/dmcsrb.com\\\/#website\"},\"primaryImageOfPage\":{\"@id\":\"https:\\\/\\\/dmcsrb.com\\\/svijet\\\/netanjahu-ce-se-ponovo-kandidovati-za-premijera-izraela\\\/#primaryimage\"},\"image\":{\"@id\":\"https:\\\/\\\/dmcsrb.com\\\/svijet\\\/netanjahu-ce-se-ponovo-kandidovati-za-premijera-izraela\\\/#primaryimage\"},\"thumbnailUrl\":\"https:\\\/\\\/dmcsrb.com\\\/wp-content\\\/uploads\\\/2026\\\/01\\\/Netanjahu.jpg\",\"datePublished\":\"2025-10-19T12:39:00+00:00\",\"author\":{\"@id\":\"https:\\\/\\\/dmcsrb.com\\\/#\\\/schema\\\/person\\\/5c39170f12db1b8b457732d0b5c854e2\"},\"breadcrumb\":{\"@id\":\"https:\\\/\\\/dmcsrb.com\\\/svijet\\\/netanjahu-ce-se-ponovo-kandidovati-za-premijera-izraela\\\/#breadcrumb\"},\"inLanguage\":\"en-GB\",\"potentialAction\":[{\"@type\":\"ReadAction\",\"target\":[\"https:\\\/\\\/dmcsrb.com\\\/svijet\\\/netanjahu-ce-se-ponovo-kandidovati-za-premijera-izraela\\\/\"]}]},{\"@type\":\"ImageObject\",\"inLanguage\":\"en-GB\",\"@id\":\"https:\\\/\\\/dmcsrb.com\\\/svijet\\\/netanjahu-ce-se-ponovo-kandidovati-za-premijera-izraela\\\/#primaryimage\",\"url\":\"https:\\\/\\\/dmcsrb.com\\\/wp-content\\\/uploads\\\/2026\\\/01\\\/Netanjahu.jpg\",\"contentUrl\":\"https:\\\/\\\/dmcsrb.com\\\/wp-content\\\/uploads\\\/2026\\\/01\\\/Netanjahu.jpg\",\"width\":1320,\"height\":880},{\"@type\":\"BreadcrumbList\",\"@id\":\"https:\\\/\\\/dmcsrb.com\\\/svijet\\\/netanjahu-ce-se-ponovo-kandidovati-za-premijera-izraela\\\/#breadcrumb\",\"itemListElement\":[{\"@type\":\"ListItem\",\"position\":1,\"name\":\"Home\",\"item\":\"https:\\\/\\\/dmcsrb.com\\\/\"},{\"@type\":\"ListItem\",\"position\":2,\"name\":\"Netanjahu \u0107e se ponovo kandidovati za premijera Izraela\"}]},{\"@type\":\"WebSite\",\"@id\":\"https:\\\/\\\/dmcsrb.com\\\/#website\",\"url\":\"https:\\\/\\\/dmcsrb.com\\\/\",\"name\":\"dmcsrb.com\",\"description\":\"\",\"potentialAction\":[{\"@type\":\"SearchAction\",\"target\":{\"@type\":\"EntryPoint\",\"urlTemplate\":\"https:\\\/\\\/dmcsrb.com\\\/?s={search_term_string}\"},\"query-input\":{\"@type\":\"PropertyValueSpecification\",\"valueRequired\":true,\"valueName\":\"search_term_string\"}}],\"inLanguage\":\"en-GB\"},{\"@type\":\"Person\",\"@id\":\"https:\\\/\\\/dmcsrb.com\\\/#\\\/schema\\\/person\\\/5c39170f12db1b8b457732d0b5c854e2\",\"name\":\"dmcsrbija.com@gmail.com\",\"image\":{\"@type\":\"ImageObject\",\"inLanguage\":\"en-GB\",\"@id\":\"https:\\\/\\\/secure.gravatar.com\\\/avatar\\\/68592660ad6347fad0fb587f8d5d8f1a7b44961362f56e4f2cd524feb87e9069?s=96&d=mm&r=g\",\"url\":\"https:\\\/\\\/secure.gravatar.com\\\/avatar\\\/68592660ad6347fad0fb587f8d5d8f1a7b44961362f56e4f2cd524feb87e9069?s=96&d=mm&r=g\",\"contentUrl\":\"https:\\\/\\\/secure.gravatar.com\\\/avatar\\\/68592660ad6347fad0fb587f8d5d8f1a7b44961362f56e4f2cd524feb87e9069?s=96&d=mm&r=g\",\"caption\":\"dmcsrbija.com@gmail.com\"},\"sameAs\":[\"https:\\\/\\\/dmcsrb.com\"],\"url\":\"https:\\\/\\\/dmcsrb.com\\\/en\\\/author\\\/dmcsrbija-comgmail-com\\\/\"}]}<\/script>\n<!-- \/ Yoast SEO plugin. -->","yoast_head_json":{"title":"Netanjahu \u0107e se ponovo kandidovati za premijera Izraela - dmcsrb.com","robots":{"index":"index","follow":"follow","max-snippet":"max-snippet:-1","max-image-preview":"max-image-preview:large","max-video-preview":"max-video-preview:-1"},"canonical":"https:\/\/dmcsrb.com\/en\/svijet\/netanjahu-ce-se-ponovo-kandidovati-za-premijera-izraela\/","og_locale":"en_GB","og_type":"article","og_title":"Netanjahu \u0107e se ponovo kandidovati za premijera Izraela - dmcsrb.com","og_description":"Izraelski premijer Benjamin Netanjahu ponovo \u0107e se kandidovati za tu funkciju i na predstoje\u0107im izborima.","og_url":"https:\/\/dmcsrb.com\/en\/svijet\/netanjahu-ce-se-ponovo-kandidovati-za-premijera-izraela\/","og_site_name":"dmcsrb.com","article_published_time":"2025-10-19T12:39:00+00:00","og_image":[{"width":1320,"height":880,"url":"https:\/\/dmcsrb.com\/wp-content\/uploads\/2026\/01\/Netanjahu.jpg","type":"image\/jpeg"}],"author":"dmcsrbija.com@gmail.com","twitter_card":"summary_large_image","twitter_misc":{"Written by":"dmcsrbija.com@gmail.com","Estimated reading time":"1 minute"},"schema":{"@context":"https:\/\/schema.org","@graph":[{"@type":"Article","@id":"https:\/\/dmcsrb.com\/svijet\/netanjahu-ce-se-ponovo-kandidovati-za-premijera-izraela\/#article","isPartOf":{"@id":"https:\/\/dmcsrb.com\/svijet\/netanjahu-ce-se-ponovo-kandidovati-za-premijera-izraela\/"},"author":{"name":"dmcsrbija.com@gmail.com","@id":"https:\/\/dmcsrb.com\/#\/schema\/person\/5c39170f12db1b8b457732d0b5c854e2"},"headline":"Netanjahu \u0107e se ponovo kandidovati za premijera Izraela","datePublished":"2025-10-19T12:39:00+00:00","mainEntityOfPage":{"@id":"https:\/\/dmcsrb.com\/svijet\/netanjahu-ce-se-ponovo-kandidovati-za-premijera-izraela\/"},"wordCount":169,"commentCount":0,"image":{"@id":"https:\/\/dmcsrb.com\/svijet\/netanjahu-ce-se-ponovo-kandidovati-za-premijera-izraela\/#primaryimage"},"thumbnailUrl":"https:\/\/dmcsrb.com\/wp-content\/uploads\/2026\/01\/Netanjahu.jpg","keywords":["Netanjahu","Ponovna kandidatura","Premijer Izraela"],"articleSection":["Svijet"],"inLanguage":"en-GB","potentialAction":[{"@type":"CommentAction","name":"Comment","target":["https:\/\/dmcsrb.com\/svijet\/netanjahu-ce-se-ponovo-kandidovati-za-premijera-izraela\/#respond"]}]},{"@type":"WebPage","@id":"https:\/\/dmcsrb.com\/svijet\/netanjahu-ce-se-ponovo-kandidovati-za-premijera-izraela\/","url":"https:\/\/dmcsrb.com\/svijet\/netanjahu-ce-se-ponovo-kandidovati-za-premijera-izraela\/","name":"Netanjahu \u0107e se ponovo kandidovati za premijera Izraela - dmcsrb.com","isPartOf":{"@id":"https:\/\/dmcsrb.com\/#website"},"primaryImageOfPage":{"@id":"https:\/\/dmcsrb.com\/svijet\/netanjahu-ce-se-ponovo-kandidovati-za-premijera-izraela\/#primaryimage"},"image":{"@id":"https:\/\/dmcsrb.com\/svijet\/netanjahu-ce-se-ponovo-kandidovati-za-premijera-izraela\/#primaryimage"},"thumbnailUrl":"https:\/\/dmcsrb.com\/wp-content\/uploads\/2026\/01\/Netanjahu.jpg","datePublished":"2025-10-19T12:39:00+00:00","author":{"@id":"https:\/\/dmcsrb.com\/#\/schema\/person\/5c39170f12db1b8b457732d0b5c854e2"},"breadcrumb":{"@id":"https:\/\/dmcsrb.com\/svijet\/netanjahu-ce-se-ponovo-kandidovati-za-premijera-izraela\/#breadcrumb"},"inLanguage":"en-GB","potentialAction":[{"@type":"ReadAction","target":["https:\/\/dmcsrb.com\/svijet\/netanjahu-ce-se-ponovo-kandidovati-za-premijera-izraela\/"]}]},{"@type":"ImageObject","inLanguage":"en-GB","@id":"https:\/\/dmcsrb.com\/svijet\/netanjahu-ce-se-ponovo-kandidovati-za-premijera-izraela\/#primaryimage","url":"https:\/\/dmcsrb.com\/wp-content\/uploads\/2026\/01\/Netanjahu.jpg","contentUrl":"https:\/\/dmcsrb.com\/wp-content\/uploads\/2026\/01\/Netanjahu.jpg","width":1320,"height":880},{"@type":"BreadcrumbList","@id":"https:\/\/dmcsrb.com\/svijet\/netanjahu-ce-se-ponovo-kandidovati-za-premijera-izraela\/#breadcrumb","itemListElement":[{"@type":"ListItem","position":1,"name":"Home","item":"https:\/\/dmcsrb.com\/"},{"@type":"ListItem","position":2,"name":"Netanjahu \u0107e se ponovo kandidovati za premijera Izraela"}]},{"@type":"WebSite","@id":"https:\/\/dmcsrb.com\/#website","url":"https:\/\/dmcsrb.com\/","name":"dmcsrb.com","description":"","potentialAction":[{"@type":"SearchAction","target":{"@type":"EntryPoint","urlTemplate":"https:\/\/dmcsrb.com\/?s={search_term_string}"},"query-input":{"@type":"PropertyValueSpecification","valueRequired":true,"valueName":"search_term_string"}}],"inLanguage":"en-GB"},{"@type":"Person","@id":"https:\/\/dmcsrb.com\/#\/schema\/person\/5c39170f12db1b8b457732d0b5c854e2","name":"dmcsrbija.com@gmail.com","image":{"@type":"ImageObject","inLanguage":"en-GB","@id":"https:\/\/secure.gravatar.com\/avatar\/68592660ad6347fad0fb587f8d5d8f1a7b44961362f56e4f2cd524feb87e9069?s=96&d=mm&r=g","url":"https:\/\/secure.gravatar.com\/avatar\/68592660ad6347fad0fb587f8d5d8f1a7b44961362f56e4f2cd524feb87e9069?s=96&d=mm&r=g","contentUrl":"https:\/\/secure.gravatar.com\/avatar\/68592660ad6347fad0fb587f8d5d8f1a7b44961362f56e4f2cd524feb87e9069?s=96&d=mm&r=g","caption":"dmcsrbija.com@gmail.com"},"sameAs":["https:\/\/dmcsrb.com"],"url":"https:\/\/dmcsrb.com\/en\/author\/dmcsrbija-comgmail-com\/"}]}},"_links":{"self":[{"href":"https:\/\/dmcsrb.com\/en\/wp-json\/wp\/v2\/posts\/958803","targetHints":{"allow":["GET"]}}],"collection":[{"href":"https:\/\/dmcsrb.com\/en\/wp-json\/wp\/v2\/posts"}],"about":[{"href":"https:\/\/dmcsrb.com\/en\/wp-json\/wp\/v2\/types\/post"}],"author":[{"embeddable":true,"href":"https:\/\/dmcsrb.com\/en\/wp-json\/wp\/v2\/users\/1"}],"replies":[{"embeddable":true,"href":"https:\/\/dmcsrb.com\/en\/wp-json\/wp\/v2\/comments?post=958803"}],"version-history":[{"count":0,"href":"https:\/\/dmcsrb.com\/en\/wp-json\/wp\/v2\/posts\/958803\/revisions"}],"wp:featuredmedia":[{"embeddable":true,"href":"https:\/\/dmcsrb.com\/en\/wp-json\/wp\/v2\/media\/908795"}],"wp:attachment":[{"href":"https:\/\/dmcsrb.com\/en\/wp-json\/wp\/v2\/media?parent=958803"}],"wp:term":[{"taxonomy":"category","embeddable":true,"href":"https:\/\/dmcsrb.com\/en\/wp-json\/wp\/v2\/categories?post=958803"},{"taxonomy":"post_tag","embeddable":true,"href":"https:\/\/dmcsrb.com\/en\/wp-json\/wp\/v2\/tags?post=958803"},{"taxonomy":"naslovna","embeddable":true,"href":"https:\/\/dmcsrb.com\/en\/wp-json\/wp\/v2\/naslovna?post=958803"}],"curies":[{"name":"wp","href":"https:\/\/api.w.org\/{rel}","templated":true}]}}