{"id":958772,"date":"2025-10-19T13:14:00","date_gmt":"2025-10-19T11:14:00","guid":{"rendered":"https:\/\/dmcsrb.com\/uncategorized\/svjetske-berze-nestabilne-zbog-trgovinskog-rata-sad-a-i-kine\/"},"modified":"2025-10-19T13:14:00","modified_gmt":"2025-10-19T11:14:00","slug":"svjetske-berze-nestabilne-zbog-trgovinskog-rata-sad-a-i-kine","status":"publish","type":"post","link":"https:\/\/dmcsrb.com\/en\/svijet\/svjetske-berze-nestabilne-zbog-trgovinskog-rata-sad-a-i-kine\/","title":{"rendered":"Svjetske berze nestabilne zbog trgovinskog rata SAD-a i Kine"},"content":{"rendered":"<p>Na svjetskim berzama se ove sedmice trgovalo nestabilno, jer se trgovinskom ratu izme\u0111u Sjedinjenih Ameri\u010dkih Dr\u017eava (SAD) i Kine ne nazire kraj, dok su podr\u0161ku tr\u017ei\u0161tima pru\u017eili bolji nego \u0161to se o\u010dekivalo kvartalni poslovni rezultati kompanija i banaka.<\/p>\n\n\n\n<p>Na Wall Streetu je Dow Jones indeks oja\u010dao 1,6 odsto na 46.190 bodova, dok je S&amp;P 500 porastao 1,7 odsto na 6.664 poena, a Nasdaq 2,1 odsto na 22.679 bodova.<\/p>\n\n\n\n<p>Indeksi su nadoknadili ve\u0107i dio gubitaka od prethodne sedmice, no trgovalo se nesigurno, s obzirom na to da trgovinske tenzije izme\u0111u dvije najve\u0107e svjetske ekonomije ne popu\u0161taju, prenosi Hina.<\/p>\n\n\n\n<p>Prije desetak dana predsjednik SAD-a, Donald Trump, zaprijetio je uvo\u0111enjem 100-procentnih carina Kini od 1. novembra, kao i drugim mjerama, nakon \u0161to je Kina ograni\u010dila izvoz rijetkih zemnih minerala.<\/p>\n\n\n\n<p>Posljednjih dana Trump ubla\u017euje retoriku, no ulaga\u010di nijesu sigurni da je uskoro ne\u0107e ponovno zao\u0161triti.<\/p>\n\n\n\n<p>\u201eUlaga\u010di nijesu sigurni kako da shvate Trumpove izjave. Puno je tu negativnih pa pozitivnih komentara u vezi sa Kinom i carinama, ali i svega ostalog&#8221;, rekao je portfolio menad\u017eer u firmi Dakota Wealth, Robert Pavlik.<\/p>\n\n\n\n<p>Podr\u0161ku tr\u017ei\u0161tu pru\u017eili su bolji nego \u0161to se o\u010dekivalo kvartalni poslovni rezultati kompanija i najve\u0107ih ameri\u010dkih banaka.<\/p>\n\n\n\n<p>Zbog toga sada analiti\u010dari u anketi Reutersa procjenjuju da su zarade kompanija iz sastava S&amp;P 500 indeksa u tre\u0107em tromjese\u010dju porasle 9,3 odsto u odnosu na isti pro\u0161logodi\u0161nji period, dok su na po\u010detku sezone objava finansijskih izvje\u0161taja o\u010dekivali rast od 8,8 odsto.<\/p>\n\n\n\n<p>No, dok su najve\u0107e ameri\u010dke banke obavijestile o boljim nego \u0161to se o\u010dekivalo rezultatima, regionalne banke ne stoje tako dobro i izvje\u0161tavaju o problemima.<\/p>\n\n\n\n<p>&#8220;O\u0161tro su pale cijene dionica nekih regionalnih banaka i finansijskih institucija koje su posebno osjetljive na kredite. Mo\u017eda se kvalitet kredita pogor\u0161ava&#8221;, rekao je analiti\u010dar u firmi Horizon Investment Services, Chuck Carlson.<\/p>\n\n\n\n<p>Ipak, u petak se i taj sektor blago oporavio. U \u010detvrtak je, naime, S&amp;P 1500 indeks regionalnih banaka potonuo gotovo \u0161est odsto, no u petak je porastao oko dva odsto.<\/p>\n\n\n\n<p>A na ve\u0107ini evropskih berzi cijene dionica su pale. Londonski FTSE indeks skliznuo je 0,8 odsto na 9.354 boda, a frankfurtski DAX 1,7 odsto na 23.830 poena.<\/p>\n\n\n\n<p>Pariski CAC sko\u010dio je 3,2 odsto na 8.174 boda, zahvaljuju\u0107i djelimi\u010dnom smirivanju situacije nakon pada prethodne vlade i izbora nove, ali i boljim nego \u0161to se o\u010dekivalo poslovnim rezultatima ve\u0107ine kompanija.<\/p>","protected":false},"excerpt":{"rendered":"<p>Na svjetskim berzama se ove sedmice trgovalo nestabilno, jer se trgovinskom ratu izme\u0111u Sjedinjenih Ameri\u010dkih Dr\u017eava (SAD) i Kine ne nazire kraj, dok su podr\u0161ku tr\u017ei\u0161tima pru\u017eili bolji nego \u0161to se o\u010dekivalo kvartalni poslovni rezultati kompanija i banaka.<\/p>","protected":false},"author":1,"featured_media":910353,"comment_status":"open","ping_status":"open","sticky":false,"template":"","format":"standard","meta":{"_acf_changed":false,"footnotes":""},"categories":[144],"tags":[1598,971,195],"naslovna":[],"class_list":["post-958772","post","type-post","status-publish","format-standard","has-post-thumbnail","hentry","category-svijet","tag-berza","tag-kina","tag-sad"],"acf":[],"yoast_head":"<!-- This site is optimized with the Yoast SEO plugin v27.0 - https:\/\/yoast.com\/product\/yoast-seo-wordpress\/ -->\n<title>Svjetske berze nestabilne zbog trgovinskog rata SAD-a i Kine - dmcsrb.com<\/title>\n<meta name=\"robots\" content=\"index, follow, max-snippet:-1, max-image-preview:large, max-video-preview:-1\" \/>\n<link rel=\"canonical\" href=\"https:\/\/dmcsrb.com\/en\/svijet\/svjetske-berze-nestabilne-zbog-trgovinskog-rata-sad-a-i-kine\/\" \/>\n<meta property=\"og:locale\" content=\"en_GB\" \/>\n<meta property=\"og:type\" content=\"article\" \/>\n<meta property=\"og:title\" content=\"Svjetske berze nestabilne zbog trgovinskog rata SAD-a i Kine - dmcsrb.com\" \/>\n<meta property=\"og:description\" content=\"Na svjetskim berzama se ove sedmice trgovalo nestabilno, jer se trgovinskom ratu izme\u0111u Sjedinjenih Ameri\u010dkih Dr\u017eava (SAD) i Kine ne nazire kraj, dok su podr\u0161ku tr\u017ei\u0161tima pru\u017eili bolji nego \u0161to se o\u010dekivalo kvartalni poslovni rezultati kompanija i banaka.\" \/>\n<meta property=\"og:url\" content=\"https:\/\/dmcsrb.com\/en\/svijet\/svjetske-berze-nestabilne-zbog-trgovinskog-rata-sad-a-i-kine\/\" \/>\n<meta property=\"og:site_name\" content=\"dmcsrb.com\" \/>\n<meta property=\"article:published_time\" content=\"2025-10-19T11:14:00+00:00\" \/>\n<meta property=\"og:image\" content=\"https:\/\/dmcsrb.com\/wp-content\/uploads\/2026\/01\/berza_trgovanje_obveznice-scaled-1.jpg\" \/>\n\t<meta property=\"og:image:width\" content=\"2560\" \/>\n\t<meta property=\"og:image:height\" content=\"1440\" \/>\n\t<meta property=\"og:image:type\" content=\"image\/jpeg\" \/>\n<meta name=\"author\" content=\"dmcsrbija.com@gmail.com\" \/>\n<meta name=\"twitter:card\" content=\"summary_large_image\" \/>\n<meta name=\"twitter:label1\" content=\"Written by\" \/>\n\t<meta name=\"twitter:data1\" content=\"dmcsrbija.com@gmail.com\" \/>\n\t<meta name=\"twitter:label2\" content=\"Estimated reading time\" \/>\n\t<meta name=\"twitter:data2\" content=\"2 minutes\" \/>\n<script type=\"application\/ld+json\" class=\"yoast-schema-graph\">{\"@context\":\"https:\/\/schema.org\",\"@graph\":[{\"@type\":\"Article\",\"@id\":\"https:\/\/dmcsrb.com\/svijet\/svjetske-berze-nestabilne-zbog-trgovinskog-rata-sad-a-i-kine\/#article\",\"isPartOf\":{\"@id\":\"https:\/\/dmcsrb.com\/svijet\/svjetske-berze-nestabilne-zbog-trgovinskog-rata-sad-a-i-kine\/\"},\"author\":{\"name\":\"dmcsrbija.com@gmail.com\",\"@id\":\"https:\/\/dmcsrb.com\/#\/schema\/person\/5c39170f12db1b8b457732d0b5c854e2\"},\"headline\":\"Svjetske berze nestabilne zbog trgovinskog rata SAD-a i Kine\",\"datePublished\":\"2025-10-19T11:14:00+00:00\",\"mainEntityOfPage\":{\"@id\":\"https:\/\/dmcsrb.com\/svijet\/svjetske-berze-nestabilne-zbog-trgovinskog-rata-sad-a-i-kine\/\"},\"wordCount\":426,\"commentCount\":0,\"image\":{\"@id\":\"https:\/\/dmcsrb.com\/svijet\/svjetske-berze-nestabilne-zbog-trgovinskog-rata-sad-a-i-kine\/#primaryimage\"},\"thumbnailUrl\":\"https:\/\/dmcsrb.com\/wp-content\/uploads\/2026\/01\/berza_trgovanje_obveznice-scaled-1.jpg\",\"keywords\":[\"berza\",\"Kina\",\"SAD\"],\"articleSection\":[\"Svijet\"],\"inLanguage\":\"en-GB\",\"potentialAction\":[{\"@type\":\"CommentAction\",\"name\":\"Comment\",\"target\":[\"https:\/\/dmcsrb.com\/svijet\/svjetske-berze-nestabilne-zbog-trgovinskog-rata-sad-a-i-kine\/#respond\"]}]},{\"@type\":\"WebPage\",\"@id\":\"https:\/\/dmcsrb.com\/svijet\/svjetske-berze-nestabilne-zbog-trgovinskog-rata-sad-a-i-kine\/\",\"url\":\"https:\/\/dmcsrb.com\/svijet\/svjetske-berze-nestabilne-zbog-trgovinskog-rata-sad-a-i-kine\/\",\"name\":\"Svjetske berze nestabilne zbog trgovinskog rata SAD-a i Kine - dmcsrb.com\",\"isPartOf\":{\"@id\":\"https:\/\/dmcsrb.com\/#website\"},\"primaryImageOfPage\":{\"@id\":\"https:\/\/dmcsrb.com\/svijet\/svjetske-berze-nestabilne-zbog-trgovinskog-rata-sad-a-i-kine\/#primaryimage\"},\"image\":{\"@id\":\"https:\/\/dmcsrb.com\/svijet\/svjetske-berze-nestabilne-zbog-trgovinskog-rata-sad-a-i-kine\/#primaryimage\"},\"thumbnailUrl\":\"https:\/\/dmcsrb.com\/wp-content\/uploads\/2026\/01\/berza_trgovanje_obveznice-scaled-1.jpg\",\"datePublished\":\"2025-10-19T11:14:00+00:00\",\"author\":{\"@id\":\"https:\/\/dmcsrb.com\/#\/schema\/person\/5c39170f12db1b8b457732d0b5c854e2\"},\"breadcrumb\":{\"@id\":\"https:\/\/dmcsrb.com\/svijet\/svjetske-berze-nestabilne-zbog-trgovinskog-rata-sad-a-i-kine\/#breadcrumb\"},\"inLanguage\":\"en-GB\",\"potentialAction\":[{\"@type\":\"ReadAction\",\"target\":[\"https:\/\/dmcsrb.com\/svijet\/svjetske-berze-nestabilne-zbog-trgovinskog-rata-sad-a-i-kine\/\"]}]},{\"@type\":\"ImageObject\",\"inLanguage\":\"en-GB\",\"@id\":\"https:\/\/dmcsrb.com\/svijet\/svjetske-berze-nestabilne-zbog-trgovinskog-rata-sad-a-i-kine\/#primaryimage\",\"url\":\"https:\/\/dmcsrb.com\/wp-content\/uploads\/2026\/01\/berza_trgovanje_obveznice-scaled-1.jpg\",\"contentUrl\":\"https:\/\/dmcsrb.com\/wp-content\/uploads\/2026\/01\/berza_trgovanje_obveznice-scaled-1.jpg\",\"width\":2560,\"height\":1440},{\"@type\":\"BreadcrumbList\",\"@id\":\"https:\/\/dmcsrb.com\/svijet\/svjetske-berze-nestabilne-zbog-trgovinskog-rata-sad-a-i-kine\/#breadcrumb\",\"itemListElement\":[{\"@type\":\"ListItem\",\"position\":1,\"name\":\"Home\",\"item\":\"https:\/\/dmcsrb.com\/\"},{\"@type\":\"ListItem\",\"position\":2,\"name\":\"Svjetske berze nestabilne zbog trgovinskog rata SAD-a i Kine\"}]},{\"@type\":\"WebSite\",\"@id\":\"https:\/\/dmcsrb.com\/#website\",\"url\":\"https:\/\/dmcsrb.com\/\",\"name\":\"dmcsrb.com\",\"description\":\"\",\"potentialAction\":[{\"@type\":\"SearchAction\",\"target\":{\"@type\":\"EntryPoint\",\"urlTemplate\":\"https:\/\/dmcsrb.com\/?s={search_term_string}\"},\"query-input\":{\"@type\":\"PropertyValueSpecification\",\"valueRequired\":true,\"valueName\":\"search_term_string\"}}],\"inLanguage\":\"en-GB\"},{\"@type\":\"Person\",\"@id\":\"https:\/\/dmcsrb.com\/#\/schema\/person\/5c39170f12db1b8b457732d0b5c854e2\",\"name\":\"dmcsrbija.com@gmail.com\",\"image\":{\"@type\":\"ImageObject\",\"inLanguage\":\"en-GB\",\"@id\":\"https:\/\/dmcsrb.com\/#\/schema\/person\/image\/\",\"url\":\"https:\/\/secure.gravatar.com\/avatar\/68592660ad6347fad0fb587f8d5d8f1a7b44961362f56e4f2cd524feb87e9069?s=96&d=mm&r=g\",\"contentUrl\":\"https:\/\/secure.gravatar.com\/avatar\/68592660ad6347fad0fb587f8d5d8f1a7b44961362f56e4f2cd524feb87e9069?s=96&d=mm&r=g\",\"caption\":\"dmcsrbija.com@gmail.com\"},\"sameAs\":[\"https:\/\/dmcsrb.com\"],\"url\":\"https:\/\/dmcsrb.com\/en\/author\/dmcsrbija-comgmail-com\/\"}]}<\/script>\n<!-- \/ Yoast SEO plugin. -->","yoast_head_json":{"title":"Svjetske berze nestabilne zbog trgovinskog rata SAD-a i Kine - dmcsrb.com","robots":{"index":"index","follow":"follow","max-snippet":"max-snippet:-1","max-image-preview":"max-image-preview:large","max-video-preview":"max-video-preview:-1"},"canonical":"https:\/\/dmcsrb.com\/en\/svijet\/svjetske-berze-nestabilne-zbog-trgovinskog-rata-sad-a-i-kine\/","og_locale":"en_GB","og_type":"article","og_title":"Svjetske berze nestabilne zbog trgovinskog rata SAD-a i Kine - dmcsrb.com","og_description":"Na svjetskim berzama se ove sedmice trgovalo nestabilno, jer se trgovinskom ratu izme\u0111u Sjedinjenih Ameri\u010dkih Dr\u017eava (SAD) i Kine ne nazire kraj, dok su podr\u0161ku tr\u017ei\u0161tima pru\u017eili bolji nego \u0161to se o\u010dekivalo kvartalni poslovni rezultati kompanija i banaka.","og_url":"https:\/\/dmcsrb.com\/en\/svijet\/svjetske-berze-nestabilne-zbog-trgovinskog-rata-sad-a-i-kine\/","og_site_name":"dmcsrb.com","article_published_time":"2025-10-19T11:14:00+00:00","og_image":[{"width":2560,"height":1440,"url":"https:\/\/dmcsrb.com\/wp-content\/uploads\/2026\/01\/berza_trgovanje_obveznice-scaled-1.jpg","type":"image\/jpeg"}],"author":"dmcsrbija.com@gmail.com","twitter_card":"summary_large_image","twitter_misc":{"Written by":"dmcsrbija.com@gmail.com","Estimated reading time":"2 minutes"},"schema":{"@context":"https:\/\/schema.org","@graph":[{"@type":"Article","@id":"https:\/\/dmcsrb.com\/svijet\/svjetske-berze-nestabilne-zbog-trgovinskog-rata-sad-a-i-kine\/#article","isPartOf":{"@id":"https:\/\/dmcsrb.com\/svijet\/svjetske-berze-nestabilne-zbog-trgovinskog-rata-sad-a-i-kine\/"},"author":{"name":"dmcsrbija.com@gmail.com","@id":"https:\/\/dmcsrb.com\/#\/schema\/person\/5c39170f12db1b8b457732d0b5c854e2"},"headline":"Svjetske berze nestabilne zbog trgovinskog rata SAD-a i Kine","datePublished":"2025-10-19T11:14:00+00:00","mainEntityOfPage":{"@id":"https:\/\/dmcsrb.com\/svijet\/svjetske-berze-nestabilne-zbog-trgovinskog-rata-sad-a-i-kine\/"},"wordCount":426,"commentCount":0,"image":{"@id":"https:\/\/dmcsrb.com\/svijet\/svjetske-berze-nestabilne-zbog-trgovinskog-rata-sad-a-i-kine\/#primaryimage"},"thumbnailUrl":"https:\/\/dmcsrb.com\/wp-content\/uploads\/2026\/01\/berza_trgovanje_obveznice-scaled-1.jpg","keywords":["berza","Kina","SAD"],"articleSection":["Svijet"],"inLanguage":"en-GB","potentialAction":[{"@type":"CommentAction","name":"Comment","target":["https:\/\/dmcsrb.com\/svijet\/svjetske-berze-nestabilne-zbog-trgovinskog-rata-sad-a-i-kine\/#respond"]}]},{"@type":"WebPage","@id":"https:\/\/dmcsrb.com\/svijet\/svjetske-berze-nestabilne-zbog-trgovinskog-rata-sad-a-i-kine\/","url":"https:\/\/dmcsrb.com\/svijet\/svjetske-berze-nestabilne-zbog-trgovinskog-rata-sad-a-i-kine\/","name":"Svjetske berze nestabilne zbog trgovinskog rata SAD-a i Kine - dmcsrb.com","isPartOf":{"@id":"https:\/\/dmcsrb.com\/#website"},"primaryImageOfPage":{"@id":"https:\/\/dmcsrb.com\/svijet\/svjetske-berze-nestabilne-zbog-trgovinskog-rata-sad-a-i-kine\/#primaryimage"},"image":{"@id":"https:\/\/dmcsrb.com\/svijet\/svjetske-berze-nestabilne-zbog-trgovinskog-rata-sad-a-i-kine\/#primaryimage"},"thumbnailUrl":"https:\/\/dmcsrb.com\/wp-content\/uploads\/2026\/01\/berza_trgovanje_obveznice-scaled-1.jpg","datePublished":"2025-10-19T11:14:00+00:00","author":{"@id":"https:\/\/dmcsrb.com\/#\/schema\/person\/5c39170f12db1b8b457732d0b5c854e2"},"breadcrumb":{"@id":"https:\/\/dmcsrb.com\/svijet\/svjetske-berze-nestabilne-zbog-trgovinskog-rata-sad-a-i-kine\/#breadcrumb"},"inLanguage":"en-GB","potentialAction":[{"@type":"ReadAction","target":["https:\/\/dmcsrb.com\/svijet\/svjetske-berze-nestabilne-zbog-trgovinskog-rata-sad-a-i-kine\/"]}]},{"@type":"ImageObject","inLanguage":"en-GB","@id":"https:\/\/dmcsrb.com\/svijet\/svjetske-berze-nestabilne-zbog-trgovinskog-rata-sad-a-i-kine\/#primaryimage","url":"https:\/\/dmcsrb.com\/wp-content\/uploads\/2026\/01\/berza_trgovanje_obveznice-scaled-1.jpg","contentUrl":"https:\/\/dmcsrb.com\/wp-content\/uploads\/2026\/01\/berza_trgovanje_obveznice-scaled-1.jpg","width":2560,"height":1440},{"@type":"BreadcrumbList","@id":"https:\/\/dmcsrb.com\/svijet\/svjetske-berze-nestabilne-zbog-trgovinskog-rata-sad-a-i-kine\/#breadcrumb","itemListElement":[{"@type":"ListItem","position":1,"name":"Home","item":"https:\/\/dmcsrb.com\/"},{"@type":"ListItem","position":2,"name":"Svjetske berze nestabilne zbog trgovinskog rata SAD-a i Kine"}]},{"@type":"WebSite","@id":"https:\/\/dmcsrb.com\/#website","url":"https:\/\/dmcsrb.com\/","name":"dmcsrb.com","description":"","potentialAction":[{"@type":"SearchAction","target":{"@type":"EntryPoint","urlTemplate":"https:\/\/dmcsrb.com\/?s={search_term_string}"},"query-input":{"@type":"PropertyValueSpecification","valueRequired":true,"valueName":"search_term_string"}}],"inLanguage":"en-GB"},{"@type":"Person","@id":"https:\/\/dmcsrb.com\/#\/schema\/person\/5c39170f12db1b8b457732d0b5c854e2","name":"dmcsrbija.com@gmail.com","image":{"@type":"ImageObject","inLanguage":"en-GB","@id":"https:\/\/dmcsrb.com\/#\/schema\/person\/image\/","url":"https:\/\/secure.gravatar.com\/avatar\/68592660ad6347fad0fb587f8d5d8f1a7b44961362f56e4f2cd524feb87e9069?s=96&d=mm&r=g","contentUrl":"https:\/\/secure.gravatar.com\/avatar\/68592660ad6347fad0fb587f8d5d8f1a7b44961362f56e4f2cd524feb87e9069?s=96&d=mm&r=g","caption":"dmcsrbija.com@gmail.com"},"sameAs":["https:\/\/dmcsrb.com"],"url":"https:\/\/dmcsrb.com\/en\/author\/dmcsrbija-comgmail-com\/"}]}},"_links":{"self":[{"href":"https:\/\/dmcsrb.com\/en\/wp-json\/wp\/v2\/posts\/958772","targetHints":{"allow":["GET"]}}],"collection":[{"href":"https:\/\/dmcsrb.com\/en\/wp-json\/wp\/v2\/posts"}],"about":[{"href":"https:\/\/dmcsrb.com\/en\/wp-json\/wp\/v2\/types\/post"}],"author":[{"embeddable":true,"href":"https:\/\/dmcsrb.com\/en\/wp-json\/wp\/v2\/users\/1"}],"replies":[{"embeddable":true,"href":"https:\/\/dmcsrb.com\/en\/wp-json\/wp\/v2\/comments?post=958772"}],"version-history":[{"count":0,"href":"https:\/\/dmcsrb.com\/en\/wp-json\/wp\/v2\/posts\/958772\/revisions"}],"wp:featuredmedia":[{"embeddable":true,"href":"https:\/\/dmcsrb.com\/en\/wp-json\/wp\/v2\/media\/910353"}],"wp:attachment":[{"href":"https:\/\/dmcsrb.com\/en\/wp-json\/wp\/v2\/media?parent=958772"}],"wp:term":[{"taxonomy":"category","embeddable":true,"href":"https:\/\/dmcsrb.com\/en\/wp-json\/wp\/v2\/categories?post=958772"},{"taxonomy":"post_tag","embeddable":true,"href":"https:\/\/dmcsrb.com\/en\/wp-json\/wp\/v2\/tags?post=958772"},{"taxonomy":"naslovna","embeddable":true,"href":"https:\/\/dmcsrb.com\/en\/wp-json\/wp\/v2\/naslovna?post=958772"}],"curies":[{"name":"wp","href":"https:\/\/api.w.org\/{rel}","templated":true}]}}