{"id":958768,"date":"2025-10-19T12:18:00","date_gmt":"2025-10-19T10:18:00","guid":{"rendered":"https:\/\/dmcsrb.com\/uncategorized\/lako-li-je-danas-opozicionar-biti\/"},"modified":"2025-10-19T12:18:00","modified_gmt":"2025-10-19T10:18:00","slug":"lako-li-je-danas-opozicionar-biti","status":"publish","type":"post","link":"https:\/\/dmcsrb.com\/en\/drustvo\/lako-li-je-danas-opozicionar-biti\/","title":{"rendered":"Lako li je danas opozicionar biti"},"content":{"rendered":"<p>Pi\u0161e: Prof dr Dragan Koprivica<\/p>\n\n\n\n<p>&nbsp;&nbsp;&nbsp;&nbsp;&nbsp;&nbsp;&nbsp; Dana\u0161nji opozicionari (a tako jedino i mora da bude!) \u017eive gra\u0111anskim \u017eivotom, ne trpe nikakve pritiske, mediji su im (s punim pravom!) svi dostupni, nema satanizacije, i dobro je \u0161to je to tako, jer druga\u010dije ne bi ni valjalo.<\/p>\n\n\n\n<p>&nbsp;&nbsp;&nbsp;&nbsp;&nbsp;&nbsp;&nbsp; Ali ipak treba podsjetiti na to kako je Montenegro bio bastion osionih vlasnika vlasti, koji su odlu\u010divali o tu\u0111im \u017eivotima, spremni na sve u cilju o\u010duvanja nezavisne dr\u017eave, koju su prosta\u010dki tretirali kao svoju privatnu pr\u0107iju, pa se pona\u0161ali kao kroja\u010di sudbina svih \u010destitih gra\u0111ana koji su vjerovali da je svaka sila za vremena.<\/p>\n\n\n\n<p>&nbsp;&nbsp;&nbsp;&nbsp;&nbsp;&nbsp;&nbsp; U tim godinama, kad je trebalo sti\u0107i i na stra\u0161nom mjestu postojati, Milan Kne\u017eevi\u0107 je posebno pokazao kako se neustra\u0161ivo brane Crna Gora i njeno dostojanstvo pred svijetom i vijekom. I tad je bilo potpuno jasno da su klju\u010dari re\u017eima bivali posebno kivni upravo na njega i njegove slobodarske nastupe, \u010dak morbidno u\u017eivali svete\u0107i mu se na najgore mogu\u0107e na\u010dine ne bi li slomili njegov ljudski i patriotski otpor.<\/p>\n\n\n\n<p>&nbsp;&nbsp;&nbsp;&nbsp;&nbsp;&nbsp;&nbsp; A sve to treba ista\u0107i i na deceniju brutalnog prebijanja koje je Kne\u017eevi\u0107 do\u017eivio, pritom i sa svojim voza\u010dem Du\u0161kom Kne\u017eevi\u0107em, tokom protesta ispred Skup\u0161tine. Udar na \u0161atorsko naselje bio je surov kao u zemlji Pino\u010dea, jer se vlast bila i previ\u0161e zabrinula za stabilnost svojih neograni\u010denih privilegija, pa su Milan i svi drugi \u010destiti borci za Crnu Goru va\u017eili kao ozbiljna smetnja za opstanak privatne dr\u017eave, gdje su svi povla\u0161\u0107eni radili kako su htjeli i \u017eeljeli.<\/p>\n\n\n\n<p>&nbsp;&nbsp;&nbsp;&nbsp;&nbsp;&nbsp;&nbsp; Tom prilikom, a i tad je bilo jasno, sipanje biber-spreja u lice Kne\u017eevi\u0107u nimalo nije bilo slu\u010dajno, nego nare\u0111eno, pa je zavr\u0161io u Klini\u010dkom centru gdje mu je ukazana hitna pomo\u0107, a naknadno hap\u0161enje bilo dio scenarija da se Kne\u017eevi\u0107 \u201copameti\u201d, uz dokaz na djelu da su politi\u010dke slobode u Crnoj Gori smije\u0161na kategorija.<\/p>\n\n\n\n<p>&nbsp;&nbsp;&nbsp;&nbsp;&nbsp;&nbsp;&nbsp; Ali 17. oktobar 2015. godine i otpor slobodoljubivog naroda uz Milanov \u010din, dostojan po\u0161tovanja, ostaju upisani u novije anale oporavka crnogorske demokratije. Gra\u0111anski otpor svih onih, koji su stavili do znanja da sa Crnom Gorom ne smije biti igara bez granica, dao je zavr\u0161ne rezultate kasnije. A tad je sloboda tra\u017eila ljude, kao u samom sloganu, i imala ih je i pored brutalnosti policijskog aparata, koji nije vjerovao da \u0107e \u201ctko bi doli \u2013 biti gori\u201d. A goreg nije bilo, pa je svak ko bi za\u0161ao u atar neograni\u010denih prava povla\u0161\u0107enih na feud Montenegro morao platiti visoku cijenu.<\/p>\n\n\n\n<p>&nbsp;&nbsp;&nbsp;&nbsp;&nbsp;&nbsp;&nbsp; Zato je Milan Kne\u017eevi\u0107, narodni poslanik, koji se borio u ime po\u0161tenog naroda, tog opasnog jutra tokom razbijanja \u0161atorskog naselja targetiran uz te\u0161ke povrede a potom od \u201cpo\u0161tenog\u201d pravosu\u0111a poslat na robiju.<\/p>\n\n\n\n<p>&nbsp;&nbsp;&nbsp;&nbsp;&nbsp;&nbsp;&nbsp; Zato jo\u0161 jednom treba ista\u0107i da dana\u0161nji opozicionari, sre\u0107om, \u017eive jedan sasvim druga\u010diji, normalan \u017eivot, i nek to tako ubudu\u0107e i bude u Crnoj Gori na pragu EU, i nikako druga\u010dije. Ali je po\u0161teno prisjetiti se cijene koju su platili Milan i njegovi drugovi, koji su zavr\u0161avali u zatvoru \u201czbog napada na slu\u017ebeno lice\u201d, kako je to re\u017eimsko pravosu\u0111e, i danas dobrim dijelom pod kontrolom ostataka biv\u0161eg re\u017eima, tada presudilo.<\/p>\n\n\n\n<p>&nbsp;&nbsp;&nbsp;&nbsp;&nbsp;&nbsp;&nbsp; Nakon ciljanog fizi\u010dkog napada na Milana i sipanja spreja u lice, stra\u0161no je bilo vidjeti i sve povrede na licu Du\u0161ka Kne\u017eevi\u0107a, \u010dlana obezbje\u0111enja, koji je brutalno atakovan na tankoj liniji izme\u0111u \u017eivota i smrti, a da njegova tu\u017eba do danas nije rije\u0161ena.<\/p>\n\n\n\n<p>&nbsp;&nbsp;&nbsp;&nbsp;&nbsp;&nbsp;&nbsp; A iz policijskih vrhova, koji su policiju bacili na dno 17. oktobra, nastavljala se plodna integracija s mafijom, sve u slavu Montenegra, mafija\u0161kog legla, po sistemu: \u201cCrna Gora nek je na\u0161ka, \u017eivjela nam, mafija\u0161ka!\u201d<\/p>\n\n\n\n<p>&nbsp;&nbsp;&nbsp;&nbsp;&nbsp;&nbsp;&nbsp; Ali, po\u0161to je Crna Gora bila i ostala zemlja \u010duda, i po\u0161to ni\u010dija nije do zore gorjela, 2020. godine je najzad do\u0161lo do promjene sistema vrijednosti, pa su oni, koji su u to najmanje vjerovali, oti\u0161li s vlasti, a planiranih sto godina diktature potrajalo kra\u0107e od o\u010dekivanog. Istina, name\u0107e se sna\u017ean utisak iz no\u0107i pobjede novih snaga, da je Zapad tada striktno upozorio gubitnike, uz \u201ckorisne sugestije\u201d da mirno prihvate poraz, jer je te no\u0107i mo\u017eda moglo biti sve mnogo druga\u010dije.<\/p>\n\n\n\n<p>&nbsp;&nbsp;&nbsp;&nbsp;&nbsp;&nbsp;&nbsp; Ali za policijsko nasilje i \u0161utiranje \u0161atora do dana dana\u0161njeg niko nije odgovarao, a tako \u0107e, po svoj prilici, i ostati. Ovo tim prije \u0161to i dalje imamo povelik broj kabinetskih \u010dinovnika u pravosu\u0111u, \u0161to se i danas potvr\u0111uje njegovim kolapsom i politikom nezamjeranja.<\/p>\n\n\n\n<p>&nbsp;&nbsp;&nbsp;&nbsp;&nbsp;&nbsp;&nbsp; A, \u0161to se ti\u010de ljudske \u0161irine Milana Kne\u017eevi\u0107a, ne bi za\u010dudilo ni da je on svim tim policajcima-nasilnicima sve ve\u0107 odavno oprostio u duhu \u010dojstva Marka Miljanova. A za \u010dojsku Crnu Goru se vrijedi boriti.<\/p>\n\n\n\n<p>&nbsp;&nbsp;&nbsp;&nbsp;&nbsp;&nbsp;&nbsp; U svakom slu\u010daju, razlika u \u017eivotnim stilovima prethodnih i sada\u0161njih opozicionara je drasti\u010dna, i dobro je \u0161to je tako, jer Crna Gora ide naprijed. Oni, od ranije, platili su \u017eestoko bore\u0107i se za Crnu Goru kao dr\u017eavu vladavine prava, a u tom kontekstu i za to da dana\u0161nji opozicionari \u017eive \u017eivotom dostojnim \u010dovjeka i gra\u0111anina bez policijskih progona i drugih pritisaka. A gra\u0111ani da glasaju po li\u010dnom naho\u0111enju, mada se mnogi prisje\u0107aju i onih Njego\u0161evih stihova: \u201cSpu\u0161tavah se ja na va\u0161e u\u017ee, umalo se u\u017ee ne pretr\u017ee; otada smo vi\u0161i prijatelji, u glavu mi pamet u\u0107eraste.\u201d<\/p>","protected":false},"excerpt":{"rendered":"<p>U Crnoj Gori danas i nije muka i nevolja biti opozicionar, za razliku od vremena kad su odlukama propalog re\u017eima najhrabriji prebijani, proganjani, sipan im biber sprej u o\u010di, provaljivano u njihove domove, uz jo\u0161 \u010ditav arsenal brutalnih pritisaka na hrabre i po\u0161tene poput Milana Kne\u017eevi\u0107a i drugih boraca za oslobo\u0111enu Crnu Goru.<\/p>","protected":false},"author":1,"featured_media":916613,"comment_status":"open","ping_status":"open","sticky":false,"template":"","format":"standard","meta":{"_acf_changed":false,"footnotes":""},"categories":[2],"tags":[219,1164],"naslovna":[],"class_list":["post-958768","post","type-post","status-publish","format-standard","has-post-thumbnail","hentry","category-drustvo","tag-dragan-koprivica","tag-opozicija"],"acf":[],"yoast_head":"<!-- This site is optimized with the Yoast SEO plugin v27.0 - https:\/\/yoast.com\/product\/yoast-seo-wordpress\/ -->\n<title>Lako li je danas opozicionar biti - dmcsrb.com<\/title>\n<meta name=\"robots\" content=\"index, follow, max-snippet:-1, max-image-preview:large, max-video-preview:-1\" \/>\n<link rel=\"canonical\" href=\"https:\/\/dmcsrb.com\/en\/drustvo\/lako-li-je-danas-opozicionar-biti\/\" \/>\n<meta property=\"og:locale\" content=\"en_GB\" \/>\n<meta property=\"og:type\" content=\"article\" \/>\n<meta property=\"og:title\" content=\"Lako li je danas opozicionar biti - dmcsrb.com\" \/>\n<meta property=\"og:description\" content=\"U Crnoj Gori danas i nije muka i nevolja biti opozicionar, za razliku od vremena kad su odlukama propalog re\u017eima najhrabriji prebijani, proganjani, sipan im biber sprej u o\u010di, provaljivano u njihove domove, uz jo\u0161 \u010ditav arsenal brutalnih pritisaka na hrabre i po\u0161tene poput Milana Kne\u017eevi\u0107a i drugih boraca za oslobo\u0111enu Crnu Goru.\" \/>\n<meta property=\"og:url\" content=\"https:\/\/dmcsrb.com\/en\/drustvo\/lako-li-je-danas-opozicionar-biti\/\" \/>\n<meta property=\"og:site_name\" content=\"dmcsrb.com\" \/>\n<meta property=\"article:published_time\" content=\"2025-10-19T10:18:00+00:00\" \/>\n<meta property=\"og:image\" content=\"https:\/\/dmcsrb.com\/wp-content\/uploads\/2026\/01\/Dragan-Koprivica-foto-privatna-arhiva.jpg\" \/>\n\t<meta property=\"og:image:width\" content=\"810\" \/>\n\t<meta property=\"og:image:height\" content=\"509\" \/>\n\t<meta property=\"og:image:type\" content=\"image\/jpeg\" \/>\n<meta name=\"author\" content=\"dmcsrbija.com@gmail.com\" \/>\n<meta name=\"twitter:card\" content=\"summary_large_image\" \/>\n<meta name=\"twitter:label1\" content=\"Written by\" \/>\n\t<meta name=\"twitter:data1\" content=\"dmcsrbija.com@gmail.com\" \/>\n\t<meta name=\"twitter:label2\" content=\"Estimated reading time\" \/>\n\t<meta name=\"twitter:data2\" content=\"5 minutes\" \/>\n<script type=\"application\/ld+json\" class=\"yoast-schema-graph\">{\"@context\":\"https:\/\/schema.org\",\"@graph\":[{\"@type\":\"Article\",\"@id\":\"https:\/\/dmcsrb.com\/drustvo\/lako-li-je-danas-opozicionar-biti\/#article\",\"isPartOf\":{\"@id\":\"https:\/\/dmcsrb.com\/drustvo\/lako-li-je-danas-opozicionar-biti\/\"},\"author\":{\"name\":\"dmcsrbija.com@gmail.com\",\"@id\":\"https:\/\/dmcsrb.com\/#\/schema\/person\/5c39170f12db1b8b457732d0b5c854e2\"},\"headline\":\"Lako li je danas opozicionar biti\",\"datePublished\":\"2025-10-19T10:18:00+00:00\",\"mainEntityOfPage\":{\"@id\":\"https:\/\/dmcsrb.com\/drustvo\/lako-li-je-danas-opozicionar-biti\/\"},\"wordCount\":1053,\"commentCount\":0,\"image\":{\"@id\":\"https:\/\/dmcsrb.com\/drustvo\/lako-li-je-danas-opozicionar-biti\/#primaryimage\"},\"thumbnailUrl\":\"https:\/\/dmcsrb.com\/wp-content\/uploads\/2026\/01\/Dragan-Koprivica-foto-privatna-arhiva.jpg\",\"keywords\":[\"Dragan Koprivica\",\"opozicija\"],\"articleSection\":[\"Dru\u0161tvo\"],\"inLanguage\":\"en-GB\",\"potentialAction\":[{\"@type\":\"CommentAction\",\"name\":\"Comment\",\"target\":[\"https:\/\/dmcsrb.com\/drustvo\/lako-li-je-danas-opozicionar-biti\/#respond\"]}]},{\"@type\":\"WebPage\",\"@id\":\"https:\/\/dmcsrb.com\/drustvo\/lako-li-je-danas-opozicionar-biti\/\",\"url\":\"https:\/\/dmcsrb.com\/drustvo\/lako-li-je-danas-opozicionar-biti\/\",\"name\":\"Lako li je danas opozicionar biti - dmcsrb.com\",\"isPartOf\":{\"@id\":\"https:\/\/dmcsrb.com\/#website\"},\"primaryImageOfPage\":{\"@id\":\"https:\/\/dmcsrb.com\/drustvo\/lako-li-je-danas-opozicionar-biti\/#primaryimage\"},\"image\":{\"@id\":\"https:\/\/dmcsrb.com\/drustvo\/lako-li-je-danas-opozicionar-biti\/#primaryimage\"},\"thumbnailUrl\":\"https:\/\/dmcsrb.com\/wp-content\/uploads\/2026\/01\/Dragan-Koprivica-foto-privatna-arhiva.jpg\",\"datePublished\":\"2025-10-19T10:18:00+00:00\",\"author\":{\"@id\":\"https:\/\/dmcsrb.com\/#\/schema\/person\/5c39170f12db1b8b457732d0b5c854e2\"},\"breadcrumb\":{\"@id\":\"https:\/\/dmcsrb.com\/drustvo\/lako-li-je-danas-opozicionar-biti\/#breadcrumb\"},\"inLanguage\":\"en-GB\",\"potentialAction\":[{\"@type\":\"ReadAction\",\"target\":[\"https:\/\/dmcsrb.com\/drustvo\/lako-li-je-danas-opozicionar-biti\/\"]}]},{\"@type\":\"ImageObject\",\"inLanguage\":\"en-GB\",\"@id\":\"https:\/\/dmcsrb.com\/drustvo\/lako-li-je-danas-opozicionar-biti\/#primaryimage\",\"url\":\"https:\/\/dmcsrb.com\/wp-content\/uploads\/2026\/01\/Dragan-Koprivica-foto-privatna-arhiva.jpg\",\"contentUrl\":\"https:\/\/dmcsrb.com\/wp-content\/uploads\/2026\/01\/Dragan-Koprivica-foto-privatna-arhiva.jpg\",\"width\":810,\"height\":509},{\"@type\":\"BreadcrumbList\",\"@id\":\"https:\/\/dmcsrb.com\/drustvo\/lako-li-je-danas-opozicionar-biti\/#breadcrumb\",\"itemListElement\":[{\"@type\":\"ListItem\",\"position\":1,\"name\":\"Home\",\"item\":\"https:\/\/dmcsrb.com\/\"},{\"@type\":\"ListItem\",\"position\":2,\"name\":\"Lako li je danas opozicionar biti\"}]},{\"@type\":\"WebSite\",\"@id\":\"https:\/\/dmcsrb.com\/#website\",\"url\":\"https:\/\/dmcsrb.com\/\",\"name\":\"dmcsrb.com\",\"description\":\"\",\"potentialAction\":[{\"@type\":\"SearchAction\",\"target\":{\"@type\":\"EntryPoint\",\"urlTemplate\":\"https:\/\/dmcsrb.com\/?s={search_term_string}\"},\"query-input\":{\"@type\":\"PropertyValueSpecification\",\"valueRequired\":true,\"valueName\":\"search_term_string\"}}],\"inLanguage\":\"en-GB\"},{\"@type\":\"Person\",\"@id\":\"https:\/\/dmcsrb.com\/#\/schema\/person\/5c39170f12db1b8b457732d0b5c854e2\",\"name\":\"dmcsrbija.com@gmail.com\",\"image\":{\"@type\":\"ImageObject\",\"inLanguage\":\"en-GB\",\"@id\":\"https:\/\/dmcsrb.com\/#\/schema\/person\/image\/\",\"url\":\"https:\/\/secure.gravatar.com\/avatar\/68592660ad6347fad0fb587f8d5d8f1a7b44961362f56e4f2cd524feb87e9069?s=96&d=mm&r=g\",\"contentUrl\":\"https:\/\/secure.gravatar.com\/avatar\/68592660ad6347fad0fb587f8d5d8f1a7b44961362f56e4f2cd524feb87e9069?s=96&d=mm&r=g\",\"caption\":\"dmcsrbija.com@gmail.com\"},\"sameAs\":[\"https:\/\/dmcsrb.com\"],\"url\":\"https:\/\/dmcsrb.com\/en\/author\/dmcsrbija-comgmail-com\/\"}]}<\/script>\n<!-- \/ Yoast SEO plugin. -->","yoast_head_json":{"title":"Lako li je danas opozicionar biti - dmcsrb.com","robots":{"index":"index","follow":"follow","max-snippet":"max-snippet:-1","max-image-preview":"max-image-preview:large","max-video-preview":"max-video-preview:-1"},"canonical":"https:\/\/dmcsrb.com\/en\/drustvo\/lako-li-je-danas-opozicionar-biti\/","og_locale":"en_GB","og_type":"article","og_title":"Lako li je danas opozicionar biti - dmcsrb.com","og_description":"U Crnoj Gori danas i nije muka i nevolja biti opozicionar, za razliku od vremena kad su odlukama propalog re\u017eima najhrabriji prebijani, proganjani, sipan im biber sprej u o\u010di, provaljivano u njihove domove, uz jo\u0161 \u010ditav arsenal brutalnih pritisaka na hrabre i po\u0161tene poput Milana Kne\u017eevi\u0107a i drugih boraca za oslobo\u0111enu Crnu Goru.","og_url":"https:\/\/dmcsrb.com\/en\/drustvo\/lako-li-je-danas-opozicionar-biti\/","og_site_name":"dmcsrb.com","article_published_time":"2025-10-19T10:18:00+00:00","og_image":[{"width":810,"height":509,"url":"https:\/\/dmcsrb.com\/wp-content\/uploads\/2026\/01\/Dragan-Koprivica-foto-privatna-arhiva.jpg","type":"image\/jpeg"}],"author":"dmcsrbija.com@gmail.com","twitter_card":"summary_large_image","twitter_misc":{"Written by":"dmcsrbija.com@gmail.com","Estimated reading time":"5 minutes"},"schema":{"@context":"https:\/\/schema.org","@graph":[{"@type":"Article","@id":"https:\/\/dmcsrb.com\/drustvo\/lako-li-je-danas-opozicionar-biti\/#article","isPartOf":{"@id":"https:\/\/dmcsrb.com\/drustvo\/lako-li-je-danas-opozicionar-biti\/"},"author":{"name":"dmcsrbija.com@gmail.com","@id":"https:\/\/dmcsrb.com\/#\/schema\/person\/5c39170f12db1b8b457732d0b5c854e2"},"headline":"Lako li je danas opozicionar biti","datePublished":"2025-10-19T10:18:00+00:00","mainEntityOfPage":{"@id":"https:\/\/dmcsrb.com\/drustvo\/lako-li-je-danas-opozicionar-biti\/"},"wordCount":1053,"commentCount":0,"image":{"@id":"https:\/\/dmcsrb.com\/drustvo\/lako-li-je-danas-opozicionar-biti\/#primaryimage"},"thumbnailUrl":"https:\/\/dmcsrb.com\/wp-content\/uploads\/2026\/01\/Dragan-Koprivica-foto-privatna-arhiva.jpg","keywords":["Dragan Koprivica","opozicija"],"articleSection":["Dru\u0161tvo"],"inLanguage":"en-GB","potentialAction":[{"@type":"CommentAction","name":"Comment","target":["https:\/\/dmcsrb.com\/drustvo\/lako-li-je-danas-opozicionar-biti\/#respond"]}]},{"@type":"WebPage","@id":"https:\/\/dmcsrb.com\/drustvo\/lako-li-je-danas-opozicionar-biti\/","url":"https:\/\/dmcsrb.com\/drustvo\/lako-li-je-danas-opozicionar-biti\/","name":"Lako li je danas opozicionar biti - dmcsrb.com","isPartOf":{"@id":"https:\/\/dmcsrb.com\/#website"},"primaryImageOfPage":{"@id":"https:\/\/dmcsrb.com\/drustvo\/lako-li-je-danas-opozicionar-biti\/#primaryimage"},"image":{"@id":"https:\/\/dmcsrb.com\/drustvo\/lako-li-je-danas-opozicionar-biti\/#primaryimage"},"thumbnailUrl":"https:\/\/dmcsrb.com\/wp-content\/uploads\/2026\/01\/Dragan-Koprivica-foto-privatna-arhiva.jpg","datePublished":"2025-10-19T10:18:00+00:00","author":{"@id":"https:\/\/dmcsrb.com\/#\/schema\/person\/5c39170f12db1b8b457732d0b5c854e2"},"breadcrumb":{"@id":"https:\/\/dmcsrb.com\/drustvo\/lako-li-je-danas-opozicionar-biti\/#breadcrumb"},"inLanguage":"en-GB","potentialAction":[{"@type":"ReadAction","target":["https:\/\/dmcsrb.com\/drustvo\/lako-li-je-danas-opozicionar-biti\/"]}]},{"@type":"ImageObject","inLanguage":"en-GB","@id":"https:\/\/dmcsrb.com\/drustvo\/lako-li-je-danas-opozicionar-biti\/#primaryimage","url":"https:\/\/dmcsrb.com\/wp-content\/uploads\/2026\/01\/Dragan-Koprivica-foto-privatna-arhiva.jpg","contentUrl":"https:\/\/dmcsrb.com\/wp-content\/uploads\/2026\/01\/Dragan-Koprivica-foto-privatna-arhiva.jpg","width":810,"height":509},{"@type":"BreadcrumbList","@id":"https:\/\/dmcsrb.com\/drustvo\/lako-li-je-danas-opozicionar-biti\/#breadcrumb","itemListElement":[{"@type":"ListItem","position":1,"name":"Home","item":"https:\/\/dmcsrb.com\/"},{"@type":"ListItem","position":2,"name":"Lako li je danas opozicionar biti"}]},{"@type":"WebSite","@id":"https:\/\/dmcsrb.com\/#website","url":"https:\/\/dmcsrb.com\/","name":"dmcsrb.com","description":"","potentialAction":[{"@type":"SearchAction","target":{"@type":"EntryPoint","urlTemplate":"https:\/\/dmcsrb.com\/?s={search_term_string}"},"query-input":{"@type":"PropertyValueSpecification","valueRequired":true,"valueName":"search_term_string"}}],"inLanguage":"en-GB"},{"@type":"Person","@id":"https:\/\/dmcsrb.com\/#\/schema\/person\/5c39170f12db1b8b457732d0b5c854e2","name":"dmcsrbija.com@gmail.com","image":{"@type":"ImageObject","inLanguage":"en-GB","@id":"https:\/\/dmcsrb.com\/#\/schema\/person\/image\/","url":"https:\/\/secure.gravatar.com\/avatar\/68592660ad6347fad0fb587f8d5d8f1a7b44961362f56e4f2cd524feb87e9069?s=96&d=mm&r=g","contentUrl":"https:\/\/secure.gravatar.com\/avatar\/68592660ad6347fad0fb587f8d5d8f1a7b44961362f56e4f2cd524feb87e9069?s=96&d=mm&r=g","caption":"dmcsrbija.com@gmail.com"},"sameAs":["https:\/\/dmcsrb.com"],"url":"https:\/\/dmcsrb.com\/en\/author\/dmcsrbija-comgmail-com\/"}]}},"_links":{"self":[{"href":"https:\/\/dmcsrb.com\/en\/wp-json\/wp\/v2\/posts\/958768","targetHints":{"allow":["GET"]}}],"collection":[{"href":"https:\/\/dmcsrb.com\/en\/wp-json\/wp\/v2\/posts"}],"about":[{"href":"https:\/\/dmcsrb.com\/en\/wp-json\/wp\/v2\/types\/post"}],"author":[{"embeddable":true,"href":"https:\/\/dmcsrb.com\/en\/wp-json\/wp\/v2\/users\/1"}],"replies":[{"embeddable":true,"href":"https:\/\/dmcsrb.com\/en\/wp-json\/wp\/v2\/comments?post=958768"}],"version-history":[{"count":0,"href":"https:\/\/dmcsrb.com\/en\/wp-json\/wp\/v2\/posts\/958768\/revisions"}],"wp:featuredmedia":[{"embeddable":true,"href":"https:\/\/dmcsrb.com\/en\/wp-json\/wp\/v2\/media\/916613"}],"wp:attachment":[{"href":"https:\/\/dmcsrb.com\/en\/wp-json\/wp\/v2\/media?parent=958768"}],"wp:term":[{"taxonomy":"category","embeddable":true,"href":"https:\/\/dmcsrb.com\/en\/wp-json\/wp\/v2\/categories?post=958768"},{"taxonomy":"post_tag","embeddable":true,"href":"https:\/\/dmcsrb.com\/en\/wp-json\/wp\/v2\/tags?post=958768"},{"taxonomy":"naslovna","embeddable":true,"href":"https:\/\/dmcsrb.com\/en\/wp-json\/wp\/v2\/naslovna?post=958768"}],"curies":[{"name":"wp","href":"https:\/\/api.w.org\/{rel}","templated":true}]}}