{"id":958732,"date":"2025-10-19T08:06:00","date_gmt":"2025-10-19T06:06:00","guid":{"rendered":"https:\/\/dmcsrb.com\/uncategorized\/skupstina-rs-izglasala-imenovanje-ane-trisic-babic-za-vrsioca-duznosti-predsjednika-republike-srpske\/"},"modified":"2025-10-19T08:06:00","modified_gmt":"2025-10-19T06:06:00","slug":"skupstina-rs-izglasala-imenovanje-ane-trisic-babic-za-vrsioca-duznosti-predsjednika-republike-srpske","status":"publish","type":"post","link":"https:\/\/dmcsrb.com\/en\/region\/skupstina-rs-izglasala-imenovanje-ane-trisic-babic-za-vrsioca-duznosti-predsjednika-republike-srpske\/","title":{"rendered":"Skup\u0161tina RS izglasala imenovanje Ane Tri\u0161i\u0107 Babi\u0107 za vr\u0161ioca du\u017enosti predsjednika Republike Srpske"},"content":{"rendered":"<p>Za ovu odluku je glasalo 48 poslanika, dok je \u010detvoro glasalo protiv. Nije bilo uzdr\u017eanih, a ve\u0107ina poslanika opozicije, odnosno SDS-a i PDP-a, nije prisustvovala glasanju.<\/p>\n\n\n\n<p>U obrazlo\u017eenju odluke navedeno je da, &#8220;u uslovima protivustavnog i nezakonitog djelovanja Suda BiH i Centralne izborne komisije, koji svojim odlukama onemogu\u0107avaju demokratski izabranog predsednika Republike Srpske Milorada Dodika da vr\u0161i svoju funkciju, Narodna skup\u0161tina deluje radi za\u0161tite Ustava Srpske&#8221;.<\/p>\n\n\n\n<p>Imenovanje Ane Tri\u0161i\u0107 Babi\u0107 za vr\u0161ioca du\u017enosti predsednika Republike Srpske do izbora novog, trebalo bi da omogu\u0107i nesmetano funkcionisanje institucije predsednika Republike.<\/p>\n\n\n\n<p>Poslanici Narodne skup\u0161tine RS izglasali su i Zakon o prestanku va\u017eenja zakona, po hitnom postupku.<\/p>\n\n\n\n<p>Ovim zakonom prestaju da va\u017ee Zakon o nepokretnoj imovini koja se koristi za funkcionisanje javne vlasti, Zakon o neprimenjivanju Odluka Ustavnog suda BiH, Izborni zakon Republike Srpske, Zakon o neprimenjivanju Zakona i zabrani delovanja vanustavnih institucija BiH, Zakon o dopuni Krivi\u010dnog zakonika Republike Srpske i Zakon o visokom sudskom i tu\u017eila\u010dkom savetu Republike Srpske.<\/p>\n\n\n\n<p>Usvojen je i Zaklju\u010dak o stavljanju van snage Zaklju\u010daka u vezi sa Informacijom o uru\u0161avanju pravnog poretka u BiH kr\u0161enjem Dejtonskog mirovnog sporazuma.<\/p>","protected":false},"excerpt":{"rendered":"<p>Narodna skup\u0161tina Republike Srpske usvojila je odluku o imenovanju Ane Tri\u0161i\u0107 Babi\u0107 za vr\u0161ioca du\u017enosti predsjednika Republike Srpske.<\/p>","protected":false},"author":1,"featured_media":947676,"comment_status":"open","ping_status":"open","sticky":false,"template":"","format":"standard","meta":{"_acf_changed":false,"footnotes":""},"categories":[103],"tags":[11842,84,6723,15],"naslovna":[],"class_list":["post-958732","post","type-post","status-publish","format-standard","has-post-thumbnail","hentry","category-region","tag-ana-trisic-babic","tag-bih","tag-rs","tag-skupstina"],"acf":[],"yoast_head":"<!-- This site is optimized with the Yoast SEO plugin v27.4 - https:\/\/yoast.com\/product\/yoast-seo-wordpress\/ -->\n<title>Skup\u0161tina RS izglasala imenovanje Ane Tri\u0161i\u0107 Babi\u0107 za vr\u0161ioca du\u017enosti predsjednika Republike Srpske - dmcsrb.com<\/title>\n<meta name=\"robots\" content=\"index, follow, max-snippet:-1, max-image-preview:large, max-video-preview:-1\" \/>\n<link rel=\"canonical\" href=\"https:\/\/dmcsrb.com\/en\/region\/skupstina-rs-izglasala-imenovanje-ane-trisic-babic-za-vrsioca-duznosti-predsjednika-republike-srpske\/\" \/>\n<meta property=\"og:locale\" content=\"en_GB\" \/>\n<meta property=\"og:type\" content=\"article\" \/>\n<meta property=\"og:title\" content=\"Skup\u0161tina RS izglasala imenovanje Ane Tri\u0161i\u0107 Babi\u0107 za vr\u0161ioca du\u017enosti predsjednika Republike Srpske - dmcsrb.com\" \/>\n<meta property=\"og:description\" content=\"Narodna skup\u0161tina Republike Srpske usvojila je odluku o imenovanju Ane Tri\u0161i\u0107 Babi\u0107 za vr\u0161ioca du\u017enosti predsjednika Republike Srpske.\" \/>\n<meta property=\"og:url\" content=\"https:\/\/dmcsrb.com\/en\/region\/skupstina-rs-izglasala-imenovanje-ane-trisic-babic-za-vrsioca-duznosti-predsjednika-republike-srpske\/\" \/>\n<meta property=\"og:site_name\" content=\"dmcsrb.com\" \/>\n<meta property=\"article:published_time\" content=\"2025-10-19T06:06:00+00:00\" \/>\n<meta property=\"og:image\" content=\"https:\/\/dmcsrb.com\/wp-content\/uploads\/2026\/01\/Skupstina-republike-srpske.webp\" \/>\n\t<meta property=\"og:image:width\" content=\"1024\" \/>\n\t<meta property=\"og:image:height\" content=\"640\" \/>\n\t<meta property=\"og:image:type\" content=\"image\/webp\" \/>\n<meta name=\"author\" content=\"dmcsrbija.com@gmail.com\" \/>\n<meta name=\"twitter:card\" content=\"summary_large_image\" \/>\n<meta name=\"twitter:label1\" content=\"Written by\" \/>\n\t<meta name=\"twitter:data1\" content=\"dmcsrbija.com@gmail.com\" \/>\n\t<meta name=\"twitter:label2\" content=\"Estimated reading time\" \/>\n\t<meta name=\"twitter:data2\" content=\"1 minute\" \/>\n<script type=\"application\/ld+json\" class=\"yoast-schema-graph\">{\"@context\":\"https:\\\/\\\/schema.org\",\"@graph\":[{\"@type\":\"Article\",\"@id\":\"https:\\\/\\\/dmcsrb.com\\\/en\\\/region\\\/skupstina-rs-izglasala-imenovanje-ane-trisic-babic-za-vrsioca-duznosti-predsjednika-republike-srpske\\\/#article\",\"isPartOf\":{\"@id\":\"https:\\\/\\\/dmcsrb.com\\\/en\\\/region\\\/skupstina-rs-izglasala-imenovanje-ane-trisic-babic-za-vrsioca-duznosti-predsjednika-republike-srpske\\\/\"},\"author\":{\"name\":\"dmcsrbija.com@gmail.com\",\"@id\":\"https:\\\/\\\/dmcsrb.com\\\/#\\\/schema\\\/person\\\/5c39170f12db1b8b457732d0b5c854e2\"},\"headline\":\"Skup\u0161tina RS izglasala imenovanje Ane Tri\u0161i\u0107 Babi\u0107 za vr\u0161ioca du\u017enosti predsjednika Republike Srpske\",\"datePublished\":\"2025-10-19T06:06:00+00:00\",\"mainEntityOfPage\":{\"@id\":\"https:\\\/\\\/dmcsrb.com\\\/en\\\/region\\\/skupstina-rs-izglasala-imenovanje-ane-trisic-babic-za-vrsioca-duznosti-predsjednika-republike-srpske\\\/\"},\"wordCount\":217,\"commentCount\":0,\"image\":{\"@id\":\"https:\\\/\\\/dmcsrb.com\\\/en\\\/region\\\/skupstina-rs-izglasala-imenovanje-ane-trisic-babic-za-vrsioca-duznosti-predsjednika-republike-srpske\\\/#primaryimage\"},\"thumbnailUrl\":\"https:\\\/\\\/dmcsrb.com\\\/wp-content\\\/uploads\\\/2026\\\/01\\\/Skupstina-republike-srpske.webp\",\"keywords\":[\"Ana Tri\u0161i\u0107 Babi\u0107\",\"BiH\",\"RS\",\"Skup\u0161tina\"],\"articleSection\":[\"Region\"],\"inLanguage\":\"en-GB\",\"potentialAction\":[{\"@type\":\"CommentAction\",\"name\":\"Comment\",\"target\":[\"https:\\\/\\\/dmcsrb.com\\\/en\\\/region\\\/skupstina-rs-izglasala-imenovanje-ane-trisic-babic-za-vrsioca-duznosti-predsjednika-republike-srpske\\\/#respond\"]}]},{\"@type\":\"WebPage\",\"@id\":\"https:\\\/\\\/dmcsrb.com\\\/en\\\/region\\\/skupstina-rs-izglasala-imenovanje-ane-trisic-babic-za-vrsioca-duznosti-predsjednika-republike-srpske\\\/\",\"url\":\"https:\\\/\\\/dmcsrb.com\\\/en\\\/region\\\/skupstina-rs-izglasala-imenovanje-ane-trisic-babic-za-vrsioca-duznosti-predsjednika-republike-srpske\\\/\",\"name\":\"Skup\u0161tina RS izglasala imenovanje Ane Tri\u0161i\u0107 Babi\u0107 za vr\u0161ioca du\u017enosti predsjednika Republike Srpske - dmcsrb.com\",\"isPartOf\":{\"@id\":\"https:\\\/\\\/dmcsrb.com\\\/#website\"},\"primaryImageOfPage\":{\"@id\":\"https:\\\/\\\/dmcsrb.com\\\/en\\\/region\\\/skupstina-rs-izglasala-imenovanje-ane-trisic-babic-za-vrsioca-duznosti-predsjednika-republike-srpske\\\/#primaryimage\"},\"image\":{\"@id\":\"https:\\\/\\\/dmcsrb.com\\\/en\\\/region\\\/skupstina-rs-izglasala-imenovanje-ane-trisic-babic-za-vrsioca-duznosti-predsjednika-republike-srpske\\\/#primaryimage\"},\"thumbnailUrl\":\"https:\\\/\\\/dmcsrb.com\\\/wp-content\\\/uploads\\\/2026\\\/01\\\/Skupstina-republike-srpske.webp\",\"datePublished\":\"2025-10-19T06:06:00+00:00\",\"author\":{\"@id\":\"https:\\\/\\\/dmcsrb.com\\\/#\\\/schema\\\/person\\\/5c39170f12db1b8b457732d0b5c854e2\"},\"breadcrumb\":{\"@id\":\"https:\\\/\\\/dmcsrb.com\\\/en\\\/region\\\/skupstina-rs-izglasala-imenovanje-ane-trisic-babic-za-vrsioca-duznosti-predsjednika-republike-srpske\\\/#breadcrumb\"},\"inLanguage\":\"en-GB\",\"potentialAction\":[{\"@type\":\"ReadAction\",\"target\":[\"https:\\\/\\\/dmcsrb.com\\\/en\\\/region\\\/skupstina-rs-izglasala-imenovanje-ane-trisic-babic-za-vrsioca-duznosti-predsjednika-republike-srpske\\\/\"]}]},{\"@type\":\"ImageObject\",\"inLanguage\":\"en-GB\",\"@id\":\"https:\\\/\\\/dmcsrb.com\\\/en\\\/region\\\/skupstina-rs-izglasala-imenovanje-ane-trisic-babic-za-vrsioca-duznosti-predsjednika-republike-srpske\\\/#primaryimage\",\"url\":\"https:\\\/\\\/dmcsrb.com\\\/wp-content\\\/uploads\\\/2026\\\/01\\\/Skupstina-republike-srpske.webp\",\"contentUrl\":\"https:\\\/\\\/dmcsrb.com\\\/wp-content\\\/uploads\\\/2026\\\/01\\\/Skupstina-republike-srpske.webp\",\"width\":1024,\"height\":640},{\"@type\":\"BreadcrumbList\",\"@id\":\"https:\\\/\\\/dmcsrb.com\\\/en\\\/region\\\/skupstina-rs-izglasala-imenovanje-ane-trisic-babic-za-vrsioca-duznosti-predsjednika-republike-srpske\\\/#breadcrumb\",\"itemListElement\":[{\"@type\":\"ListItem\",\"position\":1,\"name\":\"Home\",\"item\":\"https:\\\/\\\/dmcsrb.com\\\/\"},{\"@type\":\"ListItem\",\"position\":2,\"name\":\"Skup\u0161tina RS izglasala imenovanje Ane Tri\u0161i\u0107 Babi\u0107 za vr\u0161ioca du\u017enosti predsjednika Republike Srpske\"}]},{\"@type\":\"WebSite\",\"@id\":\"https:\\\/\\\/dmcsrb.com\\\/#website\",\"url\":\"https:\\\/\\\/dmcsrb.com\\\/\",\"name\":\"dmcsrb.com\",\"description\":\"\",\"potentialAction\":[{\"@type\":\"SearchAction\",\"target\":{\"@type\":\"EntryPoint\",\"urlTemplate\":\"https:\\\/\\\/dmcsrb.com\\\/?s={search_term_string}\"},\"query-input\":{\"@type\":\"PropertyValueSpecification\",\"valueRequired\":true,\"valueName\":\"search_term_string\"}}],\"inLanguage\":\"en-GB\"},{\"@type\":\"Person\",\"@id\":\"https:\\\/\\\/dmcsrb.com\\\/#\\\/schema\\\/person\\\/5c39170f12db1b8b457732d0b5c854e2\",\"name\":\"dmcsrbija.com@gmail.com\",\"image\":{\"@type\":\"ImageObject\",\"inLanguage\":\"en-GB\",\"@id\":\"https:\\\/\\\/secure.gravatar.com\\\/avatar\\\/68592660ad6347fad0fb587f8d5d8f1a7b44961362f56e4f2cd524feb87e9069?s=96&d=mm&r=g\",\"url\":\"https:\\\/\\\/secure.gravatar.com\\\/avatar\\\/68592660ad6347fad0fb587f8d5d8f1a7b44961362f56e4f2cd524feb87e9069?s=96&d=mm&r=g\",\"contentUrl\":\"https:\\\/\\\/secure.gravatar.com\\\/avatar\\\/68592660ad6347fad0fb587f8d5d8f1a7b44961362f56e4f2cd524feb87e9069?s=96&d=mm&r=g\",\"caption\":\"dmcsrbija.com@gmail.com\"},\"sameAs\":[\"https:\\\/\\\/dmcsrb.com\"],\"url\":\"https:\\\/\\\/dmcsrb.com\\\/en\\\/author\\\/dmcsrbija-comgmail-com\\\/\"}]}<\/script>\n<!-- \/ Yoast SEO plugin. -->","yoast_head_json":{"title":"Skup\u0161tina RS izglasala imenovanje Ane Tri\u0161i\u0107 Babi\u0107 za vr\u0161ioca du\u017enosti predsjednika Republike Srpske - dmcsrb.com","robots":{"index":"index","follow":"follow","max-snippet":"max-snippet:-1","max-image-preview":"max-image-preview:large","max-video-preview":"max-video-preview:-1"},"canonical":"https:\/\/dmcsrb.com\/en\/region\/skupstina-rs-izglasala-imenovanje-ane-trisic-babic-za-vrsioca-duznosti-predsjednika-republike-srpske\/","og_locale":"en_GB","og_type":"article","og_title":"Skup\u0161tina RS izglasala imenovanje Ane Tri\u0161i\u0107 Babi\u0107 za vr\u0161ioca du\u017enosti predsjednika Republike Srpske - dmcsrb.com","og_description":"Narodna skup\u0161tina Republike Srpske usvojila je odluku o imenovanju Ane Tri\u0161i\u0107 Babi\u0107 za vr\u0161ioca du\u017enosti predsjednika Republike Srpske.","og_url":"https:\/\/dmcsrb.com\/en\/region\/skupstina-rs-izglasala-imenovanje-ane-trisic-babic-za-vrsioca-duznosti-predsjednika-republike-srpske\/","og_site_name":"dmcsrb.com","article_published_time":"2025-10-19T06:06:00+00:00","og_image":[{"width":1024,"height":640,"url":"https:\/\/dmcsrb.com\/wp-content\/uploads\/2026\/01\/Skupstina-republike-srpske.webp","type":"image\/webp"}],"author":"dmcsrbija.com@gmail.com","twitter_card":"summary_large_image","twitter_misc":{"Written by":"dmcsrbija.com@gmail.com","Estimated reading time":"1 minute"},"schema":{"@context":"https:\/\/schema.org","@graph":[{"@type":"Article","@id":"https:\/\/dmcsrb.com\/en\/region\/skupstina-rs-izglasala-imenovanje-ane-trisic-babic-za-vrsioca-duznosti-predsjednika-republike-srpske\/#article","isPartOf":{"@id":"https:\/\/dmcsrb.com\/en\/region\/skupstina-rs-izglasala-imenovanje-ane-trisic-babic-za-vrsioca-duznosti-predsjednika-republike-srpske\/"},"author":{"name":"dmcsrbija.com@gmail.com","@id":"https:\/\/dmcsrb.com\/#\/schema\/person\/5c39170f12db1b8b457732d0b5c854e2"},"headline":"Skup\u0161tina RS izglasala imenovanje Ane Tri\u0161i\u0107 Babi\u0107 za vr\u0161ioca du\u017enosti predsjednika Republike Srpske","datePublished":"2025-10-19T06:06:00+00:00","mainEntityOfPage":{"@id":"https:\/\/dmcsrb.com\/en\/region\/skupstina-rs-izglasala-imenovanje-ane-trisic-babic-za-vrsioca-duznosti-predsjednika-republike-srpske\/"},"wordCount":217,"commentCount":0,"image":{"@id":"https:\/\/dmcsrb.com\/en\/region\/skupstina-rs-izglasala-imenovanje-ane-trisic-babic-za-vrsioca-duznosti-predsjednika-republike-srpske\/#primaryimage"},"thumbnailUrl":"https:\/\/dmcsrb.com\/wp-content\/uploads\/2026\/01\/Skupstina-republike-srpske.webp","keywords":["Ana Tri\u0161i\u0107 Babi\u0107","BiH","RS","Skup\u0161tina"],"articleSection":["Region"],"inLanguage":"en-GB","potentialAction":[{"@type":"CommentAction","name":"Comment","target":["https:\/\/dmcsrb.com\/en\/region\/skupstina-rs-izglasala-imenovanje-ane-trisic-babic-za-vrsioca-duznosti-predsjednika-republike-srpske\/#respond"]}]},{"@type":"WebPage","@id":"https:\/\/dmcsrb.com\/en\/region\/skupstina-rs-izglasala-imenovanje-ane-trisic-babic-za-vrsioca-duznosti-predsjednika-republike-srpske\/","url":"https:\/\/dmcsrb.com\/en\/region\/skupstina-rs-izglasala-imenovanje-ane-trisic-babic-za-vrsioca-duznosti-predsjednika-republike-srpske\/","name":"Skup\u0161tina RS izglasala imenovanje Ane Tri\u0161i\u0107 Babi\u0107 za vr\u0161ioca du\u017enosti predsjednika Republike Srpske - dmcsrb.com","isPartOf":{"@id":"https:\/\/dmcsrb.com\/#website"},"primaryImageOfPage":{"@id":"https:\/\/dmcsrb.com\/en\/region\/skupstina-rs-izglasala-imenovanje-ane-trisic-babic-za-vrsioca-duznosti-predsjednika-republike-srpske\/#primaryimage"},"image":{"@id":"https:\/\/dmcsrb.com\/en\/region\/skupstina-rs-izglasala-imenovanje-ane-trisic-babic-za-vrsioca-duznosti-predsjednika-republike-srpske\/#primaryimage"},"thumbnailUrl":"https:\/\/dmcsrb.com\/wp-content\/uploads\/2026\/01\/Skupstina-republike-srpske.webp","datePublished":"2025-10-19T06:06:00+00:00","author":{"@id":"https:\/\/dmcsrb.com\/#\/schema\/person\/5c39170f12db1b8b457732d0b5c854e2"},"breadcrumb":{"@id":"https:\/\/dmcsrb.com\/en\/region\/skupstina-rs-izglasala-imenovanje-ane-trisic-babic-za-vrsioca-duznosti-predsjednika-republike-srpske\/#breadcrumb"},"inLanguage":"en-GB","potentialAction":[{"@type":"ReadAction","target":["https:\/\/dmcsrb.com\/en\/region\/skupstina-rs-izglasala-imenovanje-ane-trisic-babic-za-vrsioca-duznosti-predsjednika-republike-srpske\/"]}]},{"@type":"ImageObject","inLanguage":"en-GB","@id":"https:\/\/dmcsrb.com\/en\/region\/skupstina-rs-izglasala-imenovanje-ane-trisic-babic-za-vrsioca-duznosti-predsjednika-republike-srpske\/#primaryimage","url":"https:\/\/dmcsrb.com\/wp-content\/uploads\/2026\/01\/Skupstina-republike-srpske.webp","contentUrl":"https:\/\/dmcsrb.com\/wp-content\/uploads\/2026\/01\/Skupstina-republike-srpske.webp","width":1024,"height":640},{"@type":"BreadcrumbList","@id":"https:\/\/dmcsrb.com\/en\/region\/skupstina-rs-izglasala-imenovanje-ane-trisic-babic-za-vrsioca-duznosti-predsjednika-republike-srpske\/#breadcrumb","itemListElement":[{"@type":"ListItem","position":1,"name":"Home","item":"https:\/\/dmcsrb.com\/"},{"@type":"ListItem","position":2,"name":"Skup\u0161tina RS izglasala imenovanje Ane Tri\u0161i\u0107 Babi\u0107 za vr\u0161ioca du\u017enosti predsjednika Republike Srpske"}]},{"@type":"WebSite","@id":"https:\/\/dmcsrb.com\/#website","url":"https:\/\/dmcsrb.com\/","name":"dmcsrb.com","description":"","potentialAction":[{"@type":"SearchAction","target":{"@type":"EntryPoint","urlTemplate":"https:\/\/dmcsrb.com\/?s={search_term_string}"},"query-input":{"@type":"PropertyValueSpecification","valueRequired":true,"valueName":"search_term_string"}}],"inLanguage":"en-GB"},{"@type":"Person","@id":"https:\/\/dmcsrb.com\/#\/schema\/person\/5c39170f12db1b8b457732d0b5c854e2","name":"dmcsrbija.com@gmail.com","image":{"@type":"ImageObject","inLanguage":"en-GB","@id":"https:\/\/secure.gravatar.com\/avatar\/68592660ad6347fad0fb587f8d5d8f1a7b44961362f56e4f2cd524feb87e9069?s=96&d=mm&r=g","url":"https:\/\/secure.gravatar.com\/avatar\/68592660ad6347fad0fb587f8d5d8f1a7b44961362f56e4f2cd524feb87e9069?s=96&d=mm&r=g","contentUrl":"https:\/\/secure.gravatar.com\/avatar\/68592660ad6347fad0fb587f8d5d8f1a7b44961362f56e4f2cd524feb87e9069?s=96&d=mm&r=g","caption":"dmcsrbija.com@gmail.com"},"sameAs":["https:\/\/dmcsrb.com"],"url":"https:\/\/dmcsrb.com\/en\/author\/dmcsrbija-comgmail-com\/"}]}},"_links":{"self":[{"href":"https:\/\/dmcsrb.com\/en\/wp-json\/wp\/v2\/posts\/958732","targetHints":{"allow":["GET"]}}],"collection":[{"href":"https:\/\/dmcsrb.com\/en\/wp-json\/wp\/v2\/posts"}],"about":[{"href":"https:\/\/dmcsrb.com\/en\/wp-json\/wp\/v2\/types\/post"}],"author":[{"embeddable":true,"href":"https:\/\/dmcsrb.com\/en\/wp-json\/wp\/v2\/users\/1"}],"replies":[{"embeddable":true,"href":"https:\/\/dmcsrb.com\/en\/wp-json\/wp\/v2\/comments?post=958732"}],"version-history":[{"count":0,"href":"https:\/\/dmcsrb.com\/en\/wp-json\/wp\/v2\/posts\/958732\/revisions"}],"wp:featuredmedia":[{"embeddable":true,"href":"https:\/\/dmcsrb.com\/en\/wp-json\/wp\/v2\/media\/947676"}],"wp:attachment":[{"href":"https:\/\/dmcsrb.com\/en\/wp-json\/wp\/v2\/media?parent=958732"}],"wp:term":[{"taxonomy":"category","embeddable":true,"href":"https:\/\/dmcsrb.com\/en\/wp-json\/wp\/v2\/categories?post=958732"},{"taxonomy":"post_tag","embeddable":true,"href":"https:\/\/dmcsrb.com\/en\/wp-json\/wp\/v2\/tags?post=958732"},{"taxonomy":"naslovna","embeddable":true,"href":"https:\/\/dmcsrb.com\/en\/wp-json\/wp\/v2\/naslovna?post=958732"}],"curies":[{"name":"wp","href":"https:\/\/api.w.org\/{rel}","templated":true}]}}