{"id":958707,"date":"2025-10-18T20:04:00","date_gmt":"2025-10-18T18:04:00","guid":{"rendered":"https:\/\/dmcsrb.com\/uncategorized\/egzibicioni-turnir-u-rijadu-djokovic-predao-fricu-zbog-povrede\/"},"modified":"2025-10-18T20:04:00","modified_gmt":"2025-10-18T18:04:00","slug":"egzibicioni-turnir-u-rijadu-djokovic-predao-fricu-zbog-povrede","status":"publish","type":"post","link":"https:\/\/dmcsrb.com\/en\/sport\/egzibicioni-turnir-u-rijadu-djokovic-predao-fricu-zbog-povrede\/","title":{"rendered":"Egzibicioni turnir u Rijadu: \u0110okovi\u0107 predao Fricu zbog povrede"},"content":{"rendered":"<p>Prvi set bio je veoma neizvjestan, bez brejkova, pa je odluka pala u taj-brejku koji je Fric dobio rezultatom 7:4.<\/p>\n\n\n\n<p>Susret je trajao sat i 15 minuta, a \u0110okovi\u0107 je nakon prvog seta odlu\u010dio da preda me\u010d zbog umora.&nbsp;Izvinio se publici, naglasiv\u0161i da fizi\u010dki vi\u0161e nije mogao da izdr\u017ei tempo igre.<\/p>\n\n\n\n<p>&#8220;Moram da se izvinim svima. Izvinite, ljudi. Izvinite \u0161to niste gledali drugi set, ali svaka \u010dast Tejloru, igrali smo neke sjajne gemove na kraju prvog seta i ovo je mo\u017eda bio jedan od najdu\u017eih setova koje sam ikada igrao, da budem iskren. Bilo kako bilo, ovo je bilo sjajno vrijeme u Rijadu, hvala svima \u0161to ste me do\u010dekali ovako. Ovo je tre\u0107i put da sam ovdje u tri godine i ako uspijem da nastavim sa ovim, vrati\u0107u se i sljede\u0107e&#8221;, rekao je \u0110okovi\u0107 na terenu.<\/p>\n\n\n\n<p>U velikom finalu igraju Janik Siner i Karlos Alkaraz.<\/p>","protected":false},"excerpt":{"rendered":"<p>Novak \u0110okovi\u0107 nije uspio da zavr\u0161i me\u010d protiv Tejlora Frica &#8211; predao je Ameri\u010dkom teniseru duel za tre\u0107e mjesto na egzibicionom turniru \u201eSlem \u0161est kraljeva\u201c u Rijadu.<\/p>","protected":false},"author":1,"featured_media":958708,"comment_status":"open","ping_status":"open","sticky":false,"template":"","format":"standard","meta":{"_acf_changed":false,"footnotes":""},"categories":[148],"tags":[11832,11611,3211,6729],"naslovna":[],"class_list":["post-958707","post","type-post","status-publish","format-standard","has-post-thumbnail","hentry","category-sport","tag-slem-sest-kraljeva-u-rijadu","tag-egzibicioni-turnir-u-rijadu","tag-novak-djokovic","tag-tejlor-fric"],"acf":[],"yoast_head":"<!-- This site is optimized with the Yoast SEO plugin v27.4 - https:\/\/yoast.com\/product\/yoast-seo-wordpress\/ -->\n<title>Egzibicioni turnir u Rijadu: \u0110okovi\u0107 predao Fricu zbog povrede - dmcsrb.com<\/title>\n<meta name=\"robots\" content=\"index, follow, max-snippet:-1, max-image-preview:large, max-video-preview:-1\" \/>\n<link rel=\"canonical\" href=\"https:\/\/dmcsrb.com\/en\/sport\/egzibicioni-turnir-u-rijadu-djokovic-predao-fricu-zbog-povrede\/\" \/>\n<meta property=\"og:locale\" content=\"en_GB\" \/>\n<meta property=\"og:type\" content=\"article\" \/>\n<meta property=\"og:title\" content=\"Egzibicioni turnir u Rijadu: \u0110okovi\u0107 predao Fricu zbog povrede - dmcsrb.com\" \/>\n<meta property=\"og:description\" content=\"Novak \u0110okovi\u0107 nije uspio da zavr\u0161i me\u010d protiv Tejlora Frica - predao je Ameri\u010dkom teniseru duel za tre\u0107e mjesto na egzibicionom turniru \u201eSlem \u0161est kraljeva\u201c u Rijadu.\" \/>\n<meta property=\"og:url\" content=\"https:\/\/dmcsrb.com\/en\/sport\/egzibicioni-turnir-u-rijadu-djokovic-predao-fricu-zbog-povrede\/\" \/>\n<meta property=\"og:site_name\" content=\"dmcsrb.com\" \/>\n<meta property=\"article:published_time\" content=\"2025-10-18T18:04:00+00:00\" \/>\n<meta property=\"og:image\" content=\"https:\/\/dmcsrb.com\/wp-content\/uploads\/2026\/01\/Novak-DJokovic-AP-Photo-Asanka-Brendon-Ratnayake.webp\" \/>\n\t<meta property=\"og:image:width\" content=\"1440\" \/>\n\t<meta property=\"og:image:height\" content=\"960\" \/>\n\t<meta property=\"og:image:type\" content=\"image\/webp\" \/>\n<meta name=\"author\" content=\"dmcsrbija.com@gmail.com\" \/>\n<meta name=\"twitter:card\" content=\"summary_large_image\" \/>\n<meta name=\"twitter:label1\" content=\"Written by\" \/>\n\t<meta name=\"twitter:data1\" content=\"dmcsrbija.com@gmail.com\" \/>\n\t<meta name=\"twitter:label2\" content=\"Estimated reading time\" \/>\n\t<meta name=\"twitter:data2\" content=\"1 minute\" \/>\n<script type=\"application\/ld+json\" class=\"yoast-schema-graph\">{\"@context\":\"https:\\\/\\\/schema.org\",\"@graph\":[{\"@type\":\"Article\",\"@id\":\"https:\\\/\\\/dmcsrb.com\\\/sport\\\/egzibicioni-turnir-u-rijadu-djokovic-predao-fricu-zbog-povrede\\\/#article\",\"isPartOf\":{\"@id\":\"https:\\\/\\\/dmcsrb.com\\\/sport\\\/egzibicioni-turnir-u-rijadu-djokovic-predao-fricu-zbog-povrede\\\/\"},\"author\":{\"name\":\"dmcsrbija.com@gmail.com\",\"@id\":\"https:\\\/\\\/dmcsrb.com\\\/#\\\/schema\\\/person\\\/5c39170f12db1b8b457732d0b5c854e2\"},\"headline\":\"Egzibicioni turnir u Rijadu: \u0110okovi\u0107 predao Fricu zbog povrede\",\"datePublished\":\"2025-10-18T18:04:00+00:00\",\"mainEntityOfPage\":{\"@id\":\"https:\\\/\\\/dmcsrb.com\\\/sport\\\/egzibicioni-turnir-u-rijadu-djokovic-predao-fricu-zbog-povrede\\\/\"},\"wordCount\":165,\"commentCount\":0,\"image\":{\"@id\":\"https:\\\/\\\/dmcsrb.com\\\/sport\\\/egzibicioni-turnir-u-rijadu-djokovic-predao-fricu-zbog-povrede\\\/#primaryimage\"},\"thumbnailUrl\":\"https:\\\/\\\/dmcsrb.com\\\/wp-content\\\/uploads\\\/2026\\\/01\\\/Novak-DJokovic-AP-Photo-Asanka-Brendon-Ratnayake.webp\",\"keywords\":[\"\\\"Slem \u0161est kraljeva\\\" u Rijadu\",\"egzibicioni turnir u Rijadu\",\"Novak \u0110okovi\u0107\",\"Tejlor Fric\"],\"articleSection\":[\"Sport\"],\"inLanguage\":\"en-GB\",\"potentialAction\":[{\"@type\":\"CommentAction\",\"name\":\"Comment\",\"target\":[\"https:\\\/\\\/dmcsrb.com\\\/sport\\\/egzibicioni-turnir-u-rijadu-djokovic-predao-fricu-zbog-povrede\\\/#respond\"]}]},{\"@type\":\"WebPage\",\"@id\":\"https:\\\/\\\/dmcsrb.com\\\/sport\\\/egzibicioni-turnir-u-rijadu-djokovic-predao-fricu-zbog-povrede\\\/\",\"url\":\"https:\\\/\\\/dmcsrb.com\\\/sport\\\/egzibicioni-turnir-u-rijadu-djokovic-predao-fricu-zbog-povrede\\\/\",\"name\":\"Egzibicioni turnir u Rijadu: \u0110okovi\u0107 predao Fricu zbog povrede - dmcsrb.com\",\"isPartOf\":{\"@id\":\"https:\\\/\\\/dmcsrb.com\\\/#website\"},\"primaryImageOfPage\":{\"@id\":\"https:\\\/\\\/dmcsrb.com\\\/sport\\\/egzibicioni-turnir-u-rijadu-djokovic-predao-fricu-zbog-povrede\\\/#primaryimage\"},\"image\":{\"@id\":\"https:\\\/\\\/dmcsrb.com\\\/sport\\\/egzibicioni-turnir-u-rijadu-djokovic-predao-fricu-zbog-povrede\\\/#primaryimage\"},\"thumbnailUrl\":\"https:\\\/\\\/dmcsrb.com\\\/wp-content\\\/uploads\\\/2026\\\/01\\\/Novak-DJokovic-AP-Photo-Asanka-Brendon-Ratnayake.webp\",\"datePublished\":\"2025-10-18T18:04:00+00:00\",\"author\":{\"@id\":\"https:\\\/\\\/dmcsrb.com\\\/#\\\/schema\\\/person\\\/5c39170f12db1b8b457732d0b5c854e2\"},\"breadcrumb\":{\"@id\":\"https:\\\/\\\/dmcsrb.com\\\/sport\\\/egzibicioni-turnir-u-rijadu-djokovic-predao-fricu-zbog-povrede\\\/#breadcrumb\"},\"inLanguage\":\"en-GB\",\"potentialAction\":[{\"@type\":\"ReadAction\",\"target\":[\"https:\\\/\\\/dmcsrb.com\\\/sport\\\/egzibicioni-turnir-u-rijadu-djokovic-predao-fricu-zbog-povrede\\\/\"]}]},{\"@type\":\"ImageObject\",\"inLanguage\":\"en-GB\",\"@id\":\"https:\\\/\\\/dmcsrb.com\\\/sport\\\/egzibicioni-turnir-u-rijadu-djokovic-predao-fricu-zbog-povrede\\\/#primaryimage\",\"url\":\"https:\\\/\\\/dmcsrb.com\\\/wp-content\\\/uploads\\\/2026\\\/01\\\/Novak-DJokovic-AP-Photo-Asanka-Brendon-Ratnayake.webp\",\"contentUrl\":\"https:\\\/\\\/dmcsrb.com\\\/wp-content\\\/uploads\\\/2026\\\/01\\\/Novak-DJokovic-AP-Photo-Asanka-Brendon-Ratnayake.webp\",\"width\":1440,\"height\":960},{\"@type\":\"BreadcrumbList\",\"@id\":\"https:\\\/\\\/dmcsrb.com\\\/sport\\\/egzibicioni-turnir-u-rijadu-djokovic-predao-fricu-zbog-povrede\\\/#breadcrumb\",\"itemListElement\":[{\"@type\":\"ListItem\",\"position\":1,\"name\":\"Home\",\"item\":\"https:\\\/\\\/dmcsrb.com\\\/\"},{\"@type\":\"ListItem\",\"position\":2,\"name\":\"Egzibicioni turnir u Rijadu: \u0110okovi\u0107 predao Fricu zbog povrede\"}]},{\"@type\":\"WebSite\",\"@id\":\"https:\\\/\\\/dmcsrb.com\\\/#website\",\"url\":\"https:\\\/\\\/dmcsrb.com\\\/\",\"name\":\"dmcsrb.com\",\"description\":\"\",\"potentialAction\":[{\"@type\":\"SearchAction\",\"target\":{\"@type\":\"EntryPoint\",\"urlTemplate\":\"https:\\\/\\\/dmcsrb.com\\\/?s={search_term_string}\"},\"query-input\":{\"@type\":\"PropertyValueSpecification\",\"valueRequired\":true,\"valueName\":\"search_term_string\"}}],\"inLanguage\":\"en-GB\"},{\"@type\":\"Person\",\"@id\":\"https:\\\/\\\/dmcsrb.com\\\/#\\\/schema\\\/person\\\/5c39170f12db1b8b457732d0b5c854e2\",\"name\":\"dmcsrbija.com@gmail.com\",\"image\":{\"@type\":\"ImageObject\",\"inLanguage\":\"en-GB\",\"@id\":\"https:\\\/\\\/secure.gravatar.com\\\/avatar\\\/68592660ad6347fad0fb587f8d5d8f1a7b44961362f56e4f2cd524feb87e9069?s=96&d=mm&r=g\",\"url\":\"https:\\\/\\\/secure.gravatar.com\\\/avatar\\\/68592660ad6347fad0fb587f8d5d8f1a7b44961362f56e4f2cd524feb87e9069?s=96&d=mm&r=g\",\"contentUrl\":\"https:\\\/\\\/secure.gravatar.com\\\/avatar\\\/68592660ad6347fad0fb587f8d5d8f1a7b44961362f56e4f2cd524feb87e9069?s=96&d=mm&r=g\",\"caption\":\"dmcsrbija.com@gmail.com\"},\"sameAs\":[\"https:\\\/\\\/dmcsrb.com\"],\"url\":\"https:\\\/\\\/dmcsrb.com\\\/en\\\/author\\\/dmcsrbija-comgmail-com\\\/\"}]}<\/script>\n<!-- \/ Yoast SEO plugin. -->","yoast_head_json":{"title":"Egzibicioni turnir u Rijadu: \u0110okovi\u0107 predao Fricu zbog povrede - dmcsrb.com","robots":{"index":"index","follow":"follow","max-snippet":"max-snippet:-1","max-image-preview":"max-image-preview:large","max-video-preview":"max-video-preview:-1"},"canonical":"https:\/\/dmcsrb.com\/en\/sport\/egzibicioni-turnir-u-rijadu-djokovic-predao-fricu-zbog-povrede\/","og_locale":"en_GB","og_type":"article","og_title":"Egzibicioni turnir u Rijadu: \u0110okovi\u0107 predao Fricu zbog povrede - dmcsrb.com","og_description":"Novak \u0110okovi\u0107 nije uspio da zavr\u0161i me\u010d protiv Tejlora Frica - predao je Ameri\u010dkom teniseru duel za tre\u0107e mjesto na egzibicionom turniru \u201eSlem \u0161est kraljeva\u201c u Rijadu.","og_url":"https:\/\/dmcsrb.com\/en\/sport\/egzibicioni-turnir-u-rijadu-djokovic-predao-fricu-zbog-povrede\/","og_site_name":"dmcsrb.com","article_published_time":"2025-10-18T18:04:00+00:00","og_image":[{"width":1440,"height":960,"url":"https:\/\/dmcsrb.com\/wp-content\/uploads\/2026\/01\/Novak-DJokovic-AP-Photo-Asanka-Brendon-Ratnayake.webp","type":"image\/webp"}],"author":"dmcsrbija.com@gmail.com","twitter_card":"summary_large_image","twitter_misc":{"Written by":"dmcsrbija.com@gmail.com","Estimated reading time":"1 minute"},"schema":{"@context":"https:\/\/schema.org","@graph":[{"@type":"Article","@id":"https:\/\/dmcsrb.com\/sport\/egzibicioni-turnir-u-rijadu-djokovic-predao-fricu-zbog-povrede\/#article","isPartOf":{"@id":"https:\/\/dmcsrb.com\/sport\/egzibicioni-turnir-u-rijadu-djokovic-predao-fricu-zbog-povrede\/"},"author":{"name":"dmcsrbija.com@gmail.com","@id":"https:\/\/dmcsrb.com\/#\/schema\/person\/5c39170f12db1b8b457732d0b5c854e2"},"headline":"Egzibicioni turnir u Rijadu: \u0110okovi\u0107 predao Fricu zbog povrede","datePublished":"2025-10-18T18:04:00+00:00","mainEntityOfPage":{"@id":"https:\/\/dmcsrb.com\/sport\/egzibicioni-turnir-u-rijadu-djokovic-predao-fricu-zbog-povrede\/"},"wordCount":165,"commentCount":0,"image":{"@id":"https:\/\/dmcsrb.com\/sport\/egzibicioni-turnir-u-rijadu-djokovic-predao-fricu-zbog-povrede\/#primaryimage"},"thumbnailUrl":"https:\/\/dmcsrb.com\/wp-content\/uploads\/2026\/01\/Novak-DJokovic-AP-Photo-Asanka-Brendon-Ratnayake.webp","keywords":["\"Slem \u0161est kraljeva\" u Rijadu","egzibicioni turnir u Rijadu","Novak \u0110okovi\u0107","Tejlor Fric"],"articleSection":["Sport"],"inLanguage":"en-GB","potentialAction":[{"@type":"CommentAction","name":"Comment","target":["https:\/\/dmcsrb.com\/sport\/egzibicioni-turnir-u-rijadu-djokovic-predao-fricu-zbog-povrede\/#respond"]}]},{"@type":"WebPage","@id":"https:\/\/dmcsrb.com\/sport\/egzibicioni-turnir-u-rijadu-djokovic-predao-fricu-zbog-povrede\/","url":"https:\/\/dmcsrb.com\/sport\/egzibicioni-turnir-u-rijadu-djokovic-predao-fricu-zbog-povrede\/","name":"Egzibicioni turnir u Rijadu: \u0110okovi\u0107 predao Fricu zbog povrede - dmcsrb.com","isPartOf":{"@id":"https:\/\/dmcsrb.com\/#website"},"primaryImageOfPage":{"@id":"https:\/\/dmcsrb.com\/sport\/egzibicioni-turnir-u-rijadu-djokovic-predao-fricu-zbog-povrede\/#primaryimage"},"image":{"@id":"https:\/\/dmcsrb.com\/sport\/egzibicioni-turnir-u-rijadu-djokovic-predao-fricu-zbog-povrede\/#primaryimage"},"thumbnailUrl":"https:\/\/dmcsrb.com\/wp-content\/uploads\/2026\/01\/Novak-DJokovic-AP-Photo-Asanka-Brendon-Ratnayake.webp","datePublished":"2025-10-18T18:04:00+00:00","author":{"@id":"https:\/\/dmcsrb.com\/#\/schema\/person\/5c39170f12db1b8b457732d0b5c854e2"},"breadcrumb":{"@id":"https:\/\/dmcsrb.com\/sport\/egzibicioni-turnir-u-rijadu-djokovic-predao-fricu-zbog-povrede\/#breadcrumb"},"inLanguage":"en-GB","potentialAction":[{"@type":"ReadAction","target":["https:\/\/dmcsrb.com\/sport\/egzibicioni-turnir-u-rijadu-djokovic-predao-fricu-zbog-povrede\/"]}]},{"@type":"ImageObject","inLanguage":"en-GB","@id":"https:\/\/dmcsrb.com\/sport\/egzibicioni-turnir-u-rijadu-djokovic-predao-fricu-zbog-povrede\/#primaryimage","url":"https:\/\/dmcsrb.com\/wp-content\/uploads\/2026\/01\/Novak-DJokovic-AP-Photo-Asanka-Brendon-Ratnayake.webp","contentUrl":"https:\/\/dmcsrb.com\/wp-content\/uploads\/2026\/01\/Novak-DJokovic-AP-Photo-Asanka-Brendon-Ratnayake.webp","width":1440,"height":960},{"@type":"BreadcrumbList","@id":"https:\/\/dmcsrb.com\/sport\/egzibicioni-turnir-u-rijadu-djokovic-predao-fricu-zbog-povrede\/#breadcrumb","itemListElement":[{"@type":"ListItem","position":1,"name":"Home","item":"https:\/\/dmcsrb.com\/"},{"@type":"ListItem","position":2,"name":"Egzibicioni turnir u Rijadu: \u0110okovi\u0107 predao Fricu zbog povrede"}]},{"@type":"WebSite","@id":"https:\/\/dmcsrb.com\/#website","url":"https:\/\/dmcsrb.com\/","name":"dmcsrb.com","description":"","potentialAction":[{"@type":"SearchAction","target":{"@type":"EntryPoint","urlTemplate":"https:\/\/dmcsrb.com\/?s={search_term_string}"},"query-input":{"@type":"PropertyValueSpecification","valueRequired":true,"valueName":"search_term_string"}}],"inLanguage":"en-GB"},{"@type":"Person","@id":"https:\/\/dmcsrb.com\/#\/schema\/person\/5c39170f12db1b8b457732d0b5c854e2","name":"dmcsrbija.com@gmail.com","image":{"@type":"ImageObject","inLanguage":"en-GB","@id":"https:\/\/secure.gravatar.com\/avatar\/68592660ad6347fad0fb587f8d5d8f1a7b44961362f56e4f2cd524feb87e9069?s=96&d=mm&r=g","url":"https:\/\/secure.gravatar.com\/avatar\/68592660ad6347fad0fb587f8d5d8f1a7b44961362f56e4f2cd524feb87e9069?s=96&d=mm&r=g","contentUrl":"https:\/\/secure.gravatar.com\/avatar\/68592660ad6347fad0fb587f8d5d8f1a7b44961362f56e4f2cd524feb87e9069?s=96&d=mm&r=g","caption":"dmcsrbija.com@gmail.com"},"sameAs":["https:\/\/dmcsrb.com"],"url":"https:\/\/dmcsrb.com\/en\/author\/dmcsrbija-comgmail-com\/"}]}},"_links":{"self":[{"href":"https:\/\/dmcsrb.com\/en\/wp-json\/wp\/v2\/posts\/958707","targetHints":{"allow":["GET"]}}],"collection":[{"href":"https:\/\/dmcsrb.com\/en\/wp-json\/wp\/v2\/posts"}],"about":[{"href":"https:\/\/dmcsrb.com\/en\/wp-json\/wp\/v2\/types\/post"}],"author":[{"embeddable":true,"href":"https:\/\/dmcsrb.com\/en\/wp-json\/wp\/v2\/users\/1"}],"replies":[{"embeddable":true,"href":"https:\/\/dmcsrb.com\/en\/wp-json\/wp\/v2\/comments?post=958707"}],"version-history":[{"count":0,"href":"https:\/\/dmcsrb.com\/en\/wp-json\/wp\/v2\/posts\/958707\/revisions"}],"wp:featuredmedia":[{"embeddable":true,"href":"https:\/\/dmcsrb.com\/en\/wp-json\/wp\/v2\/media\/958708"}],"wp:attachment":[{"href":"https:\/\/dmcsrb.com\/en\/wp-json\/wp\/v2\/media?parent=958707"}],"wp:term":[{"taxonomy":"category","embeddable":true,"href":"https:\/\/dmcsrb.com\/en\/wp-json\/wp\/v2\/categories?post=958707"},{"taxonomy":"post_tag","embeddable":true,"href":"https:\/\/dmcsrb.com\/en\/wp-json\/wp\/v2\/tags?post=958707"},{"taxonomy":"naslovna","embeddable":true,"href":"https:\/\/dmcsrb.com\/en\/wp-json\/wp\/v2\/naslovna?post=958707"}],"curies":[{"name":"wp","href":"https:\/\/api.w.org\/{rel}","templated":true}]}}