{"id":958661,"date":"2025-10-18T16:17:58","date_gmt":"2025-10-18T14:17:58","guid":{"rendered":"https:\/\/dmcsrb.com\/uncategorized\/kraj-za-enu-i-hajrudina-u-budvi\/"},"modified":"2025-10-18T16:17:58","modified_gmt":"2025-10-18T14:17:58","slug":"kraj-za-enu-i-hajrudina-u-budvi","status":"publish","type":"post","link":"https:\/\/dmcsrb.com\/en\/sport\/kraj-za-enu-i-hajrudina-u-budvi\/","title":{"rendered":"Kraj za Enu i Hajrudina u Budvi"},"content":{"rendered":"<p>U ring je u\u0161lo njih dvoje &#8211;&nbsp;<strong>Ena Hot&nbsp;<\/strong>i&nbsp;<strong>Hajrudin \u0110ozgi\u0107<\/strong>&nbsp;i oboje su, iako su pru\u017eili svoj maksimum do\u017eivjeli poraze.<\/p>\n\n\n\n<p>Ena Hot je osmini finala kategorije do 54 kilograma pora\u017eena na poene od \u0160pankinje&nbsp;<strong>Zoe Timon Montero<\/strong>, dok je Hajrudina \u0110ozgi\u0107a do 52 kg, na isti na\u010din, odlukom sudija zaustavio&nbsp;<strong>Igor Jagiel&nbsp;<\/strong>iz Poljske.<\/p>\n\n\n\n<p>Od preostalih pet crnogorskih reprezentativaca sjutra \u0107e na ring njih dvojica &#8211;&nbsp;<strong>Slobodan Jelu\u0161i\u0107 i Tarik Mukovi\u0107<\/strong>. Prvi rival&nbsp;<strong>Slobodanu Jelu\u0161i\u0107u<\/strong>&nbsp;u osmini finala kategorije do 42 kg bi\u0107e Izraelac&nbsp;<strong>Arkan Zoubi,&nbsp;<\/strong>dok \u0107e se&nbsp;<strong>Tarik Mukovi\u0107<\/strong>&nbsp;do 60 kg boriti protiv Slovenca&nbsp;<strong>Maika Stojni\u0107a<\/strong><strong>.<\/strong><\/p>\n\n\n\n<p>Ukoliko savlada Izraelca, Jelu\u0161i\u0107u \u0107e rival na putu do polufinala biti bolji iz borbe izme\u0111u Azerbejd\u017eanca&nbsp;<strong>Onura Gurbanova<\/strong>&nbsp;i Poljaka&nbsp;<strong>Mikolaja Rondosa,&nbsp;<\/strong>dok \u0107e se Mukovi\u0107, ukoliko elimini\u0161e Slovenca u \u010detvrtfinalu boriti protiv pobjednika me\u010da izme\u0111u Izraelca&nbsp;<strong>Magd Khatiba<\/strong>&nbsp;i Tur\u010dina&nbsp;<strong>Omera \u010celika.<\/strong><\/p>\n\n\n\n<p>Troje crnogorskih reprezentativaca \u0107e u ring u ponedjeljak &#8211;&nbsp;<strong>Nikol<\/strong><strong>a<\/strong><strong>&nbsp;Ili\u0107<\/strong>&nbsp;\u0107e za \u010detvrtfinale kategorije do 54 kg imati borbu protiv Letonca&nbsp;<strong>Rodriga Pravsa,<\/strong>&nbsp;<strong>Ivan&nbsp;<\/strong><strong>Tijani\u0107<\/strong>&nbsp;\u0107e se u osmini do 57 kg boriti protiv jo\u0161 jednog boksera iz Letonije &#8211;&nbsp;<strong>Prohorsa Grisuninsa<\/strong><strong>,&nbsp;<\/strong>dok \u0107e&nbsp;<strong>Te<\/strong><strong>ofana Milo\u0161evi\u0107<\/strong>&nbsp;svoj nastup u Budvi po\u010deti u \u010detvrtfinalu kategorije do 57 kilograma, u kojem \u0107e se sastati sa Ma\u0111aricom&nbsp;<strong>Lijom Toldi<\/strong>. Ukoliko savladala Ma\u0111aricu, \u010dlanica BK Rad \u0107e se za plasman u finale boriti protiv uspje\u0161nije iz duela izme\u0111u Italijanke<strong>&nbsp;Melise Kavaliere<\/strong>&nbsp;i Rumunke&nbsp;<strong>Andrada Stefanije Duta.<\/strong><\/p>","protected":false},"excerpt":{"rendered":"<p>Prvi takmi\u010darski dan na Evropskom prvenstvu u boksu do 15 godina u Budvi, koje je okupilo blizu 400 takmi\u010dara iz 32 zemlje Starog kontinenta nije bio uspje\u0161an za crnogorske reprezentativce.<\/p>","protected":false},"author":1,"featured_media":958662,"comment_status":"open","ping_status":"open","sticky":false,"template":"","format":"standard","meta":{"_acf_changed":false,"footnotes":""},"categories":[148],"tags":[186,11521,11814,11815],"naslovna":[],"class_list":["post-958661","post","type-post","status-publish","format-standard","has-post-thumbnail","hentry","category-sport","tag-budva","tag-ena-hot","tag-evropsko-prvenstvo-za-mlade-u-boksu","tag-hajrudin-zozgic"],"acf":[],"yoast_head":"<!-- This site is optimized with the Yoast SEO plugin v27.0 - https:\/\/yoast.com\/product\/yoast-seo-wordpress\/ -->\n<title>Kraj za Enu i Hajrudina u Budvi - dmcsrb.com<\/title>\n<meta name=\"robots\" content=\"index, follow, max-snippet:-1, max-image-preview:large, max-video-preview:-1\" \/>\n<link rel=\"canonical\" href=\"https:\/\/dmcsrb.com\/en\/sport\/kraj-za-enu-i-hajrudina-u-budvi\/\" \/>\n<meta property=\"og:locale\" content=\"en_GB\" \/>\n<meta property=\"og:type\" content=\"article\" \/>\n<meta property=\"og:title\" content=\"Kraj za Enu i Hajrudina u Budvi - dmcsrb.com\" \/>\n<meta property=\"og:description\" content=\"Prvi takmi\u010darski dan na Evropskom prvenstvu u boksu do 15 godina u Budvi, koje je okupilo blizu 400 takmi\u010dara iz 32 zemlje Starog kontinenta nije bio uspje\u0161an za crnogorske reprezentativce.\" \/>\n<meta property=\"og:url\" content=\"https:\/\/dmcsrb.com\/en\/sport\/kraj-za-enu-i-hajrudina-u-budvi\/\" \/>\n<meta property=\"og:site_name\" content=\"dmcsrb.com\" \/>\n<meta property=\"article:published_time\" content=\"2025-10-18T14:17:58+00:00\" \/>\n<meta property=\"og:image\" content=\"https:\/\/dmcsrb.com\/wp-content\/uploads\/2026\/01\/EnaHot-BSCG.webp\" \/>\n\t<meta property=\"og:image:width\" content=\"1024\" \/>\n\t<meta property=\"og:image:height\" content=\"1024\" \/>\n\t<meta property=\"og:image:type\" content=\"image\/jpeg\" \/>\n<meta name=\"author\" content=\"dmcsrbija.com@gmail.com\" \/>\n<meta name=\"twitter:card\" content=\"summary_large_image\" \/>\n<meta name=\"twitter:label1\" content=\"Written by\" \/>\n\t<meta name=\"twitter:data1\" content=\"dmcsrbija.com@gmail.com\" \/>\n\t<meta name=\"twitter:label2\" content=\"Estimated reading time\" \/>\n\t<meta name=\"twitter:data2\" content=\"1 minute\" \/>\n<script type=\"application\/ld+json\" class=\"yoast-schema-graph\">{\"@context\":\"https:\/\/schema.org\",\"@graph\":[{\"@type\":\"Article\",\"@id\":\"https:\/\/dmcsrb.com\/sport\/kraj-za-enu-i-hajrudina-u-budvi\/#article\",\"isPartOf\":{\"@id\":\"https:\/\/dmcsrb.com\/sport\/kraj-za-enu-i-hajrudina-u-budvi\/\"},\"author\":{\"name\":\"dmcsrbija.com@gmail.com\",\"@id\":\"https:\/\/dmcsrb.com\/#\/schema\/person\/5c39170f12db1b8b457732d0b5c854e2\"},\"headline\":\"Kraj za Enu i Hajrudina u Budvi\",\"datePublished\":\"2025-10-18T14:17:58+00:00\",\"mainEntityOfPage\":{\"@id\":\"https:\/\/dmcsrb.com\/sport\/kraj-za-enu-i-hajrudina-u-budvi\/\"},\"wordCount\":301,\"commentCount\":0,\"image\":{\"@id\":\"https:\/\/dmcsrb.com\/sport\/kraj-za-enu-i-hajrudina-u-budvi\/#primaryimage\"},\"thumbnailUrl\":\"https:\/\/dmcsrb.com\/wp-content\/uploads\/2026\/01\/EnaHot-BSCG.webp\",\"keywords\":[\"budva\",\"Ena Hot\",\"Evropsko prvenstvo za mlade u boksu\",\"Hajrudin \u017dozgi\u0107\"],\"articleSection\":[\"Sport\"],\"inLanguage\":\"en-GB\",\"potentialAction\":[{\"@type\":\"CommentAction\",\"name\":\"Comment\",\"target\":[\"https:\/\/dmcsrb.com\/sport\/kraj-za-enu-i-hajrudina-u-budvi\/#respond\"]}]},{\"@type\":\"WebPage\",\"@id\":\"https:\/\/dmcsrb.com\/sport\/kraj-za-enu-i-hajrudina-u-budvi\/\",\"url\":\"https:\/\/dmcsrb.com\/sport\/kraj-za-enu-i-hajrudina-u-budvi\/\",\"name\":\"Kraj za Enu i Hajrudina u Budvi - dmcsrb.com\",\"isPartOf\":{\"@id\":\"https:\/\/dmcsrb.com\/#website\"},\"primaryImageOfPage\":{\"@id\":\"https:\/\/dmcsrb.com\/sport\/kraj-za-enu-i-hajrudina-u-budvi\/#primaryimage\"},\"image\":{\"@id\":\"https:\/\/dmcsrb.com\/sport\/kraj-za-enu-i-hajrudina-u-budvi\/#primaryimage\"},\"thumbnailUrl\":\"https:\/\/dmcsrb.com\/wp-content\/uploads\/2026\/01\/EnaHot-BSCG.webp\",\"datePublished\":\"2025-10-18T14:17:58+00:00\",\"author\":{\"@id\":\"https:\/\/dmcsrb.com\/#\/schema\/person\/5c39170f12db1b8b457732d0b5c854e2\"},\"breadcrumb\":{\"@id\":\"https:\/\/dmcsrb.com\/sport\/kraj-za-enu-i-hajrudina-u-budvi\/#breadcrumb\"},\"inLanguage\":\"en-GB\",\"potentialAction\":[{\"@type\":\"ReadAction\",\"target\":[\"https:\/\/dmcsrb.com\/sport\/kraj-za-enu-i-hajrudina-u-budvi\/\"]}]},{\"@type\":\"ImageObject\",\"inLanguage\":\"en-GB\",\"@id\":\"https:\/\/dmcsrb.com\/sport\/kraj-za-enu-i-hajrudina-u-budvi\/#primaryimage\",\"url\":\"https:\/\/dmcsrb.com\/wp-content\/uploads\/2026\/01\/EnaHot-BSCG.webp\",\"contentUrl\":\"https:\/\/dmcsrb.com\/wp-content\/uploads\/2026\/01\/EnaHot-BSCG.webp\",\"width\":1024,\"height\":1024},{\"@type\":\"BreadcrumbList\",\"@id\":\"https:\/\/dmcsrb.com\/sport\/kraj-za-enu-i-hajrudina-u-budvi\/#breadcrumb\",\"itemListElement\":[{\"@type\":\"ListItem\",\"position\":1,\"name\":\"Home\",\"item\":\"https:\/\/dmcsrb.com\/\"},{\"@type\":\"ListItem\",\"position\":2,\"name\":\"Kraj za Enu i Hajrudina u Budvi\"}]},{\"@type\":\"WebSite\",\"@id\":\"https:\/\/dmcsrb.com\/#website\",\"url\":\"https:\/\/dmcsrb.com\/\",\"name\":\"dmcsrb.com\",\"description\":\"\",\"potentialAction\":[{\"@type\":\"SearchAction\",\"target\":{\"@type\":\"EntryPoint\",\"urlTemplate\":\"https:\/\/dmcsrb.com\/?s={search_term_string}\"},\"query-input\":{\"@type\":\"PropertyValueSpecification\",\"valueRequired\":true,\"valueName\":\"search_term_string\"}}],\"inLanguage\":\"en-GB\"},{\"@type\":\"Person\",\"@id\":\"https:\/\/dmcsrb.com\/#\/schema\/person\/5c39170f12db1b8b457732d0b5c854e2\",\"name\":\"dmcsrbija.com@gmail.com\",\"image\":{\"@type\":\"ImageObject\",\"inLanguage\":\"en-GB\",\"@id\":\"https:\/\/dmcsrb.com\/#\/schema\/person\/image\/\",\"url\":\"https:\/\/secure.gravatar.com\/avatar\/68592660ad6347fad0fb587f8d5d8f1a7b44961362f56e4f2cd524feb87e9069?s=96&d=mm&r=g\",\"contentUrl\":\"https:\/\/secure.gravatar.com\/avatar\/68592660ad6347fad0fb587f8d5d8f1a7b44961362f56e4f2cd524feb87e9069?s=96&d=mm&r=g\",\"caption\":\"dmcsrbija.com@gmail.com\"},\"sameAs\":[\"https:\/\/dmcsrb.com\"],\"url\":\"https:\/\/dmcsrb.com\/en\/author\/dmcsrbija-comgmail-com\/\"}]}<\/script>\n<!-- \/ Yoast SEO plugin. -->","yoast_head_json":{"title":"Kraj za Enu i Hajrudina u Budvi - dmcsrb.com","robots":{"index":"index","follow":"follow","max-snippet":"max-snippet:-1","max-image-preview":"max-image-preview:large","max-video-preview":"max-video-preview:-1"},"canonical":"https:\/\/dmcsrb.com\/en\/sport\/kraj-za-enu-i-hajrudina-u-budvi\/","og_locale":"en_GB","og_type":"article","og_title":"Kraj za Enu i Hajrudina u Budvi - dmcsrb.com","og_description":"Prvi takmi\u010darski dan na Evropskom prvenstvu u boksu do 15 godina u Budvi, koje je okupilo blizu 400 takmi\u010dara iz 32 zemlje Starog kontinenta nije bio uspje\u0161an za crnogorske reprezentativce.","og_url":"https:\/\/dmcsrb.com\/en\/sport\/kraj-za-enu-i-hajrudina-u-budvi\/","og_site_name":"dmcsrb.com","article_published_time":"2025-10-18T14:17:58+00:00","og_image":[{"width":1024,"height":1024,"url":"https:\/\/dmcsrb.com\/wp-content\/uploads\/2026\/01\/EnaHot-BSCG.webp","type":"image\/jpeg"}],"author":"dmcsrbija.com@gmail.com","twitter_card":"summary_large_image","twitter_misc":{"Written by":"dmcsrbija.com@gmail.com","Estimated reading time":"1 minute"},"schema":{"@context":"https:\/\/schema.org","@graph":[{"@type":"Article","@id":"https:\/\/dmcsrb.com\/sport\/kraj-za-enu-i-hajrudina-u-budvi\/#article","isPartOf":{"@id":"https:\/\/dmcsrb.com\/sport\/kraj-za-enu-i-hajrudina-u-budvi\/"},"author":{"name":"dmcsrbija.com@gmail.com","@id":"https:\/\/dmcsrb.com\/#\/schema\/person\/5c39170f12db1b8b457732d0b5c854e2"},"headline":"Kraj za Enu i Hajrudina u Budvi","datePublished":"2025-10-18T14:17:58+00:00","mainEntityOfPage":{"@id":"https:\/\/dmcsrb.com\/sport\/kraj-za-enu-i-hajrudina-u-budvi\/"},"wordCount":301,"commentCount":0,"image":{"@id":"https:\/\/dmcsrb.com\/sport\/kraj-za-enu-i-hajrudina-u-budvi\/#primaryimage"},"thumbnailUrl":"https:\/\/dmcsrb.com\/wp-content\/uploads\/2026\/01\/EnaHot-BSCG.webp","keywords":["budva","Ena Hot","Evropsko prvenstvo za mlade u boksu","Hajrudin \u017dozgi\u0107"],"articleSection":["Sport"],"inLanguage":"en-GB","potentialAction":[{"@type":"CommentAction","name":"Comment","target":["https:\/\/dmcsrb.com\/sport\/kraj-za-enu-i-hajrudina-u-budvi\/#respond"]}]},{"@type":"WebPage","@id":"https:\/\/dmcsrb.com\/sport\/kraj-za-enu-i-hajrudina-u-budvi\/","url":"https:\/\/dmcsrb.com\/sport\/kraj-za-enu-i-hajrudina-u-budvi\/","name":"Kraj za Enu i Hajrudina u Budvi - dmcsrb.com","isPartOf":{"@id":"https:\/\/dmcsrb.com\/#website"},"primaryImageOfPage":{"@id":"https:\/\/dmcsrb.com\/sport\/kraj-za-enu-i-hajrudina-u-budvi\/#primaryimage"},"image":{"@id":"https:\/\/dmcsrb.com\/sport\/kraj-za-enu-i-hajrudina-u-budvi\/#primaryimage"},"thumbnailUrl":"https:\/\/dmcsrb.com\/wp-content\/uploads\/2026\/01\/EnaHot-BSCG.webp","datePublished":"2025-10-18T14:17:58+00:00","author":{"@id":"https:\/\/dmcsrb.com\/#\/schema\/person\/5c39170f12db1b8b457732d0b5c854e2"},"breadcrumb":{"@id":"https:\/\/dmcsrb.com\/sport\/kraj-za-enu-i-hajrudina-u-budvi\/#breadcrumb"},"inLanguage":"en-GB","potentialAction":[{"@type":"ReadAction","target":["https:\/\/dmcsrb.com\/sport\/kraj-za-enu-i-hajrudina-u-budvi\/"]}]},{"@type":"ImageObject","inLanguage":"en-GB","@id":"https:\/\/dmcsrb.com\/sport\/kraj-za-enu-i-hajrudina-u-budvi\/#primaryimage","url":"https:\/\/dmcsrb.com\/wp-content\/uploads\/2026\/01\/EnaHot-BSCG.webp","contentUrl":"https:\/\/dmcsrb.com\/wp-content\/uploads\/2026\/01\/EnaHot-BSCG.webp","width":1024,"height":1024},{"@type":"BreadcrumbList","@id":"https:\/\/dmcsrb.com\/sport\/kraj-za-enu-i-hajrudina-u-budvi\/#breadcrumb","itemListElement":[{"@type":"ListItem","position":1,"name":"Home","item":"https:\/\/dmcsrb.com\/"},{"@type":"ListItem","position":2,"name":"Kraj za Enu i Hajrudina u Budvi"}]},{"@type":"WebSite","@id":"https:\/\/dmcsrb.com\/#website","url":"https:\/\/dmcsrb.com\/","name":"dmcsrb.com","description":"","potentialAction":[{"@type":"SearchAction","target":{"@type":"EntryPoint","urlTemplate":"https:\/\/dmcsrb.com\/?s={search_term_string}"},"query-input":{"@type":"PropertyValueSpecification","valueRequired":true,"valueName":"search_term_string"}}],"inLanguage":"en-GB"},{"@type":"Person","@id":"https:\/\/dmcsrb.com\/#\/schema\/person\/5c39170f12db1b8b457732d0b5c854e2","name":"dmcsrbija.com@gmail.com","image":{"@type":"ImageObject","inLanguage":"en-GB","@id":"https:\/\/dmcsrb.com\/#\/schema\/person\/image\/","url":"https:\/\/secure.gravatar.com\/avatar\/68592660ad6347fad0fb587f8d5d8f1a7b44961362f56e4f2cd524feb87e9069?s=96&d=mm&r=g","contentUrl":"https:\/\/secure.gravatar.com\/avatar\/68592660ad6347fad0fb587f8d5d8f1a7b44961362f56e4f2cd524feb87e9069?s=96&d=mm&r=g","caption":"dmcsrbija.com@gmail.com"},"sameAs":["https:\/\/dmcsrb.com"],"url":"https:\/\/dmcsrb.com\/en\/author\/dmcsrbija-comgmail-com\/"}]}},"_links":{"self":[{"href":"https:\/\/dmcsrb.com\/en\/wp-json\/wp\/v2\/posts\/958661","targetHints":{"allow":["GET"]}}],"collection":[{"href":"https:\/\/dmcsrb.com\/en\/wp-json\/wp\/v2\/posts"}],"about":[{"href":"https:\/\/dmcsrb.com\/en\/wp-json\/wp\/v2\/types\/post"}],"author":[{"embeddable":true,"href":"https:\/\/dmcsrb.com\/en\/wp-json\/wp\/v2\/users\/1"}],"replies":[{"embeddable":true,"href":"https:\/\/dmcsrb.com\/en\/wp-json\/wp\/v2\/comments?post=958661"}],"version-history":[{"count":0,"href":"https:\/\/dmcsrb.com\/en\/wp-json\/wp\/v2\/posts\/958661\/revisions"}],"wp:featuredmedia":[{"embeddable":true,"href":"https:\/\/dmcsrb.com\/en\/wp-json\/wp\/v2\/media\/958662"}],"wp:attachment":[{"href":"https:\/\/dmcsrb.com\/en\/wp-json\/wp\/v2\/media?parent=958661"}],"wp:term":[{"taxonomy":"category","embeddable":true,"href":"https:\/\/dmcsrb.com\/en\/wp-json\/wp\/v2\/categories?post=958661"},{"taxonomy":"post_tag","embeddable":true,"href":"https:\/\/dmcsrb.com\/en\/wp-json\/wp\/v2\/tags?post=958661"},{"taxonomy":"naslovna","embeddable":true,"href":"https:\/\/dmcsrb.com\/en\/wp-json\/wp\/v2\/naslovna?post=958661"}],"curies":[{"name":"wp","href":"https:\/\/api.w.org\/{rel}","templated":true}]}}