{"id":958658,"date":"2025-10-18T17:00:00","date_gmt":"2025-10-18T15:00:00","guid":{"rendered":"https:\/\/dmcsrb.com\/uncategorized\/video-popovic-gavranovic-kraj-braka-ne-znaci-kraj-porodice-za-dijete\/"},"modified":"2025-10-18T17:00:00","modified_gmt":"2025-10-18T15:00:00","slug":"video-popovic-gavranovic-kraj-braka-ne-znaci-kraj-porodice-za-dijete","status":"publish","type":"post","link":"https:\/\/dmcsrb.com\/en\/drustvo\/video-popovic-gavranovic-kraj-braka-ne-znaci-kraj-porodice-za-dijete\/","title":{"rendered":"(VIDEO) Popovi\u0107 Gavranovi\u0107: Kraj braka ne zna\u010di kraj porodice za dijete"},"content":{"rendered":"<p>Svaki postupak koji se ti\u010de djeteta mora se zasnivati na njegovom najboljem interesu \u2013 a kako do njega do\u0107i pitanje je s kojim se medijacija stalno suo\u010dava, obja\u0161njavaju stru\u010dnjaci.<\/p>\n\n\n\n<p>&#8220;Ono \u0161to se de\u0161ava u porodi\u010dnim sporovima je da su djetetovi roditelji \u010desto preplavljeni tim partnerskim sukobom i da ih taj sukob usmjerava da misle samo na ono \u0161to njima treba i \u0161to oni \u017eele&#8221;, kazala je Popovi\u0107 Gavranovi\u0107.<\/p>\n\n\n\n<p>U procesu razvoda izuzetno je va\u017eno da partneri shvate da kraj braka ne zna\u010di i kraj porodice za dijete \u2013 kontinuirani odnos sa oba roditelja, kako isti\u010de,\u00a0 mora biti ispred li\u010dnih sukoba i osje\u0107anja.<\/p>\n\n\n\n<p>&#8220;Da dijete provodi dovoljno vremena sa svakim od roditelja, da to bude \u010desto i da to bude uobi\u010dajena djetetova rutina, i tako\u0111e da svaki od roditelja ima u\u010de\u0161\u0107e u djetetovom \u017eivotu&#8221;, istakla je Popovi\u0107 Gavranovi\u0107.<\/p>\n\n\n\n<p>Iako se razvod smatra sudskim postupkom u kojem se rje\u0161avaju pravna, ekonomska i organizaciona pitanja, zaboravlja se da je to su\u0161tinski emocionalan proces u kojem se otvara prostor za medijaciju, dodaje Popovi\u0107 Gavranovi\u0107.<\/p>\n\n\n\n<p>&#8220;Poma\u017eemo na neutralan na\u010din da svako od partnera realno sagleda gdje se nalazi, gdje \u017eeli da ide, da se otvore razli\u010dite perspektive problema koji imaju, da se sagleda perspektiva onog drugog i da se tra\u017ee razli\u010diti na\u010dini da se rije\u0161e sporna pitanja i problemi&#8221;, smatra Popovi\u0107 Gavranovi\u0107.<\/p>\n\n\n\n<p>Cilj medijacije je postizanje dogovora izme\u0111u roditelja. Kada dijete postane dio njihovog sukoba, \u010desto dobija razvojno neprimjerenu ulogu \u2013 odnosno osje\u0107a pritisak da bira stranu.<\/p>\n\n\n\n<p>&#8220;I to je tako veliki emocionalni pritisak na dijete, koji ono trpi i kad vi\u0161e ne mo\u017ee da izdr\u017ei, ono to razrije\u0161i na svoj na\u010din \u2013 prikloni se jednom roditelju, i to naj\u010de\u0161\u0107e onom kojeg do\u017eivljava kao manje sigurnog i za kojeg osje\u0107a da njegovu ljubav treba da zaslu\u017euju&#8221;, kazala je Popovi\u0107 Gavranovi\u0107.<\/p>\n\n\n\n<p>Nije razvod taj koji \u0161teti djetetu &#8211; ve\u0107 sukob koji traje, ka\u017ee medijatorka. Kada dijete stalno svjedo\u010di napetosti me\u0111u roditeljima,\u00a0 \u017eivi u stresu koji ostavlja duboke posljedice. Zato poru\u010duje da je najva\u017enije da dijete uvidi da se mama i tata, iako vi\u0161e nijesu partneri, kao roditelji nikada ne razilaze.<\/p>\n\n\n\n<figure class=\"wp-block-embed is-type-video is-provider-youtube wp-block-embed-youtube wp-embed-aspect-16-9 wp-has-aspect-ratio\"><div class=\"wp-block-embed__wrapper\">\n<iframe loading=\"lazy\" title=\"Popovi\u0107 Gavranovi\u0107: Kraj braka ne zna\u010di kraj porodice za dijete\" width=\"500\" height=\"281\" src=\"https:\/\/www.youtube.com\/embed\/jmBTqKEv_5c?feature=oembed\" frameborder=\"0\" allow=\"accelerometer; autoplay; clipboard-write; encrypted-media; gyroscope; picture-in-picture; web-share\" referrerpolicy=\"strict-origin-when-cross-origin\" allowfullscreen><\/iframe>\n<\/div><\/figure>","protected":false},"excerpt":{"rendered":"<p>U Crnoj Gori broj razvoda raste iz godine u godinu. Sve vi\u0161e porodica zavr\u0161ava pred sudom pa iako to ostavlja poljedice na partnere, \u00a0\u010desto su djeca ta koja najvi\u0161e pate, poru\u010dila je medijatorka u \u00a0Centru za alternativno rje\u0161avanje sporova Dijana Popovi\u0107 Gavranovi\u0107 za RTV Podgorica.<\/p>","protected":false},"author":1,"featured_media":958659,"comment_status":"open","ping_status":"open","sticky":false,"template":"","format":"standard","meta":{"_acf_changed":false,"footnotes":""},"categories":[2],"tags":[5414,623,11173],"naslovna":[],"class_list":["post-958658","post","type-post","status-publish","format-standard","has-post-thumbnail","hentry","category-drustvo","tag-brak","tag-djeca","tag-razvod"],"acf":[],"yoast_head":"<!-- This site is optimized with the Yoast SEO plugin v27.0 - https:\/\/yoast.com\/product\/yoast-seo-wordpress\/ -->\n<title>(VIDEO) Popovi\u0107 Gavranovi\u0107: Kraj braka ne zna\u010di kraj porodice za dijete - dmcsrb.com<\/title>\n<meta name=\"robots\" content=\"index, follow, max-snippet:-1, max-image-preview:large, max-video-preview:-1\" \/>\n<link rel=\"canonical\" href=\"https:\/\/dmcsrb.com\/en\/drustvo\/video-popovic-gavranovic-kraj-braka-ne-znaci-kraj-porodice-za-dijete\/\" \/>\n<meta property=\"og:locale\" content=\"en_GB\" \/>\n<meta property=\"og:type\" content=\"article\" \/>\n<meta property=\"og:title\" content=\"(VIDEO) Popovi\u0107 Gavranovi\u0107: Kraj braka ne zna\u010di kraj porodice za dijete - dmcsrb.com\" \/>\n<meta property=\"og:description\" content=\"U Crnoj Gori broj razvoda raste iz godine u godinu. Sve vi\u0161e porodica zavr\u0161ava pred sudom pa iako to ostavlja poljedice na partnere, \u00a0\u010desto su djeca ta koja najvi\u0161e pate, poru\u010dila je medijatorka u \u00a0Centru za alternativno rje\u0161avanje sporova Dijana Popovi\u0107 Gavranovi\u0107 za RTV Podgorica.\" \/>\n<meta property=\"og:url\" content=\"https:\/\/dmcsrb.com\/en\/drustvo\/video-popovic-gavranovic-kraj-braka-ne-znaci-kraj-porodice-za-dijete\/\" \/>\n<meta property=\"og:site_name\" content=\"dmcsrb.com\" \/>\n<meta property=\"article:published_time\" content=\"2025-10-18T15:00:00+00:00\" \/>\n<meta property=\"og:image\" content=\"https:\/\/dmcsrb.com\/wp-content\/uploads\/2026\/01\/pocket-1506514_640.webp\" \/>\n\t<meta property=\"og:image:width\" content=\"640\" \/>\n\t<meta property=\"og:image:height\" content=\"424\" \/>\n\t<meta property=\"og:image:type\" content=\"image\/jpeg\" \/>\n<meta name=\"author\" content=\"dmcsrbija.com@gmail.com\" \/>\n<meta name=\"twitter:card\" content=\"summary_large_image\" \/>\n<meta name=\"twitter:label1\" content=\"Written by\" \/>\n\t<meta name=\"twitter:data1\" content=\"dmcsrbija.com@gmail.com\" \/>\n\t<meta name=\"twitter:label2\" content=\"Estimated reading time\" \/>\n\t<meta name=\"twitter:data2\" content=\"2 minutes\" \/>\n<script type=\"application\/ld+json\" class=\"yoast-schema-graph\">{\"@context\":\"https:\/\/schema.org\",\"@graph\":[{\"@type\":\"Article\",\"@id\":\"https:\/\/dmcsrb.com\/drustvo\/video-popovic-gavranovic-kraj-braka-ne-znaci-kraj-porodice-za-dijete\/#article\",\"isPartOf\":{\"@id\":\"https:\/\/dmcsrb.com\/drustvo\/video-popovic-gavranovic-kraj-braka-ne-znaci-kraj-porodice-za-dijete\/\"},\"author\":{\"name\":\"dmcsrbija.com@gmail.com\",\"@id\":\"https:\/\/dmcsrb.com\/#\/schema\/person\/5c39170f12db1b8b457732d0b5c854e2\"},\"headline\":\"(VIDEO) Popovi\u0107 Gavranovi\u0107: Kraj braka ne zna\u010di kraj porodice za dijete\",\"datePublished\":\"2025-10-18T15:00:00+00:00\",\"mainEntityOfPage\":{\"@id\":\"https:\/\/dmcsrb.com\/drustvo\/video-popovic-gavranovic-kraj-braka-ne-znaci-kraj-porodice-za-dijete\/\"},\"wordCount\":400,\"commentCount\":0,\"image\":{\"@id\":\"https:\/\/dmcsrb.com\/drustvo\/video-popovic-gavranovic-kraj-braka-ne-znaci-kraj-porodice-za-dijete\/#primaryimage\"},\"thumbnailUrl\":\"https:\/\/dmcsrb.com\/wp-content\/uploads\/2026\/01\/pocket-1506514_640.webp\",\"keywords\":[\"brak\",\"djeca\",\"razvod\"],\"articleSection\":[\"Dru\u0161tvo\"],\"inLanguage\":\"en-GB\",\"potentialAction\":[{\"@type\":\"CommentAction\",\"name\":\"Comment\",\"target\":[\"https:\/\/dmcsrb.com\/drustvo\/video-popovic-gavranovic-kraj-braka-ne-znaci-kraj-porodice-za-dijete\/#respond\"]}]},{\"@type\":\"WebPage\",\"@id\":\"https:\/\/dmcsrb.com\/drustvo\/video-popovic-gavranovic-kraj-braka-ne-znaci-kraj-porodice-za-dijete\/\",\"url\":\"https:\/\/dmcsrb.com\/drustvo\/video-popovic-gavranovic-kraj-braka-ne-znaci-kraj-porodice-za-dijete\/\",\"name\":\"(VIDEO) Popovi\u0107 Gavranovi\u0107: Kraj braka ne zna\u010di kraj porodice za dijete - dmcsrb.com\",\"isPartOf\":{\"@id\":\"https:\/\/dmcsrb.com\/#website\"},\"primaryImageOfPage\":{\"@id\":\"https:\/\/dmcsrb.com\/drustvo\/video-popovic-gavranovic-kraj-braka-ne-znaci-kraj-porodice-za-dijete\/#primaryimage\"},\"image\":{\"@id\":\"https:\/\/dmcsrb.com\/drustvo\/video-popovic-gavranovic-kraj-braka-ne-znaci-kraj-porodice-za-dijete\/#primaryimage\"},\"thumbnailUrl\":\"https:\/\/dmcsrb.com\/wp-content\/uploads\/2026\/01\/pocket-1506514_640.webp\",\"datePublished\":\"2025-10-18T15:00:00+00:00\",\"author\":{\"@id\":\"https:\/\/dmcsrb.com\/#\/schema\/person\/5c39170f12db1b8b457732d0b5c854e2\"},\"breadcrumb\":{\"@id\":\"https:\/\/dmcsrb.com\/drustvo\/video-popovic-gavranovic-kraj-braka-ne-znaci-kraj-porodice-za-dijete\/#breadcrumb\"},\"inLanguage\":\"en-GB\",\"potentialAction\":[{\"@type\":\"ReadAction\",\"target\":[\"https:\/\/dmcsrb.com\/drustvo\/video-popovic-gavranovic-kraj-braka-ne-znaci-kraj-porodice-za-dijete\/\"]}]},{\"@type\":\"ImageObject\",\"inLanguage\":\"en-GB\",\"@id\":\"https:\/\/dmcsrb.com\/drustvo\/video-popovic-gavranovic-kraj-braka-ne-znaci-kraj-porodice-za-dijete\/#primaryimage\",\"url\":\"https:\/\/dmcsrb.com\/wp-content\/uploads\/2026\/01\/pocket-1506514_640.webp\",\"contentUrl\":\"https:\/\/dmcsrb.com\/wp-content\/uploads\/2026\/01\/pocket-1506514_640.webp\",\"width\":640,\"height\":424},{\"@type\":\"BreadcrumbList\",\"@id\":\"https:\/\/dmcsrb.com\/drustvo\/video-popovic-gavranovic-kraj-braka-ne-znaci-kraj-porodice-za-dijete\/#breadcrumb\",\"itemListElement\":[{\"@type\":\"ListItem\",\"position\":1,\"name\":\"Home\",\"item\":\"https:\/\/dmcsrb.com\/\"},{\"@type\":\"ListItem\",\"position\":2,\"name\":\"(VIDEO) Popovi\u0107 Gavranovi\u0107: Kraj braka ne zna\u010di kraj porodice za dijete\"}]},{\"@type\":\"WebSite\",\"@id\":\"https:\/\/dmcsrb.com\/#website\",\"url\":\"https:\/\/dmcsrb.com\/\",\"name\":\"dmcsrb.com\",\"description\":\"\",\"potentialAction\":[{\"@type\":\"SearchAction\",\"target\":{\"@type\":\"EntryPoint\",\"urlTemplate\":\"https:\/\/dmcsrb.com\/?s={search_term_string}\"},\"query-input\":{\"@type\":\"PropertyValueSpecification\",\"valueRequired\":true,\"valueName\":\"search_term_string\"}}],\"inLanguage\":\"en-GB\"},{\"@type\":\"Person\",\"@id\":\"https:\/\/dmcsrb.com\/#\/schema\/person\/5c39170f12db1b8b457732d0b5c854e2\",\"name\":\"dmcsrbija.com@gmail.com\",\"image\":{\"@type\":\"ImageObject\",\"inLanguage\":\"en-GB\",\"@id\":\"https:\/\/dmcsrb.com\/#\/schema\/person\/image\/\",\"url\":\"https:\/\/secure.gravatar.com\/avatar\/68592660ad6347fad0fb587f8d5d8f1a7b44961362f56e4f2cd524feb87e9069?s=96&d=mm&r=g\",\"contentUrl\":\"https:\/\/secure.gravatar.com\/avatar\/68592660ad6347fad0fb587f8d5d8f1a7b44961362f56e4f2cd524feb87e9069?s=96&d=mm&r=g\",\"caption\":\"dmcsrbija.com@gmail.com\"},\"sameAs\":[\"https:\/\/dmcsrb.com\"],\"url\":\"https:\/\/dmcsrb.com\/en\/author\/dmcsrbija-comgmail-com\/\"}]}<\/script>\n<!-- \/ Yoast SEO plugin. -->","yoast_head_json":{"title":"(VIDEO) Popovi\u0107 Gavranovi\u0107: Kraj braka ne zna\u010di kraj porodice za dijete - dmcsrb.com","robots":{"index":"index","follow":"follow","max-snippet":"max-snippet:-1","max-image-preview":"max-image-preview:large","max-video-preview":"max-video-preview:-1"},"canonical":"https:\/\/dmcsrb.com\/en\/drustvo\/video-popovic-gavranovic-kraj-braka-ne-znaci-kraj-porodice-za-dijete\/","og_locale":"en_GB","og_type":"article","og_title":"(VIDEO) Popovi\u0107 Gavranovi\u0107: Kraj braka ne zna\u010di kraj porodice za dijete - dmcsrb.com","og_description":"U Crnoj Gori broj razvoda raste iz godine u godinu. Sve vi\u0161e porodica zavr\u0161ava pred sudom pa iako to ostavlja poljedice na partnere, \u00a0\u010desto su djeca ta koja najvi\u0161e pate, poru\u010dila je medijatorka u \u00a0Centru za alternativno rje\u0161avanje sporova Dijana Popovi\u0107 Gavranovi\u0107 za RTV Podgorica.","og_url":"https:\/\/dmcsrb.com\/en\/drustvo\/video-popovic-gavranovic-kraj-braka-ne-znaci-kraj-porodice-za-dijete\/","og_site_name":"dmcsrb.com","article_published_time":"2025-10-18T15:00:00+00:00","og_image":[{"width":640,"height":424,"url":"https:\/\/dmcsrb.com\/wp-content\/uploads\/2026\/01\/pocket-1506514_640.webp","type":"image\/jpeg"}],"author":"dmcsrbija.com@gmail.com","twitter_card":"summary_large_image","twitter_misc":{"Written by":"dmcsrbija.com@gmail.com","Estimated reading time":"2 minutes"},"schema":{"@context":"https:\/\/schema.org","@graph":[{"@type":"Article","@id":"https:\/\/dmcsrb.com\/drustvo\/video-popovic-gavranovic-kraj-braka-ne-znaci-kraj-porodice-za-dijete\/#article","isPartOf":{"@id":"https:\/\/dmcsrb.com\/drustvo\/video-popovic-gavranovic-kraj-braka-ne-znaci-kraj-porodice-za-dijete\/"},"author":{"name":"dmcsrbija.com@gmail.com","@id":"https:\/\/dmcsrb.com\/#\/schema\/person\/5c39170f12db1b8b457732d0b5c854e2"},"headline":"(VIDEO) Popovi\u0107 Gavranovi\u0107: Kraj braka ne zna\u010di kraj porodice za dijete","datePublished":"2025-10-18T15:00:00+00:00","mainEntityOfPage":{"@id":"https:\/\/dmcsrb.com\/drustvo\/video-popovic-gavranovic-kraj-braka-ne-znaci-kraj-porodice-za-dijete\/"},"wordCount":400,"commentCount":0,"image":{"@id":"https:\/\/dmcsrb.com\/drustvo\/video-popovic-gavranovic-kraj-braka-ne-znaci-kraj-porodice-za-dijete\/#primaryimage"},"thumbnailUrl":"https:\/\/dmcsrb.com\/wp-content\/uploads\/2026\/01\/pocket-1506514_640.webp","keywords":["brak","djeca","razvod"],"articleSection":["Dru\u0161tvo"],"inLanguage":"en-GB","potentialAction":[{"@type":"CommentAction","name":"Comment","target":["https:\/\/dmcsrb.com\/drustvo\/video-popovic-gavranovic-kraj-braka-ne-znaci-kraj-porodice-za-dijete\/#respond"]}]},{"@type":"WebPage","@id":"https:\/\/dmcsrb.com\/drustvo\/video-popovic-gavranovic-kraj-braka-ne-znaci-kraj-porodice-za-dijete\/","url":"https:\/\/dmcsrb.com\/drustvo\/video-popovic-gavranovic-kraj-braka-ne-znaci-kraj-porodice-za-dijete\/","name":"(VIDEO) Popovi\u0107 Gavranovi\u0107: Kraj braka ne zna\u010di kraj porodice za dijete - dmcsrb.com","isPartOf":{"@id":"https:\/\/dmcsrb.com\/#website"},"primaryImageOfPage":{"@id":"https:\/\/dmcsrb.com\/drustvo\/video-popovic-gavranovic-kraj-braka-ne-znaci-kraj-porodice-za-dijete\/#primaryimage"},"image":{"@id":"https:\/\/dmcsrb.com\/drustvo\/video-popovic-gavranovic-kraj-braka-ne-znaci-kraj-porodice-za-dijete\/#primaryimage"},"thumbnailUrl":"https:\/\/dmcsrb.com\/wp-content\/uploads\/2026\/01\/pocket-1506514_640.webp","datePublished":"2025-10-18T15:00:00+00:00","author":{"@id":"https:\/\/dmcsrb.com\/#\/schema\/person\/5c39170f12db1b8b457732d0b5c854e2"},"breadcrumb":{"@id":"https:\/\/dmcsrb.com\/drustvo\/video-popovic-gavranovic-kraj-braka-ne-znaci-kraj-porodice-za-dijete\/#breadcrumb"},"inLanguage":"en-GB","potentialAction":[{"@type":"ReadAction","target":["https:\/\/dmcsrb.com\/drustvo\/video-popovic-gavranovic-kraj-braka-ne-znaci-kraj-porodice-za-dijete\/"]}]},{"@type":"ImageObject","inLanguage":"en-GB","@id":"https:\/\/dmcsrb.com\/drustvo\/video-popovic-gavranovic-kraj-braka-ne-znaci-kraj-porodice-za-dijete\/#primaryimage","url":"https:\/\/dmcsrb.com\/wp-content\/uploads\/2026\/01\/pocket-1506514_640.webp","contentUrl":"https:\/\/dmcsrb.com\/wp-content\/uploads\/2026\/01\/pocket-1506514_640.webp","width":640,"height":424},{"@type":"BreadcrumbList","@id":"https:\/\/dmcsrb.com\/drustvo\/video-popovic-gavranovic-kraj-braka-ne-znaci-kraj-porodice-za-dijete\/#breadcrumb","itemListElement":[{"@type":"ListItem","position":1,"name":"Home","item":"https:\/\/dmcsrb.com\/"},{"@type":"ListItem","position":2,"name":"(VIDEO) Popovi\u0107 Gavranovi\u0107: Kraj braka ne zna\u010di kraj porodice za dijete"}]},{"@type":"WebSite","@id":"https:\/\/dmcsrb.com\/#website","url":"https:\/\/dmcsrb.com\/","name":"dmcsrb.com","description":"","potentialAction":[{"@type":"SearchAction","target":{"@type":"EntryPoint","urlTemplate":"https:\/\/dmcsrb.com\/?s={search_term_string}"},"query-input":{"@type":"PropertyValueSpecification","valueRequired":true,"valueName":"search_term_string"}}],"inLanguage":"en-GB"},{"@type":"Person","@id":"https:\/\/dmcsrb.com\/#\/schema\/person\/5c39170f12db1b8b457732d0b5c854e2","name":"dmcsrbija.com@gmail.com","image":{"@type":"ImageObject","inLanguage":"en-GB","@id":"https:\/\/dmcsrb.com\/#\/schema\/person\/image\/","url":"https:\/\/secure.gravatar.com\/avatar\/68592660ad6347fad0fb587f8d5d8f1a7b44961362f56e4f2cd524feb87e9069?s=96&d=mm&r=g","contentUrl":"https:\/\/secure.gravatar.com\/avatar\/68592660ad6347fad0fb587f8d5d8f1a7b44961362f56e4f2cd524feb87e9069?s=96&d=mm&r=g","caption":"dmcsrbija.com@gmail.com"},"sameAs":["https:\/\/dmcsrb.com"],"url":"https:\/\/dmcsrb.com\/en\/author\/dmcsrbija-comgmail-com\/"}]}},"_links":{"self":[{"href":"https:\/\/dmcsrb.com\/en\/wp-json\/wp\/v2\/posts\/958658","targetHints":{"allow":["GET"]}}],"collection":[{"href":"https:\/\/dmcsrb.com\/en\/wp-json\/wp\/v2\/posts"}],"about":[{"href":"https:\/\/dmcsrb.com\/en\/wp-json\/wp\/v2\/types\/post"}],"author":[{"embeddable":true,"href":"https:\/\/dmcsrb.com\/en\/wp-json\/wp\/v2\/users\/1"}],"replies":[{"embeddable":true,"href":"https:\/\/dmcsrb.com\/en\/wp-json\/wp\/v2\/comments?post=958658"}],"version-history":[{"count":0,"href":"https:\/\/dmcsrb.com\/en\/wp-json\/wp\/v2\/posts\/958658\/revisions"}],"wp:featuredmedia":[{"embeddable":true,"href":"https:\/\/dmcsrb.com\/en\/wp-json\/wp\/v2\/media\/958659"}],"wp:attachment":[{"href":"https:\/\/dmcsrb.com\/en\/wp-json\/wp\/v2\/media?parent=958658"}],"wp:term":[{"taxonomy":"category","embeddable":true,"href":"https:\/\/dmcsrb.com\/en\/wp-json\/wp\/v2\/categories?post=958658"},{"taxonomy":"post_tag","embeddable":true,"href":"https:\/\/dmcsrb.com\/en\/wp-json\/wp\/v2\/tags?post=958658"},{"taxonomy":"naslovna","embeddable":true,"href":"https:\/\/dmcsrb.com\/en\/wp-json\/wp\/v2\/naslovna?post=958658"}],"curies":[{"name":"wp","href":"https:\/\/api.w.org\/{rel}","templated":true}]}}