{"id":958643,"date":"2025-10-18T15:30:00","date_gmt":"2025-10-18T13:30:00","guid":{"rendered":"https:\/\/dmcsrb.com\/uncategorized\/montenegroberza-mirna-sedmica-na-trzistu-kapitala\/"},"modified":"2025-10-18T15:30:00","modified_gmt":"2025-10-18T13:30:00","slug":"montenegroberza-mirna-sedmica-na-trzistu-kapitala","status":"publish","type":"post","link":"https:\/\/dmcsrb.com\/en\/ekonomija\/montenegroberza-mirna-sedmica-na-trzistu-kapitala\/","title":{"rendered":"Montenegroberza: Mirna sedmica na tr\u017ei\u0161tu kapitala"},"content":{"rendered":"<p>Pokazatelj vrijednosti deset najboljih kompanija na Montenegroberzi, MNSE10, kao i indeks MONEX, oja\u010dali su neznatno na 1.152,43 poena, odnodno 18.161,08 bodova.<\/p>\n\n\n\n<p>Promet je iznosio oko 98 hiljada eura i bio je 21 odsto manji od pro\u0161losedmi\u010dnog.&nbsp;<\/p>\n\n\n\n<p>Premijer Milojko Spaji\u0107 je na mre\u017ei X napisao da \u0107e EU odobriti dodatnih 50 miliona eura za auto-put Mate\u0161evo-Andrijevica i da \u0107emo za 20-ak dana imati izvo\u0111a\u010da radova.<\/p>\n\n\n\n<p>On je naveo da \u0107e sredstva biti obezbije\u0111ena dopunom finansijskog sporazuma izme\u0111u Vlade i Evropske komisije (EK).<\/p>\n\n\n\n<p>Najvi\u0161e je ove sedmice porasla akcija \u017deljezni\u010dke infrastrukture (\u017dICG) 19,47 odsto na deset centi. Oja\u010dao je i Crnogorski Telekom 1,7 odsto na 2,34 eura i Jugopetrol neznatno na 15,21 eura.<\/p>\n\n\n\n<p>Gubili su Industriaimport-Industriaimpex 8,5 odsto na 7,5 EUR, Elektroprivreda (EPCG) 3,5 odsto na 5,31 i Crnogorski elektroprenosni sistem (CGES) 2,5 odsto na 1,17 eura.<\/p>\n\n\n\n<p>Nepromijenjenu cijenu akcije od 58 eura zadr\u017eao je Institut \u201cSimo Milo\u0161evi\u0107\u201d.<\/p>\n\n\n\n<p>Sedmicu je obilje\u017eilo nekoliko korporativnih vijesti, izme\u0111u ostalog, iz EPCG.<\/p>\n\n\n\n<p>Iz te elektroenergetske kompanije je saop\u0161teno da su po\u010deli geolo\u0161ki istra\u017eni radovi za potrebe izgradnje hidroelektrane (HE) Kru\u0161evo, koje finansira EPCG.<\/p>\n\n\n\n<p>Time zapo\u010dinje nova faza u pripremi jednog od najzna\u010dajnijih energetskih projekata u Crnoj Gori.<\/p>\n\n\n\n<p>Saop\u0161teno je da su radovi po\u010deli u skladu sa ugovorom za izradu projekta i izvo\u0111enje detaljnih geolo\u0161kih radova, potpisanim 29. novembra izme\u0111u EPCG i Instituta za vodoprivredu \u201eJaroslav \u010cerni\u201c.<\/p>\n\n\n\n<p>Tako\u0111e, EPCG je potpisala dva va\u017ena memoranduma o razumijevanju sa renomiranim francuskim kompanijama u oblasti obnovljivih izvora energije \u010dime, kako je saop\u0161teno, nastavlja da u\u010dvr\u0161\u0107uje poziciju lidera u energetskoj tranziciji regiona.<\/p>\n\n\n\n<p>EPCG je prvi memorandum potpisala sa AKUO ENERGY kompanijom, \u010dime je uspostavljen okvir za zajedni\u010dki razvoj plutaju\u0107e solarne elektrane (PSE) na Slanom jezeru, kao i saradnju u oblasti obnovljivih izvora energije. Drugi memorandum je potpisan sa kompanijom Wind Fisher, \u010dime je uspostavljen okvir za saradnju u istra\u017eivanju i razvoju inovativnih tehnologija za proizvodnju elektri\u010dne energije iz vjetra.<\/p>\n\n\n\n<p>Iz kompanije su kazali i da Crna Gora ulazi u novu fazu energetske tranzicije, pri \u010demu \u0107e vjetroelektrana (VE) Gvozd zna\u010dajno oja\u010dati proizvodnju iz obnovljivih izvora.<\/p>\n\n\n\n<p>Oni su saop\u0161tili da je krenuo transport vjetrogeneratora od Luke Bar do lokacije Gvozd, u okviru projekta VE Gvozd 1. O\u010dekuje se da svi vjetrogeneratori budu postavljeni do kraja godine i da se prvi kilovat sati elektri\u010dne energije puste u mre\u017eu ve\u0107 u tom periodu.<\/p>\n\n\n\n<p>Tako\u0111e, izvr\u0161ni direktori EPCG i kompanije E2S Power, Ivan Bulatovi\u0107 i Sa\u0161a Savi\u0107, potpisali su memorandum o zajedni\u010dkom razvoju, proizvodnji i primjeni skladi\u0161tenja toplotne energije.<\/p>\n\n\n\n<p>Bulatovi\u0107 je prilikom potpisivanja, organizovanog u okviru investicione konferencije pod nazivom Smart Growth, Green Future: Accelerating Investment in Montenegro, rekao da memorandum predstavlja va\u017ean korak ka energetskoj tranziciji i modernizaciji proizvodnog sistema, posebno u kontekstu rada TE Pljevlja.<\/p>\n\n\n\n<p>Ove sedmice je odr\u017eana i investiciona konferencija Crne Gore i EU, pod nazivom Pametni rast, Zelena budu\u0107nost: Ubrzavanje investicija u Crnoj Gori.<\/p>\n\n\n\n<p>Predsjednica Evropske komisije (EK), Ursula von der Layen, kazala je na otvaranju da je Crna Gora zemlja sa izuzetnim potencijalom, gdje postoje nevjerovatne prilike za ulaganje. Ona je pozvala investitore da ne \u010dekaju, ve\u0107 da sada investiraju u Crnu Goru.<\/p>\n\n\n\n<p>Premijer Milojko Spaji\u0107 rekao je da je danas Crna Gora svetionik svjetlosti, napretka i stabilnosti u \u0161irem regionu.<\/p>\n\n\n\n<p>&#8220;Dobrodo\u0161li u prvu ustavno ekolo\u0161ku dr\u017eavu na svijetu. Danas otvaramo novo poglavlje razvoja. Pokre\u0107emo veliki investicioni ciklus, ja\u010damo veze sa evropskim tr\u017ei\u0161tem, \u010dak i prije nego \u0161to formalno postanemo dio evropske porodice\u201c, naveo je Spaji\u0107.<\/p>\n\n\n\n<p>EK je ove sedmice, kao rezultat sprovo\u0111enja obaveza iz Reformske agende, odobrila isplatu druge tran\u0161e sredstava iz Plana rasta za Crnu Goru, u iznosu od 8,1 milion eura.<\/p>\n\n\n\n<p>Me\u0111unarodni monetarni fond (MMF) nije u najnovijem izvje\u0161taju mijenjao stope rasta crnogorske ekonomije u odnosu na prethodne prognoze iz aprila.<\/p>\n\n\n\n<p>MMF je u novom izvje\u0161taju o svjetskim ekonomskim izgledima, u koji je agencija Mina-business imala uvid, procijenio da \u0107e crnogorska ekonomija u ovoj i narednoj godini rasti po stopama od 3,2 odsto, a u 2030. tri odsto, \u0161to je isto kao i u aprilskim prognozama.<\/p>\n\n\n\n<p>Sedmicu je obilje\u017eila i vijest da \u0107e Wizz Air svoju 36. bazu otvoriti u Podgorici.<\/p>\n\n\n\n<p>Ta niskotarifna avio-kompanija \u0107e, po\u010dev\u0161i od marta naredne godine, postupno stacionirati dva moderna vazduhoplova Airbus A321neo u Podgorici i pokrenuti 14 novih avio-linija koje povezuju glavni grad sa klju\u010dnim evropskim gradovima.<\/p>\n\n\n\n<p><\/p>","protected":false},"excerpt":{"rendered":"<p>Neznatan rast indeksa i skroman promet obilje\u017eili su na Montenegroberzi sedmicu u kojoj je saop\u0161teno da \u0107e Evropska unija (EU) odobriti dodatnih 50 miliona eura za dionicu auto-puta Mate\u0161evo-Andrijevica.<\/p>","protected":false},"author":1,"featured_media":910208,"comment_status":"open","ping_status":"open","sticky":false,"template":"","format":"standard","meta":{"_acf_changed":false,"footnotes":""},"categories":[27],"tags":[11812,1493,1709],"naslovna":[],"class_list":["post-958643","post","type-post","status-publish","format-standard","has-post-thumbnail","hentry","category-ekonomija","tag-kapital","tag-montenegroberza","tag-trziste"],"acf":[],"yoast_head":"<!-- This site is optimized with the Yoast SEO plugin v27.4 - https:\/\/yoast.com\/product\/yoast-seo-wordpress\/ -->\n<title>Montenegroberza: Mirna sedmica na tr\u017ei\u0161tu kapitala - dmcsrb.com<\/title>\n<meta name=\"robots\" content=\"index, follow, max-snippet:-1, max-image-preview:large, max-video-preview:-1\" \/>\n<link rel=\"canonical\" href=\"https:\/\/dmcsrb.com\/en\/ekonomija\/montenegroberza-mirna-sedmica-na-trzistu-kapitala\/\" \/>\n<meta property=\"og:locale\" content=\"en_GB\" \/>\n<meta property=\"og:type\" content=\"article\" \/>\n<meta property=\"og:title\" content=\"Montenegroberza: Mirna sedmica na tr\u017ei\u0161tu kapitala - dmcsrb.com\" \/>\n<meta property=\"og:description\" content=\"Neznatan rast indeksa i skroman promet obilje\u017eili su na Montenegroberzi sedmicu u kojoj je saop\u0161teno da \u0107e Evropska unija (EU) odobriti dodatnih 50 miliona eura za dionicu auto-puta Mate\u0161evo-Andrijevica.\" \/>\n<meta property=\"og:url\" content=\"https:\/\/dmcsrb.com\/en\/ekonomija\/montenegroberza-mirna-sedmica-na-trzistu-kapitala\/\" \/>\n<meta property=\"og:site_name\" content=\"dmcsrb.com\" \/>\n<meta property=\"article:published_time\" content=\"2025-10-18T13:30:00+00:00\" \/>\n<meta property=\"og:image\" content=\"https:\/\/dmcsrb.com\/wp-content\/uploads\/2026\/01\/000000000000000_600x900.jpeg\" \/>\n\t<meta property=\"og:image:width\" content=\"768\" \/>\n\t<meta property=\"og:image:height\" content=\"512\" \/>\n\t<meta property=\"og:image:type\" content=\"image\/jpeg\" \/>\n<meta name=\"author\" content=\"dmcsrbija.com@gmail.com\" \/>\n<meta name=\"twitter:card\" content=\"summary_large_image\" \/>\n<meta name=\"twitter:label1\" content=\"Written by\" \/>\n\t<meta name=\"twitter:data1\" content=\"dmcsrbija.com@gmail.com\" \/>\n\t<meta name=\"twitter:label2\" content=\"Estimated reading time\" \/>\n\t<meta name=\"twitter:data2\" content=\"4 minutes\" \/>\n<script type=\"application\/ld+json\" class=\"yoast-schema-graph\">{\"@context\":\"https:\\\/\\\/schema.org\",\"@graph\":[{\"@type\":\"Article\",\"@id\":\"https:\\\/\\\/dmcsrb.com\\\/ekonomija\\\/montenegroberza-mirna-sedmica-na-trzistu-kapitala\\\/#article\",\"isPartOf\":{\"@id\":\"https:\\\/\\\/dmcsrb.com\\\/ekonomija\\\/montenegroberza-mirna-sedmica-na-trzistu-kapitala\\\/\"},\"author\":{\"name\":\"dmcsrbija.com@gmail.com\",\"@id\":\"https:\\\/\\\/dmcsrb.com\\\/#\\\/schema\\\/person\\\/5c39170f12db1b8b457732d0b5c854e2\"},\"headline\":\"Montenegroberza: Mirna sedmica na tr\u017ei\u0161tu kapitala\",\"datePublished\":\"2025-10-18T13:30:00+00:00\",\"mainEntityOfPage\":{\"@id\":\"https:\\\/\\\/dmcsrb.com\\\/ekonomija\\\/montenegroberza-mirna-sedmica-na-trzistu-kapitala\\\/\"},\"wordCount\":751,\"commentCount\":0,\"image\":{\"@id\":\"https:\\\/\\\/dmcsrb.com\\\/ekonomija\\\/montenegroberza-mirna-sedmica-na-trzistu-kapitala\\\/#primaryimage\"},\"thumbnailUrl\":\"https:\\\/\\\/dmcsrb.com\\\/wp-content\\\/uploads\\\/2026\\\/01\\\/000000000000000_600x900.jpeg\",\"keywords\":[\"kapital\",\"Montenegroberza\",\"tr\u017ei\u0161te\"],\"articleSection\":[\"Ekonomija\"],\"inLanguage\":\"en-GB\",\"potentialAction\":[{\"@type\":\"CommentAction\",\"name\":\"Comment\",\"target\":[\"https:\\\/\\\/dmcsrb.com\\\/ekonomija\\\/montenegroberza-mirna-sedmica-na-trzistu-kapitala\\\/#respond\"]}]},{\"@type\":\"WebPage\",\"@id\":\"https:\\\/\\\/dmcsrb.com\\\/ekonomija\\\/montenegroberza-mirna-sedmica-na-trzistu-kapitala\\\/\",\"url\":\"https:\\\/\\\/dmcsrb.com\\\/ekonomija\\\/montenegroberza-mirna-sedmica-na-trzistu-kapitala\\\/\",\"name\":\"Montenegroberza: Mirna sedmica na tr\u017ei\u0161tu kapitala - dmcsrb.com\",\"isPartOf\":{\"@id\":\"https:\\\/\\\/dmcsrb.com\\\/#website\"},\"primaryImageOfPage\":{\"@id\":\"https:\\\/\\\/dmcsrb.com\\\/ekonomija\\\/montenegroberza-mirna-sedmica-na-trzistu-kapitala\\\/#primaryimage\"},\"image\":{\"@id\":\"https:\\\/\\\/dmcsrb.com\\\/ekonomija\\\/montenegroberza-mirna-sedmica-na-trzistu-kapitala\\\/#primaryimage\"},\"thumbnailUrl\":\"https:\\\/\\\/dmcsrb.com\\\/wp-content\\\/uploads\\\/2026\\\/01\\\/000000000000000_600x900.jpeg\",\"datePublished\":\"2025-10-18T13:30:00+00:00\",\"author\":{\"@id\":\"https:\\\/\\\/dmcsrb.com\\\/#\\\/schema\\\/person\\\/5c39170f12db1b8b457732d0b5c854e2\"},\"breadcrumb\":{\"@id\":\"https:\\\/\\\/dmcsrb.com\\\/ekonomija\\\/montenegroberza-mirna-sedmica-na-trzistu-kapitala\\\/#breadcrumb\"},\"inLanguage\":\"en-GB\",\"potentialAction\":[{\"@type\":\"ReadAction\",\"target\":[\"https:\\\/\\\/dmcsrb.com\\\/ekonomija\\\/montenegroberza-mirna-sedmica-na-trzistu-kapitala\\\/\"]}]},{\"@type\":\"ImageObject\",\"inLanguage\":\"en-GB\",\"@id\":\"https:\\\/\\\/dmcsrb.com\\\/ekonomija\\\/montenegroberza-mirna-sedmica-na-trzistu-kapitala\\\/#primaryimage\",\"url\":\"https:\\\/\\\/dmcsrb.com\\\/wp-content\\\/uploads\\\/2026\\\/01\\\/000000000000000_600x900.jpeg\",\"contentUrl\":\"https:\\\/\\\/dmcsrb.com\\\/wp-content\\\/uploads\\\/2026\\\/01\\\/000000000000000_600x900.jpeg\",\"width\":768,\"height\":512},{\"@type\":\"BreadcrumbList\",\"@id\":\"https:\\\/\\\/dmcsrb.com\\\/ekonomija\\\/montenegroberza-mirna-sedmica-na-trzistu-kapitala\\\/#breadcrumb\",\"itemListElement\":[{\"@type\":\"ListItem\",\"position\":1,\"name\":\"Home\",\"item\":\"https:\\\/\\\/dmcsrb.com\\\/\"},{\"@type\":\"ListItem\",\"position\":2,\"name\":\"Montenegroberza: Mirna sedmica na tr\u017ei\u0161tu kapitala\"}]},{\"@type\":\"WebSite\",\"@id\":\"https:\\\/\\\/dmcsrb.com\\\/#website\",\"url\":\"https:\\\/\\\/dmcsrb.com\\\/\",\"name\":\"dmcsrb.com\",\"description\":\"\",\"potentialAction\":[{\"@type\":\"SearchAction\",\"target\":{\"@type\":\"EntryPoint\",\"urlTemplate\":\"https:\\\/\\\/dmcsrb.com\\\/?s={search_term_string}\"},\"query-input\":{\"@type\":\"PropertyValueSpecification\",\"valueRequired\":true,\"valueName\":\"search_term_string\"}}],\"inLanguage\":\"en-GB\"},{\"@type\":\"Person\",\"@id\":\"https:\\\/\\\/dmcsrb.com\\\/#\\\/schema\\\/person\\\/5c39170f12db1b8b457732d0b5c854e2\",\"name\":\"dmcsrbija.com@gmail.com\",\"image\":{\"@type\":\"ImageObject\",\"inLanguage\":\"en-GB\",\"@id\":\"https:\\\/\\\/secure.gravatar.com\\\/avatar\\\/68592660ad6347fad0fb587f8d5d8f1a7b44961362f56e4f2cd524feb87e9069?s=96&d=mm&r=g\",\"url\":\"https:\\\/\\\/secure.gravatar.com\\\/avatar\\\/68592660ad6347fad0fb587f8d5d8f1a7b44961362f56e4f2cd524feb87e9069?s=96&d=mm&r=g\",\"contentUrl\":\"https:\\\/\\\/secure.gravatar.com\\\/avatar\\\/68592660ad6347fad0fb587f8d5d8f1a7b44961362f56e4f2cd524feb87e9069?s=96&d=mm&r=g\",\"caption\":\"dmcsrbija.com@gmail.com\"},\"sameAs\":[\"https:\\\/\\\/dmcsrb.com\"],\"url\":\"https:\\\/\\\/dmcsrb.com\\\/en\\\/author\\\/dmcsrbija-comgmail-com\\\/\"}]}<\/script>\n<!-- \/ Yoast SEO plugin. -->","yoast_head_json":{"title":"Montenegroberza: Mirna sedmica na tr\u017ei\u0161tu kapitala - dmcsrb.com","robots":{"index":"index","follow":"follow","max-snippet":"max-snippet:-1","max-image-preview":"max-image-preview:large","max-video-preview":"max-video-preview:-1"},"canonical":"https:\/\/dmcsrb.com\/en\/ekonomija\/montenegroberza-mirna-sedmica-na-trzistu-kapitala\/","og_locale":"en_GB","og_type":"article","og_title":"Montenegroberza: Mirna sedmica na tr\u017ei\u0161tu kapitala - dmcsrb.com","og_description":"Neznatan rast indeksa i skroman promet obilje\u017eili su na Montenegroberzi sedmicu u kojoj je saop\u0161teno da \u0107e Evropska unija (EU) odobriti dodatnih 50 miliona eura za dionicu auto-puta Mate\u0161evo-Andrijevica.","og_url":"https:\/\/dmcsrb.com\/en\/ekonomija\/montenegroberza-mirna-sedmica-na-trzistu-kapitala\/","og_site_name":"dmcsrb.com","article_published_time":"2025-10-18T13:30:00+00:00","og_image":[{"width":768,"height":512,"url":"https:\/\/dmcsrb.com\/wp-content\/uploads\/2026\/01\/000000000000000_600x900.jpeg","type":"image\/jpeg"}],"author":"dmcsrbija.com@gmail.com","twitter_card":"summary_large_image","twitter_misc":{"Written by":"dmcsrbija.com@gmail.com","Estimated reading time":"4 minutes"},"schema":{"@context":"https:\/\/schema.org","@graph":[{"@type":"Article","@id":"https:\/\/dmcsrb.com\/ekonomija\/montenegroberza-mirna-sedmica-na-trzistu-kapitala\/#article","isPartOf":{"@id":"https:\/\/dmcsrb.com\/ekonomija\/montenegroberza-mirna-sedmica-na-trzistu-kapitala\/"},"author":{"name":"dmcsrbija.com@gmail.com","@id":"https:\/\/dmcsrb.com\/#\/schema\/person\/5c39170f12db1b8b457732d0b5c854e2"},"headline":"Montenegroberza: Mirna sedmica na tr\u017ei\u0161tu kapitala","datePublished":"2025-10-18T13:30:00+00:00","mainEntityOfPage":{"@id":"https:\/\/dmcsrb.com\/ekonomija\/montenegroberza-mirna-sedmica-na-trzistu-kapitala\/"},"wordCount":751,"commentCount":0,"image":{"@id":"https:\/\/dmcsrb.com\/ekonomija\/montenegroberza-mirna-sedmica-na-trzistu-kapitala\/#primaryimage"},"thumbnailUrl":"https:\/\/dmcsrb.com\/wp-content\/uploads\/2026\/01\/000000000000000_600x900.jpeg","keywords":["kapital","Montenegroberza","tr\u017ei\u0161te"],"articleSection":["Ekonomija"],"inLanguage":"en-GB","potentialAction":[{"@type":"CommentAction","name":"Comment","target":["https:\/\/dmcsrb.com\/ekonomija\/montenegroberza-mirna-sedmica-na-trzistu-kapitala\/#respond"]}]},{"@type":"WebPage","@id":"https:\/\/dmcsrb.com\/ekonomija\/montenegroberza-mirna-sedmica-na-trzistu-kapitala\/","url":"https:\/\/dmcsrb.com\/ekonomija\/montenegroberza-mirna-sedmica-na-trzistu-kapitala\/","name":"Montenegroberza: Mirna sedmica na tr\u017ei\u0161tu kapitala - dmcsrb.com","isPartOf":{"@id":"https:\/\/dmcsrb.com\/#website"},"primaryImageOfPage":{"@id":"https:\/\/dmcsrb.com\/ekonomija\/montenegroberza-mirna-sedmica-na-trzistu-kapitala\/#primaryimage"},"image":{"@id":"https:\/\/dmcsrb.com\/ekonomija\/montenegroberza-mirna-sedmica-na-trzistu-kapitala\/#primaryimage"},"thumbnailUrl":"https:\/\/dmcsrb.com\/wp-content\/uploads\/2026\/01\/000000000000000_600x900.jpeg","datePublished":"2025-10-18T13:30:00+00:00","author":{"@id":"https:\/\/dmcsrb.com\/#\/schema\/person\/5c39170f12db1b8b457732d0b5c854e2"},"breadcrumb":{"@id":"https:\/\/dmcsrb.com\/ekonomija\/montenegroberza-mirna-sedmica-na-trzistu-kapitala\/#breadcrumb"},"inLanguage":"en-GB","potentialAction":[{"@type":"ReadAction","target":["https:\/\/dmcsrb.com\/ekonomija\/montenegroberza-mirna-sedmica-na-trzistu-kapitala\/"]}]},{"@type":"ImageObject","inLanguage":"en-GB","@id":"https:\/\/dmcsrb.com\/ekonomija\/montenegroberza-mirna-sedmica-na-trzistu-kapitala\/#primaryimage","url":"https:\/\/dmcsrb.com\/wp-content\/uploads\/2026\/01\/000000000000000_600x900.jpeg","contentUrl":"https:\/\/dmcsrb.com\/wp-content\/uploads\/2026\/01\/000000000000000_600x900.jpeg","width":768,"height":512},{"@type":"BreadcrumbList","@id":"https:\/\/dmcsrb.com\/ekonomija\/montenegroberza-mirna-sedmica-na-trzistu-kapitala\/#breadcrumb","itemListElement":[{"@type":"ListItem","position":1,"name":"Home","item":"https:\/\/dmcsrb.com\/"},{"@type":"ListItem","position":2,"name":"Montenegroberza: Mirna sedmica na tr\u017ei\u0161tu kapitala"}]},{"@type":"WebSite","@id":"https:\/\/dmcsrb.com\/#website","url":"https:\/\/dmcsrb.com\/","name":"dmcsrb.com","description":"","potentialAction":[{"@type":"SearchAction","target":{"@type":"EntryPoint","urlTemplate":"https:\/\/dmcsrb.com\/?s={search_term_string}"},"query-input":{"@type":"PropertyValueSpecification","valueRequired":true,"valueName":"search_term_string"}}],"inLanguage":"en-GB"},{"@type":"Person","@id":"https:\/\/dmcsrb.com\/#\/schema\/person\/5c39170f12db1b8b457732d0b5c854e2","name":"dmcsrbija.com@gmail.com","image":{"@type":"ImageObject","inLanguage":"en-GB","@id":"https:\/\/secure.gravatar.com\/avatar\/68592660ad6347fad0fb587f8d5d8f1a7b44961362f56e4f2cd524feb87e9069?s=96&d=mm&r=g","url":"https:\/\/secure.gravatar.com\/avatar\/68592660ad6347fad0fb587f8d5d8f1a7b44961362f56e4f2cd524feb87e9069?s=96&d=mm&r=g","contentUrl":"https:\/\/secure.gravatar.com\/avatar\/68592660ad6347fad0fb587f8d5d8f1a7b44961362f56e4f2cd524feb87e9069?s=96&d=mm&r=g","caption":"dmcsrbija.com@gmail.com"},"sameAs":["https:\/\/dmcsrb.com"],"url":"https:\/\/dmcsrb.com\/en\/author\/dmcsrbija-comgmail-com\/"}]}},"_links":{"self":[{"href":"https:\/\/dmcsrb.com\/en\/wp-json\/wp\/v2\/posts\/958643","targetHints":{"allow":["GET"]}}],"collection":[{"href":"https:\/\/dmcsrb.com\/en\/wp-json\/wp\/v2\/posts"}],"about":[{"href":"https:\/\/dmcsrb.com\/en\/wp-json\/wp\/v2\/types\/post"}],"author":[{"embeddable":true,"href":"https:\/\/dmcsrb.com\/en\/wp-json\/wp\/v2\/users\/1"}],"replies":[{"embeddable":true,"href":"https:\/\/dmcsrb.com\/en\/wp-json\/wp\/v2\/comments?post=958643"}],"version-history":[{"count":0,"href":"https:\/\/dmcsrb.com\/en\/wp-json\/wp\/v2\/posts\/958643\/revisions"}],"wp:featuredmedia":[{"embeddable":true,"href":"https:\/\/dmcsrb.com\/en\/wp-json\/wp\/v2\/media\/910208"}],"wp:attachment":[{"href":"https:\/\/dmcsrb.com\/en\/wp-json\/wp\/v2\/media?parent=958643"}],"wp:term":[{"taxonomy":"category","embeddable":true,"href":"https:\/\/dmcsrb.com\/en\/wp-json\/wp\/v2\/categories?post=958643"},{"taxonomy":"post_tag","embeddable":true,"href":"https:\/\/dmcsrb.com\/en\/wp-json\/wp\/v2\/tags?post=958643"},{"taxonomy":"naslovna","embeddable":true,"href":"https:\/\/dmcsrb.com\/en\/wp-json\/wp\/v2\/naslovna?post=958643"}],"curies":[{"name":"wp","href":"https:\/\/api.w.org\/{rel}","templated":true}]}}