{"id":958591,"date":"2025-10-18T09:25:00","date_gmt":"2025-10-18T07:25:00","guid":{"rendered":"https:\/\/dmcsrb.com\/uncategorized\/dusan-golovic-izabran-za-politickog-direktora-gradjanskog-pokreta-ura\/"},"modified":"2025-10-18T09:25:00","modified_gmt":"2025-10-18T07:25:00","slug":"dusan-golovic-izabran-za-politickog-direktora-gradjanskog-pokreta-ura","status":"publish","type":"post","link":"https:\/\/dmcsrb.com\/en\/politika\/dusan-golovic-izabran-za-politickog-direktora-gradjanskog-pokreta-ura\/","title":{"rendered":"Du\u0161an Golovi\u0107 izabran za politi\u010dkog direktora Gra\u0111anskog pokreta URA"},"content":{"rendered":"<p><\/p>\n\n\n\n<p>Du\u0161an Golovi\u0107 je ro\u0111en 1983 godine u Nik\u0161i\u0107u. Diplomirao je na Filolo\u0161kom fakultetu, odsjek za italijanski jezik i knji\u017eevnost, a trenutno je magistrand na Ekonomskom fakultetu na odsjeku za me\u0111unarodni marketing. Skoro 20 godina radnog iskustva stekao je kao profesor u podgori\u010dkoj gimnaziji Slobodan \u0160kerovi\u0107, kao i u privatnim kompanijama na poslovima &#8216;consultinga&#8217;, \u0161pedicije i me\u0111unarodne trgovine. Bio je predsjednik Odbora direktora dr\u017eavne kompanije Monteput u kojoj trenutno pokriva poziciju koordinator za strate\u0161ki razvoj. Golovi\u0107 je i sportski radnik, anga\u017eovan u fudbalskom klubu Onogo\u0161t iz Nik\u0161i\u0107a.<\/p>\n\n\n\n<p>Golovi\u0107 se zahvalio \u010dlanovima Glavnog odbora URE na izboru isti\u010du\u0107i da za njega izbor za politi\u010dkog direktora predstavlja zadovoljstvo, ali i ve\u0107u odgovornost i uloga u kreiranju politi\u010dkih pravaca i dalje strate\u0161ko djelovanje partije. ,,Za mene je ovo prilika da, zajedno sa timom i \u010dlanstvom, nastavimo da gradimo politiku zasnovanu na principima, po\u0161tenju i u javnom interesu&#8221;, poru\u010dio je Golovi\u0107.<br><img><\/p>","protected":false},"excerpt":{"rendered":"<p>Na sastanku Glavnog odbora Gra\u0111anskog pokreta URA za politi\u010dkog direktora izabran je Du\u0161an Golovi\u0107, koji je na toj poziciji zamijenio sada\u0161nju potpredsjednicu URE Anu Novakovi\u0107 \u00d0urovi\u0107.\u00a0<\/p>","protected":false},"author":1,"featured_media":958592,"comment_status":"open","ping_status":"open","sticky":false,"template":"","format":"standard","meta":{"_acf_changed":false,"footnotes":""},"categories":[12],"tags":[11416,8845,11769],"naslovna":[],"class_list":["post-958591","post","type-post","status-publish","format-standard","has-post-thumbnail","hentry","category-politika","tag-dusan-golovic","tag-gradjanski-pokret-ura","tag-politicki-direktor"],"acf":[],"yoast_head":"<!-- This site is optimized with the Yoast SEO plugin v27.4 - https:\/\/yoast.com\/product\/yoast-seo-wordpress\/ -->\n<title>Du\u0161an Golovi\u0107 izabran za politi\u010dkog direktora Gra\u0111anskog pokreta URA - dmcsrb.com<\/title>\n<meta name=\"robots\" content=\"index, follow, max-snippet:-1, max-image-preview:large, max-video-preview:-1\" \/>\n<link rel=\"canonical\" href=\"https:\/\/dmcsrb.com\/en\/politika\/dusan-golovic-izabran-za-politickog-direktora-gradjanskog-pokreta-ura\/\" \/>\n<meta property=\"og:locale\" content=\"en_GB\" \/>\n<meta property=\"og:type\" content=\"article\" \/>\n<meta property=\"og:title\" content=\"Du\u0161an Golovi\u0107 izabran za politi\u010dkog direktora Gra\u0111anskog pokreta URA - dmcsrb.com\" \/>\n<meta property=\"og:description\" content=\"Na sastanku Glavnog odbora Gra\u0111anskog pokreta URA za politi\u010dkog direktora izabran je Du\u0161an Golovi\u0107, koji je na toj poziciji zamijenio sada\u0161nju potpredsjednicu URE Anu Novakovi\u0107 \u00d0urovi\u0107.\u00a0\" \/>\n<meta property=\"og:url\" content=\"https:\/\/dmcsrb.com\/en\/politika\/dusan-golovic-izabran-za-politickog-direktora-gradjanskog-pokreta-ura\/\" \/>\n<meta property=\"og:site_name\" content=\"dmcsrb.com\" \/>\n<meta property=\"article:published_time\" content=\"2025-10-18T07:25:00+00:00\" \/>\n<meta property=\"og:image\" content=\"https:\/\/dmcsrb.com\/wp-content\/uploads\/2026\/01\/download-1-7.webp\" \/>\n\t<meta property=\"og:image:width\" content=\"1920\" \/>\n\t<meta property=\"og:image:height\" content=\"1280\" \/>\n\t<meta property=\"og:image:type\" content=\"image\/png\" \/>\n<meta name=\"author\" content=\"dmcsrbija.com@gmail.com\" \/>\n<meta name=\"twitter:card\" content=\"summary_large_image\" \/>\n<meta name=\"twitter:label1\" content=\"Written by\" \/>\n\t<meta name=\"twitter:data1\" content=\"dmcsrbija.com@gmail.com\" \/>\n\t<meta name=\"twitter:label2\" content=\"Estimated reading time\" \/>\n\t<meta name=\"twitter:data2\" content=\"1 minute\" \/>\n<script type=\"application\/ld+json\" class=\"yoast-schema-graph\">{\"@context\":\"https:\\\/\\\/schema.org\",\"@graph\":[{\"@type\":\"Article\",\"@id\":\"https:\\\/\\\/dmcsrb.com\\\/politika\\\/dusan-golovic-izabran-za-politickog-direktora-gradjanskog-pokreta-ura\\\/#article\",\"isPartOf\":{\"@id\":\"https:\\\/\\\/dmcsrb.com\\\/politika\\\/dusan-golovic-izabran-za-politickog-direktora-gradjanskog-pokreta-ura\\\/\"},\"author\":{\"name\":\"dmcsrbija.com@gmail.com\",\"@id\":\"https:\\\/\\\/dmcsrb.com\\\/#\\\/schema\\\/person\\\/5c39170f12db1b8b457732d0b5c854e2\"},\"headline\":\"Du\u0161an Golovi\u0107 izabran za politi\u010dkog direktora Gra\u0111anskog pokreta URA\",\"datePublished\":\"2025-10-18T07:25:00+00:00\",\"mainEntityOfPage\":{\"@id\":\"https:\\\/\\\/dmcsrb.com\\\/politika\\\/dusan-golovic-izabran-za-politickog-direktora-gradjanskog-pokreta-ura\\\/\"},\"wordCount\":179,\"commentCount\":0,\"image\":{\"@id\":\"https:\\\/\\\/dmcsrb.com\\\/politika\\\/dusan-golovic-izabran-za-politickog-direktora-gradjanskog-pokreta-ura\\\/#primaryimage\"},\"thumbnailUrl\":\"https:\\\/\\\/dmcsrb.com\\\/wp-content\\\/uploads\\\/2026\\\/01\\\/download-1-7.webp\",\"keywords\":[\"Du\u0161an Golovi\u0107\",\"Gra\u0111anski pokret URA\",\"Politi\u010dki direktor\"],\"articleSection\":[\"Politika\"],\"inLanguage\":\"en-GB\",\"potentialAction\":[{\"@type\":\"CommentAction\",\"name\":\"Comment\",\"target\":[\"https:\\\/\\\/dmcsrb.com\\\/politika\\\/dusan-golovic-izabran-za-politickog-direktora-gradjanskog-pokreta-ura\\\/#respond\"]}]},{\"@type\":\"WebPage\",\"@id\":\"https:\\\/\\\/dmcsrb.com\\\/politika\\\/dusan-golovic-izabran-za-politickog-direktora-gradjanskog-pokreta-ura\\\/\",\"url\":\"https:\\\/\\\/dmcsrb.com\\\/politika\\\/dusan-golovic-izabran-za-politickog-direktora-gradjanskog-pokreta-ura\\\/\",\"name\":\"Du\u0161an Golovi\u0107 izabran za politi\u010dkog direktora Gra\u0111anskog pokreta URA - dmcsrb.com\",\"isPartOf\":{\"@id\":\"https:\\\/\\\/dmcsrb.com\\\/#website\"},\"primaryImageOfPage\":{\"@id\":\"https:\\\/\\\/dmcsrb.com\\\/politika\\\/dusan-golovic-izabran-za-politickog-direktora-gradjanskog-pokreta-ura\\\/#primaryimage\"},\"image\":{\"@id\":\"https:\\\/\\\/dmcsrb.com\\\/politika\\\/dusan-golovic-izabran-za-politickog-direktora-gradjanskog-pokreta-ura\\\/#primaryimage\"},\"thumbnailUrl\":\"https:\\\/\\\/dmcsrb.com\\\/wp-content\\\/uploads\\\/2026\\\/01\\\/download-1-7.webp\",\"datePublished\":\"2025-10-18T07:25:00+00:00\",\"author\":{\"@id\":\"https:\\\/\\\/dmcsrb.com\\\/#\\\/schema\\\/person\\\/5c39170f12db1b8b457732d0b5c854e2\"},\"breadcrumb\":{\"@id\":\"https:\\\/\\\/dmcsrb.com\\\/politika\\\/dusan-golovic-izabran-za-politickog-direktora-gradjanskog-pokreta-ura\\\/#breadcrumb\"},\"inLanguage\":\"en-GB\",\"potentialAction\":[{\"@type\":\"ReadAction\",\"target\":[\"https:\\\/\\\/dmcsrb.com\\\/politika\\\/dusan-golovic-izabran-za-politickog-direktora-gradjanskog-pokreta-ura\\\/\"]}]},{\"@type\":\"ImageObject\",\"inLanguage\":\"en-GB\",\"@id\":\"https:\\\/\\\/dmcsrb.com\\\/politika\\\/dusan-golovic-izabran-za-politickog-direktora-gradjanskog-pokreta-ura\\\/#primaryimage\",\"url\":\"https:\\\/\\\/dmcsrb.com\\\/wp-content\\\/uploads\\\/2026\\\/01\\\/download-1-7.webp\",\"contentUrl\":\"https:\\\/\\\/dmcsrb.com\\\/wp-content\\\/uploads\\\/2026\\\/01\\\/download-1-7.webp\",\"width\":1920,\"height\":1280},{\"@type\":\"BreadcrumbList\",\"@id\":\"https:\\\/\\\/dmcsrb.com\\\/politika\\\/dusan-golovic-izabran-za-politickog-direktora-gradjanskog-pokreta-ura\\\/#breadcrumb\",\"itemListElement\":[{\"@type\":\"ListItem\",\"position\":1,\"name\":\"Home\",\"item\":\"https:\\\/\\\/dmcsrb.com\\\/\"},{\"@type\":\"ListItem\",\"position\":2,\"name\":\"Du\u0161an Golovi\u0107 izabran za politi\u010dkog direktora Gra\u0111anskog pokreta URA\"}]},{\"@type\":\"WebSite\",\"@id\":\"https:\\\/\\\/dmcsrb.com\\\/#website\",\"url\":\"https:\\\/\\\/dmcsrb.com\\\/\",\"name\":\"dmcsrb.com\",\"description\":\"\",\"potentialAction\":[{\"@type\":\"SearchAction\",\"target\":{\"@type\":\"EntryPoint\",\"urlTemplate\":\"https:\\\/\\\/dmcsrb.com\\\/?s={search_term_string}\"},\"query-input\":{\"@type\":\"PropertyValueSpecification\",\"valueRequired\":true,\"valueName\":\"search_term_string\"}}],\"inLanguage\":\"en-GB\"},{\"@type\":\"Person\",\"@id\":\"https:\\\/\\\/dmcsrb.com\\\/#\\\/schema\\\/person\\\/5c39170f12db1b8b457732d0b5c854e2\",\"name\":\"dmcsrbija.com@gmail.com\",\"image\":{\"@type\":\"ImageObject\",\"inLanguage\":\"en-GB\",\"@id\":\"https:\\\/\\\/secure.gravatar.com\\\/avatar\\\/68592660ad6347fad0fb587f8d5d8f1a7b44961362f56e4f2cd524feb87e9069?s=96&d=mm&r=g\",\"url\":\"https:\\\/\\\/secure.gravatar.com\\\/avatar\\\/68592660ad6347fad0fb587f8d5d8f1a7b44961362f56e4f2cd524feb87e9069?s=96&d=mm&r=g\",\"contentUrl\":\"https:\\\/\\\/secure.gravatar.com\\\/avatar\\\/68592660ad6347fad0fb587f8d5d8f1a7b44961362f56e4f2cd524feb87e9069?s=96&d=mm&r=g\",\"caption\":\"dmcsrbija.com@gmail.com\"},\"sameAs\":[\"https:\\\/\\\/dmcsrb.com\"],\"url\":\"https:\\\/\\\/dmcsrb.com\\\/en\\\/author\\\/dmcsrbija-comgmail-com\\\/\"}]}<\/script>\n<!-- \/ Yoast SEO plugin. -->","yoast_head_json":{"title":"Du\u0161an Golovi\u0107 izabran za politi\u010dkog direktora Gra\u0111anskog pokreta URA - dmcsrb.com","robots":{"index":"index","follow":"follow","max-snippet":"max-snippet:-1","max-image-preview":"max-image-preview:large","max-video-preview":"max-video-preview:-1"},"canonical":"https:\/\/dmcsrb.com\/en\/politika\/dusan-golovic-izabran-za-politickog-direktora-gradjanskog-pokreta-ura\/","og_locale":"en_GB","og_type":"article","og_title":"Du\u0161an Golovi\u0107 izabran za politi\u010dkog direktora Gra\u0111anskog pokreta URA - dmcsrb.com","og_description":"Na sastanku Glavnog odbora Gra\u0111anskog pokreta URA za politi\u010dkog direktora izabran je Du\u0161an Golovi\u0107, koji je na toj poziciji zamijenio sada\u0161nju potpredsjednicu URE Anu Novakovi\u0107 \u00d0urovi\u0107.\u00a0","og_url":"https:\/\/dmcsrb.com\/en\/politika\/dusan-golovic-izabran-za-politickog-direktora-gradjanskog-pokreta-ura\/","og_site_name":"dmcsrb.com","article_published_time":"2025-10-18T07:25:00+00:00","og_image":[{"width":1920,"height":1280,"url":"https:\/\/dmcsrb.com\/wp-content\/uploads\/2026\/01\/download-1-7.webp","type":"image\/png"}],"author":"dmcsrbija.com@gmail.com","twitter_card":"summary_large_image","twitter_misc":{"Written by":"dmcsrbija.com@gmail.com","Estimated reading time":"1 minute"},"schema":{"@context":"https:\/\/schema.org","@graph":[{"@type":"Article","@id":"https:\/\/dmcsrb.com\/politika\/dusan-golovic-izabran-za-politickog-direktora-gradjanskog-pokreta-ura\/#article","isPartOf":{"@id":"https:\/\/dmcsrb.com\/politika\/dusan-golovic-izabran-za-politickog-direktora-gradjanskog-pokreta-ura\/"},"author":{"name":"dmcsrbija.com@gmail.com","@id":"https:\/\/dmcsrb.com\/#\/schema\/person\/5c39170f12db1b8b457732d0b5c854e2"},"headline":"Du\u0161an Golovi\u0107 izabran za politi\u010dkog direktora Gra\u0111anskog pokreta URA","datePublished":"2025-10-18T07:25:00+00:00","mainEntityOfPage":{"@id":"https:\/\/dmcsrb.com\/politika\/dusan-golovic-izabran-za-politickog-direktora-gradjanskog-pokreta-ura\/"},"wordCount":179,"commentCount":0,"image":{"@id":"https:\/\/dmcsrb.com\/politika\/dusan-golovic-izabran-za-politickog-direktora-gradjanskog-pokreta-ura\/#primaryimage"},"thumbnailUrl":"https:\/\/dmcsrb.com\/wp-content\/uploads\/2026\/01\/download-1-7.webp","keywords":["Du\u0161an Golovi\u0107","Gra\u0111anski pokret URA","Politi\u010dki direktor"],"articleSection":["Politika"],"inLanguage":"en-GB","potentialAction":[{"@type":"CommentAction","name":"Comment","target":["https:\/\/dmcsrb.com\/politika\/dusan-golovic-izabran-za-politickog-direktora-gradjanskog-pokreta-ura\/#respond"]}]},{"@type":"WebPage","@id":"https:\/\/dmcsrb.com\/politika\/dusan-golovic-izabran-za-politickog-direktora-gradjanskog-pokreta-ura\/","url":"https:\/\/dmcsrb.com\/politika\/dusan-golovic-izabran-za-politickog-direktora-gradjanskog-pokreta-ura\/","name":"Du\u0161an Golovi\u0107 izabran za politi\u010dkog direktora Gra\u0111anskog pokreta URA - dmcsrb.com","isPartOf":{"@id":"https:\/\/dmcsrb.com\/#website"},"primaryImageOfPage":{"@id":"https:\/\/dmcsrb.com\/politika\/dusan-golovic-izabran-za-politickog-direktora-gradjanskog-pokreta-ura\/#primaryimage"},"image":{"@id":"https:\/\/dmcsrb.com\/politika\/dusan-golovic-izabran-za-politickog-direktora-gradjanskog-pokreta-ura\/#primaryimage"},"thumbnailUrl":"https:\/\/dmcsrb.com\/wp-content\/uploads\/2026\/01\/download-1-7.webp","datePublished":"2025-10-18T07:25:00+00:00","author":{"@id":"https:\/\/dmcsrb.com\/#\/schema\/person\/5c39170f12db1b8b457732d0b5c854e2"},"breadcrumb":{"@id":"https:\/\/dmcsrb.com\/politika\/dusan-golovic-izabran-za-politickog-direktora-gradjanskog-pokreta-ura\/#breadcrumb"},"inLanguage":"en-GB","potentialAction":[{"@type":"ReadAction","target":["https:\/\/dmcsrb.com\/politika\/dusan-golovic-izabran-za-politickog-direktora-gradjanskog-pokreta-ura\/"]}]},{"@type":"ImageObject","inLanguage":"en-GB","@id":"https:\/\/dmcsrb.com\/politika\/dusan-golovic-izabran-za-politickog-direktora-gradjanskog-pokreta-ura\/#primaryimage","url":"https:\/\/dmcsrb.com\/wp-content\/uploads\/2026\/01\/download-1-7.webp","contentUrl":"https:\/\/dmcsrb.com\/wp-content\/uploads\/2026\/01\/download-1-7.webp","width":1920,"height":1280},{"@type":"BreadcrumbList","@id":"https:\/\/dmcsrb.com\/politika\/dusan-golovic-izabran-za-politickog-direktora-gradjanskog-pokreta-ura\/#breadcrumb","itemListElement":[{"@type":"ListItem","position":1,"name":"Home","item":"https:\/\/dmcsrb.com\/"},{"@type":"ListItem","position":2,"name":"Du\u0161an Golovi\u0107 izabran za politi\u010dkog direktora Gra\u0111anskog pokreta URA"}]},{"@type":"WebSite","@id":"https:\/\/dmcsrb.com\/#website","url":"https:\/\/dmcsrb.com\/","name":"dmcsrb.com","description":"","potentialAction":[{"@type":"SearchAction","target":{"@type":"EntryPoint","urlTemplate":"https:\/\/dmcsrb.com\/?s={search_term_string}"},"query-input":{"@type":"PropertyValueSpecification","valueRequired":true,"valueName":"search_term_string"}}],"inLanguage":"en-GB"},{"@type":"Person","@id":"https:\/\/dmcsrb.com\/#\/schema\/person\/5c39170f12db1b8b457732d0b5c854e2","name":"dmcsrbija.com@gmail.com","image":{"@type":"ImageObject","inLanguage":"en-GB","@id":"https:\/\/secure.gravatar.com\/avatar\/68592660ad6347fad0fb587f8d5d8f1a7b44961362f56e4f2cd524feb87e9069?s=96&d=mm&r=g","url":"https:\/\/secure.gravatar.com\/avatar\/68592660ad6347fad0fb587f8d5d8f1a7b44961362f56e4f2cd524feb87e9069?s=96&d=mm&r=g","contentUrl":"https:\/\/secure.gravatar.com\/avatar\/68592660ad6347fad0fb587f8d5d8f1a7b44961362f56e4f2cd524feb87e9069?s=96&d=mm&r=g","caption":"dmcsrbija.com@gmail.com"},"sameAs":["https:\/\/dmcsrb.com"],"url":"https:\/\/dmcsrb.com\/en\/author\/dmcsrbija-comgmail-com\/"}]}},"_links":{"self":[{"href":"https:\/\/dmcsrb.com\/en\/wp-json\/wp\/v2\/posts\/958591","targetHints":{"allow":["GET"]}}],"collection":[{"href":"https:\/\/dmcsrb.com\/en\/wp-json\/wp\/v2\/posts"}],"about":[{"href":"https:\/\/dmcsrb.com\/en\/wp-json\/wp\/v2\/types\/post"}],"author":[{"embeddable":true,"href":"https:\/\/dmcsrb.com\/en\/wp-json\/wp\/v2\/users\/1"}],"replies":[{"embeddable":true,"href":"https:\/\/dmcsrb.com\/en\/wp-json\/wp\/v2\/comments?post=958591"}],"version-history":[{"count":0,"href":"https:\/\/dmcsrb.com\/en\/wp-json\/wp\/v2\/posts\/958591\/revisions"}],"wp:featuredmedia":[{"embeddable":true,"href":"https:\/\/dmcsrb.com\/en\/wp-json\/wp\/v2\/media\/958592"}],"wp:attachment":[{"href":"https:\/\/dmcsrb.com\/en\/wp-json\/wp\/v2\/media?parent=958591"}],"wp:term":[{"taxonomy":"category","embeddable":true,"href":"https:\/\/dmcsrb.com\/en\/wp-json\/wp\/v2\/categories?post=958591"},{"taxonomy":"post_tag","embeddable":true,"href":"https:\/\/dmcsrb.com\/en\/wp-json\/wp\/v2\/tags?post=958591"},{"taxonomy":"naslovna","embeddable":true,"href":"https:\/\/dmcsrb.com\/en\/wp-json\/wp\/v2\/naslovna?post=958591"}],"curies":[{"name":"wp","href":"https:\/\/api.w.org\/{rel}","templated":true}]}}