{"id":958586,"date":"2025-10-18T11:42:00","date_gmt":"2025-10-18T09:42:00","guid":{"rendered":"https:\/\/dmcsrb.com\/uncategorized\/zakjucci-i-preporuke-konferencije-o-ekonomiji-montenegro-2025\/"},"modified":"2025-10-18T11:42:00","modified_gmt":"2025-10-18T09:42:00","slug":"zakjucci-i-preporuke-konferencije-o-ekonomiji-montenegro-2025","status":"publish","type":"post","link":"https:\/\/dmcsrb.com\/en\/ekonomija\/zakjucci-i-preporuke-konferencije-o-ekonomiji-montenegro-2025\/","title":{"rendered":"Zakju\u010dci i preporuke Konferencije o ekonomiji Montenegro 2025"},"content":{"rendered":"<p><\/p>\n\n\n\n<p>\u201eGlobalna zajednica je multipolarizovana i odnos mo\u0107i najzna\u010dajnih globalnih ekonomija zna\u010dajno determini\u0161e uslove i na\u010dine poslovanja u Regionu. Izvori promjena dolaze iz geopoliti\u010dke, a ne direkno iz ekonomske sfere.<\/p>\n\n\n\n<p>Stope privrednog rasta koje osciliraju oko 3% ne omogu\u0107avaju kovergenciju regionalnih ekonomija sa razvijenim ekonomijama. \u0160tavi\u0161e, unutar samog Regiona evidentno je veliko zaostajanje pojedinih ekonomija za ekonomijama koje su nekada pripadale istom ekonomskom sistemu.<\/p>\n\n\n\n<p>Nizak nivo nezavinosti institucija i indeksa medijskih sloboda upozorava na nezavidan status slobode u na\u0161em regionu.<\/p>\n\n\n\n<p>Biznis tra\u017ei jasna pravila i ambijent podsticajan za stvaranje nove vrijednosti.<\/p>\n\n\n\n<p>Demografski procesi imaju negativne trendove u Regionu, kako u pogledu prirodnog, tako i mehani\u010dkog kretanja stanovni\u0161tva. Evidentna je depopulacija, emigracija visokokvalifikovane radne snage, uz istovremenu imigraciju niskokvalifikovane, \u0161to mo\u017ee zna\u010dajno uticati na dru\u0161tvenoekonomski razvoj Regiona.<\/p>\n\n\n\n<p>Potrebno je zna\u010dajno repozicioniranje obrazovanja u smislu njegovog ve\u0107eg uskla\u0111ivanja s potrebama privrede i razvojnim trendovima.<\/p>\n\n\n\n<p>Na osnovu primjera dobre prakse, zaklju\u010dak je da mehanizmi ekonomske diplomatije prevazilaze protokolarne okvire, te da mogu doprinijeti razvojnim inicijativama pojedinih zemalja i Regiona u cjelini.<\/p>\n\n\n\n<p>Iako su neki gradovi relativno dobro saobra\u0107ajno povezani s drugim me\u0111unarodnim destinacijama, regionalna saobra\u0107ajna provezanost nije zadovoljavaju\u0107a. Taj problem je posebno izra\u017een tokom turisti\u010dkih sezona, \u010demu, pored ostalog, doprinosi nedostatak integrisanih ispostava na grani\u010dnim prelazima.<\/p>\n\n\n\n<figure class=\"wp-block-image size-full\"><img decoding=\"async\" src=\"https:\/\/gradski.me\/wp-content\/uploads\/2025\/10\/thumbnail_Sasa-Popovic.jpg\" alt=\"\" class=\"wp-image-853825\"\/><\/figure>\n\n\n\n<p>Digitalizacija internih biznis procesa je op\u0161ta karakteristika generalnog trenda digitralizacije. Biznisi u Regionu su svjesni zna\u010daja digitalizacije, ali ne I urgentnosti sprovo\u0111enja tog procesa.<\/p>\n\n\n\n<p>Otpor prema promjenama i konformizam i dalje su ko\u010dnice procesu digitalizacije. Spremnost za prihvatanje i dosljednost u sprovo\u0111enju novih poslovnih praksi klju\u010dni je faktor procesa digitalizacije. Otvorenost ka inovacijama name\u0107e se kao neminovnost.<\/p>\n\n\n\n<p>Cjelogodi\u0161nji turzam je izazov i za svjetski poznate turisti\u010dke destinacije. Region mora mijanjeti sliku o sebi i promovisati o\u010duvanost i jedinstvenog svog prirodnog i kulturnog ambijenta uz pobolj\u0161anje njegove dostupnosti turistima.<\/p>\n\n\n\n<p>Iskustva odabranih porodi\u010dnih kompanija iz oblasti proizvodnje hrane tokom me\u0111ugeneracijskog slijeda upravljanja mogu poslu\u017eiti kao primjeri dobre prakse i garant stabilnog razvoja odre\u0111enih privrednih sektora u budu\u0107nosti.<\/p>\n\n\n\n<p>Izazovi u prehrambenoj industriji, pored ostalog, uslovljeni su promjenama na\u010dina i navika ishrane ljudi. Sve manje vremena u modernom na\u010dinu ishrane posve\u0107ujemo li\u010dnom pripremanju hrane, \u0161to otvara prostor biznisu\u201c, naveo je professor Popovi\u0107.<\/p>\n\n\n\n<p>Konferenciju su otvorili dr Nina Draki\u0107, predsjednica Privredne komore Crne Gore i D\u017eon Denton, generalni sekretar Me\u0111unarodne privredne komore, dok je motivaciono uvodno izlaganje imao dr Kenan Crnki\u0107. Preko 30 panelista, me\u0111u kojima su bili predstavnici me\u0111unarodnih organizacija, profesori univerziteta, po\u010dasni konzuli, uspje\u0161ni privrednici i drugi, iznijeli su svoje stavove pred oko 400 u\u010desnika konferencije iz vi\u0161e zemalja.<\/p>\n\n\n\n<p>Tema konferencije razra\u0111ivana je u \u0161est panela: \u201eUticaj globalnih ekonomskih trendova na Region\u201c, \u201eUloga po\u010dansih konzula u sna\u017eenju ekonomske diplomatije\u201c, \u201eSnaga radne snage: kako oblikovati konkurentnu I otpornu ekonomiju\u201c, \u201eDigitalna transformacija \u2013 gdje smo, a gdje trebamo biti\u201c, \u201eTurizam 365\u201c i \u201eHrana za budu\u0107nost: Inovacije i investicije u poljoprtivredu Regiona\u201c.<\/p>\n\n\n\n<p>Pored panel duskusija visokog kvaliteta, u dijelu programa nazvanom Biznis iza scene, rezervisanom za razgovore s uspje\u0161nim preduzenticima, prisutni su imali priliku da \u010duju polu\u010dasovna iskustva g-dina Blagote Radovi\u0107a, osniva\u010da Zetagradnje d.o.o., g-dina Dragoljuba Vukadinovi\u0107a, predsjednika Metlac grupe, i g-dina Gazmenda Abra\u0161ija, direktora Exclusice grupe\u201c.<\/p>","protected":false},"excerpt":{"rendered":"<p>Privredna komora Crne Gore organizovala je 16. i 17. oktobra organizovala XIV Konferenciju o ekonomiji Montenegro 2025 na temu Ekonomije regiona u izazovima dana\u0161njice, a njene zaklju\u010dke i preporuke je tradicionalno saop\u0161tio prof. dr Sa\u0161a Popovi\u0107 sa Ekonomskog fakulteta Univerziteta Crne Gore.<\/p>","protected":false},"author":1,"featured_media":958587,"comment_status":"open","ping_status":"open","sticky":false,"template":"","format":"standard","meta":{"_acf_changed":false,"footnotes":""},"categories":[27],"tags":[11764,11488,8087,11765],"naslovna":[],"class_list":["post-958586","post","type-post","status-publish","format-standard","has-post-thumbnail","hentry","category-ekonomija","tag-konferencija-o-ekonomiji","tag-montenegro-2025","tag-preporuke","tag-zakljucci"],"acf":[],"yoast_head":"<!-- This site is optimized with the Yoast SEO plugin v27.0 - https:\/\/yoast.com\/product\/yoast-seo-wordpress\/ -->\n<title>Zakju\u010dci i preporuke Konferencije o ekonomiji Montenegro 2025 - dmcsrb.com<\/title>\n<meta name=\"robots\" content=\"index, follow, max-snippet:-1, max-image-preview:large, max-video-preview:-1\" \/>\n<link rel=\"canonical\" href=\"https:\/\/dmcsrb.com\/en\/ekonomija\/zakjucci-i-preporuke-konferencije-o-ekonomiji-montenegro-2025\/\" \/>\n<meta property=\"og:locale\" content=\"en_GB\" \/>\n<meta property=\"og:type\" content=\"article\" \/>\n<meta property=\"og:title\" content=\"Zakju\u010dci i preporuke Konferencije o ekonomiji Montenegro 2025 - dmcsrb.com\" \/>\n<meta property=\"og:description\" content=\"Privredna komora Crne Gore organizovala je 16. i 17. oktobra organizovala XIV Konferenciju o ekonomiji Montenegro 2025 na temu Ekonomije regiona u izazovima dana\u0161njice, a njene zaklju\u010dke i preporuke je tradicionalno saop\u0161tio prof. dr Sa\u0161a Popovi\u0107 sa Ekonomskog fakulteta Univerziteta Crne Gore.\" \/>\n<meta property=\"og:url\" content=\"https:\/\/dmcsrb.com\/en\/ekonomija\/zakjucci-i-preporuke-konferencije-o-ekonomiji-montenegro-2025\/\" \/>\n<meta property=\"og:site_name\" content=\"dmcsrb.com\" \/>\n<meta property=\"article:published_time\" content=\"2025-10-18T09:42:00+00:00\" \/>\n<meta property=\"og:image\" content=\"https:\/\/dmcsrb.com\/wp-content\/uploads\/2026\/01\/thumbnail_Konferencija.webp\" \/>\n\t<meta property=\"og:image:width\" content=\"1024\" \/>\n\t<meta property=\"og:image:height\" content=\"683\" \/>\n\t<meta property=\"og:image:type\" content=\"image\/jpeg\" \/>\n<meta name=\"author\" content=\"dmcsrbija.com@gmail.com\" \/>\n<meta name=\"twitter:card\" content=\"summary_large_image\" \/>\n<meta name=\"twitter:label1\" content=\"Written by\" \/>\n\t<meta name=\"twitter:data1\" content=\"dmcsrbija.com@gmail.com\" \/>\n\t<meta name=\"twitter:label2\" content=\"Estimated reading time\" \/>\n\t<meta name=\"twitter:data2\" content=\"3 minutes\" \/>\n<script type=\"application\/ld+json\" class=\"yoast-schema-graph\">{\"@context\":\"https:\/\/schema.org\",\"@graph\":[{\"@type\":\"Article\",\"@id\":\"https:\/\/dmcsrb.com\/ekonomija\/zakjucci-i-preporuke-konferencije-o-ekonomiji-montenegro-2025\/#article\",\"isPartOf\":{\"@id\":\"https:\/\/dmcsrb.com\/ekonomija\/zakjucci-i-preporuke-konferencije-o-ekonomiji-montenegro-2025\/\"},\"author\":{\"name\":\"dmcsrbija.com@gmail.com\",\"@id\":\"https:\/\/dmcsrb.com\/#\/schema\/person\/5c39170f12db1b8b457732d0b5c854e2\"},\"headline\":\"Zakju\u010dci i preporuke Konferencije o ekonomiji Montenegro 2025\",\"datePublished\":\"2025-10-18T09:42:00+00:00\",\"mainEntityOfPage\":{\"@id\":\"https:\/\/dmcsrb.com\/ekonomija\/zakjucci-i-preporuke-konferencije-o-ekonomiji-montenegro-2025\/\"},\"wordCount\":572,\"commentCount\":0,\"image\":{\"@id\":\"https:\/\/dmcsrb.com\/ekonomija\/zakjucci-i-preporuke-konferencije-o-ekonomiji-montenegro-2025\/#primaryimage\"},\"thumbnailUrl\":\"https:\/\/dmcsrb.com\/wp-content\/uploads\/2026\/01\/thumbnail_Konferencija.webp\",\"keywords\":[\"Konferencija o ekonomiji\",\"Montenegro 2025\",\"Preporuke\",\"Zaklju\u010dci\"],\"articleSection\":[\"Ekonomija\"],\"inLanguage\":\"en-GB\",\"potentialAction\":[{\"@type\":\"CommentAction\",\"name\":\"Comment\",\"target\":[\"https:\/\/dmcsrb.com\/ekonomija\/zakjucci-i-preporuke-konferencije-o-ekonomiji-montenegro-2025\/#respond\"]}]},{\"@type\":\"WebPage\",\"@id\":\"https:\/\/dmcsrb.com\/ekonomija\/zakjucci-i-preporuke-konferencije-o-ekonomiji-montenegro-2025\/\",\"url\":\"https:\/\/dmcsrb.com\/ekonomija\/zakjucci-i-preporuke-konferencije-o-ekonomiji-montenegro-2025\/\",\"name\":\"Zakju\u010dci i preporuke Konferencije o ekonomiji Montenegro 2025 - dmcsrb.com\",\"isPartOf\":{\"@id\":\"https:\/\/dmcsrb.com\/#website\"},\"primaryImageOfPage\":{\"@id\":\"https:\/\/dmcsrb.com\/ekonomija\/zakjucci-i-preporuke-konferencije-o-ekonomiji-montenegro-2025\/#primaryimage\"},\"image\":{\"@id\":\"https:\/\/dmcsrb.com\/ekonomija\/zakjucci-i-preporuke-konferencije-o-ekonomiji-montenegro-2025\/#primaryimage\"},\"thumbnailUrl\":\"https:\/\/dmcsrb.com\/wp-content\/uploads\/2026\/01\/thumbnail_Konferencija.webp\",\"datePublished\":\"2025-10-18T09:42:00+00:00\",\"author\":{\"@id\":\"https:\/\/dmcsrb.com\/#\/schema\/person\/5c39170f12db1b8b457732d0b5c854e2\"},\"breadcrumb\":{\"@id\":\"https:\/\/dmcsrb.com\/ekonomija\/zakjucci-i-preporuke-konferencije-o-ekonomiji-montenegro-2025\/#breadcrumb\"},\"inLanguage\":\"en-GB\",\"potentialAction\":[{\"@type\":\"ReadAction\",\"target\":[\"https:\/\/dmcsrb.com\/ekonomija\/zakjucci-i-preporuke-konferencije-o-ekonomiji-montenegro-2025\/\"]}]},{\"@type\":\"ImageObject\",\"inLanguage\":\"en-GB\",\"@id\":\"https:\/\/dmcsrb.com\/ekonomija\/zakjucci-i-preporuke-konferencije-o-ekonomiji-montenegro-2025\/#primaryimage\",\"url\":\"https:\/\/dmcsrb.com\/wp-content\/uploads\/2026\/01\/thumbnail_Konferencija.webp\",\"contentUrl\":\"https:\/\/dmcsrb.com\/wp-content\/uploads\/2026\/01\/thumbnail_Konferencija.webp\",\"width\":1024,\"height\":683},{\"@type\":\"BreadcrumbList\",\"@id\":\"https:\/\/dmcsrb.com\/ekonomija\/zakjucci-i-preporuke-konferencije-o-ekonomiji-montenegro-2025\/#breadcrumb\",\"itemListElement\":[{\"@type\":\"ListItem\",\"position\":1,\"name\":\"Home\",\"item\":\"https:\/\/dmcsrb.com\/\"},{\"@type\":\"ListItem\",\"position\":2,\"name\":\"Zakju\u010dci i preporuke Konferencije o ekonomiji Montenegro 2025\"}]},{\"@type\":\"WebSite\",\"@id\":\"https:\/\/dmcsrb.com\/#website\",\"url\":\"https:\/\/dmcsrb.com\/\",\"name\":\"dmcsrb.com\",\"description\":\"\",\"potentialAction\":[{\"@type\":\"SearchAction\",\"target\":{\"@type\":\"EntryPoint\",\"urlTemplate\":\"https:\/\/dmcsrb.com\/?s={search_term_string}\"},\"query-input\":{\"@type\":\"PropertyValueSpecification\",\"valueRequired\":true,\"valueName\":\"search_term_string\"}}],\"inLanguage\":\"en-GB\"},{\"@type\":\"Person\",\"@id\":\"https:\/\/dmcsrb.com\/#\/schema\/person\/5c39170f12db1b8b457732d0b5c854e2\",\"name\":\"dmcsrbija.com@gmail.com\",\"image\":{\"@type\":\"ImageObject\",\"inLanguage\":\"en-GB\",\"@id\":\"https:\/\/dmcsrb.com\/#\/schema\/person\/image\/\",\"url\":\"https:\/\/secure.gravatar.com\/avatar\/68592660ad6347fad0fb587f8d5d8f1a7b44961362f56e4f2cd524feb87e9069?s=96&d=mm&r=g\",\"contentUrl\":\"https:\/\/secure.gravatar.com\/avatar\/68592660ad6347fad0fb587f8d5d8f1a7b44961362f56e4f2cd524feb87e9069?s=96&d=mm&r=g\",\"caption\":\"dmcsrbija.com@gmail.com\"},\"sameAs\":[\"https:\/\/dmcsrb.com\"],\"url\":\"https:\/\/dmcsrb.com\/en\/author\/dmcsrbija-comgmail-com\/\"}]}<\/script>\n<!-- \/ Yoast SEO plugin. -->","yoast_head_json":{"title":"Zakju\u010dci i preporuke Konferencije o ekonomiji Montenegro 2025 - dmcsrb.com","robots":{"index":"index","follow":"follow","max-snippet":"max-snippet:-1","max-image-preview":"max-image-preview:large","max-video-preview":"max-video-preview:-1"},"canonical":"https:\/\/dmcsrb.com\/en\/ekonomija\/zakjucci-i-preporuke-konferencije-o-ekonomiji-montenegro-2025\/","og_locale":"en_GB","og_type":"article","og_title":"Zakju\u010dci i preporuke Konferencije o ekonomiji Montenegro 2025 - dmcsrb.com","og_description":"Privredna komora Crne Gore organizovala je 16. i 17. oktobra organizovala XIV Konferenciju o ekonomiji Montenegro 2025 na temu Ekonomije regiona u izazovima dana\u0161njice, a njene zaklju\u010dke i preporuke je tradicionalno saop\u0161tio prof. dr Sa\u0161a Popovi\u0107 sa Ekonomskog fakulteta Univerziteta Crne Gore.","og_url":"https:\/\/dmcsrb.com\/en\/ekonomija\/zakjucci-i-preporuke-konferencije-o-ekonomiji-montenegro-2025\/","og_site_name":"dmcsrb.com","article_published_time":"2025-10-18T09:42:00+00:00","og_image":[{"width":1024,"height":683,"url":"https:\/\/dmcsrb.com\/wp-content\/uploads\/2026\/01\/thumbnail_Konferencija.webp","type":"image\/jpeg"}],"author":"dmcsrbija.com@gmail.com","twitter_card":"summary_large_image","twitter_misc":{"Written by":"dmcsrbija.com@gmail.com","Estimated reading time":"3 minutes"},"schema":{"@context":"https:\/\/schema.org","@graph":[{"@type":"Article","@id":"https:\/\/dmcsrb.com\/ekonomija\/zakjucci-i-preporuke-konferencije-o-ekonomiji-montenegro-2025\/#article","isPartOf":{"@id":"https:\/\/dmcsrb.com\/ekonomija\/zakjucci-i-preporuke-konferencije-o-ekonomiji-montenegro-2025\/"},"author":{"name":"dmcsrbija.com@gmail.com","@id":"https:\/\/dmcsrb.com\/#\/schema\/person\/5c39170f12db1b8b457732d0b5c854e2"},"headline":"Zakju\u010dci i preporuke Konferencije o ekonomiji Montenegro 2025","datePublished":"2025-10-18T09:42:00+00:00","mainEntityOfPage":{"@id":"https:\/\/dmcsrb.com\/ekonomija\/zakjucci-i-preporuke-konferencije-o-ekonomiji-montenegro-2025\/"},"wordCount":572,"commentCount":0,"image":{"@id":"https:\/\/dmcsrb.com\/ekonomija\/zakjucci-i-preporuke-konferencije-o-ekonomiji-montenegro-2025\/#primaryimage"},"thumbnailUrl":"https:\/\/dmcsrb.com\/wp-content\/uploads\/2026\/01\/thumbnail_Konferencija.webp","keywords":["Konferencija o ekonomiji","Montenegro 2025","Preporuke","Zaklju\u010dci"],"articleSection":["Ekonomija"],"inLanguage":"en-GB","potentialAction":[{"@type":"CommentAction","name":"Comment","target":["https:\/\/dmcsrb.com\/ekonomija\/zakjucci-i-preporuke-konferencije-o-ekonomiji-montenegro-2025\/#respond"]}]},{"@type":"WebPage","@id":"https:\/\/dmcsrb.com\/ekonomija\/zakjucci-i-preporuke-konferencije-o-ekonomiji-montenegro-2025\/","url":"https:\/\/dmcsrb.com\/ekonomija\/zakjucci-i-preporuke-konferencije-o-ekonomiji-montenegro-2025\/","name":"Zakju\u010dci i preporuke Konferencije o ekonomiji Montenegro 2025 - dmcsrb.com","isPartOf":{"@id":"https:\/\/dmcsrb.com\/#website"},"primaryImageOfPage":{"@id":"https:\/\/dmcsrb.com\/ekonomija\/zakjucci-i-preporuke-konferencije-o-ekonomiji-montenegro-2025\/#primaryimage"},"image":{"@id":"https:\/\/dmcsrb.com\/ekonomija\/zakjucci-i-preporuke-konferencije-o-ekonomiji-montenegro-2025\/#primaryimage"},"thumbnailUrl":"https:\/\/dmcsrb.com\/wp-content\/uploads\/2026\/01\/thumbnail_Konferencija.webp","datePublished":"2025-10-18T09:42:00+00:00","author":{"@id":"https:\/\/dmcsrb.com\/#\/schema\/person\/5c39170f12db1b8b457732d0b5c854e2"},"breadcrumb":{"@id":"https:\/\/dmcsrb.com\/ekonomija\/zakjucci-i-preporuke-konferencije-o-ekonomiji-montenegro-2025\/#breadcrumb"},"inLanguage":"en-GB","potentialAction":[{"@type":"ReadAction","target":["https:\/\/dmcsrb.com\/ekonomija\/zakjucci-i-preporuke-konferencije-o-ekonomiji-montenegro-2025\/"]}]},{"@type":"ImageObject","inLanguage":"en-GB","@id":"https:\/\/dmcsrb.com\/ekonomija\/zakjucci-i-preporuke-konferencije-o-ekonomiji-montenegro-2025\/#primaryimage","url":"https:\/\/dmcsrb.com\/wp-content\/uploads\/2026\/01\/thumbnail_Konferencija.webp","contentUrl":"https:\/\/dmcsrb.com\/wp-content\/uploads\/2026\/01\/thumbnail_Konferencija.webp","width":1024,"height":683},{"@type":"BreadcrumbList","@id":"https:\/\/dmcsrb.com\/ekonomija\/zakjucci-i-preporuke-konferencije-o-ekonomiji-montenegro-2025\/#breadcrumb","itemListElement":[{"@type":"ListItem","position":1,"name":"Home","item":"https:\/\/dmcsrb.com\/"},{"@type":"ListItem","position":2,"name":"Zakju\u010dci i preporuke Konferencije o ekonomiji Montenegro 2025"}]},{"@type":"WebSite","@id":"https:\/\/dmcsrb.com\/#website","url":"https:\/\/dmcsrb.com\/","name":"dmcsrb.com","description":"","potentialAction":[{"@type":"SearchAction","target":{"@type":"EntryPoint","urlTemplate":"https:\/\/dmcsrb.com\/?s={search_term_string}"},"query-input":{"@type":"PropertyValueSpecification","valueRequired":true,"valueName":"search_term_string"}}],"inLanguage":"en-GB"},{"@type":"Person","@id":"https:\/\/dmcsrb.com\/#\/schema\/person\/5c39170f12db1b8b457732d0b5c854e2","name":"dmcsrbija.com@gmail.com","image":{"@type":"ImageObject","inLanguage":"en-GB","@id":"https:\/\/dmcsrb.com\/#\/schema\/person\/image\/","url":"https:\/\/secure.gravatar.com\/avatar\/68592660ad6347fad0fb587f8d5d8f1a7b44961362f56e4f2cd524feb87e9069?s=96&d=mm&r=g","contentUrl":"https:\/\/secure.gravatar.com\/avatar\/68592660ad6347fad0fb587f8d5d8f1a7b44961362f56e4f2cd524feb87e9069?s=96&d=mm&r=g","caption":"dmcsrbija.com@gmail.com"},"sameAs":["https:\/\/dmcsrb.com"],"url":"https:\/\/dmcsrb.com\/en\/author\/dmcsrbija-comgmail-com\/"}]}},"_links":{"self":[{"href":"https:\/\/dmcsrb.com\/en\/wp-json\/wp\/v2\/posts\/958586","targetHints":{"allow":["GET"]}}],"collection":[{"href":"https:\/\/dmcsrb.com\/en\/wp-json\/wp\/v2\/posts"}],"about":[{"href":"https:\/\/dmcsrb.com\/en\/wp-json\/wp\/v2\/types\/post"}],"author":[{"embeddable":true,"href":"https:\/\/dmcsrb.com\/en\/wp-json\/wp\/v2\/users\/1"}],"replies":[{"embeddable":true,"href":"https:\/\/dmcsrb.com\/en\/wp-json\/wp\/v2\/comments?post=958586"}],"version-history":[{"count":0,"href":"https:\/\/dmcsrb.com\/en\/wp-json\/wp\/v2\/posts\/958586\/revisions"}],"wp:featuredmedia":[{"embeddable":true,"href":"https:\/\/dmcsrb.com\/en\/wp-json\/wp\/v2\/media\/958587"}],"wp:attachment":[{"href":"https:\/\/dmcsrb.com\/en\/wp-json\/wp\/v2\/media?parent=958586"}],"wp:term":[{"taxonomy":"category","embeddable":true,"href":"https:\/\/dmcsrb.com\/en\/wp-json\/wp\/v2\/categories?post=958586"},{"taxonomy":"post_tag","embeddable":true,"href":"https:\/\/dmcsrb.com\/en\/wp-json\/wp\/v2\/tags?post=958586"},{"taxonomy":"naslovna","embeddable":true,"href":"https:\/\/dmcsrb.com\/en\/wp-json\/wp\/v2\/naslovna?post=958586"}],"curies":[{"name":"wp","href":"https:\/\/api.w.org\/{rel}","templated":true}]}}