{"id":958538,"date":"2025-10-17T18:38:00","date_gmt":"2025-10-17T16:38:00","guid":{"rendered":"https:\/\/dmcsrb.com\/uncategorized\/lekovic-aleksandar-mijajlovic-u-makedoniji-2004-bio-gospodar-zivota-i-smrti-u-svercu-cigareta\/"},"modified":"2025-10-17T18:38:00","modified_gmt":"2025-10-17T16:38:00","slug":"lekovic-aleksandar-mijajlovic-u-makedoniji-2004-bio-gospodar-zivota-i-smrti-u-svercu-cigareta","status":"publish","type":"post","link":"https:\/\/dmcsrb.com\/en\/politika\/lekovic-aleksandar-mijajlovic-u-makedoniji-2004-bio-gospodar-zivota-i-smrti-u-svercu-cigareta\/","title":{"rendered":"Lekovi\u0107: Aleksandar Mijajlovi\u0107 u Makedoniji 2004. bio gospodar \u017eivota i smrti u \u0161vercu cigareta"},"content":{"rendered":"<p><\/p>\n\n\n\n<p>\u201cKada sam slu\u0161ao sve one rije\u010di i konstrukcije ja sam mislio da to izgovara D\u017eon Goti ili Salvatore Toto Rina, Pablo Eskobar, Mateo Mesina Denaro\u2026 i na kraju Radoje Zvicer. I na kraju kad sam podigao glavu vidio sam tu\u017enu politi\u010dku figuru gospodina \u017divkovi\u0107a prije njega i Andriju Nikoli\u0107a. Oni su na\u017ealost pioni na \u0161ahovskoj tabli koju pomjeraju ljudi koji su iznad njih. Oni su glasnici prije svega Mila \u0110ukanovi\u0107a jer sve to \u0161to oni danas govore, govorio je i on prije godinu. Tu je i odgovor na pitanje cjelokupne javnosti. Kada je hap\u0161en Petar ivanovi\u0107 nije bilo halabuke i prijetnji osvetama, kada je hap\u0161en Milutin Simovi\u0107 nije bilo pri\u010de, bila je ti\u0161ina. U aprilu 2024. godine hapsi se Lazovi\u0107 i tada po\u010dinju prijetnje i kre\u0107e haos kada su u pitanju izjave. \u0110ukanovi\u0107 pominje oru\u017eje i po\u010detak osveta. Kada se sad hapsi Aleksandar Mijajlovi\u0107 imamo isti narativ i jako opasnu konstrukciju zatvor ili smrt\u201d, naveo je Lekovi\u0107.<\/p>\n\n\n\n<p>To je, kako je istakao, formulacija mafije, to koristi mafija.<\/p>\n\n\n\n<p>\u201cSve ovo pokazuje da su ovi ljudi zajedno sa svim aktulenim poslanicima DPS glasnici i pioni, ljudi koji se tu ni\u0161ta ne pitaju. \u0160efovi su Zoran Lazovi\u0107 i Aco Mijajlovi\u0107 koji je to sve radio, ure\u0111ivao, menad\u017eerisao, koordinisao.&nbsp; Tu ima i dosta stvari koje \u010dovjek ne bi mogao pomisliti, a neke stvari su mi bile u\u017easavaju\u0107e\u201d, dodao je Lekovi\u0107.<\/p>\n\n\n\n<p>On je pokazao tekst iz Dana iz 2004. godine u kojem je navedeno da su Crnogorci vode\u0107i \u0161verceri cigareta u Makedoniji. Naveo je da je advokat Mijajlovi\u0107a optu\u017eio Demokrate da ga \u017eele da izop\u0161te iz socijlanog \u017eivota.<\/p>\n\n\n\n<p>\u201cMakedonska \u0161tampa bilje\u017ei da je Mijajlovi\u0107 bio klju\u010dna veza duvanskih krugova u Makedoniji odnosno gospodar \u017eivota i smrti kada je rije\u010d o \u0161vercu cigareta po\u010detkom 2000. godina\u201d, navodi se izme\u0111u ostalog u tekstu koji je Lekovi\u0107 pro\u010ditao.<\/p>\n\n\n\n<p>Tekst je, kako je navedeno u emisiji, iza\u0161ao nekoliko mjeseci prije ubistva glavnog i odgovornog uradnika Dana Du\u0161ka Jovanovi\u0107a.<\/p>\n\n\n\n<p>Lekovi\u0107 je naveo da se Mijajlovi\u0107 nakon ovoga sa kapitalom vratio u Crnu Goru.<\/p>\n\n\n\n<p>\u201cNakon toga se razvijaju odre\u0111ene firme i po\u010dinju da rastu. DPS je koristio sve strukture kojima su bili klju\u010dni \u0161efovi ovih piona u parlamentu, to se pokazuje njihovom odbranom. Vidite koliko je \u010drvsta veza, iako im apelujemo da odustanu od te politike. Kad je jedan predsjednik najja\u010de opozicione partije uzeo od Mijajlovi\u0107a telefon, \u0161ta bi tek radio da je vlast, uzeo bi ku\u0107u, prvi milion, preduze\u0107e kao \u0161to je uzeo i Milo \u0110ukanovi\u0107. Demantovao je da je uzeo telefon ali je potvrdio autenti\u010dnost prepiski i nije ih osporio. Naravno da ne\u0107e priznati da je uzeo telefon, mo\u017eda ga nije koristio svakodnevno, nego upravo za razmjenu informacija sa ovakvim ljudima i sa podzemljem\u201d, kazao je on.<\/p>\n\n\n\n<p>Lekovi\u0107 je naveo da u Skup\u0161tini \u010dujemo mafija\u0161ki narativ.<\/p>\n\n\n\n<p>\u201cOni se osje\u0107aju o\u010dajno, vidi se panika i strah me\u0111u njima. U svim slu\u010dajevima kada se sprovode akcije i podi\u017eu optu\u017enice, izvr\u0161ilac krivi\u010dnog djela zna \u0161ta je radio, dr\u017eavni organi ne mogu da znaju ba\u0161 sve. Taj neko ko je radio sve to je u panici \u0161ta \u0107e se dalje de\u0161avati i iza\u0107i iz svega toga, oni poku\u0161avaju da zaustave&nbsp; ove procese i da zaustave dr\u017eavne organe da rade svoj posao. Oni nisu svjesni i ne mogu da prihvate, to je najve\u0107i problem poslanicima DPS-a. Dr\u017eavni organi su po\u010deli da rade svoj posao, institucije se osloba\u0111aju i \u010diste. Oni to ne mogu da shvate i prihvate\u201d, naglasio je Lekovi\u0107.<\/p>","protected":false},"excerpt":{"rendered":"<p>Poslanik Demokrata Mom\u010dilo Lekovi\u0107 u emisiji Fakti kazao je da su poslanici Demokratske partije socijalista \u0161ioni na \u0161ajovskoj tabli kojima upravljaju biv\u0161i policijski funkcioner Zoran Lazovi\u0107 i Aleksandar Mijajlovi\u0107. On je u emisiji citirao tekst iz Dnevnih novina &#8220;Dan&#8221; u kojem se navodi da je Mijajlovi\u0107 bio gospodar \u017eivota i smrti kada je rije\u010d o \u0161vercu vigareta<\/p>","protected":false},"author":1,"featured_media":958539,"comment_status":"open","ping_status":"open","sticky":false,"template":"","format":"standard","meta":{"_acf_changed":false,"footnotes":""},"categories":[12],"tags":[1320,11718,5294,997,10141],"naslovna":[],"class_list":["post-958538","post","type-post","status-publish","format-standard","has-post-thumbnail","hentry","category-politika","tag-aleksandar-mijajlovic","tag-gospodar-zivota-i-smrti","tag-makedonija","tag-momcilo-lekovic","tag-sverc-cigareta"],"acf":[],"yoast_head":"<!-- This site is optimized with the Yoast SEO plugin v27.0 - https:\/\/yoast.com\/product\/yoast-seo-wordpress\/ -->\n<title>Lekovi\u0107: Aleksandar Mijajlovi\u0107 u Makedoniji 2004. bio gospodar \u017eivota i smrti u \u0161vercu cigareta - dmcsrb.com<\/title>\n<meta name=\"robots\" content=\"index, follow, max-snippet:-1, max-image-preview:large, max-video-preview:-1\" \/>\n<link rel=\"canonical\" href=\"https:\/\/dmcsrb.com\/en\/politika\/lekovic-aleksandar-mijajlovic-u-makedoniji-2004-bio-gospodar-zivota-i-smrti-u-svercu-cigareta\/\" \/>\n<meta property=\"og:locale\" content=\"en_GB\" \/>\n<meta property=\"og:type\" content=\"article\" \/>\n<meta property=\"og:title\" content=\"Lekovi\u0107: Aleksandar Mijajlovi\u0107 u Makedoniji 2004. bio gospodar \u017eivota i smrti u \u0161vercu cigareta - dmcsrb.com\" \/>\n<meta property=\"og:description\" content=\"Poslanik Demokrata Mom\u010dilo Lekovi\u0107 u emisiji Fakti kazao je da su poslanici Demokratske partije socijalista \u0161ioni na \u0161ajovskoj tabli kojima upravljaju biv\u0161i policijski funkcioner Zoran Lazovi\u0107 i Aleksandar Mijajlovi\u0107. On je u emisiji citirao tekst iz Dnevnih novina &quot;Dan&quot; u kojem se navodi da je Mijajlovi\u0107 bio gospodar \u017eivota i smrti kada je rije\u010d o \u0161vercu vigareta\" \/>\n<meta property=\"og:url\" content=\"https:\/\/dmcsrb.com\/en\/politika\/lekovic-aleksandar-mijajlovic-u-makedoniji-2004-bio-gospodar-zivota-i-smrti-u-svercu-cigareta\/\" \/>\n<meta property=\"og:site_name\" content=\"dmcsrb.com\" \/>\n<meta property=\"article:published_time\" content=\"2025-10-17T16:38:00+00:00\" \/>\n<meta property=\"og:image\" content=\"https:\/\/dmcsrb.com\/wp-content\/uploads\/2026\/01\/momcilo.webp\" \/>\n\t<meta property=\"og:image:width\" content=\"1161\" \/>\n\t<meta property=\"og:image:height\" content=\"904\" \/>\n\t<meta property=\"og:image:type\" content=\"image\/jpeg\" \/>\n<meta name=\"author\" content=\"dmcsrbija.com@gmail.com\" \/>\n<meta name=\"twitter:card\" content=\"summary_large_image\" \/>\n<meta name=\"twitter:label1\" content=\"Written by\" \/>\n\t<meta name=\"twitter:data1\" content=\"dmcsrbija.com@gmail.com\" \/>\n\t<meta name=\"twitter:label2\" content=\"Estimated reading time\" \/>\n\t<meta name=\"twitter:data2\" content=\"3 minutes\" \/>\n<script type=\"application\/ld+json\" class=\"yoast-schema-graph\">{\"@context\":\"https:\/\/schema.org\",\"@graph\":[{\"@type\":\"Article\",\"@id\":\"https:\/\/dmcsrb.com\/en\/politika\/lekovic-aleksandar-mijajlovic-u-makedoniji-2004-bio-gospodar-zivota-i-smrti-u-svercu-cigareta\/#article\",\"isPartOf\":{\"@id\":\"https:\/\/dmcsrb.com\/en\/politika\/lekovic-aleksandar-mijajlovic-u-makedoniji-2004-bio-gospodar-zivota-i-smrti-u-svercu-cigareta\/\"},\"author\":{\"name\":\"dmcsrbija.com@gmail.com\",\"@id\":\"https:\/\/dmcsrb.com\/#\/schema\/person\/5c39170f12db1b8b457732d0b5c854e2\"},\"headline\":\"Lekovi\u0107: Aleksandar Mijajlovi\u0107 u Makedoniji 2004. bio gospodar \u017eivota i smrti u \u0161vercu cigareta\",\"datePublished\":\"2025-10-17T16:38:00+00:00\",\"mainEntityOfPage\":{\"@id\":\"https:\/\/dmcsrb.com\/en\/politika\/lekovic-aleksandar-mijajlovic-u-makedoniji-2004-bio-gospodar-zivota-i-smrti-u-svercu-cigareta\/\"},\"wordCount\":641,\"commentCount\":0,\"image\":{\"@id\":\"https:\/\/dmcsrb.com\/en\/politika\/lekovic-aleksandar-mijajlovic-u-makedoniji-2004-bio-gospodar-zivota-i-smrti-u-svercu-cigareta\/#primaryimage\"},\"thumbnailUrl\":\"https:\/\/dmcsrb.com\/wp-content\/uploads\/2026\/01\/momcilo.webp\",\"keywords\":[\"Aleksandar Mijajlovi\u0107\",\"Gospodar \u017eivota i smrti\",\"Makedonija\",\"Mom\u010dilo Lekovi\u0107\",\"\u0160verc cigareta\"],\"articleSection\":[\"Politika\"],\"inLanguage\":\"en-GB\",\"potentialAction\":[{\"@type\":\"CommentAction\",\"name\":\"Comment\",\"target\":[\"https:\/\/dmcsrb.com\/en\/politika\/lekovic-aleksandar-mijajlovic-u-makedoniji-2004-bio-gospodar-zivota-i-smrti-u-svercu-cigareta\/#respond\"]}]},{\"@type\":\"WebPage\",\"@id\":\"https:\/\/dmcsrb.com\/en\/politika\/lekovic-aleksandar-mijajlovic-u-makedoniji-2004-bio-gospodar-zivota-i-smrti-u-svercu-cigareta\/\",\"url\":\"https:\/\/dmcsrb.com\/en\/politika\/lekovic-aleksandar-mijajlovic-u-makedoniji-2004-bio-gospodar-zivota-i-smrti-u-svercu-cigareta\/\",\"name\":\"Lekovi\u0107: Aleksandar Mijajlovi\u0107 u Makedoniji 2004. bio gospodar \u017eivota i smrti u \u0161vercu cigareta - dmcsrb.com\",\"isPartOf\":{\"@id\":\"https:\/\/dmcsrb.com\/#website\"},\"primaryImageOfPage\":{\"@id\":\"https:\/\/dmcsrb.com\/en\/politika\/lekovic-aleksandar-mijajlovic-u-makedoniji-2004-bio-gospodar-zivota-i-smrti-u-svercu-cigareta\/#primaryimage\"},\"image\":{\"@id\":\"https:\/\/dmcsrb.com\/en\/politika\/lekovic-aleksandar-mijajlovic-u-makedoniji-2004-bio-gospodar-zivota-i-smrti-u-svercu-cigareta\/#primaryimage\"},\"thumbnailUrl\":\"https:\/\/dmcsrb.com\/wp-content\/uploads\/2026\/01\/momcilo.webp\",\"datePublished\":\"2025-10-17T16:38:00+00:00\",\"author\":{\"@id\":\"https:\/\/dmcsrb.com\/#\/schema\/person\/5c39170f12db1b8b457732d0b5c854e2\"},\"breadcrumb\":{\"@id\":\"https:\/\/dmcsrb.com\/en\/politika\/lekovic-aleksandar-mijajlovic-u-makedoniji-2004-bio-gospodar-zivota-i-smrti-u-svercu-cigareta\/#breadcrumb\"},\"inLanguage\":\"en-GB\",\"potentialAction\":[{\"@type\":\"ReadAction\",\"target\":[\"https:\/\/dmcsrb.com\/en\/politika\/lekovic-aleksandar-mijajlovic-u-makedoniji-2004-bio-gospodar-zivota-i-smrti-u-svercu-cigareta\/\"]}]},{\"@type\":\"ImageObject\",\"inLanguage\":\"en-GB\",\"@id\":\"https:\/\/dmcsrb.com\/en\/politika\/lekovic-aleksandar-mijajlovic-u-makedoniji-2004-bio-gospodar-zivota-i-smrti-u-svercu-cigareta\/#primaryimage\",\"url\":\"https:\/\/dmcsrb.com\/wp-content\/uploads\/2026\/01\/momcilo.webp\",\"contentUrl\":\"https:\/\/dmcsrb.com\/wp-content\/uploads\/2026\/01\/momcilo.webp\",\"width\":1161,\"height\":904},{\"@type\":\"BreadcrumbList\",\"@id\":\"https:\/\/dmcsrb.com\/en\/politika\/lekovic-aleksandar-mijajlovic-u-makedoniji-2004-bio-gospodar-zivota-i-smrti-u-svercu-cigareta\/#breadcrumb\",\"itemListElement\":[{\"@type\":\"ListItem\",\"position\":1,\"name\":\"Home\",\"item\":\"https:\/\/dmcsrb.com\/\"},{\"@type\":\"ListItem\",\"position\":2,\"name\":\"Lekovi\u0107: Aleksandar Mijajlovi\u0107 u Makedoniji 2004. bio gospodar \u017eivota i smrti u \u0161vercu cigareta\"}]},{\"@type\":\"WebSite\",\"@id\":\"https:\/\/dmcsrb.com\/#website\",\"url\":\"https:\/\/dmcsrb.com\/\",\"name\":\"dmcsrb.com\",\"description\":\"\",\"potentialAction\":[{\"@type\":\"SearchAction\",\"target\":{\"@type\":\"EntryPoint\",\"urlTemplate\":\"https:\/\/dmcsrb.com\/?s={search_term_string}\"},\"query-input\":{\"@type\":\"PropertyValueSpecification\",\"valueRequired\":true,\"valueName\":\"search_term_string\"}}],\"inLanguage\":\"en-GB\"},{\"@type\":\"Person\",\"@id\":\"https:\/\/dmcsrb.com\/#\/schema\/person\/5c39170f12db1b8b457732d0b5c854e2\",\"name\":\"dmcsrbija.com@gmail.com\",\"image\":{\"@type\":\"ImageObject\",\"inLanguage\":\"en-GB\",\"@id\":\"https:\/\/dmcsrb.com\/#\/schema\/person\/image\/\",\"url\":\"https:\/\/secure.gravatar.com\/avatar\/68592660ad6347fad0fb587f8d5d8f1a7b44961362f56e4f2cd524feb87e9069?s=96&d=mm&r=g\",\"contentUrl\":\"https:\/\/secure.gravatar.com\/avatar\/68592660ad6347fad0fb587f8d5d8f1a7b44961362f56e4f2cd524feb87e9069?s=96&d=mm&r=g\",\"caption\":\"dmcsrbija.com@gmail.com\"},\"sameAs\":[\"https:\/\/dmcsrb.com\"],\"url\":\"https:\/\/dmcsrb.com\/en\/author\/dmcsrbija-comgmail-com\/\"}]}<\/script>\n<!-- \/ Yoast SEO plugin. -->","yoast_head_json":{"title":"Lekovi\u0107: Aleksandar Mijajlovi\u0107 u Makedoniji 2004. bio gospodar \u017eivota i smrti u \u0161vercu cigareta - dmcsrb.com","robots":{"index":"index","follow":"follow","max-snippet":"max-snippet:-1","max-image-preview":"max-image-preview:large","max-video-preview":"max-video-preview:-1"},"canonical":"https:\/\/dmcsrb.com\/en\/politika\/lekovic-aleksandar-mijajlovic-u-makedoniji-2004-bio-gospodar-zivota-i-smrti-u-svercu-cigareta\/","og_locale":"en_GB","og_type":"article","og_title":"Lekovi\u0107: Aleksandar Mijajlovi\u0107 u Makedoniji 2004. bio gospodar \u017eivota i smrti u \u0161vercu cigareta - dmcsrb.com","og_description":"Poslanik Demokrata Mom\u010dilo Lekovi\u0107 u emisiji Fakti kazao je da su poslanici Demokratske partije socijalista \u0161ioni na \u0161ajovskoj tabli kojima upravljaju biv\u0161i policijski funkcioner Zoran Lazovi\u0107 i Aleksandar Mijajlovi\u0107. On je u emisiji citirao tekst iz Dnevnih novina \"Dan\" u kojem se navodi da je Mijajlovi\u0107 bio gospodar \u017eivota i smrti kada je rije\u010d o \u0161vercu vigareta","og_url":"https:\/\/dmcsrb.com\/en\/politika\/lekovic-aleksandar-mijajlovic-u-makedoniji-2004-bio-gospodar-zivota-i-smrti-u-svercu-cigareta\/","og_site_name":"dmcsrb.com","article_published_time":"2025-10-17T16:38:00+00:00","og_image":[{"width":1161,"height":904,"url":"https:\/\/dmcsrb.com\/wp-content\/uploads\/2026\/01\/momcilo.webp","type":"image\/jpeg"}],"author":"dmcsrbija.com@gmail.com","twitter_card":"summary_large_image","twitter_misc":{"Written by":"dmcsrbija.com@gmail.com","Estimated reading time":"3 minutes"},"schema":{"@context":"https:\/\/schema.org","@graph":[{"@type":"Article","@id":"https:\/\/dmcsrb.com\/en\/politika\/lekovic-aleksandar-mijajlovic-u-makedoniji-2004-bio-gospodar-zivota-i-smrti-u-svercu-cigareta\/#article","isPartOf":{"@id":"https:\/\/dmcsrb.com\/en\/politika\/lekovic-aleksandar-mijajlovic-u-makedoniji-2004-bio-gospodar-zivota-i-smrti-u-svercu-cigareta\/"},"author":{"name":"dmcsrbija.com@gmail.com","@id":"https:\/\/dmcsrb.com\/#\/schema\/person\/5c39170f12db1b8b457732d0b5c854e2"},"headline":"Lekovi\u0107: Aleksandar Mijajlovi\u0107 u Makedoniji 2004. bio gospodar \u017eivota i smrti u \u0161vercu cigareta","datePublished":"2025-10-17T16:38:00+00:00","mainEntityOfPage":{"@id":"https:\/\/dmcsrb.com\/en\/politika\/lekovic-aleksandar-mijajlovic-u-makedoniji-2004-bio-gospodar-zivota-i-smrti-u-svercu-cigareta\/"},"wordCount":641,"commentCount":0,"image":{"@id":"https:\/\/dmcsrb.com\/en\/politika\/lekovic-aleksandar-mijajlovic-u-makedoniji-2004-bio-gospodar-zivota-i-smrti-u-svercu-cigareta\/#primaryimage"},"thumbnailUrl":"https:\/\/dmcsrb.com\/wp-content\/uploads\/2026\/01\/momcilo.webp","keywords":["Aleksandar Mijajlovi\u0107","Gospodar \u017eivota i smrti","Makedonija","Mom\u010dilo Lekovi\u0107","\u0160verc cigareta"],"articleSection":["Politika"],"inLanguage":"en-GB","potentialAction":[{"@type":"CommentAction","name":"Comment","target":["https:\/\/dmcsrb.com\/en\/politika\/lekovic-aleksandar-mijajlovic-u-makedoniji-2004-bio-gospodar-zivota-i-smrti-u-svercu-cigareta\/#respond"]}]},{"@type":"WebPage","@id":"https:\/\/dmcsrb.com\/en\/politika\/lekovic-aleksandar-mijajlovic-u-makedoniji-2004-bio-gospodar-zivota-i-smrti-u-svercu-cigareta\/","url":"https:\/\/dmcsrb.com\/en\/politika\/lekovic-aleksandar-mijajlovic-u-makedoniji-2004-bio-gospodar-zivota-i-smrti-u-svercu-cigareta\/","name":"Lekovi\u0107: Aleksandar Mijajlovi\u0107 u Makedoniji 2004. bio gospodar \u017eivota i smrti u \u0161vercu cigareta - dmcsrb.com","isPartOf":{"@id":"https:\/\/dmcsrb.com\/#website"},"primaryImageOfPage":{"@id":"https:\/\/dmcsrb.com\/en\/politika\/lekovic-aleksandar-mijajlovic-u-makedoniji-2004-bio-gospodar-zivota-i-smrti-u-svercu-cigareta\/#primaryimage"},"image":{"@id":"https:\/\/dmcsrb.com\/en\/politika\/lekovic-aleksandar-mijajlovic-u-makedoniji-2004-bio-gospodar-zivota-i-smrti-u-svercu-cigareta\/#primaryimage"},"thumbnailUrl":"https:\/\/dmcsrb.com\/wp-content\/uploads\/2026\/01\/momcilo.webp","datePublished":"2025-10-17T16:38:00+00:00","author":{"@id":"https:\/\/dmcsrb.com\/#\/schema\/person\/5c39170f12db1b8b457732d0b5c854e2"},"breadcrumb":{"@id":"https:\/\/dmcsrb.com\/en\/politika\/lekovic-aleksandar-mijajlovic-u-makedoniji-2004-bio-gospodar-zivota-i-smrti-u-svercu-cigareta\/#breadcrumb"},"inLanguage":"en-GB","potentialAction":[{"@type":"ReadAction","target":["https:\/\/dmcsrb.com\/en\/politika\/lekovic-aleksandar-mijajlovic-u-makedoniji-2004-bio-gospodar-zivota-i-smrti-u-svercu-cigareta\/"]}]},{"@type":"ImageObject","inLanguage":"en-GB","@id":"https:\/\/dmcsrb.com\/en\/politika\/lekovic-aleksandar-mijajlovic-u-makedoniji-2004-bio-gospodar-zivota-i-smrti-u-svercu-cigareta\/#primaryimage","url":"https:\/\/dmcsrb.com\/wp-content\/uploads\/2026\/01\/momcilo.webp","contentUrl":"https:\/\/dmcsrb.com\/wp-content\/uploads\/2026\/01\/momcilo.webp","width":1161,"height":904},{"@type":"BreadcrumbList","@id":"https:\/\/dmcsrb.com\/en\/politika\/lekovic-aleksandar-mijajlovic-u-makedoniji-2004-bio-gospodar-zivota-i-smrti-u-svercu-cigareta\/#breadcrumb","itemListElement":[{"@type":"ListItem","position":1,"name":"Home","item":"https:\/\/dmcsrb.com\/"},{"@type":"ListItem","position":2,"name":"Lekovi\u0107: Aleksandar Mijajlovi\u0107 u Makedoniji 2004. bio gospodar \u017eivota i smrti u \u0161vercu cigareta"}]},{"@type":"WebSite","@id":"https:\/\/dmcsrb.com\/#website","url":"https:\/\/dmcsrb.com\/","name":"dmcsrb.com","description":"","potentialAction":[{"@type":"SearchAction","target":{"@type":"EntryPoint","urlTemplate":"https:\/\/dmcsrb.com\/?s={search_term_string}"},"query-input":{"@type":"PropertyValueSpecification","valueRequired":true,"valueName":"search_term_string"}}],"inLanguage":"en-GB"},{"@type":"Person","@id":"https:\/\/dmcsrb.com\/#\/schema\/person\/5c39170f12db1b8b457732d0b5c854e2","name":"dmcsrbija.com@gmail.com","image":{"@type":"ImageObject","inLanguage":"en-GB","@id":"https:\/\/dmcsrb.com\/#\/schema\/person\/image\/","url":"https:\/\/secure.gravatar.com\/avatar\/68592660ad6347fad0fb587f8d5d8f1a7b44961362f56e4f2cd524feb87e9069?s=96&d=mm&r=g","contentUrl":"https:\/\/secure.gravatar.com\/avatar\/68592660ad6347fad0fb587f8d5d8f1a7b44961362f56e4f2cd524feb87e9069?s=96&d=mm&r=g","caption":"dmcsrbija.com@gmail.com"},"sameAs":["https:\/\/dmcsrb.com"],"url":"https:\/\/dmcsrb.com\/en\/author\/dmcsrbija-comgmail-com\/"}]}},"_links":{"self":[{"href":"https:\/\/dmcsrb.com\/en\/wp-json\/wp\/v2\/posts\/958538","targetHints":{"allow":["GET"]}}],"collection":[{"href":"https:\/\/dmcsrb.com\/en\/wp-json\/wp\/v2\/posts"}],"about":[{"href":"https:\/\/dmcsrb.com\/en\/wp-json\/wp\/v2\/types\/post"}],"author":[{"embeddable":true,"href":"https:\/\/dmcsrb.com\/en\/wp-json\/wp\/v2\/users\/1"}],"replies":[{"embeddable":true,"href":"https:\/\/dmcsrb.com\/en\/wp-json\/wp\/v2\/comments?post=958538"}],"version-history":[{"count":0,"href":"https:\/\/dmcsrb.com\/en\/wp-json\/wp\/v2\/posts\/958538\/revisions"}],"wp:featuredmedia":[{"embeddable":true,"href":"https:\/\/dmcsrb.com\/en\/wp-json\/wp\/v2\/media\/958539"}],"wp:attachment":[{"href":"https:\/\/dmcsrb.com\/en\/wp-json\/wp\/v2\/media?parent=958538"}],"wp:term":[{"taxonomy":"category","embeddable":true,"href":"https:\/\/dmcsrb.com\/en\/wp-json\/wp\/v2\/categories?post=958538"},{"taxonomy":"post_tag","embeddable":true,"href":"https:\/\/dmcsrb.com\/en\/wp-json\/wp\/v2\/tags?post=958538"},{"taxonomy":"naslovna","embeddable":true,"href":"https:\/\/dmcsrb.com\/en\/wp-json\/wp\/v2\/naslovna?post=958538"}],"curies":[{"name":"wp","href":"https:\/\/api.w.org\/{rel}","templated":true}]}}