{"id":958513,"date":"2025-10-17T16:39:00","date_gmt":"2025-10-17T14:39:00","guid":{"rendered":"https:\/\/dmcsrb.com\/uncategorized\/pnp-medenica-na-slobodi-pravda-u-lancima\/"},"modified":"2025-10-17T16:39:00","modified_gmt":"2025-10-17T14:39:00","slug":"pnp-medenica-na-slobodi-pravda-u-lancima","status":"publish","type":"post","link":"https:\/\/dmcsrb.com\/en\/politika\/pnp-medenica-na-slobodi-pravda-u-lancima\/","title":{"rendered":"PNP: Medenica na slobodi, pravda u lancima"},"content":{"rendered":"<p><\/p>\n\n\n\n<p>&#8220;Tri godine bez prvostepene presude u predmetu koji simbolizuje spregu mo\u0107i, pravosu\u0111a, kriminala i korupcije \u2014 to nije slu\u010dajnost, to je sistematska za\u0161tita privilegovanih i umre\u017eenih. Dok obi\u010dni gra\u0111ani \u010dekaju pravdu u redovima, pla\u0107aju kazne za svaku sitnicu i trpe zbog svake gre\u0161ke, politi\u010dki i sudski mo\u0107nici mirno izlaze na slobodu zahvaljuju\u0107i \u201ctehni\u010dkim propustima\u201d i \u201cisteku rokova\u201d&#8221;, navode iz PNP-a.<\/p>\n\n\n\n<p>Gra\u0111ani su, kako ka\u017eu, umorni, razo\u010darani i \u017eeljni prave, jednake i dosljedne pravde \u2014 one koja ne pravi razliku izme\u0111u bogatih i siroma\u0161nih, mo\u0107nih i obespravljenih.<\/p>\n\n\n\n<p>&#8220;Kako mu u roku od tri godine nije donijeta prvostepena presuda, stekli su se zakonski uslovi da mu pritvor bude ukinut po sili zakona. Ali ta pravna \u010dinjenica ne mijenja su\u0161tinu: pravosu\u0111e je palo opet na ispitu. Njihova neefikasnost i selektivnost pokazuju da se zakoni u Crnoj Gori i dalje primjenjuju prema tome ko vam je roditelj ili politi\u010dko-kriminalni za\u0161titnik. Ovo nije samo poraz jedne istrage \u2014 ovo je poraz pravosudja. Ako neko poput Milo\u0161a Medenice, optu\u017een za stvaranje kriminalne organizacije, mo\u017ee da izbjegne zatvor samo zato \u0161to sudovi \u201cnisu stigli\u201d da rade svoj posao, onda je jasno da Crna Gora jo\u0161 nije raskrstila sa pravosudnom mafijom koja je decenijama krojila sudbinu ove zemlje&#8221;, saop\u0161teno je iz Pokreta narodnog povjerenja.<\/p>\n\n\n\n<p>Umjesto da pravosu\u0111e bude mehanizam razotkrivanja i izricanja osu\u0111uju\u0107ih presuda za evidentna krivi\u010dna djela, ono postaje, kako navode, alat za pranje biografija, gdje se slu\u010dajevi odugovla\u010de dok javnost ne izgubi interes, dok optu\u017eeni ne iza\u0111u na slobodu, i dok sve ne padne u zaborav.<\/p>\n\n\n\n<p>&#8220;Ako se ovakvoj praksi ne stane na put, ako se hap\u0161enja pretvaraju u medijske predstave koje traju koliko i premijera filma, a \u201cosloba\u0111anja\u201d postaju pravilo \u2014 gra\u0111ani \u0107e izgubiti vjeru u pravdu, u dr\u017eavu i u samu istinu.<br>Bez vjere u pravdu, Crna Gora ne\u0107e imati budu\u0107nost&#8221;, navode iz PNP-a.<\/p>","protected":false},"excerpt":{"rendered":"<p>Odluka da se Milo\u0161u Medenici, sinu biv\u0161e predsjednice Vrhovnog suda Vesne Medenice, ukine istra\u017eni pritvor i odredi ku\u0107ni, nije samo pravno pitanje, ve\u0107 sramotan \u010din koji pokazuje dubinu zarobljenosti crnogorskog pravosu\u0111a i sumnju u potpunu korumpiranost, navode iz Pokreta narodnog povjerenja.<\/p>","protected":false},"author":1,"featured_media":913245,"comment_status":"open","ping_status":"open","sticky":false,"template":"","format":"standard","meta":{"_acf_changed":false,"footnotes":""},"categories":[12],"tags":[5608,2849],"naslovna":[],"class_list":["post-958513","post","type-post","status-publish","format-standard","has-post-thumbnail","hentry","category-politika","tag-milos-medenica","tag-pokret-narodnog-povjerenja"],"acf":[],"yoast_head":"<!-- This site is optimized with the Yoast SEO plugin v27.4 - https:\/\/yoast.com\/product\/yoast-seo-wordpress\/ -->\n<title>PNP: Medenica na slobodi, pravda u lancima - dmcsrb.com<\/title>\n<meta name=\"robots\" content=\"index, follow, max-snippet:-1, max-image-preview:large, max-video-preview:-1\" \/>\n<link rel=\"canonical\" href=\"https:\/\/dmcsrb.com\/en\/politika\/pnp-medenica-na-slobodi-pravda-u-lancima\/\" \/>\n<meta property=\"og:locale\" content=\"en_GB\" \/>\n<meta property=\"og:type\" content=\"article\" \/>\n<meta property=\"og:title\" content=\"PNP: Medenica na slobodi, pravda u lancima - dmcsrb.com\" \/>\n<meta property=\"og:description\" content=\"Odluka da se Milo\u0161u Medenici, sinu biv\u0161e predsjednice Vrhovnog suda Vesne Medenice, ukine istra\u017eni pritvor i odredi ku\u0107ni, nije samo pravno pitanje, ve\u0107 sramotan \u010din koji pokazuje dubinu zarobljenosti crnogorskog pravosu\u0111a i sumnju u potpunu korumpiranost, navode iz Pokreta narodnog povjerenja.\" \/>\n<meta property=\"og:url\" content=\"https:\/\/dmcsrb.com\/en\/politika\/pnp-medenica-na-slobodi-pravda-u-lancima\/\" \/>\n<meta property=\"og:site_name\" content=\"dmcsrb.com\" \/>\n<meta property=\"article:published_time\" content=\"2025-10-17T14:39:00+00:00\" \/>\n<meta property=\"og:image\" content=\"https:\/\/dmcsrb.com\/wp-content\/uploads\/2026\/01\/Pokret-narodnog-povjerenja.jpg\" \/>\n\t<meta property=\"og:image:width\" content=\"1089\" \/>\n\t<meta property=\"og:image:height\" content=\"538\" \/>\n\t<meta property=\"og:image:type\" content=\"image\/jpeg\" \/>\n<meta name=\"author\" content=\"dmcsrbija.com@gmail.com\" \/>\n<meta name=\"twitter:card\" content=\"summary_large_image\" \/>\n<meta name=\"twitter:label1\" content=\"Written by\" \/>\n\t<meta name=\"twitter:data1\" content=\"dmcsrbija.com@gmail.com\" \/>\n\t<meta name=\"twitter:label2\" content=\"Estimated reading time\" \/>\n\t<meta name=\"twitter:data2\" content=\"2 minutes\" \/>\n<script type=\"application\/ld+json\" class=\"yoast-schema-graph\">{\"@context\":\"https:\\\/\\\/schema.org\",\"@graph\":[{\"@type\":\"Article\",\"@id\":\"https:\\\/\\\/dmcsrb.com\\\/politika\\\/pnp-medenica-na-slobodi-pravda-u-lancima\\\/#article\",\"isPartOf\":{\"@id\":\"https:\\\/\\\/dmcsrb.com\\\/politika\\\/pnp-medenica-na-slobodi-pravda-u-lancima\\\/\"},\"author\":{\"name\":\"dmcsrbija.com@gmail.com\",\"@id\":\"https:\\\/\\\/dmcsrb.com\\\/#\\\/schema\\\/person\\\/5c39170f12db1b8b457732d0b5c854e2\"},\"headline\":\"PNP: Medenica na slobodi, pravda u lancima\",\"datePublished\":\"2025-10-17T14:39:00+00:00\",\"mainEntityOfPage\":{\"@id\":\"https:\\\/\\\/dmcsrb.com\\\/politika\\\/pnp-medenica-na-slobodi-pravda-u-lancima\\\/\"},\"wordCount\":344,\"commentCount\":0,\"image\":{\"@id\":\"https:\\\/\\\/dmcsrb.com\\\/politika\\\/pnp-medenica-na-slobodi-pravda-u-lancima\\\/#primaryimage\"},\"thumbnailUrl\":\"https:\\\/\\\/dmcsrb.com\\\/wp-content\\\/uploads\\\/2026\\\/01\\\/Pokret-narodnog-povjerenja.jpg\",\"keywords\":[\"Milo\u0161 Medenica\",\"Pokret narodnog povjerenja\"],\"articleSection\":[\"Politika\"],\"inLanguage\":\"en-GB\",\"potentialAction\":[{\"@type\":\"CommentAction\",\"name\":\"Comment\",\"target\":[\"https:\\\/\\\/dmcsrb.com\\\/politika\\\/pnp-medenica-na-slobodi-pravda-u-lancima\\\/#respond\"]}]},{\"@type\":\"WebPage\",\"@id\":\"https:\\\/\\\/dmcsrb.com\\\/politika\\\/pnp-medenica-na-slobodi-pravda-u-lancima\\\/\",\"url\":\"https:\\\/\\\/dmcsrb.com\\\/politika\\\/pnp-medenica-na-slobodi-pravda-u-lancima\\\/\",\"name\":\"PNP: Medenica na slobodi, pravda u lancima - dmcsrb.com\",\"isPartOf\":{\"@id\":\"https:\\\/\\\/dmcsrb.com\\\/#website\"},\"primaryImageOfPage\":{\"@id\":\"https:\\\/\\\/dmcsrb.com\\\/politika\\\/pnp-medenica-na-slobodi-pravda-u-lancima\\\/#primaryimage\"},\"image\":{\"@id\":\"https:\\\/\\\/dmcsrb.com\\\/politika\\\/pnp-medenica-na-slobodi-pravda-u-lancima\\\/#primaryimage\"},\"thumbnailUrl\":\"https:\\\/\\\/dmcsrb.com\\\/wp-content\\\/uploads\\\/2026\\\/01\\\/Pokret-narodnog-povjerenja.jpg\",\"datePublished\":\"2025-10-17T14:39:00+00:00\",\"author\":{\"@id\":\"https:\\\/\\\/dmcsrb.com\\\/#\\\/schema\\\/person\\\/5c39170f12db1b8b457732d0b5c854e2\"},\"breadcrumb\":{\"@id\":\"https:\\\/\\\/dmcsrb.com\\\/politika\\\/pnp-medenica-na-slobodi-pravda-u-lancima\\\/#breadcrumb\"},\"inLanguage\":\"en-GB\",\"potentialAction\":[{\"@type\":\"ReadAction\",\"target\":[\"https:\\\/\\\/dmcsrb.com\\\/politika\\\/pnp-medenica-na-slobodi-pravda-u-lancima\\\/\"]}]},{\"@type\":\"ImageObject\",\"inLanguage\":\"en-GB\",\"@id\":\"https:\\\/\\\/dmcsrb.com\\\/politika\\\/pnp-medenica-na-slobodi-pravda-u-lancima\\\/#primaryimage\",\"url\":\"https:\\\/\\\/dmcsrb.com\\\/wp-content\\\/uploads\\\/2026\\\/01\\\/Pokret-narodnog-povjerenja.jpg\",\"contentUrl\":\"https:\\\/\\\/dmcsrb.com\\\/wp-content\\\/uploads\\\/2026\\\/01\\\/Pokret-narodnog-povjerenja.jpg\",\"width\":1089,\"height\":538},{\"@type\":\"BreadcrumbList\",\"@id\":\"https:\\\/\\\/dmcsrb.com\\\/politika\\\/pnp-medenica-na-slobodi-pravda-u-lancima\\\/#breadcrumb\",\"itemListElement\":[{\"@type\":\"ListItem\",\"position\":1,\"name\":\"Home\",\"item\":\"https:\\\/\\\/dmcsrb.com\\\/\"},{\"@type\":\"ListItem\",\"position\":2,\"name\":\"PNP: Medenica na slobodi, pravda u lancima\"}]},{\"@type\":\"WebSite\",\"@id\":\"https:\\\/\\\/dmcsrb.com\\\/#website\",\"url\":\"https:\\\/\\\/dmcsrb.com\\\/\",\"name\":\"dmcsrb.com\",\"description\":\"\",\"potentialAction\":[{\"@type\":\"SearchAction\",\"target\":{\"@type\":\"EntryPoint\",\"urlTemplate\":\"https:\\\/\\\/dmcsrb.com\\\/?s={search_term_string}\"},\"query-input\":{\"@type\":\"PropertyValueSpecification\",\"valueRequired\":true,\"valueName\":\"search_term_string\"}}],\"inLanguage\":\"en-GB\"},{\"@type\":\"Person\",\"@id\":\"https:\\\/\\\/dmcsrb.com\\\/#\\\/schema\\\/person\\\/5c39170f12db1b8b457732d0b5c854e2\",\"name\":\"dmcsrbija.com@gmail.com\",\"image\":{\"@type\":\"ImageObject\",\"inLanguage\":\"en-GB\",\"@id\":\"https:\\\/\\\/secure.gravatar.com\\\/avatar\\\/68592660ad6347fad0fb587f8d5d8f1a7b44961362f56e4f2cd524feb87e9069?s=96&d=mm&r=g\",\"url\":\"https:\\\/\\\/secure.gravatar.com\\\/avatar\\\/68592660ad6347fad0fb587f8d5d8f1a7b44961362f56e4f2cd524feb87e9069?s=96&d=mm&r=g\",\"contentUrl\":\"https:\\\/\\\/secure.gravatar.com\\\/avatar\\\/68592660ad6347fad0fb587f8d5d8f1a7b44961362f56e4f2cd524feb87e9069?s=96&d=mm&r=g\",\"caption\":\"dmcsrbija.com@gmail.com\"},\"sameAs\":[\"https:\\\/\\\/dmcsrb.com\"],\"url\":\"https:\\\/\\\/dmcsrb.com\\\/en\\\/author\\\/dmcsrbija-comgmail-com\\\/\"}]}<\/script>\n<!-- \/ Yoast SEO plugin. -->","yoast_head_json":{"title":"PNP: Medenica na slobodi, pravda u lancima - dmcsrb.com","robots":{"index":"index","follow":"follow","max-snippet":"max-snippet:-1","max-image-preview":"max-image-preview:large","max-video-preview":"max-video-preview:-1"},"canonical":"https:\/\/dmcsrb.com\/en\/politika\/pnp-medenica-na-slobodi-pravda-u-lancima\/","og_locale":"en_GB","og_type":"article","og_title":"PNP: Medenica na slobodi, pravda u lancima - dmcsrb.com","og_description":"Odluka da se Milo\u0161u Medenici, sinu biv\u0161e predsjednice Vrhovnog suda Vesne Medenice, ukine istra\u017eni pritvor i odredi ku\u0107ni, nije samo pravno pitanje, ve\u0107 sramotan \u010din koji pokazuje dubinu zarobljenosti crnogorskog pravosu\u0111a i sumnju u potpunu korumpiranost, navode iz Pokreta narodnog povjerenja.","og_url":"https:\/\/dmcsrb.com\/en\/politika\/pnp-medenica-na-slobodi-pravda-u-lancima\/","og_site_name":"dmcsrb.com","article_published_time":"2025-10-17T14:39:00+00:00","og_image":[{"width":1089,"height":538,"url":"https:\/\/dmcsrb.com\/wp-content\/uploads\/2026\/01\/Pokret-narodnog-povjerenja.jpg","type":"image\/jpeg"}],"author":"dmcsrbija.com@gmail.com","twitter_card":"summary_large_image","twitter_misc":{"Written by":"dmcsrbija.com@gmail.com","Estimated reading time":"2 minutes"},"schema":{"@context":"https:\/\/schema.org","@graph":[{"@type":"Article","@id":"https:\/\/dmcsrb.com\/politika\/pnp-medenica-na-slobodi-pravda-u-lancima\/#article","isPartOf":{"@id":"https:\/\/dmcsrb.com\/politika\/pnp-medenica-na-slobodi-pravda-u-lancima\/"},"author":{"name":"dmcsrbija.com@gmail.com","@id":"https:\/\/dmcsrb.com\/#\/schema\/person\/5c39170f12db1b8b457732d0b5c854e2"},"headline":"PNP: Medenica na slobodi, pravda u lancima","datePublished":"2025-10-17T14:39:00+00:00","mainEntityOfPage":{"@id":"https:\/\/dmcsrb.com\/politika\/pnp-medenica-na-slobodi-pravda-u-lancima\/"},"wordCount":344,"commentCount":0,"image":{"@id":"https:\/\/dmcsrb.com\/politika\/pnp-medenica-na-slobodi-pravda-u-lancima\/#primaryimage"},"thumbnailUrl":"https:\/\/dmcsrb.com\/wp-content\/uploads\/2026\/01\/Pokret-narodnog-povjerenja.jpg","keywords":["Milo\u0161 Medenica","Pokret narodnog povjerenja"],"articleSection":["Politika"],"inLanguage":"en-GB","potentialAction":[{"@type":"CommentAction","name":"Comment","target":["https:\/\/dmcsrb.com\/politika\/pnp-medenica-na-slobodi-pravda-u-lancima\/#respond"]}]},{"@type":"WebPage","@id":"https:\/\/dmcsrb.com\/politika\/pnp-medenica-na-slobodi-pravda-u-lancima\/","url":"https:\/\/dmcsrb.com\/politika\/pnp-medenica-na-slobodi-pravda-u-lancima\/","name":"PNP: Medenica na slobodi, pravda u lancima - dmcsrb.com","isPartOf":{"@id":"https:\/\/dmcsrb.com\/#website"},"primaryImageOfPage":{"@id":"https:\/\/dmcsrb.com\/politika\/pnp-medenica-na-slobodi-pravda-u-lancima\/#primaryimage"},"image":{"@id":"https:\/\/dmcsrb.com\/politika\/pnp-medenica-na-slobodi-pravda-u-lancima\/#primaryimage"},"thumbnailUrl":"https:\/\/dmcsrb.com\/wp-content\/uploads\/2026\/01\/Pokret-narodnog-povjerenja.jpg","datePublished":"2025-10-17T14:39:00+00:00","author":{"@id":"https:\/\/dmcsrb.com\/#\/schema\/person\/5c39170f12db1b8b457732d0b5c854e2"},"breadcrumb":{"@id":"https:\/\/dmcsrb.com\/politika\/pnp-medenica-na-slobodi-pravda-u-lancima\/#breadcrumb"},"inLanguage":"en-GB","potentialAction":[{"@type":"ReadAction","target":["https:\/\/dmcsrb.com\/politika\/pnp-medenica-na-slobodi-pravda-u-lancima\/"]}]},{"@type":"ImageObject","inLanguage":"en-GB","@id":"https:\/\/dmcsrb.com\/politika\/pnp-medenica-na-slobodi-pravda-u-lancima\/#primaryimage","url":"https:\/\/dmcsrb.com\/wp-content\/uploads\/2026\/01\/Pokret-narodnog-povjerenja.jpg","contentUrl":"https:\/\/dmcsrb.com\/wp-content\/uploads\/2026\/01\/Pokret-narodnog-povjerenja.jpg","width":1089,"height":538},{"@type":"BreadcrumbList","@id":"https:\/\/dmcsrb.com\/politika\/pnp-medenica-na-slobodi-pravda-u-lancima\/#breadcrumb","itemListElement":[{"@type":"ListItem","position":1,"name":"Home","item":"https:\/\/dmcsrb.com\/"},{"@type":"ListItem","position":2,"name":"PNP: Medenica na slobodi, pravda u lancima"}]},{"@type":"WebSite","@id":"https:\/\/dmcsrb.com\/#website","url":"https:\/\/dmcsrb.com\/","name":"dmcsrb.com","description":"","potentialAction":[{"@type":"SearchAction","target":{"@type":"EntryPoint","urlTemplate":"https:\/\/dmcsrb.com\/?s={search_term_string}"},"query-input":{"@type":"PropertyValueSpecification","valueRequired":true,"valueName":"search_term_string"}}],"inLanguage":"en-GB"},{"@type":"Person","@id":"https:\/\/dmcsrb.com\/#\/schema\/person\/5c39170f12db1b8b457732d0b5c854e2","name":"dmcsrbija.com@gmail.com","image":{"@type":"ImageObject","inLanguage":"en-GB","@id":"https:\/\/secure.gravatar.com\/avatar\/68592660ad6347fad0fb587f8d5d8f1a7b44961362f56e4f2cd524feb87e9069?s=96&d=mm&r=g","url":"https:\/\/secure.gravatar.com\/avatar\/68592660ad6347fad0fb587f8d5d8f1a7b44961362f56e4f2cd524feb87e9069?s=96&d=mm&r=g","contentUrl":"https:\/\/secure.gravatar.com\/avatar\/68592660ad6347fad0fb587f8d5d8f1a7b44961362f56e4f2cd524feb87e9069?s=96&d=mm&r=g","caption":"dmcsrbija.com@gmail.com"},"sameAs":["https:\/\/dmcsrb.com"],"url":"https:\/\/dmcsrb.com\/en\/author\/dmcsrbija-comgmail-com\/"}]}},"_links":{"self":[{"href":"https:\/\/dmcsrb.com\/en\/wp-json\/wp\/v2\/posts\/958513","targetHints":{"allow":["GET"]}}],"collection":[{"href":"https:\/\/dmcsrb.com\/en\/wp-json\/wp\/v2\/posts"}],"about":[{"href":"https:\/\/dmcsrb.com\/en\/wp-json\/wp\/v2\/types\/post"}],"author":[{"embeddable":true,"href":"https:\/\/dmcsrb.com\/en\/wp-json\/wp\/v2\/users\/1"}],"replies":[{"embeddable":true,"href":"https:\/\/dmcsrb.com\/en\/wp-json\/wp\/v2\/comments?post=958513"}],"version-history":[{"count":0,"href":"https:\/\/dmcsrb.com\/en\/wp-json\/wp\/v2\/posts\/958513\/revisions"}],"wp:featuredmedia":[{"embeddable":true,"href":"https:\/\/dmcsrb.com\/en\/wp-json\/wp\/v2\/media\/913245"}],"wp:attachment":[{"href":"https:\/\/dmcsrb.com\/en\/wp-json\/wp\/v2\/media?parent=958513"}],"wp:term":[{"taxonomy":"category","embeddable":true,"href":"https:\/\/dmcsrb.com\/en\/wp-json\/wp\/v2\/categories?post=958513"},{"taxonomy":"post_tag","embeddable":true,"href":"https:\/\/dmcsrb.com\/en\/wp-json\/wp\/v2\/tags?post=958513"},{"taxonomy":"naslovna","embeddable":true,"href":"https:\/\/dmcsrb.com\/en\/wp-json\/wp\/v2\/naslovna?post=958513"}],"curies":[{"name":"wp","href":"https:\/\/api.w.org\/{rel}","templated":true}]}}