{"id":958505,"date":"2025-10-17T16:30:00","date_gmt":"2025-10-17T14:30:00","guid":{"rendered":"https:\/\/dmcsrb.com\/uncategorized\/poljoprivrednici-iz-zete-o-izazovima-i-prilikama-na-putu-ka-eu\/"},"modified":"2025-10-17T16:30:00","modified_gmt":"2025-10-17T14:30:00","slug":"poljoprivrednici-iz-zete-o-izazovima-i-prilikama-na-putu-ka-eu","status":"publish","type":"post","link":"https:\/\/dmcsrb.com\/en\/drustvo\/poljoprivrednici-iz-zete-o-izazovima-i-prilikama-na-putu-ka-eu\/","title":{"rendered":"Poljoprivrednici iz Zete o izazovima i prilikama na putu ka EU"},"content":{"rendered":"<p><\/p>\n\n\n\n<p>Doga\u0111aj je organizovalo Ministarstvo evropskih poslova, u okviru projekta EU4ME koji finansira Evropska unija.<br><br>Sa poljoprivrednicima su razgovarali dr\u017eavna sekretarka u Ministarstvu evropskih poslova, Biljana Papovi\u0107, \u0161ef Pregovara\u010dke radne grupe i generalni direktor Direktorata za poljoprivredu u Ministarstvu poljoprivrede, \u0161umarstva i vodoprivrede, Miroslav Cimbaljevi\u0107, zamjenica \u0161efa Pregovara\u010dke radne grupe i na\u010delnica Direkcije za biljnu proizvodnju, Amra Terzi\u0107, te sekretarka Pregovara\u010dke radne grupe, Granica Kova\u010devi\u0107 Petri\u0107.<br><br>Dr\u017eavna sekretarka. Biljana Papovi\u0107, podsjetila je da je Zajedni\u010dka poljoprivredna politika (ZPP) jedna od najobimnijih i najzna\u010dajnijih politika EU, \u010diji je cilj odr\u017eiv i konkurentan razvoj poljoprivrede i ruralnih sredina. Kazala je da zatvaranje pregovara\u010dkog poglavlja 11 dolazi nakon vi\u0161egodi\u0161njeg predanog rada i ostvarenih rezultata u toj oblasti.<br><br>\u201ePrivremeno zatvaranje poglavlja 11 donosi brojne koristi za Crnu Goru \u2013 od finansijske podr\u0161ke poljoprivrednicima iz fondova EU koja \u0107e omogu\u0107iti ve\u0107u sigurnost prihoda i ulaganja u modernizaciju gazdinstava, preko novih sredstava za razvoj sela, izgradnju i unaprje\u0111enje infrastrukture, digitalizaciju i bolji kvalitet \u017eivota u ruralnim podru\u010djima, do sigurnije hrane i mogu\u0107nosti plasmana doma\u0107ih proizvoda na tr\u017ei\u0161tu EU od pola milijarde potro\u0161a\u010da\u201c, kazala je Papovi\u0107.<br><br>Istakla je i da je glavni izazov prilago\u0111avanje novim pravilima i ja\u010danje kapaciteta da se podr\u0161ka EU u praksi sprovede na efikasan na\u010din.<br><br>\u0160ef Pregovara\u010dke radne grupe, Miroslav Cimbaljevi\u0107, podsjetio je da je Crna Gora ispunila zavr\u0161na mjerila, \u010dime su se stekli uslovi za privremeno zatvaranje poglavlja. On je dodao da je va\u017eno da cijeli proces bude stimulativan za poljoprivrednu proizvodnju, a ne optere\u0107uju\u0107i.<br><br>\u201e\u017delimo da ovaj proces ne ugrozi poljoprivrednu proizvodnju, ve\u0107 da je oja\u010da. Poljoprivreda u Crnoj Gori je izazovna, jer se radi o specifi\u010dnim uslovima \u2013 na\u0161e obradivo zemlji\u0161te u prosjeku ima nagib ve\u0107i od sedam odsto, \u0161to ote\u017eava upotrebu mehanizacije. Ulaskom u EU, Crna Gora postaje dio evropskog tr\u017ei\u0161ta slobodnog protoka robe, i zato ovaj period moramo iskoristiti da ja\u010damo kapacitete, preradu i finalne proizvode. Posebno je va\u017eno udru\u017eivanje proizvo\u0111a\u010da i zajedni\u010dki nastup na tr\u017ei\u0161tu, jer samo organizovani proizvo\u0111a\u010di mogu biti konkurentni u uslovima evropskog tr\u017ei\u0161ta. Ohrabruje \u010dinjenica da u posljednjim javnim pozivima bilje\u017eimo veliki broj aplikanata za IPARD podr\u0161ku, \u0161to pokazuje da poljoprivrednici sve bolje razumiju proces i prilike koje im stoje na raspolaganju\u201c, kazao je Cimbaljevi\u0107.<\/p>\n\n\n\n<figure class=\"wp-block-image size-large\"><img decoding=\"async\" src=\"https:\/\/gradski.me\/wp-content\/uploads\/2025\/10\/IMG_5791-1024x681.jpeg\" alt=\"\" class=\"wp-image-853491\"\/><\/figure>\n\n\n\n<p>Zamjenica \u0161efa Pregovara\u010dke radne grupe, Amra Terzi\u0107, istakla je da \u0107e zatvaranje poglavlja 11\u00a0 predstavljati potvrdu dosada\u0161njeg rada pregovara\u010dke strukture.<br><br>\u201eOvaj proces pokazuje da smo u zna\u010dajnoj mjeri oja\u010dali administrativne kapacitete i uspostavili tehni\u010dke strukture, prije svega budu\u0107u Agenciju za pla\u0107anja, kako bi Crna Gora mogla da koristi fondove EU namijenjene poljoprivredi i ruralnom razvoju od momenta pristupanja. Tako\u0111e, u obavezi smo da nastavimo harmonizaciju nacionalne legislative sa evropskom i da uskladimo mjere iz Agrobud\u017eeta i IPARD-a sa mjerama Zajedni\u010dke poljoprivredne politike EU\u201c, kazala je Terzi\u0107.<br><br>Dodala je da \u0107e prave koristi za poljoprivredne proizvo\u0111a\u010de biti vidljive od trenutka pristupanja Crne Gore EU.<br><br>\u201eUlaskom u EU, poljoprivrednim proizvo\u0111a\u010dima \u0107e na raspolaganju biti zna\u010dajniji fondovi, posebno EAFRD (Evropski poljoprivredni fond za ruralni razvoj) i EAGF (Evropski poljoprivredni garancijski fond), koji donose vi\u0161e sredstava nego \u0161to su trenutno dostupna kroz Agrobud\u017eet i IPARD. Ulazak u EU bi\u0107e izazov kroz konkurenciju, ali i prilika za one koji na vrijeme modernizuju proizvodnju, uvedu standarde i udru\u017ee se\u201c, poru\u010dila je Terzi\u0107.<br><br>Sekretarka Pregovara\u010dke radne grupe, Granica Kova\u010devi\u0107 Petri\u0107, istakla je da dono\u0161enje Implementacionog plana za uspostavljanje IAKS-a i Agencije za pla\u0107anja, kao i napredak u uskla\u0111ivanju sa zakonodavstvom Evropske unije, predstavlja va\u017ean korak u izgradnji sistema koji \u0107e omogu\u0107iti sprovo\u0111enje Zajedni\u010dke poljoprivredne politike.<br><br>\u201eOvim planom postavljeni su temelji za formiranje klju\u010dnih mehanizama koji \u0107e u narednim godinama omogu\u0107iti sprovo\u0111enje evropskog modela podr\u0161ke poljoprivredi. Pred nama je faza prakti\u010dne izgradnje i primjene, koja \u0107e zahtijevati mnogo energije i posve\u0107enosti, kako od poljoprivrednika, tako i od nadle\u017enih institucija. Na\u0161 cilj je da svaki proizvo\u0111a\u010d, bez obzira na veli\u010dinu gazdinstva, u budu\u0107nosti osjeti konkretne koristi od evropskih fondova i da ta sredstva budu dostupna svima koji \u017eele da unaprijede svoju proizvodnju\u201c, kazala je Petri\u0107.<br><br>Tokom konsultacija, poljoprivredni proizvo\u0111a\u010di iz Zete ukazali su na glavne izazove sa kojima se suo\u010davaju u svakodnevnom radu. Istakli su da veliki trgova\u010dki lanci ne otkupljuju njihove proizvode, da nemaju dovoljno komora i hladnja\u010da, te da se suo\u010davaju sa administrativnim preprekama prilikom subvencioniranja, kao i da nedostaje sna\u017enije udru\u017eivanje proizvo\u0111a\u010da i zajedni\u010dki nastup na tr\u017ei\u0161tu, \u0161to su prepoznali kao jedan od klju\u010dnih preduslova za konkurentniji nastup u budu\u0107nosti.<br><br>Poljoprivrednik, Sreten Batrovi\u0107, kazao je da je stanje poljoprivrede u Zeti te\u0161ko.<br>\u201ePoljoprivreda u na\u0161em kraju je na veoma niskom nivou, zbog ote\u017eane proizvodnje i pritiska uvoza. Ako Ministarstvo poljoprivrede, odnosno Vlada, ne iza\u0111u nama u susret, nas za nekoliko godina ne\u0107e biti \u2013 poje\u0161\u0107e nas uvoz. Rje\u0161enje je da se pove\u0107a fond podr\u0161ke i daju ve\u0107e subvencije, jer nema dovoljno mladih koji se uklju\u010duju u ovu djelatnost\u201c, rekao je Batrovi\u0107.<br><br>Njegov kolega, Sr\u0111an Rai\u010devi\u0107, istakao je va\u017enost pripreme za evropske standarde.<br>\u201ePoljoprivreda ima obaveze, i Zeta ima obaveze. Moramo se prilagoditi EU standardima. Sastanak je bio koristan, \u017eao mi je \u0161to nije bilo vi\u0161e prisutnih, posebno mla\u0111ih. Iskazali smo svoje probleme i vjerujem da \u0107e nas \u010dlanstvo u EU obavezati na njihovo rje\u0161avanje, te da \u0107e se vi\u0161e mladih ljudi okrenuti poljoprivredi\u201c, rekao je Rai\u010devi\u0107.<br><br>U okviru posjete Golubovcima, predstavnici dva ministarstva su posjetili Srednju mje\u0161ovitu \u0161kolu \u201eGolubovci\u201c i sa u\u010denicima I i III razreda obrazovnog programa agrotehni\u010dar razgovarali o mogu\u0107nostima koje \u0107e \u010dlanstvo u EU donijeti crnogorskim gra\u0111anima, posebno poljoprivrednim proizvo\u0111a\u010dima. Poru\u010dili su mladima da \u0107e im \u010dlanstvo u EU pru\u017eiti brojne prilike, ali da je va\u017eno da se za njih pripreme, kroz sticanje novih znanja i vje\u0161tina.<br>U sklopu posjete \u0161koli, odr\u017eano je i online takmi\u010denje o poglavlju 11 \u2013 Poljoprivreda i ruralni razvoj, a troje najboljih je nagra\u0111eno.<br><br><\/p>","protected":false},"excerpt":{"rendered":"<p>Poljoprivredni proizvo\u0111a\u010di i predstavnici poljoprivrednih udru\u017eenja sa teritorije Op\u0161tine Zeta prisustvovali su danas konsultacijama o pregovara\u010dkom poglavlju 11 \u2013 Poljoprivreda i ruralni razvoj, gdje su sa predstavnicima dr\u017eavnih institucija razmijenili mi\u0161ljenja o zna\u010daju uskla\u0111ivanja sa evropskom politikom u toj oblasti, saop\u0161teno je iz Ministarstva evropskih poslova.<\/p>","protected":false},"author":1,"featured_media":958506,"comment_status":"open","ping_status":"open","sticky":false,"template":"","format":"standard","meta":{"_acf_changed":false,"footnotes":""},"categories":[2],"tags":[11690,11691,9489],"naslovna":[],"class_list":["post-958505","post","type-post","status-publish","format-standard","has-post-thumbnail","hentry","category-drustvo","tag-izaovi","tag-poljopivrednici-iz-zete","tag-put-ka-eu"],"acf":[],"yoast_head":"<!-- This site is optimized with the Yoast SEO plugin v27.4 - https:\/\/yoast.com\/product\/yoast-seo-wordpress\/ -->\n<title>Poljoprivrednici iz Zete o izazovima i prilikama na putu ka EU - dmcsrb.com<\/title>\n<meta name=\"robots\" content=\"index, follow, max-snippet:-1, max-image-preview:large, max-video-preview:-1\" \/>\n<link rel=\"canonical\" href=\"https:\/\/dmcsrb.com\/en\/drustvo\/poljoprivrednici-iz-zete-o-izazovima-i-prilikama-na-putu-ka-eu\/\" \/>\n<meta property=\"og:locale\" content=\"en_GB\" \/>\n<meta property=\"og:type\" content=\"article\" \/>\n<meta property=\"og:title\" content=\"Poljoprivrednici iz Zete o izazovima i prilikama na putu ka EU - dmcsrb.com\" \/>\n<meta property=\"og:description\" content=\"Poljoprivredni proizvo\u0111a\u010di i predstavnici poljoprivrednih udru\u017eenja sa teritorije Op\u0161tine Zeta prisustvovali su danas konsultacijama o pregovara\u010dkom poglavlju 11 \u2013 Poljoprivreda i ruralni razvoj, gdje su sa predstavnicima dr\u017eavnih institucija razmijenili mi\u0161ljenja o zna\u010daju uskla\u0111ivanja sa evropskom politikom u toj oblasti, saop\u0161teno je iz Ministarstva evropskih poslova.\" \/>\n<meta property=\"og:url\" content=\"https:\/\/dmcsrb.com\/en\/drustvo\/poljoprivrednici-iz-zete-o-izazovima-i-prilikama-na-putu-ka-eu\/\" \/>\n<meta property=\"og:site_name\" content=\"dmcsrb.com\" \/>\n<meta property=\"article:published_time\" content=\"2025-10-17T14:30:00+00:00\" \/>\n<meta property=\"og:image\" content=\"https:\/\/dmcsrb.com\/wp-content\/uploads\/2026\/01\/IMG_5792-scaled-1.webp\" \/>\n\t<meta property=\"og:image:width\" content=\"2560\" \/>\n\t<meta property=\"og:image:height\" content=\"1703\" \/>\n\t<meta property=\"og:image:type\" content=\"image\/jpeg\" \/>\n<meta name=\"author\" content=\"dmcsrbija.com@gmail.com\" \/>\n<meta name=\"twitter:card\" content=\"summary_large_image\" \/>\n<meta name=\"twitter:label1\" content=\"Written by\" \/>\n\t<meta name=\"twitter:data1\" content=\"dmcsrbija.com@gmail.com\" \/>\n\t<meta name=\"twitter:label2\" content=\"Estimated reading time\" \/>\n\t<meta name=\"twitter:data2\" content=\"5 minutes\" \/>\n<script type=\"application\/ld+json\" class=\"yoast-schema-graph\">{\"@context\":\"https:\\\/\\\/schema.org\",\"@graph\":[{\"@type\":\"Article\",\"@id\":\"https:\\\/\\\/dmcsrb.com\\\/drustvo\\\/poljoprivrednici-iz-zete-o-izazovima-i-prilikama-na-putu-ka-eu\\\/#article\",\"isPartOf\":{\"@id\":\"https:\\\/\\\/dmcsrb.com\\\/drustvo\\\/poljoprivrednici-iz-zete-o-izazovima-i-prilikama-na-putu-ka-eu\\\/\"},\"author\":{\"name\":\"dmcsrbija.com@gmail.com\",\"@id\":\"https:\\\/\\\/dmcsrb.com\\\/#\\\/schema\\\/person\\\/5c39170f12db1b8b457732d0b5c854e2\"},\"headline\":\"Poljoprivrednici iz Zete o izazovima i prilikama na putu ka EU\",\"datePublished\":\"2025-10-17T14:30:00+00:00\",\"mainEntityOfPage\":{\"@id\":\"https:\\\/\\\/dmcsrb.com\\\/drustvo\\\/poljoprivrednici-iz-zete-o-izazovima-i-prilikama-na-putu-ka-eu\\\/\"},\"wordCount\":1084,\"commentCount\":0,\"image\":{\"@id\":\"https:\\\/\\\/dmcsrb.com\\\/drustvo\\\/poljoprivrednici-iz-zete-o-izazovima-i-prilikama-na-putu-ka-eu\\\/#primaryimage\"},\"thumbnailUrl\":\"https:\\\/\\\/dmcsrb.com\\\/wp-content\\\/uploads\\\/2026\\\/01\\\/IMG_5792-scaled-1.webp\",\"keywords\":[\"Izaovi\",\"Poljopivrednici iz Zete\",\"Put ka EU\"],\"articleSection\":[\"Dru\u0161tvo\"],\"inLanguage\":\"en-GB\",\"potentialAction\":[{\"@type\":\"CommentAction\",\"name\":\"Comment\",\"target\":[\"https:\\\/\\\/dmcsrb.com\\\/drustvo\\\/poljoprivrednici-iz-zete-o-izazovima-i-prilikama-na-putu-ka-eu\\\/#respond\"]}]},{\"@type\":\"WebPage\",\"@id\":\"https:\\\/\\\/dmcsrb.com\\\/drustvo\\\/poljoprivrednici-iz-zete-o-izazovima-i-prilikama-na-putu-ka-eu\\\/\",\"url\":\"https:\\\/\\\/dmcsrb.com\\\/drustvo\\\/poljoprivrednici-iz-zete-o-izazovima-i-prilikama-na-putu-ka-eu\\\/\",\"name\":\"Poljoprivrednici iz Zete o izazovima i prilikama na putu ka EU - dmcsrb.com\",\"isPartOf\":{\"@id\":\"https:\\\/\\\/dmcsrb.com\\\/#website\"},\"primaryImageOfPage\":{\"@id\":\"https:\\\/\\\/dmcsrb.com\\\/drustvo\\\/poljoprivrednici-iz-zete-o-izazovima-i-prilikama-na-putu-ka-eu\\\/#primaryimage\"},\"image\":{\"@id\":\"https:\\\/\\\/dmcsrb.com\\\/drustvo\\\/poljoprivrednici-iz-zete-o-izazovima-i-prilikama-na-putu-ka-eu\\\/#primaryimage\"},\"thumbnailUrl\":\"https:\\\/\\\/dmcsrb.com\\\/wp-content\\\/uploads\\\/2026\\\/01\\\/IMG_5792-scaled-1.webp\",\"datePublished\":\"2025-10-17T14:30:00+00:00\",\"author\":{\"@id\":\"https:\\\/\\\/dmcsrb.com\\\/#\\\/schema\\\/person\\\/5c39170f12db1b8b457732d0b5c854e2\"},\"breadcrumb\":{\"@id\":\"https:\\\/\\\/dmcsrb.com\\\/drustvo\\\/poljoprivrednici-iz-zete-o-izazovima-i-prilikama-na-putu-ka-eu\\\/#breadcrumb\"},\"inLanguage\":\"en-GB\",\"potentialAction\":[{\"@type\":\"ReadAction\",\"target\":[\"https:\\\/\\\/dmcsrb.com\\\/drustvo\\\/poljoprivrednici-iz-zete-o-izazovima-i-prilikama-na-putu-ka-eu\\\/\"]}]},{\"@type\":\"ImageObject\",\"inLanguage\":\"en-GB\",\"@id\":\"https:\\\/\\\/dmcsrb.com\\\/drustvo\\\/poljoprivrednici-iz-zete-o-izazovima-i-prilikama-na-putu-ka-eu\\\/#primaryimage\",\"url\":\"https:\\\/\\\/dmcsrb.com\\\/wp-content\\\/uploads\\\/2026\\\/01\\\/IMG_5792-scaled-1.webp\",\"contentUrl\":\"https:\\\/\\\/dmcsrb.com\\\/wp-content\\\/uploads\\\/2026\\\/01\\\/IMG_5792-scaled-1.webp\",\"width\":2560,\"height\":1703},{\"@type\":\"BreadcrumbList\",\"@id\":\"https:\\\/\\\/dmcsrb.com\\\/drustvo\\\/poljoprivrednici-iz-zete-o-izazovima-i-prilikama-na-putu-ka-eu\\\/#breadcrumb\",\"itemListElement\":[{\"@type\":\"ListItem\",\"position\":1,\"name\":\"Home\",\"item\":\"https:\\\/\\\/dmcsrb.com\\\/\"},{\"@type\":\"ListItem\",\"position\":2,\"name\":\"Poljoprivrednici iz Zete o izazovima i prilikama na putu ka EU\"}]},{\"@type\":\"WebSite\",\"@id\":\"https:\\\/\\\/dmcsrb.com\\\/#website\",\"url\":\"https:\\\/\\\/dmcsrb.com\\\/\",\"name\":\"dmcsrb.com\",\"description\":\"\",\"potentialAction\":[{\"@type\":\"SearchAction\",\"target\":{\"@type\":\"EntryPoint\",\"urlTemplate\":\"https:\\\/\\\/dmcsrb.com\\\/?s={search_term_string}\"},\"query-input\":{\"@type\":\"PropertyValueSpecification\",\"valueRequired\":true,\"valueName\":\"search_term_string\"}}],\"inLanguage\":\"en-GB\"},{\"@type\":\"Person\",\"@id\":\"https:\\\/\\\/dmcsrb.com\\\/#\\\/schema\\\/person\\\/5c39170f12db1b8b457732d0b5c854e2\",\"name\":\"dmcsrbija.com@gmail.com\",\"image\":{\"@type\":\"ImageObject\",\"inLanguage\":\"en-GB\",\"@id\":\"https:\\\/\\\/secure.gravatar.com\\\/avatar\\\/68592660ad6347fad0fb587f8d5d8f1a7b44961362f56e4f2cd524feb87e9069?s=96&d=mm&r=g\",\"url\":\"https:\\\/\\\/secure.gravatar.com\\\/avatar\\\/68592660ad6347fad0fb587f8d5d8f1a7b44961362f56e4f2cd524feb87e9069?s=96&d=mm&r=g\",\"contentUrl\":\"https:\\\/\\\/secure.gravatar.com\\\/avatar\\\/68592660ad6347fad0fb587f8d5d8f1a7b44961362f56e4f2cd524feb87e9069?s=96&d=mm&r=g\",\"caption\":\"dmcsrbija.com@gmail.com\"},\"sameAs\":[\"https:\\\/\\\/dmcsrb.com\"],\"url\":\"https:\\\/\\\/dmcsrb.com\\\/en\\\/author\\\/dmcsrbija-comgmail-com\\\/\"}]}<\/script>\n<!-- \/ Yoast SEO plugin. -->","yoast_head_json":{"title":"Poljoprivrednici iz Zete o izazovima i prilikama na putu ka EU - dmcsrb.com","robots":{"index":"index","follow":"follow","max-snippet":"max-snippet:-1","max-image-preview":"max-image-preview:large","max-video-preview":"max-video-preview:-1"},"canonical":"https:\/\/dmcsrb.com\/en\/drustvo\/poljoprivrednici-iz-zete-o-izazovima-i-prilikama-na-putu-ka-eu\/","og_locale":"en_GB","og_type":"article","og_title":"Poljoprivrednici iz Zete o izazovima i prilikama na putu ka EU - dmcsrb.com","og_description":"Poljoprivredni proizvo\u0111a\u010di i predstavnici poljoprivrednih udru\u017eenja sa teritorije Op\u0161tine Zeta prisustvovali su danas konsultacijama o pregovara\u010dkom poglavlju 11 \u2013 Poljoprivreda i ruralni razvoj, gdje su sa predstavnicima dr\u017eavnih institucija razmijenili mi\u0161ljenja o zna\u010daju uskla\u0111ivanja sa evropskom politikom u toj oblasti, saop\u0161teno je iz Ministarstva evropskih poslova.","og_url":"https:\/\/dmcsrb.com\/en\/drustvo\/poljoprivrednici-iz-zete-o-izazovima-i-prilikama-na-putu-ka-eu\/","og_site_name":"dmcsrb.com","article_published_time":"2025-10-17T14:30:00+00:00","og_image":[{"width":2560,"height":1703,"url":"https:\/\/dmcsrb.com\/wp-content\/uploads\/2026\/01\/IMG_5792-scaled-1.webp","type":"image\/jpeg"}],"author":"dmcsrbija.com@gmail.com","twitter_card":"summary_large_image","twitter_misc":{"Written by":"dmcsrbija.com@gmail.com","Estimated reading time":"5 minutes"},"schema":{"@context":"https:\/\/schema.org","@graph":[{"@type":"Article","@id":"https:\/\/dmcsrb.com\/drustvo\/poljoprivrednici-iz-zete-o-izazovima-i-prilikama-na-putu-ka-eu\/#article","isPartOf":{"@id":"https:\/\/dmcsrb.com\/drustvo\/poljoprivrednici-iz-zete-o-izazovima-i-prilikama-na-putu-ka-eu\/"},"author":{"name":"dmcsrbija.com@gmail.com","@id":"https:\/\/dmcsrb.com\/#\/schema\/person\/5c39170f12db1b8b457732d0b5c854e2"},"headline":"Poljoprivrednici iz Zete o izazovima i prilikama na putu ka EU","datePublished":"2025-10-17T14:30:00+00:00","mainEntityOfPage":{"@id":"https:\/\/dmcsrb.com\/drustvo\/poljoprivrednici-iz-zete-o-izazovima-i-prilikama-na-putu-ka-eu\/"},"wordCount":1084,"commentCount":0,"image":{"@id":"https:\/\/dmcsrb.com\/drustvo\/poljoprivrednici-iz-zete-o-izazovima-i-prilikama-na-putu-ka-eu\/#primaryimage"},"thumbnailUrl":"https:\/\/dmcsrb.com\/wp-content\/uploads\/2026\/01\/IMG_5792-scaled-1.webp","keywords":["Izaovi","Poljopivrednici iz Zete","Put ka EU"],"articleSection":["Dru\u0161tvo"],"inLanguage":"en-GB","potentialAction":[{"@type":"CommentAction","name":"Comment","target":["https:\/\/dmcsrb.com\/drustvo\/poljoprivrednici-iz-zete-o-izazovima-i-prilikama-na-putu-ka-eu\/#respond"]}]},{"@type":"WebPage","@id":"https:\/\/dmcsrb.com\/drustvo\/poljoprivrednici-iz-zete-o-izazovima-i-prilikama-na-putu-ka-eu\/","url":"https:\/\/dmcsrb.com\/drustvo\/poljoprivrednici-iz-zete-o-izazovima-i-prilikama-na-putu-ka-eu\/","name":"Poljoprivrednici iz Zete o izazovima i prilikama na putu ka EU - dmcsrb.com","isPartOf":{"@id":"https:\/\/dmcsrb.com\/#website"},"primaryImageOfPage":{"@id":"https:\/\/dmcsrb.com\/drustvo\/poljoprivrednici-iz-zete-o-izazovima-i-prilikama-na-putu-ka-eu\/#primaryimage"},"image":{"@id":"https:\/\/dmcsrb.com\/drustvo\/poljoprivrednici-iz-zete-o-izazovima-i-prilikama-na-putu-ka-eu\/#primaryimage"},"thumbnailUrl":"https:\/\/dmcsrb.com\/wp-content\/uploads\/2026\/01\/IMG_5792-scaled-1.webp","datePublished":"2025-10-17T14:30:00+00:00","author":{"@id":"https:\/\/dmcsrb.com\/#\/schema\/person\/5c39170f12db1b8b457732d0b5c854e2"},"breadcrumb":{"@id":"https:\/\/dmcsrb.com\/drustvo\/poljoprivrednici-iz-zete-o-izazovima-i-prilikama-na-putu-ka-eu\/#breadcrumb"},"inLanguage":"en-GB","potentialAction":[{"@type":"ReadAction","target":["https:\/\/dmcsrb.com\/drustvo\/poljoprivrednici-iz-zete-o-izazovima-i-prilikama-na-putu-ka-eu\/"]}]},{"@type":"ImageObject","inLanguage":"en-GB","@id":"https:\/\/dmcsrb.com\/drustvo\/poljoprivrednici-iz-zete-o-izazovima-i-prilikama-na-putu-ka-eu\/#primaryimage","url":"https:\/\/dmcsrb.com\/wp-content\/uploads\/2026\/01\/IMG_5792-scaled-1.webp","contentUrl":"https:\/\/dmcsrb.com\/wp-content\/uploads\/2026\/01\/IMG_5792-scaled-1.webp","width":2560,"height":1703},{"@type":"BreadcrumbList","@id":"https:\/\/dmcsrb.com\/drustvo\/poljoprivrednici-iz-zete-o-izazovima-i-prilikama-na-putu-ka-eu\/#breadcrumb","itemListElement":[{"@type":"ListItem","position":1,"name":"Home","item":"https:\/\/dmcsrb.com\/"},{"@type":"ListItem","position":2,"name":"Poljoprivrednici iz Zete o izazovima i prilikama na putu ka EU"}]},{"@type":"WebSite","@id":"https:\/\/dmcsrb.com\/#website","url":"https:\/\/dmcsrb.com\/","name":"dmcsrb.com","description":"","potentialAction":[{"@type":"SearchAction","target":{"@type":"EntryPoint","urlTemplate":"https:\/\/dmcsrb.com\/?s={search_term_string}"},"query-input":{"@type":"PropertyValueSpecification","valueRequired":true,"valueName":"search_term_string"}}],"inLanguage":"en-GB"},{"@type":"Person","@id":"https:\/\/dmcsrb.com\/#\/schema\/person\/5c39170f12db1b8b457732d0b5c854e2","name":"dmcsrbija.com@gmail.com","image":{"@type":"ImageObject","inLanguage":"en-GB","@id":"https:\/\/secure.gravatar.com\/avatar\/68592660ad6347fad0fb587f8d5d8f1a7b44961362f56e4f2cd524feb87e9069?s=96&d=mm&r=g","url":"https:\/\/secure.gravatar.com\/avatar\/68592660ad6347fad0fb587f8d5d8f1a7b44961362f56e4f2cd524feb87e9069?s=96&d=mm&r=g","contentUrl":"https:\/\/secure.gravatar.com\/avatar\/68592660ad6347fad0fb587f8d5d8f1a7b44961362f56e4f2cd524feb87e9069?s=96&d=mm&r=g","caption":"dmcsrbija.com@gmail.com"},"sameAs":["https:\/\/dmcsrb.com"],"url":"https:\/\/dmcsrb.com\/en\/author\/dmcsrbija-comgmail-com\/"}]}},"_links":{"self":[{"href":"https:\/\/dmcsrb.com\/en\/wp-json\/wp\/v2\/posts\/958505","targetHints":{"allow":["GET"]}}],"collection":[{"href":"https:\/\/dmcsrb.com\/en\/wp-json\/wp\/v2\/posts"}],"about":[{"href":"https:\/\/dmcsrb.com\/en\/wp-json\/wp\/v2\/types\/post"}],"author":[{"embeddable":true,"href":"https:\/\/dmcsrb.com\/en\/wp-json\/wp\/v2\/users\/1"}],"replies":[{"embeddable":true,"href":"https:\/\/dmcsrb.com\/en\/wp-json\/wp\/v2\/comments?post=958505"}],"version-history":[{"count":0,"href":"https:\/\/dmcsrb.com\/en\/wp-json\/wp\/v2\/posts\/958505\/revisions"}],"wp:featuredmedia":[{"embeddable":true,"href":"https:\/\/dmcsrb.com\/en\/wp-json\/wp\/v2\/media\/958506"}],"wp:attachment":[{"href":"https:\/\/dmcsrb.com\/en\/wp-json\/wp\/v2\/media?parent=958505"}],"wp:term":[{"taxonomy":"category","embeddable":true,"href":"https:\/\/dmcsrb.com\/en\/wp-json\/wp\/v2\/categories?post=958505"},{"taxonomy":"post_tag","embeddable":true,"href":"https:\/\/dmcsrb.com\/en\/wp-json\/wp\/v2\/tags?post=958505"},{"taxonomy":"naslovna","embeddable":true,"href":"https:\/\/dmcsrb.com\/en\/wp-json\/wp\/v2\/naslovna?post=958505"}],"curies":[{"name":"wp","href":"https:\/\/api.w.org\/{rel}","templated":true}]}}