{"id":958456,"date":"2025-10-17T14:28:00","date_gmt":"2025-10-17T12:28:00","guid":{"rendered":"https:\/\/dmcsrb.com\/uncategorized\/skupstina-crne-gore-imenuje-svog-predstavnika-u-briselu-most-izmedju-podgorice-i-evropskih-institucija\/"},"modified":"2025-10-17T14:28:00","modified_gmt":"2025-10-17T12:28:00","slug":"skupstina-crne-gore-imenuje-svog-predstavnika-u-briselu-most-izmedju-podgorice-i-evropskih-institucija","status":"publish","type":"post","link":"https:\/\/dmcsrb.com\/en\/politika\/skupstina-crne-gore-imenuje-svog-predstavnika-u-briselu-most-izmedju-podgorice-i-evropskih-institucija\/","title":{"rendered":"Skup\u0161tina Crne Gore imenuje svog predstavnika u Briselu \u2013 most izme\u0111u Podgorice i evropskih institucija"},"content":{"rendered":"<p><\/p>\n\n\n\n<p>&#8220;Predstavnik Skup\u0161tine bi\u0107e veza izme\u0111u Podgorice i Brisela, ja\u010daju\u0107i saradnju sa Evropskim parlamentom, Evropskom komisijom i drugim institucijama EU. Ovaj potez ima punu podr\u0161ku rukovodstva Evropskog parlamenta, \u0161to potvr\u0111uje da je Skup\u0161tina Crne Gore prepoznata kao kredibilan i proaktivan partner&#8221;, kazao je generalni sekretar Skup\u0161tina Crne Gore Boban Stani\u0161i\u0107<\/p>\n\n\n\n<p>Danas je Skup\u0161tina, usvajanjem seta zakonskih rje\u0161enja klju\u010dnih za zatvaranje pregovara\u010dkih poglavlja, jo\u0161 jednom pokazala, kako navodi, da je lokomotiva evropskog puta Crne Gore.<\/p>\n\n\n\n<p>&#8220;Brzim i efikasnim radom potvr\u0111ujemo spremnost da Crna Gora postane prva naredna \u010dlanica Evropske unije. Saradnja Skup\u0161tine Crne Gore i Evropskog parlamenta danas je na najvi\u0161em nivou u istoriji \u2013 zasnovana na otvorenom dijalogu, zajedni\u010dkim inicijativama i konkretnim rezultatima. Skup\u0161tina Crne Gore ne \u010deka \u010dlanstvo \u2013 ona ga svakim danom gradi&#8221;, kazao je Stani\u0161i\u0107.<\/p>","protected":false},"excerpt":{"rendered":"<p>Crna Gora se nalazi u zavr\u0161noj fazi evropske integracije, u kojoj Skup\u0161tina ima klju\u010dnu ulogu. U tom kontekstu, Skup\u0161tina \u0107e uskoro imenovati svog predstavnika u Misiji Crne Gore pri Evropskoj uniji u Briselu, \u0161to je va\u017ean korak koji \u0107e obezbijediti prisustvo na\u0161eg parlamenta tamo gdje se donose evropske odluke i omogu\u0107iti br\u017eu integraciju evropskih standarda u na\u0161 rad.<\/p>","protected":false},"author":1,"featured_media":958457,"comment_status":"open","ping_status":"open","sticky":false,"template":"","format":"standard","meta":{"_acf_changed":false,"footnotes":""},"categories":[12],"tags":[2190,784,461],"naslovna":[],"class_list":["post-958456","post","type-post","status-publish","format-standard","has-post-thumbnail","hentry","category-politika","tag-boban-stanisic","tag-brisel","tag-skupstina-crne-gore"],"acf":[],"yoast_head":"<!-- This site is optimized with the Yoast SEO plugin v27.4 - https:\/\/yoast.com\/product\/yoast-seo-wordpress\/ -->\n<title>Skup\u0161tina Crne Gore imenuje svog predstavnika u Briselu \u2013 most izme\u0111u Podgorice i evropskih institucija - dmcsrb.com<\/title>\n<meta name=\"robots\" content=\"index, follow, max-snippet:-1, max-image-preview:large, max-video-preview:-1\" \/>\n<link rel=\"canonical\" href=\"https:\/\/dmcsrb.com\/en\/politika\/skupstina-crne-gore-imenuje-svog-predstavnika-u-briselu-most-izmedju-podgorice-i-evropskih-institucija\/\" \/>\n<meta property=\"og:locale\" content=\"en_GB\" \/>\n<meta property=\"og:type\" content=\"article\" \/>\n<meta property=\"og:title\" content=\"Skup\u0161tina Crne Gore imenuje svog predstavnika u Briselu \u2013 most izme\u0111u Podgorice i evropskih institucija - dmcsrb.com\" \/>\n<meta property=\"og:description\" content=\"Crna Gora se nalazi u zavr\u0161noj fazi evropske integracije, u kojoj Skup\u0161tina ima klju\u010dnu ulogu. U tom kontekstu, Skup\u0161tina \u0107e uskoro imenovati svog predstavnika u Misiji Crne Gore pri Evropskoj uniji u Briselu, \u0161to je va\u017ean korak koji \u0107e obezbijediti prisustvo na\u0161eg parlamenta tamo gdje se donose evropske odluke i omogu\u0107iti br\u017eu integraciju evropskih standarda u na\u0161 rad.\" \/>\n<meta property=\"og:url\" content=\"https:\/\/dmcsrb.com\/en\/politika\/skupstina-crne-gore-imenuje-svog-predstavnika-u-briselu-most-izmedju-podgorice-i-evropskih-institucija\/\" \/>\n<meta property=\"og:site_name\" content=\"dmcsrb.com\" \/>\n<meta property=\"article:published_time\" content=\"2025-10-17T12:28:00+00:00\" \/>\n<meta property=\"og:image\" content=\"https:\/\/dmcsrb.com\/wp-content\/uploads\/2026\/01\/Stanisic-Skupstina-CG-foto-skupstina.webp\" \/>\n\t<meta property=\"og:image:width\" content=\"1214\" \/>\n\t<meta property=\"og:image:height\" content=\"777\" \/>\n\t<meta property=\"og:image:type\" content=\"image\/jpeg\" \/>\n<meta name=\"author\" content=\"dmcsrbija.com@gmail.com\" \/>\n<meta name=\"twitter:card\" content=\"summary_large_image\" \/>\n<meta name=\"twitter:label1\" content=\"Written by\" \/>\n\t<meta name=\"twitter:data1\" content=\"dmcsrbija.com@gmail.com\" \/>\n\t<meta name=\"twitter:label2\" content=\"Estimated reading time\" \/>\n\t<meta name=\"twitter:data2\" content=\"1 minute\" \/>\n<script type=\"application\/ld+json\" class=\"yoast-schema-graph\">{\"@context\":\"https:\\\/\\\/schema.org\",\"@graph\":[{\"@type\":\"Article\",\"@id\":\"https:\\\/\\\/dmcsrb.com\\\/politika\\\/skupstina-crne-gore-imenuje-svog-predstavnika-u-briselu-most-izmedju-podgorice-i-evropskih-institucija\\\/#article\",\"isPartOf\":{\"@id\":\"https:\\\/\\\/dmcsrb.com\\\/politika\\\/skupstina-crne-gore-imenuje-svog-predstavnika-u-briselu-most-izmedju-podgorice-i-evropskih-institucija\\\/\"},\"author\":{\"name\":\"dmcsrbija.com@gmail.com\",\"@id\":\"https:\\\/\\\/dmcsrb.com\\\/#\\\/schema\\\/person\\\/5c39170f12db1b8b457732d0b5c854e2\"},\"headline\":\"Skup\u0161tina Crne Gore imenuje svog predstavnika u Briselu \u2013 most izme\u0111u Podgorice i evropskih institucija\",\"datePublished\":\"2025-10-17T12:28:00+00:00\",\"mainEntityOfPage\":{\"@id\":\"https:\\\/\\\/dmcsrb.com\\\/politika\\\/skupstina-crne-gore-imenuje-svog-predstavnika-u-briselu-most-izmedju-podgorice-i-evropskih-institucija\\\/\"},\"wordCount\":161,\"commentCount\":0,\"image\":{\"@id\":\"https:\\\/\\\/dmcsrb.com\\\/politika\\\/skupstina-crne-gore-imenuje-svog-predstavnika-u-briselu-most-izmedju-podgorice-i-evropskih-institucija\\\/#primaryimage\"},\"thumbnailUrl\":\"https:\\\/\\\/dmcsrb.com\\\/wp-content\\\/uploads\\\/2026\\\/01\\\/Stanisic-Skupstina-CG-foto-skupstina.webp\",\"keywords\":[\"Boban Stani\u0161i\u0107\",\"Brisel\",\"Skup\u0161tina Crne Gore\"],\"articleSection\":[\"Politika\"],\"inLanguage\":\"en-GB\",\"potentialAction\":[{\"@type\":\"CommentAction\",\"name\":\"Comment\",\"target\":[\"https:\\\/\\\/dmcsrb.com\\\/politika\\\/skupstina-crne-gore-imenuje-svog-predstavnika-u-briselu-most-izmedju-podgorice-i-evropskih-institucija\\\/#respond\"]}]},{\"@type\":\"WebPage\",\"@id\":\"https:\\\/\\\/dmcsrb.com\\\/politika\\\/skupstina-crne-gore-imenuje-svog-predstavnika-u-briselu-most-izmedju-podgorice-i-evropskih-institucija\\\/\",\"url\":\"https:\\\/\\\/dmcsrb.com\\\/politika\\\/skupstina-crne-gore-imenuje-svog-predstavnika-u-briselu-most-izmedju-podgorice-i-evropskih-institucija\\\/\",\"name\":\"Skup\u0161tina Crne Gore imenuje svog predstavnika u Briselu \u2013 most izme\u0111u Podgorice i evropskih institucija - dmcsrb.com\",\"isPartOf\":{\"@id\":\"https:\\\/\\\/dmcsrb.com\\\/#website\"},\"primaryImageOfPage\":{\"@id\":\"https:\\\/\\\/dmcsrb.com\\\/politika\\\/skupstina-crne-gore-imenuje-svog-predstavnika-u-briselu-most-izmedju-podgorice-i-evropskih-institucija\\\/#primaryimage\"},\"image\":{\"@id\":\"https:\\\/\\\/dmcsrb.com\\\/politika\\\/skupstina-crne-gore-imenuje-svog-predstavnika-u-briselu-most-izmedju-podgorice-i-evropskih-institucija\\\/#primaryimage\"},\"thumbnailUrl\":\"https:\\\/\\\/dmcsrb.com\\\/wp-content\\\/uploads\\\/2026\\\/01\\\/Stanisic-Skupstina-CG-foto-skupstina.webp\",\"datePublished\":\"2025-10-17T12:28:00+00:00\",\"author\":{\"@id\":\"https:\\\/\\\/dmcsrb.com\\\/#\\\/schema\\\/person\\\/5c39170f12db1b8b457732d0b5c854e2\"},\"breadcrumb\":{\"@id\":\"https:\\\/\\\/dmcsrb.com\\\/politika\\\/skupstina-crne-gore-imenuje-svog-predstavnika-u-briselu-most-izmedju-podgorice-i-evropskih-institucija\\\/#breadcrumb\"},\"inLanguage\":\"en-GB\",\"potentialAction\":[{\"@type\":\"ReadAction\",\"target\":[\"https:\\\/\\\/dmcsrb.com\\\/politika\\\/skupstina-crne-gore-imenuje-svog-predstavnika-u-briselu-most-izmedju-podgorice-i-evropskih-institucija\\\/\"]}]},{\"@type\":\"ImageObject\",\"inLanguage\":\"en-GB\",\"@id\":\"https:\\\/\\\/dmcsrb.com\\\/politika\\\/skupstina-crne-gore-imenuje-svog-predstavnika-u-briselu-most-izmedju-podgorice-i-evropskih-institucija\\\/#primaryimage\",\"url\":\"https:\\\/\\\/dmcsrb.com\\\/wp-content\\\/uploads\\\/2026\\\/01\\\/Stanisic-Skupstina-CG-foto-skupstina.webp\",\"contentUrl\":\"https:\\\/\\\/dmcsrb.com\\\/wp-content\\\/uploads\\\/2026\\\/01\\\/Stanisic-Skupstina-CG-foto-skupstina.webp\",\"width\":1214,\"height\":777},{\"@type\":\"BreadcrumbList\",\"@id\":\"https:\\\/\\\/dmcsrb.com\\\/politika\\\/skupstina-crne-gore-imenuje-svog-predstavnika-u-briselu-most-izmedju-podgorice-i-evropskih-institucija\\\/#breadcrumb\",\"itemListElement\":[{\"@type\":\"ListItem\",\"position\":1,\"name\":\"Home\",\"item\":\"https:\\\/\\\/dmcsrb.com\\\/\"},{\"@type\":\"ListItem\",\"position\":2,\"name\":\"Skup\u0161tina Crne Gore imenuje svog predstavnika u Briselu \u2013 most izme\u0111u Podgorice i evropskih institucija\"}]},{\"@type\":\"WebSite\",\"@id\":\"https:\\\/\\\/dmcsrb.com\\\/#website\",\"url\":\"https:\\\/\\\/dmcsrb.com\\\/\",\"name\":\"dmcsrb.com\",\"description\":\"\",\"potentialAction\":[{\"@type\":\"SearchAction\",\"target\":{\"@type\":\"EntryPoint\",\"urlTemplate\":\"https:\\\/\\\/dmcsrb.com\\\/?s={search_term_string}\"},\"query-input\":{\"@type\":\"PropertyValueSpecification\",\"valueRequired\":true,\"valueName\":\"search_term_string\"}}],\"inLanguage\":\"en-GB\"},{\"@type\":\"Person\",\"@id\":\"https:\\\/\\\/dmcsrb.com\\\/#\\\/schema\\\/person\\\/5c39170f12db1b8b457732d0b5c854e2\",\"name\":\"dmcsrbija.com@gmail.com\",\"image\":{\"@type\":\"ImageObject\",\"inLanguage\":\"en-GB\",\"@id\":\"https:\\\/\\\/secure.gravatar.com\\\/avatar\\\/68592660ad6347fad0fb587f8d5d8f1a7b44961362f56e4f2cd524feb87e9069?s=96&d=mm&r=g\",\"url\":\"https:\\\/\\\/secure.gravatar.com\\\/avatar\\\/68592660ad6347fad0fb587f8d5d8f1a7b44961362f56e4f2cd524feb87e9069?s=96&d=mm&r=g\",\"contentUrl\":\"https:\\\/\\\/secure.gravatar.com\\\/avatar\\\/68592660ad6347fad0fb587f8d5d8f1a7b44961362f56e4f2cd524feb87e9069?s=96&d=mm&r=g\",\"caption\":\"dmcsrbija.com@gmail.com\"},\"sameAs\":[\"https:\\\/\\\/dmcsrb.com\"],\"url\":\"https:\\\/\\\/dmcsrb.com\\\/en\\\/author\\\/dmcsrbija-comgmail-com\\\/\"}]}<\/script>\n<!-- \/ Yoast SEO plugin. -->","yoast_head_json":{"title":"Skup\u0161tina Crne Gore imenuje svog predstavnika u Briselu \u2013 most izme\u0111u Podgorice i evropskih institucija - dmcsrb.com","robots":{"index":"index","follow":"follow","max-snippet":"max-snippet:-1","max-image-preview":"max-image-preview:large","max-video-preview":"max-video-preview:-1"},"canonical":"https:\/\/dmcsrb.com\/en\/politika\/skupstina-crne-gore-imenuje-svog-predstavnika-u-briselu-most-izmedju-podgorice-i-evropskih-institucija\/","og_locale":"en_GB","og_type":"article","og_title":"Skup\u0161tina Crne Gore imenuje svog predstavnika u Briselu \u2013 most izme\u0111u Podgorice i evropskih institucija - dmcsrb.com","og_description":"Crna Gora se nalazi u zavr\u0161noj fazi evropske integracije, u kojoj Skup\u0161tina ima klju\u010dnu ulogu. U tom kontekstu, Skup\u0161tina \u0107e uskoro imenovati svog predstavnika u Misiji Crne Gore pri Evropskoj uniji u Briselu, \u0161to je va\u017ean korak koji \u0107e obezbijediti prisustvo na\u0161eg parlamenta tamo gdje se donose evropske odluke i omogu\u0107iti br\u017eu integraciju evropskih standarda u na\u0161 rad.","og_url":"https:\/\/dmcsrb.com\/en\/politika\/skupstina-crne-gore-imenuje-svog-predstavnika-u-briselu-most-izmedju-podgorice-i-evropskih-institucija\/","og_site_name":"dmcsrb.com","article_published_time":"2025-10-17T12:28:00+00:00","og_image":[{"width":1214,"height":777,"url":"https:\/\/dmcsrb.com\/wp-content\/uploads\/2026\/01\/Stanisic-Skupstina-CG-foto-skupstina.webp","type":"image\/jpeg"}],"author":"dmcsrbija.com@gmail.com","twitter_card":"summary_large_image","twitter_misc":{"Written by":"dmcsrbija.com@gmail.com","Estimated reading time":"1 minute"},"schema":{"@context":"https:\/\/schema.org","@graph":[{"@type":"Article","@id":"https:\/\/dmcsrb.com\/politika\/skupstina-crne-gore-imenuje-svog-predstavnika-u-briselu-most-izmedju-podgorice-i-evropskih-institucija\/#article","isPartOf":{"@id":"https:\/\/dmcsrb.com\/politika\/skupstina-crne-gore-imenuje-svog-predstavnika-u-briselu-most-izmedju-podgorice-i-evropskih-institucija\/"},"author":{"name":"dmcsrbija.com@gmail.com","@id":"https:\/\/dmcsrb.com\/#\/schema\/person\/5c39170f12db1b8b457732d0b5c854e2"},"headline":"Skup\u0161tina Crne Gore imenuje svog predstavnika u Briselu \u2013 most izme\u0111u Podgorice i evropskih institucija","datePublished":"2025-10-17T12:28:00+00:00","mainEntityOfPage":{"@id":"https:\/\/dmcsrb.com\/politika\/skupstina-crne-gore-imenuje-svog-predstavnika-u-briselu-most-izmedju-podgorice-i-evropskih-institucija\/"},"wordCount":161,"commentCount":0,"image":{"@id":"https:\/\/dmcsrb.com\/politika\/skupstina-crne-gore-imenuje-svog-predstavnika-u-briselu-most-izmedju-podgorice-i-evropskih-institucija\/#primaryimage"},"thumbnailUrl":"https:\/\/dmcsrb.com\/wp-content\/uploads\/2026\/01\/Stanisic-Skupstina-CG-foto-skupstina.webp","keywords":["Boban Stani\u0161i\u0107","Brisel","Skup\u0161tina Crne Gore"],"articleSection":["Politika"],"inLanguage":"en-GB","potentialAction":[{"@type":"CommentAction","name":"Comment","target":["https:\/\/dmcsrb.com\/politika\/skupstina-crne-gore-imenuje-svog-predstavnika-u-briselu-most-izmedju-podgorice-i-evropskih-institucija\/#respond"]}]},{"@type":"WebPage","@id":"https:\/\/dmcsrb.com\/politika\/skupstina-crne-gore-imenuje-svog-predstavnika-u-briselu-most-izmedju-podgorice-i-evropskih-institucija\/","url":"https:\/\/dmcsrb.com\/politika\/skupstina-crne-gore-imenuje-svog-predstavnika-u-briselu-most-izmedju-podgorice-i-evropskih-institucija\/","name":"Skup\u0161tina Crne Gore imenuje svog predstavnika u Briselu \u2013 most izme\u0111u Podgorice i evropskih institucija - dmcsrb.com","isPartOf":{"@id":"https:\/\/dmcsrb.com\/#website"},"primaryImageOfPage":{"@id":"https:\/\/dmcsrb.com\/politika\/skupstina-crne-gore-imenuje-svog-predstavnika-u-briselu-most-izmedju-podgorice-i-evropskih-institucija\/#primaryimage"},"image":{"@id":"https:\/\/dmcsrb.com\/politika\/skupstina-crne-gore-imenuje-svog-predstavnika-u-briselu-most-izmedju-podgorice-i-evropskih-institucija\/#primaryimage"},"thumbnailUrl":"https:\/\/dmcsrb.com\/wp-content\/uploads\/2026\/01\/Stanisic-Skupstina-CG-foto-skupstina.webp","datePublished":"2025-10-17T12:28:00+00:00","author":{"@id":"https:\/\/dmcsrb.com\/#\/schema\/person\/5c39170f12db1b8b457732d0b5c854e2"},"breadcrumb":{"@id":"https:\/\/dmcsrb.com\/politika\/skupstina-crne-gore-imenuje-svog-predstavnika-u-briselu-most-izmedju-podgorice-i-evropskih-institucija\/#breadcrumb"},"inLanguage":"en-GB","potentialAction":[{"@type":"ReadAction","target":["https:\/\/dmcsrb.com\/politika\/skupstina-crne-gore-imenuje-svog-predstavnika-u-briselu-most-izmedju-podgorice-i-evropskih-institucija\/"]}]},{"@type":"ImageObject","inLanguage":"en-GB","@id":"https:\/\/dmcsrb.com\/politika\/skupstina-crne-gore-imenuje-svog-predstavnika-u-briselu-most-izmedju-podgorice-i-evropskih-institucija\/#primaryimage","url":"https:\/\/dmcsrb.com\/wp-content\/uploads\/2026\/01\/Stanisic-Skupstina-CG-foto-skupstina.webp","contentUrl":"https:\/\/dmcsrb.com\/wp-content\/uploads\/2026\/01\/Stanisic-Skupstina-CG-foto-skupstina.webp","width":1214,"height":777},{"@type":"BreadcrumbList","@id":"https:\/\/dmcsrb.com\/politika\/skupstina-crne-gore-imenuje-svog-predstavnika-u-briselu-most-izmedju-podgorice-i-evropskih-institucija\/#breadcrumb","itemListElement":[{"@type":"ListItem","position":1,"name":"Home","item":"https:\/\/dmcsrb.com\/"},{"@type":"ListItem","position":2,"name":"Skup\u0161tina Crne Gore imenuje svog predstavnika u Briselu \u2013 most izme\u0111u Podgorice i evropskih institucija"}]},{"@type":"WebSite","@id":"https:\/\/dmcsrb.com\/#website","url":"https:\/\/dmcsrb.com\/","name":"dmcsrb.com","description":"","potentialAction":[{"@type":"SearchAction","target":{"@type":"EntryPoint","urlTemplate":"https:\/\/dmcsrb.com\/?s={search_term_string}"},"query-input":{"@type":"PropertyValueSpecification","valueRequired":true,"valueName":"search_term_string"}}],"inLanguage":"en-GB"},{"@type":"Person","@id":"https:\/\/dmcsrb.com\/#\/schema\/person\/5c39170f12db1b8b457732d0b5c854e2","name":"dmcsrbija.com@gmail.com","image":{"@type":"ImageObject","inLanguage":"en-GB","@id":"https:\/\/secure.gravatar.com\/avatar\/68592660ad6347fad0fb587f8d5d8f1a7b44961362f56e4f2cd524feb87e9069?s=96&d=mm&r=g","url":"https:\/\/secure.gravatar.com\/avatar\/68592660ad6347fad0fb587f8d5d8f1a7b44961362f56e4f2cd524feb87e9069?s=96&d=mm&r=g","contentUrl":"https:\/\/secure.gravatar.com\/avatar\/68592660ad6347fad0fb587f8d5d8f1a7b44961362f56e4f2cd524feb87e9069?s=96&d=mm&r=g","caption":"dmcsrbija.com@gmail.com"},"sameAs":["https:\/\/dmcsrb.com"],"url":"https:\/\/dmcsrb.com\/en\/author\/dmcsrbija-comgmail-com\/"}]}},"_links":{"self":[{"href":"https:\/\/dmcsrb.com\/en\/wp-json\/wp\/v2\/posts\/958456","targetHints":{"allow":["GET"]}}],"collection":[{"href":"https:\/\/dmcsrb.com\/en\/wp-json\/wp\/v2\/posts"}],"about":[{"href":"https:\/\/dmcsrb.com\/en\/wp-json\/wp\/v2\/types\/post"}],"author":[{"embeddable":true,"href":"https:\/\/dmcsrb.com\/en\/wp-json\/wp\/v2\/users\/1"}],"replies":[{"embeddable":true,"href":"https:\/\/dmcsrb.com\/en\/wp-json\/wp\/v2\/comments?post=958456"}],"version-history":[{"count":0,"href":"https:\/\/dmcsrb.com\/en\/wp-json\/wp\/v2\/posts\/958456\/revisions"}],"wp:featuredmedia":[{"embeddable":true,"href":"https:\/\/dmcsrb.com\/en\/wp-json\/wp\/v2\/media\/958457"}],"wp:attachment":[{"href":"https:\/\/dmcsrb.com\/en\/wp-json\/wp\/v2\/media?parent=958456"}],"wp:term":[{"taxonomy":"category","embeddable":true,"href":"https:\/\/dmcsrb.com\/en\/wp-json\/wp\/v2\/categories?post=958456"},{"taxonomy":"post_tag","embeddable":true,"href":"https:\/\/dmcsrb.com\/en\/wp-json\/wp\/v2\/tags?post=958456"},{"taxonomy":"naslovna","embeddable":true,"href":"https:\/\/dmcsrb.com\/en\/wp-json\/wp\/v2\/naslovna?post=958456"}],"curies":[{"name":"wp","href":"https:\/\/api.w.org\/{rel}","templated":true}]}}