{"id":958443,"date":"2025-10-18T08:22:00","date_gmt":"2025-10-18T06:22:00","guid":{"rendered":"https:\/\/dmcsrb.com\/uncategorized\/savic-odabrao-za-prijateljski-dvomec-sa-svajcarskom\/"},"modified":"2025-10-18T08:22:00","modified_gmt":"2025-10-18T06:22:00","slug":"savic-odabrao-za-prijateljski-dvomec-sa-svajcarskom","status":"publish","type":"post","link":"https:\/\/dmcsrb.com\/en\/sport\/savic-odabrao-za-prijateljski-dvomec-sa-svajcarskom\/","title":{"rendered":"Savi\u0107 odabrao za prijateljski dvome\u010d sa \u0160vajcarskom"},"content":{"rendered":"<p>Savi\u0107 je pozvao 22 igra\u010da &#8211; golmani:&nbsp;<strong>Simon So\u0161i\u0107<\/strong>&nbsp;(Budu\u0107nost),&nbsp;<strong>Damjan Jankovi\u0107<\/strong>&nbsp;(Stari Aerodrom); odbrana:&nbsp;<strong>Pavle Radusinovi\u0107, Damjan Be\u0161ovi\u0107<\/strong>&nbsp;(Stari Aerodrom),&nbsp;<strong>Radovan Radunovi\u0107, Uro\u0161 Jo\u0161anovi\u0107, Luka Ku\u010d, Petar Marseni\u0107<\/strong>&nbsp;(Budu\u0107nost),&nbsp;<strong>Rastko Vuk\u010devi\u0107<\/strong>&nbsp;(Spartak, Srbija),&nbsp;<strong>Amar Suljevi\u0107<\/strong>&nbsp;(Jedinstvo Franca); vezni red:&nbsp;<strong>Uro\u0161 Samard\u017ei\u0107, Milo\u0161 Lakovi\u0107, Petar Vukovi\u0107<\/strong>&nbsp;(Budu\u0107nost),&nbsp;<strong>Danilo Kisi\u0107<\/strong>&nbsp;(Devetka, Hrvatska),&nbsp;<strong>Lazar Grbovi\u0107<\/strong>&nbsp;(Sutjeska),&nbsp;<strong>Nemanja Kljajevi\u0107<\/strong>&nbsp;(Grbalj); napad:&nbsp;<strong>Andrija Pavi\u0107evi\u0107<\/strong>&nbsp;(Mladost Lob.bet),&nbsp;<strong>Aleksa Cau\u0161evi\u0107, Nikola Mila\u010di\u0107<\/strong>&nbsp;(Budu\u0107nost),&nbsp;<strong>Luka Vu\u0161urovi\u0107<\/strong>&nbsp;(Novi Pazar, Srbija),&nbsp;<strong>Slavko Konatar<\/strong>&nbsp;(Stari Aerodrom),&nbsp;<strong>Matija Bjeleti\u0107<\/strong>&nbsp;(Sutjeska).<\/p>\n\n\n\n<p>Utakmice sa \u0160vajcarskom igraju se 21. i 23. oktobra u gradi\u0107u Brug. Prvi me\u010d zakazan je za 19 \u010dasova, dok \u0107e drugi po\u010deti u 12 \u010dasova.<\/p>","protected":false},"excerpt":{"rendered":"<p>Selektor mla\u0111e kadetske reprezentacije Crne Gore Vladan Savi\u0107 objavio je spisak igra\u010da za prijateljske utakmice sa \u0160vajcarskom.<\/p>","protected":false},"author":1,"featured_media":958444,"comment_status":"open","ping_status":"open","sticky":false,"template":"","format":"standard","meta":{"_acf_changed":false,"footnotes":""},"categories":[148],"tags":[11645,11646,11647,11648],"naslovna":[],"class_list":["post-958443","post","type-post","status-publish","format-standard","has-post-thumbnail","hentry","category-sport","tag-mladja-kadetska-fudbalska-reprezentacija-crne-gore","tag-mladja-kadetska-fudbalska-reprezentacija-svajcarske","tag-spisak-igrac","tag-vladan-savic"],"acf":[],"yoast_head":"<!-- This site is optimized with the Yoast SEO plugin v27.4 - https:\/\/yoast.com\/product\/yoast-seo-wordpress\/ -->\n<title>Savi\u0107 odabrao za prijateljski dvome\u010d sa \u0160vajcarskom - dmcsrb.com<\/title>\n<meta name=\"robots\" content=\"index, follow, max-snippet:-1, max-image-preview:large, max-video-preview:-1\" \/>\n<link rel=\"canonical\" href=\"https:\/\/dmcsrb.com\/en\/sport\/savic-odabrao-za-prijateljski-dvomec-sa-svajcarskom\/\" \/>\n<meta property=\"og:locale\" content=\"en_GB\" \/>\n<meta property=\"og:type\" content=\"article\" \/>\n<meta property=\"og:title\" content=\"Savi\u0107 odabrao za prijateljski dvome\u010d sa \u0160vajcarskom - dmcsrb.com\" \/>\n<meta property=\"og:description\" content=\"Selektor mla\u0111e kadetske reprezentacije Crne Gore Vladan Savi\u0107 objavio je spisak igra\u010da za prijateljske utakmice sa \u0160vajcarskom.\" \/>\n<meta property=\"og:url\" content=\"https:\/\/dmcsrb.com\/en\/sport\/savic-odabrao-za-prijateljski-dvomec-sa-svajcarskom\/\" \/>\n<meta property=\"og:site_name\" content=\"dmcsrb.com\" \/>\n<meta property=\"article:published_time\" content=\"2025-10-18T06:22:00+00:00\" \/>\n<meta property=\"og:image\" content=\"https:\/\/dmcsrb.com\/wp-content\/uploads\/2026\/01\/Mladji-kadeti-FSCG-.webp\" \/>\n\t<meta property=\"og:image:width\" content=\"1050\" \/>\n\t<meta property=\"og:image:height\" content=\"624\" \/>\n\t<meta property=\"og:image:type\" content=\"image\/jpeg\" \/>\n<meta name=\"author\" content=\"dmcsrbija.com@gmail.com\" \/>\n<meta name=\"twitter:card\" content=\"summary_large_image\" \/>\n<meta name=\"twitter:label1\" content=\"Written by\" \/>\n\t<meta name=\"twitter:data1\" content=\"dmcsrbija.com@gmail.com\" \/>\n\t<meta name=\"twitter:label2\" content=\"Estimated reading time\" \/>\n\t<meta name=\"twitter:data2\" content=\"1 minute\" \/>\n<script type=\"application\/ld+json\" class=\"yoast-schema-graph\">{\"@context\":\"https:\\\/\\\/schema.org\",\"@graph\":[{\"@type\":\"Article\",\"@id\":\"https:\\\/\\\/dmcsrb.com\\\/sport\\\/savic-odabrao-za-prijateljski-dvomec-sa-svajcarskom\\\/#article\",\"isPartOf\":{\"@id\":\"https:\\\/\\\/dmcsrb.com\\\/sport\\\/savic-odabrao-za-prijateljski-dvomec-sa-svajcarskom\\\/\"},\"author\":{\"name\":\"dmcsrbija.com@gmail.com\",\"@id\":\"https:\\\/\\\/dmcsrb.com\\\/#\\\/schema\\\/person\\\/5c39170f12db1b8b457732d0b5c854e2\"},\"headline\":\"Savi\u0107 odabrao za prijateljski dvome\u010d sa \u0160vajcarskom\",\"datePublished\":\"2025-10-18T06:22:00+00:00\",\"mainEntityOfPage\":{\"@id\":\"https:\\\/\\\/dmcsrb.com\\\/sport\\\/savic-odabrao-za-prijateljski-dvomec-sa-svajcarskom\\\/\"},\"wordCount\":154,\"commentCount\":0,\"image\":{\"@id\":\"https:\\\/\\\/dmcsrb.com\\\/sport\\\/savic-odabrao-za-prijateljski-dvomec-sa-svajcarskom\\\/#primaryimage\"},\"thumbnailUrl\":\"https:\\\/\\\/dmcsrb.com\\\/wp-content\\\/uploads\\\/2026\\\/01\\\/Mladji-kadeti-FSCG-.webp\",\"keywords\":[\"Mla\u0111a kadetska fudbalska reprezentacija Crne Gore\",\"Mla\u0111a kadetska fudbalska reprezentacija \u0160vajcarske\",\"spisak igra\u010d\",\"Vladan Savi\u0107\"],\"articleSection\":[\"Sport\"],\"inLanguage\":\"en-GB\",\"potentialAction\":[{\"@type\":\"CommentAction\",\"name\":\"Comment\",\"target\":[\"https:\\\/\\\/dmcsrb.com\\\/sport\\\/savic-odabrao-za-prijateljski-dvomec-sa-svajcarskom\\\/#respond\"]}]},{\"@type\":\"WebPage\",\"@id\":\"https:\\\/\\\/dmcsrb.com\\\/sport\\\/savic-odabrao-za-prijateljski-dvomec-sa-svajcarskom\\\/\",\"url\":\"https:\\\/\\\/dmcsrb.com\\\/sport\\\/savic-odabrao-za-prijateljski-dvomec-sa-svajcarskom\\\/\",\"name\":\"Savi\u0107 odabrao za prijateljski dvome\u010d sa \u0160vajcarskom - dmcsrb.com\",\"isPartOf\":{\"@id\":\"https:\\\/\\\/dmcsrb.com\\\/#website\"},\"primaryImageOfPage\":{\"@id\":\"https:\\\/\\\/dmcsrb.com\\\/sport\\\/savic-odabrao-za-prijateljski-dvomec-sa-svajcarskom\\\/#primaryimage\"},\"image\":{\"@id\":\"https:\\\/\\\/dmcsrb.com\\\/sport\\\/savic-odabrao-za-prijateljski-dvomec-sa-svajcarskom\\\/#primaryimage\"},\"thumbnailUrl\":\"https:\\\/\\\/dmcsrb.com\\\/wp-content\\\/uploads\\\/2026\\\/01\\\/Mladji-kadeti-FSCG-.webp\",\"datePublished\":\"2025-10-18T06:22:00+00:00\",\"author\":{\"@id\":\"https:\\\/\\\/dmcsrb.com\\\/#\\\/schema\\\/person\\\/5c39170f12db1b8b457732d0b5c854e2\"},\"breadcrumb\":{\"@id\":\"https:\\\/\\\/dmcsrb.com\\\/sport\\\/savic-odabrao-za-prijateljski-dvomec-sa-svajcarskom\\\/#breadcrumb\"},\"inLanguage\":\"en-GB\",\"potentialAction\":[{\"@type\":\"ReadAction\",\"target\":[\"https:\\\/\\\/dmcsrb.com\\\/sport\\\/savic-odabrao-za-prijateljski-dvomec-sa-svajcarskom\\\/\"]}]},{\"@type\":\"ImageObject\",\"inLanguage\":\"en-GB\",\"@id\":\"https:\\\/\\\/dmcsrb.com\\\/sport\\\/savic-odabrao-za-prijateljski-dvomec-sa-svajcarskom\\\/#primaryimage\",\"url\":\"https:\\\/\\\/dmcsrb.com\\\/wp-content\\\/uploads\\\/2026\\\/01\\\/Mladji-kadeti-FSCG-.webp\",\"contentUrl\":\"https:\\\/\\\/dmcsrb.com\\\/wp-content\\\/uploads\\\/2026\\\/01\\\/Mladji-kadeti-FSCG-.webp\",\"width\":1050,\"height\":624},{\"@type\":\"BreadcrumbList\",\"@id\":\"https:\\\/\\\/dmcsrb.com\\\/sport\\\/savic-odabrao-za-prijateljski-dvomec-sa-svajcarskom\\\/#breadcrumb\",\"itemListElement\":[{\"@type\":\"ListItem\",\"position\":1,\"name\":\"Home\",\"item\":\"https:\\\/\\\/dmcsrb.com\\\/\"},{\"@type\":\"ListItem\",\"position\":2,\"name\":\"Savi\u0107 odabrao za prijateljski dvome\u010d sa \u0160vajcarskom\"}]},{\"@type\":\"WebSite\",\"@id\":\"https:\\\/\\\/dmcsrb.com\\\/#website\",\"url\":\"https:\\\/\\\/dmcsrb.com\\\/\",\"name\":\"dmcsrb.com\",\"description\":\"\",\"potentialAction\":[{\"@type\":\"SearchAction\",\"target\":{\"@type\":\"EntryPoint\",\"urlTemplate\":\"https:\\\/\\\/dmcsrb.com\\\/?s={search_term_string}\"},\"query-input\":{\"@type\":\"PropertyValueSpecification\",\"valueRequired\":true,\"valueName\":\"search_term_string\"}}],\"inLanguage\":\"en-GB\"},{\"@type\":\"Person\",\"@id\":\"https:\\\/\\\/dmcsrb.com\\\/#\\\/schema\\\/person\\\/5c39170f12db1b8b457732d0b5c854e2\",\"name\":\"dmcsrbija.com@gmail.com\",\"image\":{\"@type\":\"ImageObject\",\"inLanguage\":\"en-GB\",\"@id\":\"https:\\\/\\\/secure.gravatar.com\\\/avatar\\\/68592660ad6347fad0fb587f8d5d8f1a7b44961362f56e4f2cd524feb87e9069?s=96&d=mm&r=g\",\"url\":\"https:\\\/\\\/secure.gravatar.com\\\/avatar\\\/68592660ad6347fad0fb587f8d5d8f1a7b44961362f56e4f2cd524feb87e9069?s=96&d=mm&r=g\",\"contentUrl\":\"https:\\\/\\\/secure.gravatar.com\\\/avatar\\\/68592660ad6347fad0fb587f8d5d8f1a7b44961362f56e4f2cd524feb87e9069?s=96&d=mm&r=g\",\"caption\":\"dmcsrbija.com@gmail.com\"},\"sameAs\":[\"https:\\\/\\\/dmcsrb.com\"],\"url\":\"https:\\\/\\\/dmcsrb.com\\\/en\\\/author\\\/dmcsrbija-comgmail-com\\\/\"}]}<\/script>\n<!-- \/ Yoast SEO plugin. -->","yoast_head_json":{"title":"Savi\u0107 odabrao za prijateljski dvome\u010d sa \u0160vajcarskom - dmcsrb.com","robots":{"index":"index","follow":"follow","max-snippet":"max-snippet:-1","max-image-preview":"max-image-preview:large","max-video-preview":"max-video-preview:-1"},"canonical":"https:\/\/dmcsrb.com\/en\/sport\/savic-odabrao-za-prijateljski-dvomec-sa-svajcarskom\/","og_locale":"en_GB","og_type":"article","og_title":"Savi\u0107 odabrao za prijateljski dvome\u010d sa \u0160vajcarskom - dmcsrb.com","og_description":"Selektor mla\u0111e kadetske reprezentacije Crne Gore Vladan Savi\u0107 objavio je spisak igra\u010da za prijateljske utakmice sa \u0160vajcarskom.","og_url":"https:\/\/dmcsrb.com\/en\/sport\/savic-odabrao-za-prijateljski-dvomec-sa-svajcarskom\/","og_site_name":"dmcsrb.com","article_published_time":"2025-10-18T06:22:00+00:00","og_image":[{"width":1050,"height":624,"url":"https:\/\/dmcsrb.com\/wp-content\/uploads\/2026\/01\/Mladji-kadeti-FSCG-.webp","type":"image\/jpeg"}],"author":"dmcsrbija.com@gmail.com","twitter_card":"summary_large_image","twitter_misc":{"Written by":"dmcsrbija.com@gmail.com","Estimated reading time":"1 minute"},"schema":{"@context":"https:\/\/schema.org","@graph":[{"@type":"Article","@id":"https:\/\/dmcsrb.com\/sport\/savic-odabrao-za-prijateljski-dvomec-sa-svajcarskom\/#article","isPartOf":{"@id":"https:\/\/dmcsrb.com\/sport\/savic-odabrao-za-prijateljski-dvomec-sa-svajcarskom\/"},"author":{"name":"dmcsrbija.com@gmail.com","@id":"https:\/\/dmcsrb.com\/#\/schema\/person\/5c39170f12db1b8b457732d0b5c854e2"},"headline":"Savi\u0107 odabrao za prijateljski dvome\u010d sa \u0160vajcarskom","datePublished":"2025-10-18T06:22:00+00:00","mainEntityOfPage":{"@id":"https:\/\/dmcsrb.com\/sport\/savic-odabrao-za-prijateljski-dvomec-sa-svajcarskom\/"},"wordCount":154,"commentCount":0,"image":{"@id":"https:\/\/dmcsrb.com\/sport\/savic-odabrao-za-prijateljski-dvomec-sa-svajcarskom\/#primaryimage"},"thumbnailUrl":"https:\/\/dmcsrb.com\/wp-content\/uploads\/2026\/01\/Mladji-kadeti-FSCG-.webp","keywords":["Mla\u0111a kadetska fudbalska reprezentacija Crne Gore","Mla\u0111a kadetska fudbalska reprezentacija \u0160vajcarske","spisak igra\u010d","Vladan Savi\u0107"],"articleSection":["Sport"],"inLanguage":"en-GB","potentialAction":[{"@type":"CommentAction","name":"Comment","target":["https:\/\/dmcsrb.com\/sport\/savic-odabrao-za-prijateljski-dvomec-sa-svajcarskom\/#respond"]}]},{"@type":"WebPage","@id":"https:\/\/dmcsrb.com\/sport\/savic-odabrao-za-prijateljski-dvomec-sa-svajcarskom\/","url":"https:\/\/dmcsrb.com\/sport\/savic-odabrao-za-prijateljski-dvomec-sa-svajcarskom\/","name":"Savi\u0107 odabrao za prijateljski dvome\u010d sa \u0160vajcarskom - dmcsrb.com","isPartOf":{"@id":"https:\/\/dmcsrb.com\/#website"},"primaryImageOfPage":{"@id":"https:\/\/dmcsrb.com\/sport\/savic-odabrao-za-prijateljski-dvomec-sa-svajcarskom\/#primaryimage"},"image":{"@id":"https:\/\/dmcsrb.com\/sport\/savic-odabrao-za-prijateljski-dvomec-sa-svajcarskom\/#primaryimage"},"thumbnailUrl":"https:\/\/dmcsrb.com\/wp-content\/uploads\/2026\/01\/Mladji-kadeti-FSCG-.webp","datePublished":"2025-10-18T06:22:00+00:00","author":{"@id":"https:\/\/dmcsrb.com\/#\/schema\/person\/5c39170f12db1b8b457732d0b5c854e2"},"breadcrumb":{"@id":"https:\/\/dmcsrb.com\/sport\/savic-odabrao-za-prijateljski-dvomec-sa-svajcarskom\/#breadcrumb"},"inLanguage":"en-GB","potentialAction":[{"@type":"ReadAction","target":["https:\/\/dmcsrb.com\/sport\/savic-odabrao-za-prijateljski-dvomec-sa-svajcarskom\/"]}]},{"@type":"ImageObject","inLanguage":"en-GB","@id":"https:\/\/dmcsrb.com\/sport\/savic-odabrao-za-prijateljski-dvomec-sa-svajcarskom\/#primaryimage","url":"https:\/\/dmcsrb.com\/wp-content\/uploads\/2026\/01\/Mladji-kadeti-FSCG-.webp","contentUrl":"https:\/\/dmcsrb.com\/wp-content\/uploads\/2026\/01\/Mladji-kadeti-FSCG-.webp","width":1050,"height":624},{"@type":"BreadcrumbList","@id":"https:\/\/dmcsrb.com\/sport\/savic-odabrao-za-prijateljski-dvomec-sa-svajcarskom\/#breadcrumb","itemListElement":[{"@type":"ListItem","position":1,"name":"Home","item":"https:\/\/dmcsrb.com\/"},{"@type":"ListItem","position":2,"name":"Savi\u0107 odabrao za prijateljski dvome\u010d sa \u0160vajcarskom"}]},{"@type":"WebSite","@id":"https:\/\/dmcsrb.com\/#website","url":"https:\/\/dmcsrb.com\/","name":"dmcsrb.com","description":"","potentialAction":[{"@type":"SearchAction","target":{"@type":"EntryPoint","urlTemplate":"https:\/\/dmcsrb.com\/?s={search_term_string}"},"query-input":{"@type":"PropertyValueSpecification","valueRequired":true,"valueName":"search_term_string"}}],"inLanguage":"en-GB"},{"@type":"Person","@id":"https:\/\/dmcsrb.com\/#\/schema\/person\/5c39170f12db1b8b457732d0b5c854e2","name":"dmcsrbija.com@gmail.com","image":{"@type":"ImageObject","inLanguage":"en-GB","@id":"https:\/\/secure.gravatar.com\/avatar\/68592660ad6347fad0fb587f8d5d8f1a7b44961362f56e4f2cd524feb87e9069?s=96&d=mm&r=g","url":"https:\/\/secure.gravatar.com\/avatar\/68592660ad6347fad0fb587f8d5d8f1a7b44961362f56e4f2cd524feb87e9069?s=96&d=mm&r=g","contentUrl":"https:\/\/secure.gravatar.com\/avatar\/68592660ad6347fad0fb587f8d5d8f1a7b44961362f56e4f2cd524feb87e9069?s=96&d=mm&r=g","caption":"dmcsrbija.com@gmail.com"},"sameAs":["https:\/\/dmcsrb.com"],"url":"https:\/\/dmcsrb.com\/en\/author\/dmcsrbija-comgmail-com\/"}]}},"_links":{"self":[{"href":"https:\/\/dmcsrb.com\/en\/wp-json\/wp\/v2\/posts\/958443","targetHints":{"allow":["GET"]}}],"collection":[{"href":"https:\/\/dmcsrb.com\/en\/wp-json\/wp\/v2\/posts"}],"about":[{"href":"https:\/\/dmcsrb.com\/en\/wp-json\/wp\/v2\/types\/post"}],"author":[{"embeddable":true,"href":"https:\/\/dmcsrb.com\/en\/wp-json\/wp\/v2\/users\/1"}],"replies":[{"embeddable":true,"href":"https:\/\/dmcsrb.com\/en\/wp-json\/wp\/v2\/comments?post=958443"}],"version-history":[{"count":0,"href":"https:\/\/dmcsrb.com\/en\/wp-json\/wp\/v2\/posts\/958443\/revisions"}],"wp:featuredmedia":[{"embeddable":true,"href":"https:\/\/dmcsrb.com\/en\/wp-json\/wp\/v2\/media\/958444"}],"wp:attachment":[{"href":"https:\/\/dmcsrb.com\/en\/wp-json\/wp\/v2\/media?parent=958443"}],"wp:term":[{"taxonomy":"category","embeddable":true,"href":"https:\/\/dmcsrb.com\/en\/wp-json\/wp\/v2\/categories?post=958443"},{"taxonomy":"post_tag","embeddable":true,"href":"https:\/\/dmcsrb.com\/en\/wp-json\/wp\/v2\/tags?post=958443"},{"taxonomy":"naslovna","embeddable":true,"href":"https:\/\/dmcsrb.com\/en\/wp-json\/wp\/v2\/naslovna?post=958443"}],"curies":[{"name":"wp","href":"https:\/\/api.w.org\/{rel}","templated":true}]}}