{"id":958428,"date":"2025-10-17T11:38:00","date_gmt":"2025-10-17T09:38:00","guid":{"rendered":"https:\/\/dmcsrb.com\/uncategorized\/zaposleni-u-osnovnom-sudu-na-cetinju-nadlezni-da-pokazu-razumijevanje\/"},"modified":"2025-10-17T11:38:00","modified_gmt":"2025-10-17T09:38:00","slug":"zaposleni-u-osnovnom-sudu-na-cetinju-nadlezni-da-pokazu-razumijevanje","status":"publish","type":"post","link":"https:\/\/dmcsrb.com\/en\/drustvo\/zaposleni-u-osnovnom-sudu-na-cetinju-nadlezni-da-pokazu-razumijevanje\/","title":{"rendered":"Zaposleni u Osnovnom sudu na Cetinju: Nadle\u017eni da poka\u017eu razumijevanje"},"content":{"rendered":"<p>&#8220;Zaposleni u Osnovnom sudu na Cetinju, zajedno sa kolegama iz svih sudova koji pripadaju Sindikatu sudstva Crne Gore, od 6. oktobra sprovode jednosatnu obustavu rada, svakog radnog dana od 11 do 12 \u010dasova, u okviru \u0161trajka upozorenja koji organizuje Sindikat sudstva&#8221;, navodi se u saop\u0161tenju.<\/p>\n\n\n\n<p>Razlozi za \u0161trajk su neadekvatna primanja i koeficijenti koji ne prate te\u017einu i odgovornost posla koji zaposleni u sudstvu obavljaju.<\/p>\n\n\n\n<p>&#8220;Ve\u0107 du\u017ee vrijeme Sindikat sudstva bezuspje\u0161no vodi pregovore sa Ministarstvom pravde i Ministarstvom finansija, zbog \u010dega smo bili primorani na ovaj sindikalni korak. Na\u0161i zahtjevi su jednostavni i opravdani: pove\u0107anje zarada za 30% za svu sudsku administraciju, uklju\u010duju\u0107i i savjetnike i potpisivanje Granskog kolektivnog ugovora za oblast sudstva&#8221;, navodi se u saop\u0161tenju.<\/p>\n\n\n\n<p>Ka\u017eu da se na\u017ealost, obustavi rada jedino nije priklju\u010dio Vrhovni sud, koji je zauzeo stav da ne\u0107e u\u010destvovati u \u0161trajku.<\/p>\n\n\n\n<p>&#8220;Uprkos tome, sudska administracija \u0161irom Crne Gore pokazuje jedinstvo i solidarnost u borbi za dostojanstven polo\u017eaj. Smatramo da su na\u0161i razlozi opravdani, jer su zarade u sudskoj administraciji na granici egzistencije \u2013 samostalni referenti, u zavisnosti od sta\u017ea, primaju ne\u0161to vi\u0161e od 600 eura, dok savjetnici imaju oko 800 eura. Sudska administracija spada me\u0111u najslabije pla\u0107ene kategorije u dr\u017eavnoj upravi, iako svakodnevno nosi veliki dio odgovornosti u funkcionisanju pravosu\u0111a&#8221;, navodi se u saop\u0161tenju.<\/p>\n\n\n\n<p>O\u010dekuju da Ministarstvo pravde i Ministarstvo finansija poka\u017eu razumijevanje i spremnost da zajedni\u010dki prona\u0111u rje\u0161enje kojim bi se pobolj\u0161ao materijalni polo\u017eaj zaposlenih i sprije\u010dila dalja radikalizacija \u0161trajka.<\/p>\n\n\n\n<p>&#8221; Ukoliko u toku slede\u0107e ne\u0111elje ne do\u0111e do dogovora, spremni smo i na Generalni \u0161trajk, o \u010demu \u0107e se odlu\u010diti na Glavnom odboru Sindikata sudstva&#8221;, kazali su iz Osnovnog suda na Cetinju.<\/p>\n\n\n\n<p>Izvinili su se gra\u0111anima na mogu\u0107im neugodnostima i zamolili za razumijevanje.<\/p>\n\n\n\n<p>&#8220;Jer je ovo jedini na\u010din da uka\u017eemo na te\u017eak polo\u017eaj u kojem se nalazimo. Na\u0161 cilj nije da usporimo rad pravosu\u0111a, ve\u0107 da obezbijedimo dostojanstvene uslove rada i pravi\u010dnu zaradu. Nadamo se da \u0107e nadle\u017eni imati razumijevanja za na\u0161u situaciju, a gra\u0111anima zahvaljujemo na podr\u0161ci i strpljenju&#8221;, zaklju\u010dili su iz cetinjskog Osnovnog suda.<\/p>","protected":false},"excerpt":{"rendered":"<p>Zaposleni u Osnovnom sudu na Cetinju saop\u0161tili su da o\u010dekuju da Ministarstvo pravde i Ministarstvo finansija poka\u017eu razumijevanje i spremnost da zajedni\u010dki prona\u0111u rje\u0161enje kojim bi se pobolj\u0161ao materijalni polo\u017eaj zaposlenih i sprije\u010dila dalja radikalizacija \u0161trajka. Ukoliko u toku sljede\u0107e nedjelje ne do\u0111e do dogovora, spremni su i na Generalni \u0161trajk, o \u010demu \u0107e se odlu\u010diti na Glavnom odboru Sindikata sudstva.<\/p>","protected":false},"author":1,"featured_media":912484,"comment_status":"open","ping_status":"open","sticky":false,"template":"","format":"standard","meta":{"_acf_changed":false,"footnotes":""},"categories":[2],"tags":[88,2977],"naslovna":[],"class_list":["post-958428","post","type-post","status-publish","format-standard","has-post-thumbnail","hentry","category-drustvo","tag-cetinje","tag-osnovni-sud"],"acf":[],"yoast_head":"<!-- This site is optimized with the Yoast SEO plugin v27.0 - https:\/\/yoast.com\/product\/yoast-seo-wordpress\/ -->\n<title>Zaposleni u Osnovnom sudu na Cetinju: Nadle\u017eni da poka\u017eu razumijevanje - dmcsrb.com<\/title>\n<meta name=\"robots\" content=\"index, follow, max-snippet:-1, max-image-preview:large, max-video-preview:-1\" \/>\n<link rel=\"canonical\" href=\"https:\/\/dmcsrb.com\/en\/drustvo\/zaposleni-u-osnovnom-sudu-na-cetinju-nadlezni-da-pokazu-razumijevanje\/\" \/>\n<meta property=\"og:locale\" content=\"en_GB\" \/>\n<meta property=\"og:type\" content=\"article\" \/>\n<meta property=\"og:title\" content=\"Zaposleni u Osnovnom sudu na Cetinju: Nadle\u017eni da poka\u017eu razumijevanje - dmcsrb.com\" \/>\n<meta property=\"og:description\" content=\"Zaposleni u Osnovnom sudu na Cetinju saop\u0161tili su da o\u010dekuju da Ministarstvo pravde i Ministarstvo finansija poka\u017eu razumijevanje i spremnost da zajedni\u010dki prona\u0111u rje\u0161enje kojim bi se pobolj\u0161ao materijalni polo\u017eaj zaposlenih i sprije\u010dila dalja radikalizacija \u0161trajka. Ukoliko u toku sljede\u0107e nedjelje ne do\u0111e do dogovora, spremni su i na Generalni \u0161trajk, o \u010demu \u0107e se odlu\u010diti na Glavnom odboru Sindikata sudstva.\" \/>\n<meta property=\"og:url\" content=\"https:\/\/dmcsrb.com\/en\/drustvo\/zaposleni-u-osnovnom-sudu-na-cetinju-nadlezni-da-pokazu-razumijevanje\/\" \/>\n<meta property=\"og:site_name\" content=\"dmcsrb.com\" \/>\n<meta property=\"article:published_time\" content=\"2025-10-17T09:38:00+00:00\" \/>\n<meta property=\"og:image\" content=\"https:\/\/dmcsrb.com\/wp-content\/uploads\/2026\/01\/sud-odluka-presuda-sudija.jpg\" \/>\n\t<meta property=\"og:image:width\" content=\"900\" \/>\n\t<meta property=\"og:image:height\" content=\"600\" \/>\n\t<meta property=\"og:image:type\" content=\"image\/jpeg\" \/>\n<meta name=\"author\" content=\"dmcsrbija.com@gmail.com\" \/>\n<meta name=\"twitter:card\" content=\"summary_large_image\" \/>\n<meta name=\"twitter:label1\" content=\"Written by\" \/>\n\t<meta name=\"twitter:data1\" content=\"dmcsrbija.com@gmail.com\" \/>\n\t<meta name=\"twitter:label2\" content=\"Estimated reading time\" \/>\n\t<meta name=\"twitter:data2\" content=\"2 minutes\" \/>\n<script type=\"application\/ld+json\" class=\"yoast-schema-graph\">{\"@context\":\"https:\/\/schema.org\",\"@graph\":[{\"@type\":\"Article\",\"@id\":\"https:\/\/dmcsrb.com\/drustvo\/zaposleni-u-osnovnom-sudu-na-cetinju-nadlezni-da-pokazu-razumijevanje\/#article\",\"isPartOf\":{\"@id\":\"https:\/\/dmcsrb.com\/drustvo\/zaposleni-u-osnovnom-sudu-na-cetinju-nadlezni-da-pokazu-razumijevanje\/\"},\"author\":{\"name\":\"dmcsrbija.com@gmail.com\",\"@id\":\"https:\/\/dmcsrb.com\/#\/schema\/person\/5c39170f12db1b8b457732d0b5c854e2\"},\"headline\":\"Zaposleni u Osnovnom sudu na Cetinju: Nadle\u017eni da poka\u017eu razumijevanje\",\"datePublished\":\"2025-10-17T09:38:00+00:00\",\"mainEntityOfPage\":{\"@id\":\"https:\/\/dmcsrb.com\/drustvo\/zaposleni-u-osnovnom-sudu-na-cetinju-nadlezni-da-pokazu-razumijevanje\/\"},\"wordCount\":387,\"commentCount\":0,\"image\":{\"@id\":\"https:\/\/dmcsrb.com\/drustvo\/zaposleni-u-osnovnom-sudu-na-cetinju-nadlezni-da-pokazu-razumijevanje\/#primaryimage\"},\"thumbnailUrl\":\"https:\/\/dmcsrb.com\/wp-content\/uploads\/2026\/01\/sud-odluka-presuda-sudija.jpg\",\"keywords\":[\"Cetinje\",\"Osnovni Sud\"],\"articleSection\":[\"Dru\u0161tvo\"],\"inLanguage\":\"en-GB\",\"potentialAction\":[{\"@type\":\"CommentAction\",\"name\":\"Comment\",\"target\":[\"https:\/\/dmcsrb.com\/drustvo\/zaposleni-u-osnovnom-sudu-na-cetinju-nadlezni-da-pokazu-razumijevanje\/#respond\"]}]},{\"@type\":\"WebPage\",\"@id\":\"https:\/\/dmcsrb.com\/drustvo\/zaposleni-u-osnovnom-sudu-na-cetinju-nadlezni-da-pokazu-razumijevanje\/\",\"url\":\"https:\/\/dmcsrb.com\/drustvo\/zaposleni-u-osnovnom-sudu-na-cetinju-nadlezni-da-pokazu-razumijevanje\/\",\"name\":\"Zaposleni u Osnovnom sudu na Cetinju: Nadle\u017eni da poka\u017eu razumijevanje - dmcsrb.com\",\"isPartOf\":{\"@id\":\"https:\/\/dmcsrb.com\/#website\"},\"primaryImageOfPage\":{\"@id\":\"https:\/\/dmcsrb.com\/drustvo\/zaposleni-u-osnovnom-sudu-na-cetinju-nadlezni-da-pokazu-razumijevanje\/#primaryimage\"},\"image\":{\"@id\":\"https:\/\/dmcsrb.com\/drustvo\/zaposleni-u-osnovnom-sudu-na-cetinju-nadlezni-da-pokazu-razumijevanje\/#primaryimage\"},\"thumbnailUrl\":\"https:\/\/dmcsrb.com\/wp-content\/uploads\/2026\/01\/sud-odluka-presuda-sudija.jpg\",\"datePublished\":\"2025-10-17T09:38:00+00:00\",\"author\":{\"@id\":\"https:\/\/dmcsrb.com\/#\/schema\/person\/5c39170f12db1b8b457732d0b5c854e2\"},\"breadcrumb\":{\"@id\":\"https:\/\/dmcsrb.com\/drustvo\/zaposleni-u-osnovnom-sudu-na-cetinju-nadlezni-da-pokazu-razumijevanje\/#breadcrumb\"},\"inLanguage\":\"en-GB\",\"potentialAction\":[{\"@type\":\"ReadAction\",\"target\":[\"https:\/\/dmcsrb.com\/drustvo\/zaposleni-u-osnovnom-sudu-na-cetinju-nadlezni-da-pokazu-razumijevanje\/\"]}]},{\"@type\":\"ImageObject\",\"inLanguage\":\"en-GB\",\"@id\":\"https:\/\/dmcsrb.com\/drustvo\/zaposleni-u-osnovnom-sudu-na-cetinju-nadlezni-da-pokazu-razumijevanje\/#primaryimage\",\"url\":\"https:\/\/dmcsrb.com\/wp-content\/uploads\/2026\/01\/sud-odluka-presuda-sudija.jpg\",\"contentUrl\":\"https:\/\/dmcsrb.com\/wp-content\/uploads\/2026\/01\/sud-odluka-presuda-sudija.jpg\",\"width\":900,\"height\":600},{\"@type\":\"BreadcrumbList\",\"@id\":\"https:\/\/dmcsrb.com\/drustvo\/zaposleni-u-osnovnom-sudu-na-cetinju-nadlezni-da-pokazu-razumijevanje\/#breadcrumb\",\"itemListElement\":[{\"@type\":\"ListItem\",\"position\":1,\"name\":\"Home\",\"item\":\"https:\/\/dmcsrb.com\/\"},{\"@type\":\"ListItem\",\"position\":2,\"name\":\"Zaposleni u Osnovnom sudu na Cetinju: Nadle\u017eni da poka\u017eu razumijevanje\"}]},{\"@type\":\"WebSite\",\"@id\":\"https:\/\/dmcsrb.com\/#website\",\"url\":\"https:\/\/dmcsrb.com\/\",\"name\":\"dmcsrb.com\",\"description\":\"\",\"potentialAction\":[{\"@type\":\"SearchAction\",\"target\":{\"@type\":\"EntryPoint\",\"urlTemplate\":\"https:\/\/dmcsrb.com\/?s={search_term_string}\"},\"query-input\":{\"@type\":\"PropertyValueSpecification\",\"valueRequired\":true,\"valueName\":\"search_term_string\"}}],\"inLanguage\":\"en-GB\"},{\"@type\":\"Person\",\"@id\":\"https:\/\/dmcsrb.com\/#\/schema\/person\/5c39170f12db1b8b457732d0b5c854e2\",\"name\":\"dmcsrbija.com@gmail.com\",\"image\":{\"@type\":\"ImageObject\",\"inLanguage\":\"en-GB\",\"@id\":\"https:\/\/dmcsrb.com\/#\/schema\/person\/image\/\",\"url\":\"https:\/\/secure.gravatar.com\/avatar\/68592660ad6347fad0fb587f8d5d8f1a7b44961362f56e4f2cd524feb87e9069?s=96&d=mm&r=g\",\"contentUrl\":\"https:\/\/secure.gravatar.com\/avatar\/68592660ad6347fad0fb587f8d5d8f1a7b44961362f56e4f2cd524feb87e9069?s=96&d=mm&r=g\",\"caption\":\"dmcsrbija.com@gmail.com\"},\"sameAs\":[\"https:\/\/dmcsrb.com\"],\"url\":\"https:\/\/dmcsrb.com\/en\/author\/dmcsrbija-comgmail-com\/\"}]}<\/script>\n<!-- \/ Yoast SEO plugin. -->","yoast_head_json":{"title":"Zaposleni u Osnovnom sudu na Cetinju: Nadle\u017eni da poka\u017eu razumijevanje - dmcsrb.com","robots":{"index":"index","follow":"follow","max-snippet":"max-snippet:-1","max-image-preview":"max-image-preview:large","max-video-preview":"max-video-preview:-1"},"canonical":"https:\/\/dmcsrb.com\/en\/drustvo\/zaposleni-u-osnovnom-sudu-na-cetinju-nadlezni-da-pokazu-razumijevanje\/","og_locale":"en_GB","og_type":"article","og_title":"Zaposleni u Osnovnom sudu na Cetinju: Nadle\u017eni da poka\u017eu razumijevanje - dmcsrb.com","og_description":"Zaposleni u Osnovnom sudu na Cetinju saop\u0161tili su da o\u010dekuju da Ministarstvo pravde i Ministarstvo finansija poka\u017eu razumijevanje i spremnost da zajedni\u010dki prona\u0111u rje\u0161enje kojim bi se pobolj\u0161ao materijalni polo\u017eaj zaposlenih i sprije\u010dila dalja radikalizacija \u0161trajka. Ukoliko u toku sljede\u0107e nedjelje ne do\u0111e do dogovora, spremni su i na Generalni \u0161trajk, o \u010demu \u0107e se odlu\u010diti na Glavnom odboru Sindikata sudstva.","og_url":"https:\/\/dmcsrb.com\/en\/drustvo\/zaposleni-u-osnovnom-sudu-na-cetinju-nadlezni-da-pokazu-razumijevanje\/","og_site_name":"dmcsrb.com","article_published_time":"2025-10-17T09:38:00+00:00","og_image":[{"width":900,"height":600,"url":"https:\/\/dmcsrb.com\/wp-content\/uploads\/2026\/01\/sud-odluka-presuda-sudija.jpg","type":"image\/jpeg"}],"author":"dmcsrbija.com@gmail.com","twitter_card":"summary_large_image","twitter_misc":{"Written by":"dmcsrbija.com@gmail.com","Estimated reading time":"2 minutes"},"schema":{"@context":"https:\/\/schema.org","@graph":[{"@type":"Article","@id":"https:\/\/dmcsrb.com\/drustvo\/zaposleni-u-osnovnom-sudu-na-cetinju-nadlezni-da-pokazu-razumijevanje\/#article","isPartOf":{"@id":"https:\/\/dmcsrb.com\/drustvo\/zaposleni-u-osnovnom-sudu-na-cetinju-nadlezni-da-pokazu-razumijevanje\/"},"author":{"name":"dmcsrbija.com@gmail.com","@id":"https:\/\/dmcsrb.com\/#\/schema\/person\/5c39170f12db1b8b457732d0b5c854e2"},"headline":"Zaposleni u Osnovnom sudu na Cetinju: Nadle\u017eni da poka\u017eu razumijevanje","datePublished":"2025-10-17T09:38:00+00:00","mainEntityOfPage":{"@id":"https:\/\/dmcsrb.com\/drustvo\/zaposleni-u-osnovnom-sudu-na-cetinju-nadlezni-da-pokazu-razumijevanje\/"},"wordCount":387,"commentCount":0,"image":{"@id":"https:\/\/dmcsrb.com\/drustvo\/zaposleni-u-osnovnom-sudu-na-cetinju-nadlezni-da-pokazu-razumijevanje\/#primaryimage"},"thumbnailUrl":"https:\/\/dmcsrb.com\/wp-content\/uploads\/2026\/01\/sud-odluka-presuda-sudija.jpg","keywords":["Cetinje","Osnovni Sud"],"articleSection":["Dru\u0161tvo"],"inLanguage":"en-GB","potentialAction":[{"@type":"CommentAction","name":"Comment","target":["https:\/\/dmcsrb.com\/drustvo\/zaposleni-u-osnovnom-sudu-na-cetinju-nadlezni-da-pokazu-razumijevanje\/#respond"]}]},{"@type":"WebPage","@id":"https:\/\/dmcsrb.com\/drustvo\/zaposleni-u-osnovnom-sudu-na-cetinju-nadlezni-da-pokazu-razumijevanje\/","url":"https:\/\/dmcsrb.com\/drustvo\/zaposleni-u-osnovnom-sudu-na-cetinju-nadlezni-da-pokazu-razumijevanje\/","name":"Zaposleni u Osnovnom sudu na Cetinju: Nadle\u017eni da poka\u017eu razumijevanje - dmcsrb.com","isPartOf":{"@id":"https:\/\/dmcsrb.com\/#website"},"primaryImageOfPage":{"@id":"https:\/\/dmcsrb.com\/drustvo\/zaposleni-u-osnovnom-sudu-na-cetinju-nadlezni-da-pokazu-razumijevanje\/#primaryimage"},"image":{"@id":"https:\/\/dmcsrb.com\/drustvo\/zaposleni-u-osnovnom-sudu-na-cetinju-nadlezni-da-pokazu-razumijevanje\/#primaryimage"},"thumbnailUrl":"https:\/\/dmcsrb.com\/wp-content\/uploads\/2026\/01\/sud-odluka-presuda-sudija.jpg","datePublished":"2025-10-17T09:38:00+00:00","author":{"@id":"https:\/\/dmcsrb.com\/#\/schema\/person\/5c39170f12db1b8b457732d0b5c854e2"},"breadcrumb":{"@id":"https:\/\/dmcsrb.com\/drustvo\/zaposleni-u-osnovnom-sudu-na-cetinju-nadlezni-da-pokazu-razumijevanje\/#breadcrumb"},"inLanguage":"en-GB","potentialAction":[{"@type":"ReadAction","target":["https:\/\/dmcsrb.com\/drustvo\/zaposleni-u-osnovnom-sudu-na-cetinju-nadlezni-da-pokazu-razumijevanje\/"]}]},{"@type":"ImageObject","inLanguage":"en-GB","@id":"https:\/\/dmcsrb.com\/drustvo\/zaposleni-u-osnovnom-sudu-na-cetinju-nadlezni-da-pokazu-razumijevanje\/#primaryimage","url":"https:\/\/dmcsrb.com\/wp-content\/uploads\/2026\/01\/sud-odluka-presuda-sudija.jpg","contentUrl":"https:\/\/dmcsrb.com\/wp-content\/uploads\/2026\/01\/sud-odluka-presuda-sudija.jpg","width":900,"height":600},{"@type":"BreadcrumbList","@id":"https:\/\/dmcsrb.com\/drustvo\/zaposleni-u-osnovnom-sudu-na-cetinju-nadlezni-da-pokazu-razumijevanje\/#breadcrumb","itemListElement":[{"@type":"ListItem","position":1,"name":"Home","item":"https:\/\/dmcsrb.com\/"},{"@type":"ListItem","position":2,"name":"Zaposleni u Osnovnom sudu na Cetinju: Nadle\u017eni da poka\u017eu razumijevanje"}]},{"@type":"WebSite","@id":"https:\/\/dmcsrb.com\/#website","url":"https:\/\/dmcsrb.com\/","name":"dmcsrb.com","description":"","potentialAction":[{"@type":"SearchAction","target":{"@type":"EntryPoint","urlTemplate":"https:\/\/dmcsrb.com\/?s={search_term_string}"},"query-input":{"@type":"PropertyValueSpecification","valueRequired":true,"valueName":"search_term_string"}}],"inLanguage":"en-GB"},{"@type":"Person","@id":"https:\/\/dmcsrb.com\/#\/schema\/person\/5c39170f12db1b8b457732d0b5c854e2","name":"dmcsrbija.com@gmail.com","image":{"@type":"ImageObject","inLanguage":"en-GB","@id":"https:\/\/dmcsrb.com\/#\/schema\/person\/image\/","url":"https:\/\/secure.gravatar.com\/avatar\/68592660ad6347fad0fb587f8d5d8f1a7b44961362f56e4f2cd524feb87e9069?s=96&d=mm&r=g","contentUrl":"https:\/\/secure.gravatar.com\/avatar\/68592660ad6347fad0fb587f8d5d8f1a7b44961362f56e4f2cd524feb87e9069?s=96&d=mm&r=g","caption":"dmcsrbija.com@gmail.com"},"sameAs":["https:\/\/dmcsrb.com"],"url":"https:\/\/dmcsrb.com\/en\/author\/dmcsrbija-comgmail-com\/"}]}},"_links":{"self":[{"href":"https:\/\/dmcsrb.com\/en\/wp-json\/wp\/v2\/posts\/958428","targetHints":{"allow":["GET"]}}],"collection":[{"href":"https:\/\/dmcsrb.com\/en\/wp-json\/wp\/v2\/posts"}],"about":[{"href":"https:\/\/dmcsrb.com\/en\/wp-json\/wp\/v2\/types\/post"}],"author":[{"embeddable":true,"href":"https:\/\/dmcsrb.com\/en\/wp-json\/wp\/v2\/users\/1"}],"replies":[{"embeddable":true,"href":"https:\/\/dmcsrb.com\/en\/wp-json\/wp\/v2\/comments?post=958428"}],"version-history":[{"count":0,"href":"https:\/\/dmcsrb.com\/en\/wp-json\/wp\/v2\/posts\/958428\/revisions"}],"wp:featuredmedia":[{"embeddable":true,"href":"https:\/\/dmcsrb.com\/en\/wp-json\/wp\/v2\/media\/912484"}],"wp:attachment":[{"href":"https:\/\/dmcsrb.com\/en\/wp-json\/wp\/v2\/media?parent=958428"}],"wp:term":[{"taxonomy":"category","embeddable":true,"href":"https:\/\/dmcsrb.com\/en\/wp-json\/wp\/v2\/categories?post=958428"},{"taxonomy":"post_tag","embeddable":true,"href":"https:\/\/dmcsrb.com\/en\/wp-json\/wp\/v2\/tags?post=958428"},{"taxonomy":"naslovna","embeddable":true,"href":"https:\/\/dmcsrb.com\/en\/wp-json\/wp\/v2\/naslovna?post=958428"}],"curies":[{"name":"wp","href":"https:\/\/api.w.org\/{rel}","templated":true}]}}