{"id":958404,"date":"2025-10-17T12:01:00","date_gmt":"2025-10-17T10:01:00","guid":{"rendered":"https:\/\/dmcsrb.com\/uncategorized\/filip-kuncer-u-borbi-za-titulu-u-klasi-challenger-na-cuvenoj-monci\/"},"modified":"2025-10-17T12:01:00","modified_gmt":"2025-10-17T10:01:00","slug":"filip-kuncer-u-borbi-za-titulu-u-klasi-challenger-na-cuvenoj-monci","status":"publish","type":"post","link":"https:\/\/dmcsrb.com\/en\/sport\/filip-kuncer-u-borbi-za-titulu-u-klasi-challenger-na-cuvenoj-monci\/","title":{"rendered":"Filip Kun\u010der u borbi za titulu u klasi \u201eChallenger\u201c na \u010duvenoj Monci!"},"content":{"rendered":"<p><\/p>\n\n\n\n<p>Na Monci \u0107e se voziti dvije trke, prva u subotu, a druga u nedjelju. Subotnji program po\u010dinje kvalifikacijama u 12:10, dok prva trka startuje u 16:50 \u010dasova. U nedjelju kvalifikacije po\u010dinju u 9:00, a druga trka je na programu&nbsp; u 17:40 \u010dasova.<\/p>\n\n\n\n<p>Sve o\u010di crnogorske automoto javnosti bi\u0107e uprte u Moncu ovog vikenda, dr\u017eimo pal\u010deve i navijamo za Filipa!<\/p>\n\n\n\n<p><\/p>","protected":false},"excerpt":{"rendered":"<p>Crnogorski automobilista Filip Kun\u010der ovog vikenda nastupa na legendarnoj stazi Monca u Italiji, gdje \u0107e biti vo\u017een posljednji trka\u010dki vikend sezone u okviru Reno Klio Kup Europe. Kun\u010der \u0107e imati priliku da se izbori za svoju prvu titulu u okviru \u201eChallenger kupa\u201c, a trenutno zaostaje samo jedan bod za vode\u0107im Kolburnom.<\/p>","protected":false},"author":1,"featured_media":958405,"comment_status":"open","ping_status":"open","sticky":false,"template":"","format":"standard","meta":{"_acf_changed":false,"footnotes":""},"categories":[148],"tags":[8403,11639],"naslovna":[],"class_list":["post-958404","post","type-post","status-publish","format-standard","has-post-thumbnail","hentry","category-sport","tag-filip-kuncer","tag-monca"],"acf":[],"yoast_head":"<!-- This site is optimized with the Yoast SEO plugin v27.4 - https:\/\/yoast.com\/product\/yoast-seo-wordpress\/ -->\n<title>Filip Kun\u010der u borbi za titulu u klasi \u201eChallenger\u201c na \u010duvenoj Monci! - dmcsrb.com<\/title>\n<meta name=\"robots\" content=\"index, follow, max-snippet:-1, max-image-preview:large, max-video-preview:-1\" \/>\n<link rel=\"canonical\" href=\"https:\/\/dmcsrb.com\/en\/sport\/filip-kuncer-u-borbi-za-titulu-u-klasi-challenger-na-cuvenoj-monci\/\" \/>\n<meta property=\"og:locale\" content=\"en_GB\" \/>\n<meta property=\"og:type\" content=\"article\" \/>\n<meta property=\"og:title\" content=\"Filip Kun\u010der u borbi za titulu u klasi \u201eChallenger\u201c na \u010duvenoj Monci! - dmcsrb.com\" \/>\n<meta property=\"og:description\" content=\"Crnogorski automobilista Filip Kun\u010der ovog vikenda nastupa na legendarnoj stazi Monca u Italiji, gdje \u0107e biti vo\u017een posljednji trka\u010dki vikend sezone u okviru Reno Klio Kup Europe. Kun\u010der \u0107e imati priliku da se izbori za svoju prvu titulu u okviru \u201eChallenger kupa\u201c, a trenutno zaostaje samo jedan bod za vode\u0107im Kolburnom.\" \/>\n<meta property=\"og:url\" content=\"https:\/\/dmcsrb.com\/en\/sport\/filip-kuncer-u-borbi-za-titulu-u-klasi-challenger-na-cuvenoj-monci\/\" \/>\n<meta property=\"og:site_name\" content=\"dmcsrb.com\" \/>\n<meta property=\"article:published_time\" content=\"2025-10-17T10:01:00+00:00\" \/>\n<meta property=\"og:image\" content=\"https:\/\/dmcsrb.com\/wp-content\/uploads\/2026\/01\/Filip-Kuncer-klio.webp\" \/>\n\t<meta property=\"og:image:width\" content=\"1600\" \/>\n\t<meta property=\"og:image:height\" content=\"1067\" \/>\n\t<meta property=\"og:image:type\" content=\"image\/jpeg\" \/>\n<meta name=\"author\" content=\"dmcsrbija.com@gmail.com\" \/>\n<meta name=\"twitter:card\" content=\"summary_large_image\" \/>\n<meta name=\"twitter:label1\" content=\"Written by\" \/>\n\t<meta name=\"twitter:data1\" content=\"dmcsrbija.com@gmail.com\" \/>\n<script type=\"application\/ld+json\" class=\"yoast-schema-graph\">{\"@context\":\"https:\\\/\\\/schema.org\",\"@graph\":[{\"@type\":\"Article\",\"@id\":\"https:\\\/\\\/dmcsrb.com\\\/sport\\\/filip-kuncer-u-borbi-za-titulu-u-klasi-challenger-na-cuvenoj-monci\\\/#article\",\"isPartOf\":{\"@id\":\"https:\\\/\\\/dmcsrb.com\\\/sport\\\/filip-kuncer-u-borbi-za-titulu-u-klasi-challenger-na-cuvenoj-monci\\\/\"},\"author\":{\"name\":\"dmcsrbija.com@gmail.com\",\"@id\":\"https:\\\/\\\/dmcsrb.com\\\/#\\\/schema\\\/person\\\/5c39170f12db1b8b457732d0b5c854e2\"},\"headline\":\"Filip Kun\u010der u borbi za titulu u klasi \u201eChallenger\u201c na \u010duvenoj Monci!\",\"datePublished\":\"2025-10-17T10:01:00+00:00\",\"mainEntityOfPage\":{\"@id\":\"https:\\\/\\\/dmcsrb.com\\\/sport\\\/filip-kuncer-u-borbi-za-titulu-u-klasi-challenger-na-cuvenoj-monci\\\/\"},\"wordCount\":75,\"commentCount\":0,\"image\":{\"@id\":\"https:\\\/\\\/dmcsrb.com\\\/sport\\\/filip-kuncer-u-borbi-za-titulu-u-klasi-challenger-na-cuvenoj-monci\\\/#primaryimage\"},\"thumbnailUrl\":\"https:\\\/\\\/dmcsrb.com\\\/wp-content\\\/uploads\\\/2026\\\/01\\\/Filip-Kuncer-klio.webp\",\"keywords\":[\"Filip Kun\u010der\",\"Monca\"],\"articleSection\":[\"Sport\"],\"inLanguage\":\"en-GB\",\"potentialAction\":[{\"@type\":\"CommentAction\",\"name\":\"Comment\",\"target\":[\"https:\\\/\\\/dmcsrb.com\\\/sport\\\/filip-kuncer-u-borbi-za-titulu-u-klasi-challenger-na-cuvenoj-monci\\\/#respond\"]}]},{\"@type\":\"WebPage\",\"@id\":\"https:\\\/\\\/dmcsrb.com\\\/sport\\\/filip-kuncer-u-borbi-za-titulu-u-klasi-challenger-na-cuvenoj-monci\\\/\",\"url\":\"https:\\\/\\\/dmcsrb.com\\\/sport\\\/filip-kuncer-u-borbi-za-titulu-u-klasi-challenger-na-cuvenoj-monci\\\/\",\"name\":\"Filip Kun\u010der u borbi za titulu u klasi \u201eChallenger\u201c na \u010duvenoj Monci! - dmcsrb.com\",\"isPartOf\":{\"@id\":\"https:\\\/\\\/dmcsrb.com\\\/#website\"},\"primaryImageOfPage\":{\"@id\":\"https:\\\/\\\/dmcsrb.com\\\/sport\\\/filip-kuncer-u-borbi-za-titulu-u-klasi-challenger-na-cuvenoj-monci\\\/#primaryimage\"},\"image\":{\"@id\":\"https:\\\/\\\/dmcsrb.com\\\/sport\\\/filip-kuncer-u-borbi-za-titulu-u-klasi-challenger-na-cuvenoj-monci\\\/#primaryimage\"},\"thumbnailUrl\":\"https:\\\/\\\/dmcsrb.com\\\/wp-content\\\/uploads\\\/2026\\\/01\\\/Filip-Kuncer-klio.webp\",\"datePublished\":\"2025-10-17T10:01:00+00:00\",\"author\":{\"@id\":\"https:\\\/\\\/dmcsrb.com\\\/#\\\/schema\\\/person\\\/5c39170f12db1b8b457732d0b5c854e2\"},\"breadcrumb\":{\"@id\":\"https:\\\/\\\/dmcsrb.com\\\/sport\\\/filip-kuncer-u-borbi-za-titulu-u-klasi-challenger-na-cuvenoj-monci\\\/#breadcrumb\"},\"inLanguage\":\"en-GB\",\"potentialAction\":[{\"@type\":\"ReadAction\",\"target\":[\"https:\\\/\\\/dmcsrb.com\\\/sport\\\/filip-kuncer-u-borbi-za-titulu-u-klasi-challenger-na-cuvenoj-monci\\\/\"]}]},{\"@type\":\"ImageObject\",\"inLanguage\":\"en-GB\",\"@id\":\"https:\\\/\\\/dmcsrb.com\\\/sport\\\/filip-kuncer-u-borbi-za-titulu-u-klasi-challenger-na-cuvenoj-monci\\\/#primaryimage\",\"url\":\"https:\\\/\\\/dmcsrb.com\\\/wp-content\\\/uploads\\\/2026\\\/01\\\/Filip-Kuncer-klio.webp\",\"contentUrl\":\"https:\\\/\\\/dmcsrb.com\\\/wp-content\\\/uploads\\\/2026\\\/01\\\/Filip-Kuncer-klio.webp\",\"width\":1600,\"height\":1067},{\"@type\":\"BreadcrumbList\",\"@id\":\"https:\\\/\\\/dmcsrb.com\\\/sport\\\/filip-kuncer-u-borbi-za-titulu-u-klasi-challenger-na-cuvenoj-monci\\\/#breadcrumb\",\"itemListElement\":[{\"@type\":\"ListItem\",\"position\":1,\"name\":\"Home\",\"item\":\"https:\\\/\\\/dmcsrb.com\\\/\"},{\"@type\":\"ListItem\",\"position\":2,\"name\":\"Filip Kun\u010der u borbi za titulu u klasi \u201eChallenger\u201c na \u010duvenoj Monci!\"}]},{\"@type\":\"WebSite\",\"@id\":\"https:\\\/\\\/dmcsrb.com\\\/#website\",\"url\":\"https:\\\/\\\/dmcsrb.com\\\/\",\"name\":\"dmcsrb.com\",\"description\":\"\",\"potentialAction\":[{\"@type\":\"SearchAction\",\"target\":{\"@type\":\"EntryPoint\",\"urlTemplate\":\"https:\\\/\\\/dmcsrb.com\\\/?s={search_term_string}\"},\"query-input\":{\"@type\":\"PropertyValueSpecification\",\"valueRequired\":true,\"valueName\":\"search_term_string\"}}],\"inLanguage\":\"en-GB\"},{\"@type\":\"Person\",\"@id\":\"https:\\\/\\\/dmcsrb.com\\\/#\\\/schema\\\/person\\\/5c39170f12db1b8b457732d0b5c854e2\",\"name\":\"dmcsrbija.com@gmail.com\",\"image\":{\"@type\":\"ImageObject\",\"inLanguage\":\"en-GB\",\"@id\":\"https:\\\/\\\/secure.gravatar.com\\\/avatar\\\/68592660ad6347fad0fb587f8d5d8f1a7b44961362f56e4f2cd524feb87e9069?s=96&d=mm&r=g\",\"url\":\"https:\\\/\\\/secure.gravatar.com\\\/avatar\\\/68592660ad6347fad0fb587f8d5d8f1a7b44961362f56e4f2cd524feb87e9069?s=96&d=mm&r=g\",\"contentUrl\":\"https:\\\/\\\/secure.gravatar.com\\\/avatar\\\/68592660ad6347fad0fb587f8d5d8f1a7b44961362f56e4f2cd524feb87e9069?s=96&d=mm&r=g\",\"caption\":\"dmcsrbija.com@gmail.com\"},\"sameAs\":[\"https:\\\/\\\/dmcsrb.com\"],\"url\":\"https:\\\/\\\/dmcsrb.com\\\/en\\\/author\\\/dmcsrbija-comgmail-com\\\/\"}]}<\/script>\n<!-- \/ Yoast SEO plugin. -->","yoast_head_json":{"title":"Filip Kun\u010der u borbi za titulu u klasi \u201eChallenger\u201c na \u010duvenoj Monci! - dmcsrb.com","robots":{"index":"index","follow":"follow","max-snippet":"max-snippet:-1","max-image-preview":"max-image-preview:large","max-video-preview":"max-video-preview:-1"},"canonical":"https:\/\/dmcsrb.com\/en\/sport\/filip-kuncer-u-borbi-za-titulu-u-klasi-challenger-na-cuvenoj-monci\/","og_locale":"en_GB","og_type":"article","og_title":"Filip Kun\u010der u borbi za titulu u klasi \u201eChallenger\u201c na \u010duvenoj Monci! - dmcsrb.com","og_description":"Crnogorski automobilista Filip Kun\u010der ovog vikenda nastupa na legendarnoj stazi Monca u Italiji, gdje \u0107e biti vo\u017een posljednji trka\u010dki vikend sezone u okviru Reno Klio Kup Europe. Kun\u010der \u0107e imati priliku da se izbori za svoju prvu titulu u okviru \u201eChallenger kupa\u201c, a trenutno zaostaje samo jedan bod za vode\u0107im Kolburnom.","og_url":"https:\/\/dmcsrb.com\/en\/sport\/filip-kuncer-u-borbi-za-titulu-u-klasi-challenger-na-cuvenoj-monci\/","og_site_name":"dmcsrb.com","article_published_time":"2025-10-17T10:01:00+00:00","og_image":[{"width":1600,"height":1067,"url":"https:\/\/dmcsrb.com\/wp-content\/uploads\/2026\/01\/Filip-Kuncer-klio.webp","type":"image\/jpeg"}],"author":"dmcsrbija.com@gmail.com","twitter_card":"summary_large_image","twitter_misc":{"Written by":"dmcsrbija.com@gmail.com"},"schema":{"@context":"https:\/\/schema.org","@graph":[{"@type":"Article","@id":"https:\/\/dmcsrb.com\/sport\/filip-kuncer-u-borbi-za-titulu-u-klasi-challenger-na-cuvenoj-monci\/#article","isPartOf":{"@id":"https:\/\/dmcsrb.com\/sport\/filip-kuncer-u-borbi-za-titulu-u-klasi-challenger-na-cuvenoj-monci\/"},"author":{"name":"dmcsrbija.com@gmail.com","@id":"https:\/\/dmcsrb.com\/#\/schema\/person\/5c39170f12db1b8b457732d0b5c854e2"},"headline":"Filip Kun\u010der u borbi za titulu u klasi \u201eChallenger\u201c na \u010duvenoj Monci!","datePublished":"2025-10-17T10:01:00+00:00","mainEntityOfPage":{"@id":"https:\/\/dmcsrb.com\/sport\/filip-kuncer-u-borbi-za-titulu-u-klasi-challenger-na-cuvenoj-monci\/"},"wordCount":75,"commentCount":0,"image":{"@id":"https:\/\/dmcsrb.com\/sport\/filip-kuncer-u-borbi-za-titulu-u-klasi-challenger-na-cuvenoj-monci\/#primaryimage"},"thumbnailUrl":"https:\/\/dmcsrb.com\/wp-content\/uploads\/2026\/01\/Filip-Kuncer-klio.webp","keywords":["Filip Kun\u010der","Monca"],"articleSection":["Sport"],"inLanguage":"en-GB","potentialAction":[{"@type":"CommentAction","name":"Comment","target":["https:\/\/dmcsrb.com\/sport\/filip-kuncer-u-borbi-za-titulu-u-klasi-challenger-na-cuvenoj-monci\/#respond"]}]},{"@type":"WebPage","@id":"https:\/\/dmcsrb.com\/sport\/filip-kuncer-u-borbi-za-titulu-u-klasi-challenger-na-cuvenoj-monci\/","url":"https:\/\/dmcsrb.com\/sport\/filip-kuncer-u-borbi-za-titulu-u-klasi-challenger-na-cuvenoj-monci\/","name":"Filip Kun\u010der u borbi za titulu u klasi \u201eChallenger\u201c na \u010duvenoj Monci! - dmcsrb.com","isPartOf":{"@id":"https:\/\/dmcsrb.com\/#website"},"primaryImageOfPage":{"@id":"https:\/\/dmcsrb.com\/sport\/filip-kuncer-u-borbi-za-titulu-u-klasi-challenger-na-cuvenoj-monci\/#primaryimage"},"image":{"@id":"https:\/\/dmcsrb.com\/sport\/filip-kuncer-u-borbi-za-titulu-u-klasi-challenger-na-cuvenoj-monci\/#primaryimage"},"thumbnailUrl":"https:\/\/dmcsrb.com\/wp-content\/uploads\/2026\/01\/Filip-Kuncer-klio.webp","datePublished":"2025-10-17T10:01:00+00:00","author":{"@id":"https:\/\/dmcsrb.com\/#\/schema\/person\/5c39170f12db1b8b457732d0b5c854e2"},"breadcrumb":{"@id":"https:\/\/dmcsrb.com\/sport\/filip-kuncer-u-borbi-za-titulu-u-klasi-challenger-na-cuvenoj-monci\/#breadcrumb"},"inLanguage":"en-GB","potentialAction":[{"@type":"ReadAction","target":["https:\/\/dmcsrb.com\/sport\/filip-kuncer-u-borbi-za-titulu-u-klasi-challenger-na-cuvenoj-monci\/"]}]},{"@type":"ImageObject","inLanguage":"en-GB","@id":"https:\/\/dmcsrb.com\/sport\/filip-kuncer-u-borbi-za-titulu-u-klasi-challenger-na-cuvenoj-monci\/#primaryimage","url":"https:\/\/dmcsrb.com\/wp-content\/uploads\/2026\/01\/Filip-Kuncer-klio.webp","contentUrl":"https:\/\/dmcsrb.com\/wp-content\/uploads\/2026\/01\/Filip-Kuncer-klio.webp","width":1600,"height":1067},{"@type":"BreadcrumbList","@id":"https:\/\/dmcsrb.com\/sport\/filip-kuncer-u-borbi-za-titulu-u-klasi-challenger-na-cuvenoj-monci\/#breadcrumb","itemListElement":[{"@type":"ListItem","position":1,"name":"Home","item":"https:\/\/dmcsrb.com\/"},{"@type":"ListItem","position":2,"name":"Filip Kun\u010der u borbi za titulu u klasi \u201eChallenger\u201c na \u010duvenoj Monci!"}]},{"@type":"WebSite","@id":"https:\/\/dmcsrb.com\/#website","url":"https:\/\/dmcsrb.com\/","name":"dmcsrb.com","description":"","potentialAction":[{"@type":"SearchAction","target":{"@type":"EntryPoint","urlTemplate":"https:\/\/dmcsrb.com\/?s={search_term_string}"},"query-input":{"@type":"PropertyValueSpecification","valueRequired":true,"valueName":"search_term_string"}}],"inLanguage":"en-GB"},{"@type":"Person","@id":"https:\/\/dmcsrb.com\/#\/schema\/person\/5c39170f12db1b8b457732d0b5c854e2","name":"dmcsrbija.com@gmail.com","image":{"@type":"ImageObject","inLanguage":"en-GB","@id":"https:\/\/secure.gravatar.com\/avatar\/68592660ad6347fad0fb587f8d5d8f1a7b44961362f56e4f2cd524feb87e9069?s=96&d=mm&r=g","url":"https:\/\/secure.gravatar.com\/avatar\/68592660ad6347fad0fb587f8d5d8f1a7b44961362f56e4f2cd524feb87e9069?s=96&d=mm&r=g","contentUrl":"https:\/\/secure.gravatar.com\/avatar\/68592660ad6347fad0fb587f8d5d8f1a7b44961362f56e4f2cd524feb87e9069?s=96&d=mm&r=g","caption":"dmcsrbija.com@gmail.com"},"sameAs":["https:\/\/dmcsrb.com"],"url":"https:\/\/dmcsrb.com\/en\/author\/dmcsrbija-comgmail-com\/"}]}},"_links":{"self":[{"href":"https:\/\/dmcsrb.com\/en\/wp-json\/wp\/v2\/posts\/958404","targetHints":{"allow":["GET"]}}],"collection":[{"href":"https:\/\/dmcsrb.com\/en\/wp-json\/wp\/v2\/posts"}],"about":[{"href":"https:\/\/dmcsrb.com\/en\/wp-json\/wp\/v2\/types\/post"}],"author":[{"embeddable":true,"href":"https:\/\/dmcsrb.com\/en\/wp-json\/wp\/v2\/users\/1"}],"replies":[{"embeddable":true,"href":"https:\/\/dmcsrb.com\/en\/wp-json\/wp\/v2\/comments?post=958404"}],"version-history":[{"count":0,"href":"https:\/\/dmcsrb.com\/en\/wp-json\/wp\/v2\/posts\/958404\/revisions"}],"wp:featuredmedia":[{"embeddable":true,"href":"https:\/\/dmcsrb.com\/en\/wp-json\/wp\/v2\/media\/958405"}],"wp:attachment":[{"href":"https:\/\/dmcsrb.com\/en\/wp-json\/wp\/v2\/media?parent=958404"}],"wp:term":[{"taxonomy":"category","embeddable":true,"href":"https:\/\/dmcsrb.com\/en\/wp-json\/wp\/v2\/categories?post=958404"},{"taxonomy":"post_tag","embeddable":true,"href":"https:\/\/dmcsrb.com\/en\/wp-json\/wp\/v2\/tags?post=958404"},{"taxonomy":"naslovna","embeddable":true,"href":"https:\/\/dmcsrb.com\/en\/wp-json\/wp\/v2\/naslovna?post=958404"}],"curies":[{"name":"wp","href":"https:\/\/api.w.org\/{rel}","templated":true}]}}